{"id":2925,"date":"2022-09-27T17:23:54","date_gmt":"2022-09-27T20:23:54","guid":{"rendered":"https:\/\/elcanillita.info\/press\/?p=2925"},"modified":"2022-09-27T17:32:58","modified_gmt":"2022-09-27T20:32:58","slug":"los-populistas-europeos-apoyan-a-giorgia-meloni-tras-su-victoria-electoral-en-italia","status":"publish","type":"post","link":"https:\/\/elcanillita.info\/press\/2022\/09\/27\/los-populistas-europeos-apoyan-a-giorgia-meloni-tras-su-victoria-electoral-en-italia\/","title":{"rendered":"Los populistas europeos apoyan a Giorgia Meloni tras su victoria electoral en Italia"},"content":{"rendered":"\n<p>Martes 27\/09\/2022<\/p>\n\n\n\n<p>Los pol\u00edticos nacionalistas y euroesc\u00e9pticos de toda Europa han aclamado el triunfo electoral de Giorgia Meloni en Italia como un avance en sus batallas con Bruselas, incluso cuando la primera ministra en ciernes se enfrenta a problemas en casa por parte de su aliado Matteo Salvini.<br><\/p>\n\n\n\n<figure class=\"wp-block-video\"><video controls src=\"http:\/\/elcanillita.info\/press\/images\/2022\/09\/Meloni 27.mp4\"><\/video><\/figure>\n\n\n\n<p>Despu\u00e9s de hacer campa\u00f1a con el lema &#8220;Dios, patria y familia&#8221;, la pol\u00edtica romana de extrema derecha, obtuvo una c\u00f3moda mayor\u00eda en las elecciones, antes de publicar una foto de s\u00ed misma asiendo la bandera italiana con la siguiente didascal\u00eda escrita al pie: &#8220;Haremos que los italianos est\u00e9n orgullosos de ser italianos una vez m\u00e1s.&#8221;<\/p>\n\n\n\n<p>En reacci\u00f3n a su victoria, Viktor Orban, el primer ministro h\u00fangaro y b\u00eate noire de Bruselas, public\u00f3: &#8220;Enhorabuena, una victoria merecida&#8221;, mientras que otro antagonista de la UE, Santiago Abascal, l\u00edder del partido nacionalista espa\u00f1ol Vox, escribi\u00f3: &#8220;Giorgia Meloni ha mostrado el camino para una Europa orgullosa y libre de naciones soberanas.&#8221;<\/p>\n\n\n\n<p>Marine Le Pen, l\u00edder del partido franc\u00e9s Agrupaci\u00f3n Nacional, felicit\u00f3 a Meloni por resistir &#8220;las amenazas de una Uni\u00f3n Europea antidemocr\u00e1tica y arrogante al obtener esta gran victoria&#8221;.<\/p>\n\n\n\n<p>Complacido por ver a dos simpatizantes de Putin -Salvini y Silvio Berlusconi, el ex primer ministro- flanqueando a Meloni en su coalici\u00f3n, Dmitry Peskov, el portavoz del Kremlin, dijo: &#8220;Estamos dispuestos a dar la bienvenida a cualquier fuerza pol\u00edtica que sea capaz de ir m\u00e1s all\u00e1 de la corriente principal establecida, que est\u00e1 llena de odio hacia nuestro pa\u00eds.&#8221;<\/p>\n\n\n\n<p>No todos est\u00e1n contentos con el ascenso de Meloni, cuyo partido Hermanos de Italia hunde sus ra\u00edces en el partido fascista italiano MSI de la posguerra. Afirmando que los partidos &#8220;populistas&#8221; como los Hermanos siempre conducen a la cat\u00e1strofe, Jos\u00e9 Manuel Albar\u00e8s, ministro de Asuntos Exteriores espa\u00f1ol, dijo: &#8220;Sus respuestas son siempre las mismas: aislarse y volver al pasado&#8221;.<\/p>\n\n\n\n<p>En Roma, la madre de Meloni, Anna Paratore, defendi\u00f3 a su hija, afirmando que las informaciones sobre un &#8220;peligro fascista&#8221; que volv\u00eda en Italia eran tonter\u00edas.<\/p>\n\n\n\n<p>Los miembros del equipo de Meloni celebraron los resultados, ya que su partido obtuvo algo m\u00e1s del 26% de los votos, mientras que los partidarios de Salvini y Berlusconi elevaron la cuota total de votos de la coalici\u00f3n al 44%, asegurando c\u00f3modas mayor\u00edas en ambas c\u00e1maras.<\/p>\n\n\n\n<p>Pero a\u00fan cuando Salvini ha estado presente en la papeleta ganadora, tambi\u00e9n vi\u00f3 c\u00f3mo su apoyo se desplomaba hasta el 9% desde su apogeo en 2019, cuando era ministro del Interior en una coalici\u00f3n con Cinco Estrellas, oportunidad en la que bloque\u00f3 la entrada de barcos de rescate de migrantes en Italia y recibi\u00f3 el 34% de los votos en las elecciones europeas.<br><br>Desde entonces, el atractivo de Salvini ha disminuido mientras que Meloni ha sido recompensada por mantenerse alejada de las complejas coaliciones que han formado los \u00faltimos gobiernos. Gan\u00f3 a miles de partidarios de Salvini, duplicando su voto en la regi\u00f3n nororiental del V\u00e9neto que \u00e9l ha considerado su coraz\u00f3n.<\/p>\n\n\n\n<p>Mientras se especulaba con la posibilidad de que Salvini renunciara al liderazgo de la Liga, lleg\u00f3 con un estado de \u00e1nimo sombr\u00edo a una rueda de prensa, pero descart\u00f3 la posibilidad de dimitir, afirmando que formar\u00eda equipo con Meloni &#8220;durante mucho tiempo&#8221; y ser\u00eda un &#8220;protagonista&#8221; en el pr\u00f3ximo gobierno.<\/p>\n\n\n\n<p>Prometiendo que la Liga repuntar\u00e1, Salvini dijo que &#8220;luchar\u00e1 en sus propias batallas&#8221;, una posible advertencia a Meloni para que no le deje de lado.          <div class=\"rmwr-wrapper\" \n             data-id=\"rmwr-69f261a172a75\"\n             data-mode=\"normal\"\n             data-animation=\"fade\"\n             data-duration=\"300\"\n             data-smooth-scroll=\"true\"\n             data-scroll-offset=\"0\">\n            <button \n                type=\"button\"\n                class=\"read-link\" \n                id=\"readlinkrmwr-69f261a172a75\"\n                data-open-text=\"Continuaci\u00f3n...\"\n                data-close-text=\"Replegar pagina\"\n                aria-expanded=\"false\"\n                aria-controls=\"readrmwr-69f261a172a75\"\n                aria-label=\"Continuaci\u00f3n...\"\n            >\n                <span class=\"rmwr-text\">Continuaci\u00f3n...<\/span>\n            <\/button>\n            <div \n                class=\"read_div\" \n                id=\"readrmwr-69f261a172a75\"\n                aria-hidden=\"true\"\n                data-animation=\"fade\"\n                data-duration=\"300\"\n                style=\"display: none;\"\n            >\n                <\/p>\n\n\n\n<p>Eso no impresion\u00f3 al eurodiputado de la Liga Gianantonio Da Re, que inst\u00f3 a Salvini a dimitir tras su debacle en las urnas, a\u00f1adiendo que &#8220;este desastre tiene nombre y apellido: Matteo Salvini&#8221;.<\/p>\n\n\n\n<p>Despu\u00e9s de abandonar su alianza con Cinco Estrellas en 2019 y ayudar a derribar el gobierno de Mario Draghi en Julio, provocando las elecciones, Salvini podr\u00eda resultar un aliado poco fiable para Meloni, dijo Lorenzo Pregliasco, analista del sitio de encuestas YouTrend. &#8220;Los l\u00edderes pol\u00edticos son m\u00e1s peligrosos cuando est\u00e1n acorralados&#8221;, dijo.<\/p>\n\n\n\n<p>Si Salvini mantiene el liderazgo, su primera prueba ser\u00e1 cu\u00e1ntos ministerios puede reclamar para la Liga mientras \u00e9l, Meloni y Berlusconi construyen un gabinete.<br>La formaci\u00f3n de un gobierno puede ser una tarea larga, ya que el parlamento volver\u00e1 a reunirse el 13 de Octubre para elegir a dos portavoces que se reunir\u00e1n con el presidente Mattarella para discutir la concesi\u00f3n del mandato a Meloni para gobernar, un proceso que probablemente durar\u00e1 hasta fines de Octubre.<\/p>\n\n\n\n<p>El partido Forza Italia de Berlusconi obtuvo el 8% de los votos, lo que demuestra el notable poder de permanencia del magnate de los medios de comunicaci\u00f3n, de 85 a\u00f1os, que fue elegido primer ministro por primera vez hace 28 a\u00f1os. Berlusconi ocupar\u00e1 un esca\u00f1o en el Senado, mientras que su novia, Marta Fascina, de 32 a\u00f1os, fue reelegida como diputada.<\/p>\n\n\n\n<p>La coalici\u00f3n debe gran parte de su \u00e9xito a la combinaci\u00f3n de fuerzas en el 37% de las circunscripciones elegidas por el sistema de mayor\u00eda simple, donde se presentaron candidatos unificados que se impusieron a la competencia de Cinco Estrellas y el Partido Democr\u00e1tico de centro-izquierda, que presentaron candidatos por separado.<\/p>\n\n\n\n<p>En Sesto San Giovanni, a las afueras de Mil\u00e1n, Isabella Rauti, hija de un dirigente fascista del partido MSI que se presentaba por la coalici\u00f3n, se impuso f\u00e1cilmente a Emanuele Fiano, candidato dem\u00f3crata e hijo de un jud\u00edo italiano superviviente de Auschwitz.<\/p>\n\n\n\n<p>Tras obtener el 19% de los votos, menos de lo que preve\u00edan los sondeos, Enrico Letta, el l\u00edder dem\u00f3crata, anunci\u00f3 su intenci\u00f3n de dimitir. &#8220;Los italianos y las italianas han elegido, ha sido una elecci\u00f3n clara y descarnada: Italia tendr\u00e1 un gobierno de derechas. La tendencia que surgi\u00f3 hace dos semanas en Suecia se confirma hoy tambi\u00e9n en Italia. Hoy es un d\u00eda triste para Italia y para Europa, nos esperan d\u00edas dif\u00edciles&#8221;, dijo.<\/p>\n\n\n\n<p>Francesco Galietti, analista de la consultora Policy Sonar en Roma, dijo que el partido podr\u00eda dividirse ahora, con los miembros de la izquierda ali\u00e1ndose con Cinco Estrellas, que encontr\u00f3 un nuevo impulso en las elecciones, obteniendo el 15,6% de los votos gracias a su defensa de un popular subsidio de desempleo.<\/p>\n\n\n\n<p>Los miembros centristas podr\u00edan alinearse con Azione, un peque\u00f1o partido que obtuvo casi el 8% de los votos, dijo Galietti. A\u00f1adi\u00f3 que una fuerte ca\u00edda de la participaci\u00f3n al 64%, por debajo del 73% de 2018, era preocupante. &#8220;Si cada vez m\u00e1s italianos deciden optar por la pol\u00edtica cuando tenemos una alta inflaci\u00f3n y el suministro de energ\u00eda en peligro, podemos ver protestas callejeras y disturbios, lo que har\u00e1 que sea un invierno muy desagradable&#8221;, dijo.<\/p>\n\n\n\n<p><small>\u00a9 2022 ElCanillita.info &#8211; BlogDiario.info &#8211; Editado por Guzzo Photos &amp; Graphic Publications<\/small>              <\/div>\n        <\/div>\n        <\/p>\n","protected":false},"excerpt":{"rendered":"<p>Giorgia Meloni hizo campa\u00f1a bajo el lema &#8220;Dios, patria y familia&#8221;<\/p>\n","protected":false},"author":1,"featured_media":2926,"comment_status":"closed","ping_status":"closed","sticky":false,"template":"","format":"standard","meta":{"footnotes":"","_links_to":"","_links_to_target":""},"categories":[108,70,5,23],"tags":[60],"class_list":["post-2925","post","type-post","status-publish","format-standard","has-post-thumbnail","hentry","category-blogdiario","category-actualidad","category-europa","category-politica","tag-italia","entry","double"],"yoast_head":"<!-- This site is optimized with the Yoast SEO plugin v27.4 - https:\/\/yoast.com\/product\/yoast-seo-wordpress\/ -->\n<title>Los populistas europeos apoyan a Giorgia Meloni tras su victoria electoral en Italia - ElCanillita.Info<\/title>\n<meta name=\"description\" content=\"Los pol\u00edticos nacionalistas y euroesc\u00e9pticos de toda Europa han aclamado el triunfo electoral de Giorgia Meloni en Italia como un avance en sus batallas con Bruselas, incluso cuando la primera ministra en ciernes se enfrenta a problemas en casa por parte de su aliado Matteo Salvini.\" \/>\n<meta name=\"robots\" content=\"index, follow, max-snippet:-1, max-image-preview:large, max-video-preview:-1\" \/>\n<link rel=\"canonical\" href=\"https:\/\/elcanillita.info\/press\/2022\/09\/27\/los-populistas-europeos-apoyan-a-giorgia-meloni-tras-su-victoria-electoral-en-italia\/\" \/>\n<meta property=\"og:locale\" content=\"es_ES\" \/>\n<meta property=\"og:type\" content=\"article\" \/>\n<meta property=\"og:title\" content=\"Los populistas europeos apoyan a Giorgia Meloni tras su victoria electoral en Italia - ElCanillita.Info\" \/>\n<meta property=\"og:description\" content=\"Los pol\u00edticos nacionalistas y euroesc\u00e9pticos de toda Europa han aclamado el triunfo electoral de Giorgia Meloni en Italia como un avance en sus batallas con Bruselas, incluso cuando la primera ministra en ciernes se enfrenta a problemas en casa por parte de su aliado Matteo Salvini.\" \/>\n<meta property=\"og:url\" content=\"https:\/\/elcanillita.info\/press\/2022\/09\/27\/los-populistas-europeos-apoyan-a-giorgia-meloni-tras-su-victoria-electoral-en-italia\/\" \/>\n<meta property=\"og:site_name\" content=\"ElCanillita.Info\" \/>\n<meta property=\"article:publisher\" content=\"https:\/\/ar-ar.facebook.com\/ElCanillitainfo-114249515285712\/\" \/>\n<meta property=\"article:published_time\" content=\"2022-09-27T20:23:54+00:00\" \/>\n<meta property=\"article:modified_time\" content=\"2022-09-27T20:32:58+00:00\" \/>\n<meta property=\"og:image\" content=\"https:\/\/elcanillita.info\/press\/images\/2022\/09\/mel_0_20220927-1.jpg\" \/>\n\t<meta property=\"og:image:width\" content=\"600\" \/>\n\t<meta property=\"og:image:height\" content=\"395\" \/>\n\t<meta property=\"og:image:type\" content=\"image\/jpeg\" \/>\n<meta name=\"author\" content=\"SalaStampa.eu, world press service\" \/>\n<meta name=\"twitter:card\" content=\"summary_large_image\" \/>\n<meta name=\"twitter:label1\" content=\"Escrito por\" \/>\n\t<meta name=\"twitter:data1\" content=\"SalaStampa.eu, world press service\" \/>\n\t<meta name=\"twitter:label2\" content=\"Tiempo de lectura\" \/>\n\t<meta name=\"twitter:data2\" content=\"5 minutos\" \/>\n<script type=\"application\/ld+json\" class=\"yoast-schema-graph\">{\"@context\":\"https:\\\/\\\/schema.org\",\"@graph\":[{\"@type\":\"Article\",\"@id\":\"https:\\\/\\\/elcanillita.info\\\/press\\\/2022\\\/09\\\/27\\\/los-populistas-europeos-apoyan-a-giorgia-meloni-tras-su-victoria-electoral-en-italia\\\/#article\",\"isPartOf\":{\"@id\":\"https:\\\/\\\/elcanillita.info\\\/press\\\/2022\\\/09\\\/27\\\/los-populistas-europeos-apoyan-a-giorgia-meloni-tras-su-victoria-electoral-en-italia\\\/\"},\"author\":{\"name\":\"SalaStampa.eu, world press service\",\"@id\":\"https:\\\/\\\/elcanillita.info\\\/press\\\/#\\\/schema\\\/person\\\/7fcb79f38045700919f7da6d97e71ba0\"},\"headline\":\"Los populistas europeos apoyan a Giorgia Meloni tras su victoria electoral en Italia\",\"datePublished\":\"2022-09-27T20:23:54+00:00\",\"dateModified\":\"2022-09-27T20:32:58+00:00\",\"mainEntityOfPage\":{\"@id\":\"https:\\\/\\\/elcanillita.info\\\/press\\\/2022\\\/09\\\/27\\\/los-populistas-europeos-apoyan-a-giorgia-meloni-tras-su-victoria-electoral-en-italia\\\/\"},\"wordCount\":1178,\"publisher\":{\"@id\":\"https:\\\/\\\/elcanillita.info\\\/press\\\/#organization\"},\"image\":{\"@id\":\"https:\\\/\\\/elcanillita.info\\\/press\\\/2022\\\/09\\\/27\\\/los-populistas-europeos-apoyan-a-giorgia-meloni-tras-su-victoria-electoral-en-italia\\\/#primaryimage\"},\"thumbnailUrl\":\"https:\\\/\\\/elcanillita.info\\\/press\\\/images\\\/2022\\\/09\\\/mel_0_20220927-1.jpg\",\"keywords\":[\"Italia\"],\"articleSection\":[\".\",\"Actualidad\",\"Europa\",\"Politica\"],\"inLanguage\":\"es-AR\"},{\"@type\":\"WebPage\",\"@id\":\"https:\\\/\\\/elcanillita.info\\\/press\\\/2022\\\/09\\\/27\\\/los-populistas-europeos-apoyan-a-giorgia-meloni-tras-su-victoria-electoral-en-italia\\\/\",\"url\":\"https:\\\/\\\/elcanillita.info\\\/press\\\/2022\\\/09\\\/27\\\/los-populistas-europeos-apoyan-a-giorgia-meloni-tras-su-victoria-electoral-en-italia\\\/\",\"name\":\"Los populistas europeos apoyan a Giorgia Meloni tras su victoria electoral en Italia - ElCanillita.Info\",\"isPartOf\":{\"@id\":\"https:\\\/\\\/elcanillita.info\\\/press\\\/#website\"},\"primaryImageOfPage\":{\"@id\":\"https:\\\/\\\/elcanillita.info\\\/press\\\/2022\\\/09\\\/27\\\/los-populistas-europeos-apoyan-a-giorgia-meloni-tras-su-victoria-electoral-en-italia\\\/#primaryimage\"},\"image\":{\"@id\":\"https:\\\/\\\/elcanillita.info\\\/press\\\/2022\\\/09\\\/27\\\/los-populistas-europeos-apoyan-a-giorgia-meloni-tras-su-victoria-electoral-en-italia\\\/#primaryimage\"},\"thumbnailUrl\":\"https:\\\/\\\/elcanillita.info\\\/press\\\/images\\\/2022\\\/09\\\/mel_0_20220927-1.jpg\",\"datePublished\":\"2022-09-27T20:23:54+00:00\",\"dateModified\":\"2022-09-27T20:32:58+00:00\",\"description\":\"Los pol\u00edticos nacionalistas y euroesc\u00e9pticos de toda Europa han aclamado el triunfo electoral de Giorgia Meloni en Italia como un avance en sus batallas con Bruselas, incluso cuando la primera ministra en ciernes se enfrenta a problemas en casa por parte de su aliado Matteo Salvini.\",\"inLanguage\":\"es-AR\",\"potentialAction\":[{\"@type\":\"ReadAction\",\"target\":[\"https:\\\/\\\/elcanillita.info\\\/press\\\/2022\\\/09\\\/27\\\/los-populistas-europeos-apoyan-a-giorgia-meloni-tras-su-victoria-electoral-en-italia\\\/\"]}]},{\"@type\":\"ImageObject\",\"inLanguage\":\"es-AR\",\"@id\":\"https:\\\/\\\/elcanillita.info\\\/press\\\/2022\\\/09\\\/27\\\/los-populistas-europeos-apoyan-a-giorgia-meloni-tras-su-victoria-electoral-en-italia\\\/#primaryimage\",\"url\":\"https:\\\/\\\/elcanillita.info\\\/press\\\/images\\\/2022\\\/09\\\/mel_0_20220927-1.jpg\",\"contentUrl\":\"https:\\\/\\\/elcanillita.info\\\/press\\\/images\\\/2022\\\/09\\\/mel_0_20220927-1.jpg\",\"width\":600,\"height\":395},{\"@type\":\"WebSite\",\"@id\":\"https:\\\/\\\/elcanillita.info\\\/press\\\/#website\",\"url\":\"https:\\\/\\\/elcanillita.info\\\/press\\\/\",\"name\":\"ElCanillita.Info\",\"description\":\"desde los Apeninos a los Andes\",\"publisher\":{\"@id\":\"https:\\\/\\\/elcanillita.info\\\/press\\\/#organization\"},\"potentialAction\":[{\"@type\":\"SearchAction\",\"target\":{\"@type\":\"EntryPoint\",\"urlTemplate\":\"https:\\\/\\\/elcanillita.info\\\/press\\\/?s={search_term_string}\"},\"query-input\":{\"@type\":\"PropertyValueSpecification\",\"valueRequired\":true,\"valueName\":\"search_term_string\"}}],\"inLanguage\":\"es-AR\"},{\"@type\":\"Organization\",\"@id\":\"https:\\\/\\\/elcanillita.info\\\/press\\\/#organization\",\"name\":\"Guzzo Photos & Graphic Publications\",\"url\":\"https:\\\/\\\/elcanillita.info\\\/press\\\/\",\"logo\":{\"@type\":\"ImageObject\",\"inLanguage\":\"es-AR\",\"@id\":\"https:\\\/\\\/elcanillita.info\\\/press\\\/#\\\/schema\\\/logo\\\/image\\\/\",\"url\":\"https:\\\/\\\/elcanillita.info\\\/press\\\/images\\\/2020\\\/01\\\/cropped-cropped-cropped-elcanillitainfo.png\",\"contentUrl\":\"https:\\\/\\\/elcanillita.info\\\/press\\\/images\\\/2020\\\/01\\\/cropped-cropped-cropped-elcanillitainfo.png\",\"width\":460,\"height\":50,\"caption\":\"Guzzo Photos & Graphic Publications\"},\"image\":{\"@id\":\"https:\\\/\\\/elcanillita.info\\\/press\\\/#\\\/schema\\\/logo\\\/image\\\/\"},\"sameAs\":[\"https:\\\/\\\/ar-ar.facebook.com\\\/ElCanillitainfo-114249515285712\\\/\"]},{\"@type\":\"Person\",\"@id\":\"https:\\\/\\\/elcanillita.info\\\/press\\\/#\\\/schema\\\/person\\\/7fcb79f38045700919f7da6d97e71ba0\",\"name\":\"SalaStampa.eu, world press service\",\"image\":{\"@type\":\"ImageObject\",\"inLanguage\":\"es-AR\",\"@id\":\"https:\\\/\\\/secure.gravatar.com\\\/avatar\\\/c2f0e0d515a107624234994507816ca4724c7199cef73fc8bedebf6931d73888?s=96&d=mm&r=g\",\"url\":\"https:\\\/\\\/secure.gravatar.com\\\/avatar\\\/c2f0e0d515a107624234994507816ca4724c7199cef73fc8bedebf6931d73888?s=96&d=mm&r=g\",\"contentUrl\":\"https:\\\/\\\/secure.gravatar.com\\\/avatar\\\/c2f0e0d515a107624234994507816ca4724c7199cef73fc8bedebf6931d73888?s=96&d=mm&r=g\",\"caption\":\"SalaStampa.eu, world press service\"}}]}<\/script>\n<!-- \/ Yoast SEO plugin. -->","yoast_head_json":{"title":"Los populistas europeos apoyan a Giorgia Meloni tras su victoria electoral en Italia - ElCanillita.Info","description":"Los pol\u00edticos nacionalistas y euroesc\u00e9pticos de toda Europa han aclamado el triunfo electoral de Giorgia Meloni en Italia como un avance en sus batallas con Bruselas, incluso cuando la primera ministra en ciernes se enfrenta a problemas en casa por parte de su aliado Matteo Salvini.","robots":{"index":"index","follow":"follow","max-snippet":"max-snippet:-1","max-image-preview":"max-image-preview:large","max-video-preview":"max-video-preview:-1"},"canonical":"https:\/\/elcanillita.info\/press\/2022\/09\/27\/los-populistas-europeos-apoyan-a-giorgia-meloni-tras-su-victoria-electoral-en-italia\/","og_locale":"es_ES","og_type":"article","og_title":"Los populistas europeos apoyan a Giorgia Meloni tras su victoria electoral en Italia - ElCanillita.Info","og_description":"Los pol\u00edticos nacionalistas y euroesc\u00e9pticos de toda Europa han aclamado el triunfo electoral de Giorgia Meloni en Italia como un avance en sus batallas con Bruselas, incluso cuando la primera ministra en ciernes se enfrenta a problemas en casa por parte de su aliado Matteo Salvini.","og_url":"https:\/\/elcanillita.info\/press\/2022\/09\/27\/los-populistas-europeos-apoyan-a-giorgia-meloni-tras-su-victoria-electoral-en-italia\/","og_site_name":"ElCanillita.Info","article_publisher":"https:\/\/ar-ar.facebook.com\/ElCanillitainfo-114249515285712\/","article_published_time":"2022-09-27T20:23:54+00:00","article_modified_time":"2022-09-27T20:32:58+00:00","og_image":[{"width":600,"height":395,"url":"https:\/\/elcanillita.info\/press\/images\/2022\/09\/mel_0_20220927-1.jpg","type":"image\/jpeg"}],"author":"SalaStampa.eu, world press service","twitter_card":"summary_large_image","twitter_misc":{"Escrito por":"SalaStampa.eu, world press service","Tiempo de lectura":"5 minutos"},"schema":{"@context":"https:\/\/schema.org","@graph":[{"@type":"Article","@id":"https:\/\/elcanillita.info\/press\/2022\/09\/27\/los-populistas-europeos-apoyan-a-giorgia-meloni-tras-su-victoria-electoral-en-italia\/#article","isPartOf":{"@id":"https:\/\/elcanillita.info\/press\/2022\/09\/27\/los-populistas-europeos-apoyan-a-giorgia-meloni-tras-su-victoria-electoral-en-italia\/"},"author":{"name":"SalaStampa.eu, world press service","@id":"https:\/\/elcanillita.info\/press\/#\/schema\/person\/7fcb79f38045700919f7da6d97e71ba0"},"headline":"Los populistas europeos apoyan a Giorgia Meloni tras su victoria electoral en Italia","datePublished":"2022-09-27T20:23:54+00:00","dateModified":"2022-09-27T20:32:58+00:00","mainEntityOfPage":{"@id":"https:\/\/elcanillita.info\/press\/2022\/09\/27\/los-populistas-europeos-apoyan-a-giorgia-meloni-tras-su-victoria-electoral-en-italia\/"},"wordCount":1178,"publisher":{"@id":"https:\/\/elcanillita.info\/press\/#organization"},"image":{"@id":"https:\/\/elcanillita.info\/press\/2022\/09\/27\/los-populistas-europeos-apoyan-a-giorgia-meloni-tras-su-victoria-electoral-en-italia\/#primaryimage"},"thumbnailUrl":"https:\/\/elcanillita.info\/press\/images\/2022\/09\/mel_0_20220927-1.jpg","keywords":["Italia"],"articleSection":[".","Actualidad","Europa","Politica"],"inLanguage":"es-AR"},{"@type":"WebPage","@id":"https:\/\/elcanillita.info\/press\/2022\/09\/27\/los-populistas-europeos-apoyan-a-giorgia-meloni-tras-su-victoria-electoral-en-italia\/","url":"https:\/\/elcanillita.info\/press\/2022\/09\/27\/los-populistas-europeos-apoyan-a-giorgia-meloni-tras-su-victoria-electoral-en-italia\/","name":"Los populistas europeos apoyan a Giorgia Meloni tras su victoria electoral en Italia - ElCanillita.Info","isPartOf":{"@id":"https:\/\/elcanillita.info\/press\/#website"},"primaryImageOfPage":{"@id":"https:\/\/elcanillita.info\/press\/2022\/09\/27\/los-populistas-europeos-apoyan-a-giorgia-meloni-tras-su-victoria-electoral-en-italia\/#primaryimage"},"image":{"@id":"https:\/\/elcanillita.info\/press\/2022\/09\/27\/los-populistas-europeos-apoyan-a-giorgia-meloni-tras-su-victoria-electoral-en-italia\/#primaryimage"},"thumbnailUrl":"https:\/\/elcanillita.info\/press\/images\/2022\/09\/mel_0_20220927-1.jpg","datePublished":"2022-09-27T20:23:54+00:00","dateModified":"2022-09-27T20:32:58+00:00","description":"Los pol\u00edticos nacionalistas y euroesc\u00e9pticos de toda Europa han aclamado el triunfo electoral de Giorgia Meloni en Italia como un avance en sus batallas con Bruselas, incluso cuando la primera ministra en ciernes se enfrenta a problemas en casa por parte de su aliado Matteo Salvini.","inLanguage":"es-AR","potentialAction":[{"@type":"ReadAction","target":["https:\/\/elcanillita.info\/press\/2022\/09\/27\/los-populistas-europeos-apoyan-a-giorgia-meloni-tras-su-victoria-electoral-en-italia\/"]}]},{"@type":"ImageObject","inLanguage":"es-AR","@id":"https:\/\/elcanillita.info\/press\/2022\/09\/27\/los-populistas-europeos-apoyan-a-giorgia-meloni-tras-su-victoria-electoral-en-italia\/#primaryimage","url":"https:\/\/elcanillita.info\/press\/images\/2022\/09\/mel_0_20220927-1.jpg","contentUrl":"https:\/\/elcanillita.info\/press\/images\/2022\/09\/mel_0_20220927-1.jpg","width":600,"height":395},{"@type":"WebSite","@id":"https:\/\/elcanillita.info\/press\/#website","url":"https:\/\/elcanillita.info\/press\/","name":"ElCanillita.Info","description":"desde los Apeninos a los Andes","publisher":{"@id":"https:\/\/elcanillita.info\/press\/#organization"},"potentialAction":[{"@type":"SearchAction","target":{"@type":"EntryPoint","urlTemplate":"https:\/\/elcanillita.info\/press\/?s={search_term_string}"},"query-input":{"@type":"PropertyValueSpecification","valueRequired":true,"valueName":"search_term_string"}}],"inLanguage":"es-AR"},{"@type":"Organization","@id":"https:\/\/elcanillita.info\/press\/#organization","name":"Guzzo Photos & Graphic Publications","url":"https:\/\/elcanillita.info\/press\/","logo":{"@type":"ImageObject","inLanguage":"es-AR","@id":"https:\/\/elcanillita.info\/press\/#\/schema\/logo\/image\/","url":"https:\/\/elcanillita.info\/press\/images\/2020\/01\/cropped-cropped-cropped-elcanillitainfo.png","contentUrl":"https:\/\/elcanillita.info\/press\/images\/2020\/01\/cropped-cropped-cropped-elcanillitainfo.png","width":460,"height":50,"caption":"Guzzo Photos & Graphic Publications"},"image":{"@id":"https:\/\/elcanillita.info\/press\/#\/schema\/logo\/image\/"},"sameAs":["https:\/\/ar-ar.facebook.com\/ElCanillitainfo-114249515285712\/"]},{"@type":"Person","@id":"https:\/\/elcanillita.info\/press\/#\/schema\/person\/7fcb79f38045700919f7da6d97e71ba0","name":"SalaStampa.eu, world press service","image":{"@type":"ImageObject","inLanguage":"es-AR","@id":"https:\/\/secure.gravatar.com\/avatar\/c2f0e0d515a107624234994507816ca4724c7199cef73fc8bedebf6931d73888?s=96&d=mm&r=g","url":"https:\/\/secure.gravatar.com\/avatar\/c2f0e0d515a107624234994507816ca4724c7199cef73fc8bedebf6931d73888?s=96&d=mm&r=g","contentUrl":"https:\/\/secure.gravatar.com\/avatar\/c2f0e0d515a107624234994507816ca4724c7199cef73fc8bedebf6931d73888?s=96&d=mm&r=g","caption":"SalaStampa.eu, world press service"}}]}},"views":540,"_links":{"self":[{"href":"https:\/\/elcanillita.info\/press\/wp-json\/wp\/v2\/posts\/2925","targetHints":{"allow":["GET"]}}],"collection":[{"href":"https:\/\/elcanillita.info\/press\/wp-json\/wp\/v2\/posts"}],"about":[{"href":"https:\/\/elcanillita.info\/press\/wp-json\/wp\/v2\/types\/post"}],"author":[{"embeddable":true,"href":"https:\/\/elcanillita.info\/press\/wp-json\/wp\/v2\/users\/1"}],"replies":[{"embeddable":true,"href":"https:\/\/elcanillita.info\/press\/wp-json\/wp\/v2\/comments?post=2925"}],"version-history":[{"count":0,"href":"https:\/\/elcanillita.info\/press\/wp-json\/wp\/v2\/posts\/2925\/revisions"}],"wp:featuredmedia":[{"embeddable":true,"href":"https:\/\/elcanillita.info\/press\/wp-json\/wp\/v2\/media\/2926"}],"wp:attachment":[{"href":"https:\/\/elcanillita.info\/press\/wp-json\/wp\/v2\/media?parent=2925"}],"wp:term":[{"taxonomy":"category","embeddable":true,"href":"https:\/\/elcanillita.info\/press\/wp-json\/wp\/v2\/categories?post=2925"},{"taxonomy":"post_tag","embeddable":true,"href":"https:\/\/elcanillita.info\/press\/wp-json\/wp\/v2\/tags?post=2925"}],"curies":[{"name":"wp","href":"https:\/\/api.w.org\/{rel}","templated":true}]}}