{"id":292,"date":"2020-02-01T18:17:00","date_gmt":"2020-02-01T21:17:00","guid":{"rendered":"https:\/\/elcanillita.info\/press\/?p=292"},"modified":"2020-02-03T19:09:54","modified_gmt":"2020-02-03T22:09:54","slug":"manifestantes-hirak-en-argel-en-numeros-para-su-50o-marcha","status":"publish","type":"post","link":"https:\/\/elcanillita.info\/press\/2020\/02\/01\/manifestantes-hirak-en-argel-en-numeros-para-su-50o-marcha\/","title":{"rendered":"Gran n\u00famero de manifestantes &#8220;Hirak&#8221; en Argelia para su 50\u00ba marcha"},"content":{"rendered":"<figure style=\"width: 900px\" class=\"wp-caption alignnone\"><img decoding=\"async\" src=\"https:\/\/elcanillita.info\/press\/images\/2020\/02\/argel.jpg\" alt=\"Manifestantes contra el r\u00e9gimen salieron a las calles de Argel\" width=\"900\"><figcaption class=\"wp-caption-text\">Manifestantes contra el r\u00e9gimen salieron a las calles de Argel en gran n\u00famero por el 50\u00ba viernes consecutivo como primer aniversario de &#8220;Hirak&#8221;, el movimiento de protesta popular sin recedentes contra el gobierno argelino se acerc\u00f3.<\/figcaption><\/figure>\n\n\n<p>Argelia, 01.02.2020 &#8211; Una multitud compacta, m\u00e1s numerosa que los viernes anteriores march\u00f3 por el centro de la capital. Seg\u00fan un periodista de la AFP en el lugar, es imposible evaluar con precisi\u00f3n el n\u00famero de manifestantes en ausencia de un recuento oficial.<\/p>\n\n\n\n<p>&#8220;\u00a1O eres t\u00fa o somos nosotros! No vamos a parar&#8221;, cantaron los manifestantes a sus l\u00edderes, que estaban acompa\u00f1ados por una gran fuerza policial.<br>&#8220;Este 50\u00ba viernes es una oportunidad para dar un nuevo impulso al movimiento&#8221;, dijo a la AFP Chacha Remini, ministro de educaci\u00f3n jubilado de 58 a\u00f1os.<br><br>Nuestro objetivo sigue siendo el mismo: el desmantelamiento del &#8220;sistema&#8221; (en el poder) y la liberaci\u00f3n de todos los detenidos en la represi\u00f3n de &#8220;Hirak&#8221; y cuyos retratos se exhiben en los desfiles&#8221;, subray\u00f3.<\/p>\n\n\n\n<p> <strong>Arrestos y condenas <\/strong><br>\nNacido el 22 de febrero de 2019 para impugnar la candidatura a un quinto mandato del presidente Abdelaziz Buteflika, el &#8220;Hirak&#8221; obtuvo en abril la dimisi\u00f3n del jefe de Estado, que lleva 20 a\u00f1os en el poder, y que viene reclamando desde la salida de los actores del &#8220;sistema&#8221; vigente desde la independencia del pa\u00eds en 1962.<\/p>\n\n\n\n<p>Sin embargo, muchas personas se preguntan qu\u00e9 direcci\u00f3n deber\u00eda tomar hoy este movimiento sin precedentes, plural y pac\u00edfico pero sin una estructura oficial, desde la reciente elecci\u00f3n de un nuevo presidente, Abdelmadjid Tebboune, y el nombramiento de su gobierno.<\/p>\n\n\n\n<p>En respuesta a este desaf\u00edo, el Sr. Tebboune, de 74 a\u00f1os, antiguo seguidor del Sr. Bouteflika, aboga por el di\u00e1logo para un &#8220;cambio radical en el modo de gobierno&#8221; del pa\u00eds.<\/p>\n\n\n\n<p>Ha iniciado consultas con figuras pol\u00edticas con miras a modificar la Constituci\u00f3n, cuyo texto se someter\u00eda a refer\u00e9ndum.  Pero a pesar de esta aparente apertura, la represi\u00f3n contin\u00faa.<\/p>\n\n\n\n<p>Desde las elecciones presidenciales, los manifestantes &#8220;Hirak&#8221; siguen siendo detenidos y procesados arbitrariamente, dijo Human Rights Watch (HRW) esta semana.<\/p>\n\n\n\n<p>Dos detenidos, Toufik Kerfa y Yacine Elouareth, arrestados a finales de noviembre, fueron condenados el viernes en Argel a tres meses de prisi\u00f3n durante su apelaci\u00f3n, acusados de &#8220;reuni\u00f3n desarmada, asociaci\u00f3n delictiva y atentado a la seguridad del Estado&#8221;, dijo el Comit\u00e9 Nacional para la Liberaci\u00f3n de los Detenidos (CNLD).<\/p>\n\n\n\n<p>En Tlemcen (noroeste), el fiscal ha solicitado un a\u00f1o de prisi\u00f3n para 20 manifestantes acusados de &#8220;reuni\u00f3n desarmada&#8221; y de &#8220;obstruir el buen desarrollo&#8221; de las \u00faltimas elecciones presidenciales, dijo el CNLD.<\/p>\n\n\n\n<p>Seg\u00fan la asociaci\u00f3n, que se cre\u00f3 para ayudar a los detenidos en relaci\u00f3n con la protesta, m\u00e1s de 120 personas siguen detenidas en espera de juicio o condenadas por participar en el movimiento. El NCCD inform\u00f3 de nuevos arrestos durante las marchas del viernes en Argel y en las provincias.<\/p>\n\n\n\n<p><b>La causa palestina<\/b><br>\nAdem\u00e1s de los habituales lemas contra el r\u00e9gimen, este viernes se a\u00f1adieron a la causa popular en Argelia emblemas, banderas y keffiyehs palestinos y signos que castigaban el reciente Plan Trump para el Oriente Medio.<\/p>\n\n\n\n<p>&#8220;Este es un tema relacionado con la liberaci\u00f3n de un pueblo. Argelia siempre ha apoyado la causa palestina&#8221;, explic\u00f3 Lakhdar Azizi, profesor de matem\u00e1ticas de una escuela secundaria de Argel, caminando a la cabeza de una plaza pro-palestina.<\/p>\n\n\n\n<p>&#8220;Los palestinos son v\u00edctimas de una nueva injusticia. Pedimos al Presidente Tebboune que adopte una postura p\u00fablica contra el plan de Trump&#8221;, coment\u00f3 Zoubir, un contratista de construcci\u00f3n de 50 a\u00f1os de edad con una bufanda palestina alrededor de su cuello.<\/p>\n\n\n\n<p>La manifestaci\u00f3n se dispers\u00f3 sin incidentes al final de la tarde. Se celebraron marchas similares en el resto del pa\u00eds, incluidas las de Or\u00e1n, S\u00e9tif, Tlemcen y Mostaganem, as\u00ed como la de Tizi Ouzou en Cabilia, seg\u00fan los medios de comunicaci\u00f3n locales.<br><br><small>\u00a9 2020 voanoticias \u2013 salastampa.eu, afiliada a la red Broadcasting Board of Governors \u00a9 2020 BBG<\/small><\/p>\n","protected":false},"excerpt":{"rendered":"<p>Argelia, 01.02.2020 &#8211; Una multitud compacta, m\u00e1s numerosa que los viernes anteriores march\u00f3 por el centro de la capital. Seg\u00fan un periodista de la AFP&#8230;<\/p>\n","protected":false},"author":1,"featured_media":0,"comment_status":"closed","ping_status":"closed","sticky":false,"template":"","format":"standard","meta":{"footnotes":"","_links_to":"","_links_to_target":""},"categories":[14],"tags":[68],"class_list":["post-292","post","type-post","status-publish","format-standard","hentry","category-africa","tag-argelia","entry","double"],"yoast_head":"<!-- This site is optimized with the Yoast SEO plugin v27.4 - https:\/\/yoast.com\/product\/yoast-seo-wordpress\/ -->\n<title>Gran n\u00famero de manifestantes &quot;Hirak&quot; en Argelia para su 50\u00ba marcha - ElCanillita.Info<\/title>\n<meta name=\"robots\" content=\"index, follow, max-snippet:-1, max-image-preview:large, max-video-preview:-1\" \/>\n<link rel=\"canonical\" href=\"https:\/\/elcanillita.info\/press\/2020\/02\/01\/manifestantes-hirak-en-argel-en-numeros-para-su-50o-marcha\/\" \/>\n<meta property=\"og:locale\" content=\"es_ES\" \/>\n<meta property=\"og:type\" content=\"article\" \/>\n<meta property=\"og:title\" content=\"Gran n\u00famero de manifestantes &quot;Hirak&quot; en Argelia para su 50\u00ba marcha - ElCanillita.Info\" \/>\n<meta property=\"og:description\" content=\"Argelia, 01.02.2020 &#8211; Una multitud compacta, m\u00e1s numerosa que los viernes anteriores march\u00f3 por el centro de la capital. Seg\u00fan un periodista de la AFP&#8230;\" \/>\n<meta property=\"og:url\" content=\"https:\/\/elcanillita.info\/press\/2020\/02\/01\/manifestantes-hirak-en-argel-en-numeros-para-su-50o-marcha\/\" \/>\n<meta property=\"og:site_name\" content=\"ElCanillita.Info\" \/>\n<meta property=\"article:publisher\" content=\"https:\/\/ar-ar.facebook.com\/ElCanillitainfo-114249515285712\/\" \/>\n<meta property=\"article:published_time\" content=\"2020-02-01T21:17:00+00:00\" \/>\n<meta property=\"article:modified_time\" content=\"2020-02-03T22:09:54+00:00\" \/>\n<meta property=\"og:image\" content=\"https:\/\/elcanillita.info\/press\/images\/2020\/02\/argel.jpg\" \/>\n<meta name=\"author\" content=\"SalaStampa.eu, world press service\" \/>\n<meta name=\"twitter:card\" content=\"summary_large_image\" \/>\n<meta name=\"twitter:label1\" content=\"Escrito por\" \/>\n\t<meta name=\"twitter:data1\" content=\"SalaStampa.eu, world press service\" \/>\n\t<meta name=\"twitter:label2\" content=\"Tiempo de lectura\" \/>\n\t<meta name=\"twitter:data2\" content=\"3 minutos\" \/>\n<script type=\"application\/ld+json\" class=\"yoast-schema-graph\">{\"@context\":\"https:\\\/\\\/schema.org\",\"@graph\":[{\"@type\":\"Article\",\"@id\":\"https:\\\/\\\/elcanillita.info\\\/press\\\/2020\\\/02\\\/01\\\/manifestantes-hirak-en-argel-en-numeros-para-su-50o-marcha\\\/#article\",\"isPartOf\":{\"@id\":\"https:\\\/\\\/elcanillita.info\\\/press\\\/2020\\\/02\\\/01\\\/manifestantes-hirak-en-argel-en-numeros-para-su-50o-marcha\\\/\"},\"author\":{\"name\":\"SalaStampa.eu, world press service\",\"@id\":\"https:\\\/\\\/elcanillita.info\\\/press\\\/#\\\/schema\\\/person\\\/7fcb79f38045700919f7da6d97e71ba0\"},\"headline\":\"Gran n\u00famero de manifestantes &#8220;Hirak&#8221; en Argelia para su 50\u00ba marcha\",\"datePublished\":\"2020-02-01T21:17:00+00:00\",\"dateModified\":\"2020-02-03T22:09:54+00:00\",\"mainEntityOfPage\":{\"@id\":\"https:\\\/\\\/elcanillita.info\\\/press\\\/2020\\\/02\\\/01\\\/manifestantes-hirak-en-argel-en-numeros-para-su-50o-marcha\\\/\"},\"wordCount\":705,\"publisher\":{\"@id\":\"https:\\\/\\\/elcanillita.info\\\/press\\\/#organization\"},\"image\":{\"@id\":\"https:\\\/\\\/elcanillita.info\\\/press\\\/2020\\\/02\\\/01\\\/manifestantes-hirak-en-argel-en-numeros-para-su-50o-marcha\\\/#primaryimage\"},\"thumbnailUrl\":\"https:\\\/\\\/elcanillita.info\\\/press\\\/images\\\/2020\\\/02\\\/argel.jpg\",\"keywords\":[\"Argelia\"],\"articleSection\":[\"Africa\"],\"inLanguage\":\"es-AR\"},{\"@type\":\"WebPage\",\"@id\":\"https:\\\/\\\/elcanillita.info\\\/press\\\/2020\\\/02\\\/01\\\/manifestantes-hirak-en-argel-en-numeros-para-su-50o-marcha\\\/\",\"url\":\"https:\\\/\\\/elcanillita.info\\\/press\\\/2020\\\/02\\\/01\\\/manifestantes-hirak-en-argel-en-numeros-para-su-50o-marcha\\\/\",\"name\":\"Gran n\u00famero de manifestantes \\\"Hirak\\\" en Argelia para su 50\u00ba marcha - ElCanillita.Info\",\"isPartOf\":{\"@id\":\"https:\\\/\\\/elcanillita.info\\\/press\\\/#website\"},\"primaryImageOfPage\":{\"@id\":\"https:\\\/\\\/elcanillita.info\\\/press\\\/2020\\\/02\\\/01\\\/manifestantes-hirak-en-argel-en-numeros-para-su-50o-marcha\\\/#primaryimage\"},\"image\":{\"@id\":\"https:\\\/\\\/elcanillita.info\\\/press\\\/2020\\\/02\\\/01\\\/manifestantes-hirak-en-argel-en-numeros-para-su-50o-marcha\\\/#primaryimage\"},\"thumbnailUrl\":\"https:\\\/\\\/elcanillita.info\\\/press\\\/images\\\/2020\\\/02\\\/argel.jpg\",\"datePublished\":\"2020-02-01T21:17:00+00:00\",\"dateModified\":\"2020-02-03T22:09:54+00:00\",\"inLanguage\":\"es-AR\",\"potentialAction\":[{\"@type\":\"ReadAction\",\"target\":[\"https:\\\/\\\/elcanillita.info\\\/press\\\/2020\\\/02\\\/01\\\/manifestantes-hirak-en-argel-en-numeros-para-su-50o-marcha\\\/\"]}]},{\"@type\":\"ImageObject\",\"inLanguage\":\"es-AR\",\"@id\":\"https:\\\/\\\/elcanillita.info\\\/press\\\/2020\\\/02\\\/01\\\/manifestantes-hirak-en-argel-en-numeros-para-su-50o-marcha\\\/#primaryimage\",\"url\":\"https:\\\/\\\/elcanillita.info\\\/press\\\/images\\\/2020\\\/02\\\/argel.jpg\",\"contentUrl\":\"https:\\\/\\\/elcanillita.info\\\/press\\\/images\\\/2020\\\/02\\\/argel.jpg\"},{\"@type\":\"WebSite\",\"@id\":\"https:\\\/\\\/elcanillita.info\\\/press\\\/#website\",\"url\":\"https:\\\/\\\/elcanillita.info\\\/press\\\/\",\"name\":\"ElCanillita.Info\",\"description\":\"desde los Apeninos a los Andes\",\"publisher\":{\"@id\":\"https:\\\/\\\/elcanillita.info\\\/press\\\/#organization\"},\"potentialAction\":[{\"@type\":\"SearchAction\",\"target\":{\"@type\":\"EntryPoint\",\"urlTemplate\":\"https:\\\/\\\/elcanillita.info\\\/press\\\/?s={search_term_string}\"},\"query-input\":{\"@type\":\"PropertyValueSpecification\",\"valueRequired\":true,\"valueName\":\"search_term_string\"}}],\"inLanguage\":\"es-AR\"},{\"@type\":\"Organization\",\"@id\":\"https:\\\/\\\/elcanillita.info\\\/press\\\/#organization\",\"name\":\"Guzzo Photos & Graphic Publications\",\"url\":\"https:\\\/\\\/elcanillita.info\\\/press\\\/\",\"logo\":{\"@type\":\"ImageObject\",\"inLanguage\":\"es-AR\",\"@id\":\"https:\\\/\\\/elcanillita.info\\\/press\\\/#\\\/schema\\\/logo\\\/image\\\/\",\"url\":\"https:\\\/\\\/elcanillita.info\\\/press\\\/images\\\/2020\\\/01\\\/cropped-cropped-cropped-elcanillitainfo.png\",\"contentUrl\":\"https:\\\/\\\/elcanillita.info\\\/press\\\/images\\\/2020\\\/01\\\/cropped-cropped-cropped-elcanillitainfo.png\",\"width\":460,\"height\":50,\"caption\":\"Guzzo Photos & Graphic Publications\"},\"image\":{\"@id\":\"https:\\\/\\\/elcanillita.info\\\/press\\\/#\\\/schema\\\/logo\\\/image\\\/\"},\"sameAs\":[\"https:\\\/\\\/ar-ar.facebook.com\\\/ElCanillitainfo-114249515285712\\\/\"]},{\"@type\":\"Person\",\"@id\":\"https:\\\/\\\/elcanillita.info\\\/press\\\/#\\\/schema\\\/person\\\/7fcb79f38045700919f7da6d97e71ba0\",\"name\":\"SalaStampa.eu, world press service\",\"image\":{\"@type\":\"ImageObject\",\"inLanguage\":\"es-AR\",\"@id\":\"https:\\\/\\\/secure.gravatar.com\\\/avatar\\\/c2f0e0d515a107624234994507816ca4724c7199cef73fc8bedebf6931d73888?s=96&d=mm&r=g\",\"url\":\"https:\\\/\\\/secure.gravatar.com\\\/avatar\\\/c2f0e0d515a107624234994507816ca4724c7199cef73fc8bedebf6931d73888?s=96&d=mm&r=g\",\"contentUrl\":\"https:\\\/\\\/secure.gravatar.com\\\/avatar\\\/c2f0e0d515a107624234994507816ca4724c7199cef73fc8bedebf6931d73888?s=96&d=mm&r=g\",\"caption\":\"SalaStampa.eu, world press service\"}}]}<\/script>\n<!-- \/ Yoast SEO plugin. -->","yoast_head_json":{"title":"Gran n\u00famero de manifestantes \"Hirak\" en Argelia para su 50\u00ba marcha - ElCanillita.Info","robots":{"index":"index","follow":"follow","max-snippet":"max-snippet:-1","max-image-preview":"max-image-preview:large","max-video-preview":"max-video-preview:-1"},"canonical":"https:\/\/elcanillita.info\/press\/2020\/02\/01\/manifestantes-hirak-en-argel-en-numeros-para-su-50o-marcha\/","og_locale":"es_ES","og_type":"article","og_title":"Gran n\u00famero de manifestantes \"Hirak\" en Argelia para su 50\u00ba marcha - ElCanillita.Info","og_description":"Argelia, 01.02.2020 &#8211; Una multitud compacta, m\u00e1s numerosa que los viernes anteriores march\u00f3 por el centro de la capital. Seg\u00fan un periodista de la AFP&#8230;","og_url":"https:\/\/elcanillita.info\/press\/2020\/02\/01\/manifestantes-hirak-en-argel-en-numeros-para-su-50o-marcha\/","og_site_name":"ElCanillita.Info","article_publisher":"https:\/\/ar-ar.facebook.com\/ElCanillitainfo-114249515285712\/","article_published_time":"2020-02-01T21:17:00+00:00","article_modified_time":"2020-02-03T22:09:54+00:00","og_image":[{"url":"https:\/\/elcanillita.info\/press\/images\/2020\/02\/argel.jpg","type":"","width":"","height":""}],"author":"SalaStampa.eu, world press service","twitter_card":"summary_large_image","twitter_misc":{"Escrito por":"SalaStampa.eu, world press service","Tiempo de lectura":"3 minutos"},"schema":{"@context":"https:\/\/schema.org","@graph":[{"@type":"Article","@id":"https:\/\/elcanillita.info\/press\/2020\/02\/01\/manifestantes-hirak-en-argel-en-numeros-para-su-50o-marcha\/#article","isPartOf":{"@id":"https:\/\/elcanillita.info\/press\/2020\/02\/01\/manifestantes-hirak-en-argel-en-numeros-para-su-50o-marcha\/"},"author":{"name":"SalaStampa.eu, world press service","@id":"https:\/\/elcanillita.info\/press\/#\/schema\/person\/7fcb79f38045700919f7da6d97e71ba0"},"headline":"Gran n\u00famero de manifestantes &#8220;Hirak&#8221; en Argelia para su 50\u00ba marcha","datePublished":"2020-02-01T21:17:00+00:00","dateModified":"2020-02-03T22:09:54+00:00","mainEntityOfPage":{"@id":"https:\/\/elcanillita.info\/press\/2020\/02\/01\/manifestantes-hirak-en-argel-en-numeros-para-su-50o-marcha\/"},"wordCount":705,"publisher":{"@id":"https:\/\/elcanillita.info\/press\/#organization"},"image":{"@id":"https:\/\/elcanillita.info\/press\/2020\/02\/01\/manifestantes-hirak-en-argel-en-numeros-para-su-50o-marcha\/#primaryimage"},"thumbnailUrl":"https:\/\/elcanillita.info\/press\/images\/2020\/02\/argel.jpg","keywords":["Argelia"],"articleSection":["Africa"],"inLanguage":"es-AR"},{"@type":"WebPage","@id":"https:\/\/elcanillita.info\/press\/2020\/02\/01\/manifestantes-hirak-en-argel-en-numeros-para-su-50o-marcha\/","url":"https:\/\/elcanillita.info\/press\/2020\/02\/01\/manifestantes-hirak-en-argel-en-numeros-para-su-50o-marcha\/","name":"Gran n\u00famero de manifestantes \"Hirak\" en Argelia para su 50\u00ba marcha - ElCanillita.Info","isPartOf":{"@id":"https:\/\/elcanillita.info\/press\/#website"},"primaryImageOfPage":{"@id":"https:\/\/elcanillita.info\/press\/2020\/02\/01\/manifestantes-hirak-en-argel-en-numeros-para-su-50o-marcha\/#primaryimage"},"image":{"@id":"https:\/\/elcanillita.info\/press\/2020\/02\/01\/manifestantes-hirak-en-argel-en-numeros-para-su-50o-marcha\/#primaryimage"},"thumbnailUrl":"https:\/\/elcanillita.info\/press\/images\/2020\/02\/argel.jpg","datePublished":"2020-02-01T21:17:00+00:00","dateModified":"2020-02-03T22:09:54+00:00","inLanguage":"es-AR","potentialAction":[{"@type":"ReadAction","target":["https:\/\/elcanillita.info\/press\/2020\/02\/01\/manifestantes-hirak-en-argel-en-numeros-para-su-50o-marcha\/"]}]},{"@type":"ImageObject","inLanguage":"es-AR","@id":"https:\/\/elcanillita.info\/press\/2020\/02\/01\/manifestantes-hirak-en-argel-en-numeros-para-su-50o-marcha\/#primaryimage","url":"https:\/\/elcanillita.info\/press\/images\/2020\/02\/argel.jpg","contentUrl":"https:\/\/elcanillita.info\/press\/images\/2020\/02\/argel.jpg"},{"@type":"WebSite","@id":"https:\/\/elcanillita.info\/press\/#website","url":"https:\/\/elcanillita.info\/press\/","name":"ElCanillita.Info","description":"desde los Apeninos a los Andes","publisher":{"@id":"https:\/\/elcanillita.info\/press\/#organization"},"potentialAction":[{"@type":"SearchAction","target":{"@type":"EntryPoint","urlTemplate":"https:\/\/elcanillita.info\/press\/?s={search_term_string}"},"query-input":{"@type":"PropertyValueSpecification","valueRequired":true,"valueName":"search_term_string"}}],"inLanguage":"es-AR"},{"@type":"Organization","@id":"https:\/\/elcanillita.info\/press\/#organization","name":"Guzzo Photos & Graphic Publications","url":"https:\/\/elcanillita.info\/press\/","logo":{"@type":"ImageObject","inLanguage":"es-AR","@id":"https:\/\/elcanillita.info\/press\/#\/schema\/logo\/image\/","url":"https:\/\/elcanillita.info\/press\/images\/2020\/01\/cropped-cropped-cropped-elcanillitainfo.png","contentUrl":"https:\/\/elcanillita.info\/press\/images\/2020\/01\/cropped-cropped-cropped-elcanillitainfo.png","width":460,"height":50,"caption":"Guzzo Photos & Graphic Publications"},"image":{"@id":"https:\/\/elcanillita.info\/press\/#\/schema\/logo\/image\/"},"sameAs":["https:\/\/ar-ar.facebook.com\/ElCanillitainfo-114249515285712\/"]},{"@type":"Person","@id":"https:\/\/elcanillita.info\/press\/#\/schema\/person\/7fcb79f38045700919f7da6d97e71ba0","name":"SalaStampa.eu, world press service","image":{"@type":"ImageObject","inLanguage":"es-AR","@id":"https:\/\/secure.gravatar.com\/avatar\/c2f0e0d515a107624234994507816ca4724c7199cef73fc8bedebf6931d73888?s=96&d=mm&r=g","url":"https:\/\/secure.gravatar.com\/avatar\/c2f0e0d515a107624234994507816ca4724c7199cef73fc8bedebf6931d73888?s=96&d=mm&r=g","contentUrl":"https:\/\/secure.gravatar.com\/avatar\/c2f0e0d515a107624234994507816ca4724c7199cef73fc8bedebf6931d73888?s=96&d=mm&r=g","caption":"SalaStampa.eu, world press service"}}]}},"views":817,"_links":{"self":[{"href":"https:\/\/elcanillita.info\/press\/wp-json\/wp\/v2\/posts\/292","targetHints":{"allow":["GET"]}}],"collection":[{"href":"https:\/\/elcanillita.info\/press\/wp-json\/wp\/v2\/posts"}],"about":[{"href":"https:\/\/elcanillita.info\/press\/wp-json\/wp\/v2\/types\/post"}],"author":[{"embeddable":true,"href":"https:\/\/elcanillita.info\/press\/wp-json\/wp\/v2\/users\/1"}],"replies":[{"embeddable":true,"href":"https:\/\/elcanillita.info\/press\/wp-json\/wp\/v2\/comments?post=292"}],"version-history":[{"count":0,"href":"https:\/\/elcanillita.info\/press\/wp-json\/wp\/v2\/posts\/292\/revisions"}],"wp:attachment":[{"href":"https:\/\/elcanillita.info\/press\/wp-json\/wp\/v2\/media?parent=292"}],"wp:term":[{"taxonomy":"category","embeddable":true,"href":"https:\/\/elcanillita.info\/press\/wp-json\/wp\/v2\/categories?post=292"},{"taxonomy":"post_tag","embeddable":true,"href":"https:\/\/elcanillita.info\/press\/wp-json\/wp\/v2\/tags?post=292"}],"curies":[{"name":"wp","href":"https:\/\/api.w.org\/{rel}","templated":true}]}}