{"id":2914,"date":"2022-09-23T20:31:51","date_gmt":"2022-09-23T23:31:51","guid":{"rendered":"https:\/\/elcanillita.info\/press\/?p=2914"},"modified":"2022-09-23T20:31:52","modified_gmt":"2022-09-23T23:31:52","slug":"billetera-seguira-matando-galan","status":"publish","type":"post","link":"https:\/\/elcanillita.info\/press\/2022\/09\/23\/billetera-seguira-matando-galan\/","title":{"rendered":"Billetera, \u00bfseguir\u00e1 matando gal\u00e1n?"},"content":{"rendered":"\n<p><strong><small>por Enrique Guillermo Avogadro<\/small><\/strong><\/p>\n\n\n\n<p>Ayer, quienes esper\u00e1bamos un renovado show medi\u00e1tico en el que la \u201cabogada exitosa\u201d desplegar\u00eda su innegable arte esc\u00e9nico y nos regalar\u00eda profundas perlas de su pensamiento, quedamos absolutamente frustrados. La multiprocesada PresidenteVice s\u00f3lo repiti\u00f3 esos clich\u00e9s a los que nos tiene tan acostumbrados: <em>lawfare<\/em>, yo no fui, me persiguen por ser mujer, no sab\u00eda qu\u00e9 hac\u00edan mis socios ni mis funcionarios, pregunten a los jefes de Gabinete de N\u00e9stor y m\u00edos, s\u00f3lo hicimos negocios leg\u00edtimos con L\u00e1zaro B\u00e1ez, el Poder Judicial no es democr\u00e1tico, el Congreso aprob\u00f3 todo, la culpa es de Mauricio Macri y sus amigos del f\u00fatbol, etc.. Record\u00f3 las sospechadas piedras que rompieron los vidrios de su despacho en el Congreso y, por supuesto, no olvid\u00f3 el atentado mortal que dice haber sufrido; fue c\u00ednica en extremo cuando dijo que la \u00fanica puerta de un pol\u00edtico que se conoc\u00eda era la suya, despu\u00e9s de haber convocado en su domicilio, por a\u00f1os, manifestaciones de apoyo, complicando la vida de tantos vecinos.<\/p>\n\n\n\n<p>Lo m\u00e1s notable de su rara y endeble defensa, tanto en las palabras de sus letrados (conf\u00edo en que le hayan resultado car\u00edsimos) cuanto de ella misma, es que nunca negaron la existencia de delitos y, por el contrario, sostuvieron que todos hab\u00edan robado, refiri\u00e9ndose a la administraci\u00f3n de Macri; pretendieron que sus actos ya fueron juzgados y sobrese\u00eddos por la colonizada Justicia de Santa Cruz y por otro Tribunal que la absolvi\u00f3 sin juzgarla -est\u00e1 impugnado ante Casaci\u00f3n- o como Norberto Oyarbide, que confes\u00f3 que lo hab\u00edan <em>\u201cagarrado del cogote\u201d<\/em> (sic) para obligarlo a dictar la sentencia que exculp\u00f3 a ambos Kirchner del delito de enriquecimiento il\u00edcito.<\/p>\n\n\n\n<p>Pero ya se vio el truco, y ni siquiera un raro rev\u00f3lver a escasos cent\u00edmetros de su cara le permitieron, seg\u00fan todas las encuestas, recuperar la magia perdida. El p\u00e1nico a una grave condena -la sociedad mayoritariamente la reclama- que la embarga, surge claramente de sus propios dichos y los de sus principales lenguaraces, se llamen Alberto Fern\u00e1ndez (auto-percibido Presidente de la Rep\u00fablica), Mart\u00edn Soria (Ministro de Justicia y Derechos Humanos) o Gregorio Dalb\u00f3n (su abogado patotero) contra los fiscales Diego Luciani y Sergio Mola, que incluyeron desde profec\u00edas de sumarios y despidos hasta veladas amenazas de asesinato al compararlos con el Fiscal Alberto Nisman.<\/p>\n\n\n\n<p>La semana que comienza traer\u00e1 los alegatos de las defensas Carlos Kirchner, el enriquecido primo, y de Jos\u00e9 L\u00f3pez, el lanzador de bolsos, a quien la emperatriz hotelera dijo odiar como nunca ha odiado a nadie; habr\u00e1 que ver entonces si \u00e9ste acepta deglutir solo esta sopa de sapos. Luego, ser\u00e1 la hora de las \u201cpalabras finales\u201d de todos los encausados y, muy probablemente, antes de fin de a\u00f1o conoceremos la sentencia del Tribunal oral, que ser\u00e1 apelada a Casaci\u00f3n y, m\u00e1s tarde, a la Corte Suprema; o sea, falta mucho para que quede firme y se ordene su cumplimiento.<\/p>\n\n\n\n<p>El jueves logr\u00f3 unificar, tras sus necesidades personales, a todo el peronismo que, as\u00ed, renunci\u00f3 a cualquier matiz que lo diferenciara del kirchnerismo. Con el voto de tres legisladores aliados -Alberto Weretilnek (R\u00edo Negro), Magdalena Solari Quintana (Misiones) y Clara Vega (La Rioja), la tr\u00e1nsfuga que ingres\u00f3 en la lista de Juntos por el Cambio- convencidos sin duda con algunas \u201cefectividades conducentes\u201d salidas de los bolsos del saqueo, el Senado dio media sanci\u00f3n al proyecto de ampliar la Corte Suprema, llev\u00e1ndola a 15 miembros. En el debate, los caraduras del H\u00b0 Aguantadero adujeron que el desprestigio de la Justicia justificaba su voto, olvidando que ellos est\u00e1n much\u00edsimo peor en la consideraci\u00f3n ciudadana.<\/p>\n\n\n\n<p>Otra vez este episodio \u2013m\u00e1s la lujosa gira presidencial a Estados Unidos con 50 acompa\u00f1antes y las dos horas de reuni\u00f3n de funcionarios para discutir el \u00bfproblema? de las figuritas del mundial- mostr\u00f3 cu\u00e1n lejos est\u00e1n los intereses personales de Cristina Fern\u00e1ndez de las necesidades m\u00e1s urgentes de la sociedad, abrumada por la inflaci\u00f3n, la pobreza y la inseguridad.<\/p>\n\n\n\n<p>Si bien hoy parecer\u00eda que esta iniciativa \u2013tanto como la de suprimir las PASO- no pasar\u00eda el filtro de Diputados, donde las elecciones de 2021 redujeron sensiblemente el poder de fuego de la \u00e9mula local de Nicol\u00e1s Maduro, no deber\u00edamos descartar que aparezcan oportunas billeteras capaces de \u201cmotivar\u201d a ciertos opositores, en especial aqu\u00e9llos dependientes de algunos gobernadores que mantienen llamativas asociaciones con Sergio \u201c<em>el Aceitoso<\/em>\u201d Massa.<\/p>\n\n\n\n<p>A esta altura resulta l\u00edcito preguntarse para qu\u00e9 Cristina Fern\u00e1ndez, su familia y los miembros de su banda robaron \u2013y lo siguen haciendo- tanto, si no podr\u00e1n llevar nunca m\u00e1s una vida razonable (abordar aviones comerciales, viajar al extranjero, caminar por la calle, comer en restaurants, ir al cine o al teatro, etc.) y ella no tiene ning\u00fan amigo \u2013s\u00f3lo c\u00f3mplices- con quien compartir sus penas y alegr\u00edas.<\/p>\n\n\n\n<p>Pero nada nos debe hacer olvidar, puesto que est\u00e1 en juego el futuro de la Argentina, que estamos ante la mayor tentativa de demolici\u00f3n de la Rep\u00fablica desde 1983, ya que quienes la conducen est\u00e1n encaramados en lo m\u00e1s alto del Estado, disponen de los mayores medios econ\u00f3micos acumulados con el impar latrocinio y la asociaci\u00f3n con el narcotr\u00e1fico y tienen en sus manos los principales resortes del Estado.<\/p>\n\n\n\n<p><small>Buenos Aires 24 Septiembre 2022<\/small><\/p>\n\n\n\n<p><small>Copyright \u00a9 2022 ElCanillita.info \u2013 SalaStampa.Eu- Todos los Derechos Reservados<\/small><\/p>\n","protected":false},"excerpt":{"rendered":"<p>Ayer, quienes esper\u00e1bamos un renovado show medi\u00e1tico en el que la \u201cabogada exitosa\u201d desplegar\u00eda su innegable arte esc\u00e9nico y nos regalar\u00eda profundas perlas de su pensamiento, quedamos absolutamente frustrados.<\/p>\n","protected":false},"author":1,"featured_media":0,"comment_status":"closed","ping_status":"closed","sticky":false,"template":"","format":"standard","meta":{"footnotes":"","_links_to":"","_links_to_target":""},"categories":[70,11,22,23],"tags":[29],"class_list":["post-2914","post","type-post","status-publish","format-standard","hentry","category-actualidad","category-america-del-sur","category-justicia","category-politica","tag-argentina","entry","double"],"yoast_head":"<!-- This site is optimized with the Yoast SEO plugin v27.5 - https:\/\/yoast.com\/product\/yoast-seo-wordpress\/ -->\n<title>Billetera, \u00bfseguir\u00e1 matando gal\u00e1n? - ElCanillita.Info<\/title>\n<meta name=\"description\" content=\"La semana que comienza traer\u00e1 los alegatos de las defensas Carlos Kirchner, el enriquecido primo, y de Jos\u00e9 L\u00f3pez, el lanzador de bolsos..\" \/>\n<meta name=\"robots\" content=\"index, follow, max-snippet:-1, max-image-preview:large, max-video-preview:-1\" \/>\n<link rel=\"canonical\" href=\"https:\/\/elcanillita.info\/press\/2022\/09\/23\/billetera-seguira-matando-galan\/\" \/>\n<meta property=\"og:locale\" content=\"es_ES\" \/>\n<meta property=\"og:type\" content=\"article\" \/>\n<meta property=\"og:title\" content=\"Billetera, \u00bfseguir\u00e1 matando gal\u00e1n? - ElCanillita.Info\" \/>\n<meta property=\"og:description\" content=\"La semana que comienza traer\u00e1 los alegatos de las defensas Carlos Kirchner, el enriquecido primo, y de Jos\u00e9 L\u00f3pez, el lanzador de bolsos..\" \/>\n<meta property=\"og:url\" content=\"https:\/\/elcanillita.info\/press\/2022\/09\/23\/billetera-seguira-matando-galan\/\" \/>\n<meta property=\"og:site_name\" content=\"ElCanillita.Info\" \/>\n<meta property=\"article:publisher\" content=\"https:\/\/ar-ar.facebook.com\/ElCanillitainfo-114249515285712\/\" \/>\n<meta property=\"article:published_time\" content=\"2022-09-23T23:31:51+00:00\" \/>\n<meta property=\"article:modified_time\" content=\"2022-09-23T23:31:52+00:00\" \/>\n<meta name=\"author\" content=\"SalaStampa.eu, world press service\" \/>\n<meta name=\"twitter:card\" content=\"summary_large_image\" \/>\n<meta name=\"twitter:label1\" content=\"Escrito por\" \/>\n\t<meta name=\"twitter:data1\" content=\"SalaStampa.eu, world press service\" \/>\n\t<meta name=\"twitter:label2\" content=\"Tiempo de lectura\" \/>\n\t<meta name=\"twitter:data2\" content=\"4 minutos\" \/>\n<script type=\"application\/ld+json\" class=\"yoast-schema-graph\">{\"@context\":\"https:\\\/\\\/schema.org\",\"@graph\":[{\"@type\":\"Article\",\"@id\":\"https:\\\/\\\/elcanillita.info\\\/press\\\/2022\\\/09\\\/23\\\/billetera-seguira-matando-galan\\\/#article\",\"isPartOf\":{\"@id\":\"https:\\\/\\\/elcanillita.info\\\/press\\\/2022\\\/09\\\/23\\\/billetera-seguira-matando-galan\\\/\"},\"author\":{\"name\":\"SalaStampa.eu, world press service\",\"@id\":\"https:\\\/\\\/elcanillita.info\\\/press\\\/#\\\/schema\\\/person\\\/7fcb79f38045700919f7da6d97e71ba0\"},\"headline\":\"Billetera, \u00bfseguir\u00e1 matando gal\u00e1n?\",\"datePublished\":\"2022-09-23T23:31:51+00:00\",\"dateModified\":\"2022-09-23T23:31:52+00:00\",\"mainEntityOfPage\":{\"@id\":\"https:\\\/\\\/elcanillita.info\\\/press\\\/2022\\\/09\\\/23\\\/billetera-seguira-matando-galan\\\/\"},\"wordCount\":948,\"publisher\":{\"@id\":\"https:\\\/\\\/elcanillita.info\\\/press\\\/#organization\"},\"keywords\":[\"Argentina\"],\"articleSection\":[\"Actualidad\",\"Am\u00e9rica del Sur\",\"Justicia\",\"Politica\"],\"inLanguage\":\"es-AR\"},{\"@type\":\"WebPage\",\"@id\":\"https:\\\/\\\/elcanillita.info\\\/press\\\/2022\\\/09\\\/23\\\/billetera-seguira-matando-galan\\\/\",\"url\":\"https:\\\/\\\/elcanillita.info\\\/press\\\/2022\\\/09\\\/23\\\/billetera-seguira-matando-galan\\\/\",\"name\":\"Billetera, \u00bfseguir\u00e1 matando gal\u00e1n? - ElCanillita.Info\",\"isPartOf\":{\"@id\":\"https:\\\/\\\/elcanillita.info\\\/press\\\/#website\"},\"datePublished\":\"2022-09-23T23:31:51+00:00\",\"dateModified\":\"2022-09-23T23:31:52+00:00\",\"description\":\"La semana que comienza traer\u00e1 los alegatos de las defensas Carlos Kirchner, el enriquecido primo, y de Jos\u00e9 L\u00f3pez, el lanzador de bolsos..\",\"inLanguage\":\"es-AR\",\"potentialAction\":[{\"@type\":\"ReadAction\",\"target\":[\"https:\\\/\\\/elcanillita.info\\\/press\\\/2022\\\/09\\\/23\\\/billetera-seguira-matando-galan\\\/\"]}]},{\"@type\":\"WebSite\",\"@id\":\"https:\\\/\\\/elcanillita.info\\\/press\\\/#website\",\"url\":\"https:\\\/\\\/elcanillita.info\\\/press\\\/\",\"name\":\"ElCanillita.Info\",\"description\":\"desde los Apeninos a los Andes\",\"publisher\":{\"@id\":\"https:\\\/\\\/elcanillita.info\\\/press\\\/#organization\"},\"potentialAction\":[{\"@type\":\"SearchAction\",\"target\":{\"@type\":\"EntryPoint\",\"urlTemplate\":\"https:\\\/\\\/elcanillita.info\\\/press\\\/?s={search_term_string}\"},\"query-input\":{\"@type\":\"PropertyValueSpecification\",\"valueRequired\":true,\"valueName\":\"search_term_string\"}}],\"inLanguage\":\"es-AR\"},{\"@type\":\"Organization\",\"@id\":\"https:\\\/\\\/elcanillita.info\\\/press\\\/#organization\",\"name\":\"Guzzo Photos & Graphic Publications\",\"url\":\"https:\\\/\\\/elcanillita.info\\\/press\\\/\",\"logo\":{\"@type\":\"ImageObject\",\"inLanguage\":\"es-AR\",\"@id\":\"https:\\\/\\\/elcanillita.info\\\/press\\\/#\\\/schema\\\/logo\\\/image\\\/\",\"url\":\"https:\\\/\\\/elcanillita.info\\\/press\\\/images\\\/2020\\\/01\\\/cropped-cropped-cropped-elcanillitainfo.png\",\"contentUrl\":\"https:\\\/\\\/elcanillita.info\\\/press\\\/images\\\/2020\\\/01\\\/cropped-cropped-cropped-elcanillitainfo.png\",\"width\":460,\"height\":50,\"caption\":\"Guzzo Photos & Graphic Publications\"},\"image\":{\"@id\":\"https:\\\/\\\/elcanillita.info\\\/press\\\/#\\\/schema\\\/logo\\\/image\\\/\"},\"sameAs\":[\"https:\\\/\\\/ar-ar.facebook.com\\\/ElCanillitainfo-114249515285712\\\/\"]},{\"@type\":\"Person\",\"@id\":\"https:\\\/\\\/elcanillita.info\\\/press\\\/#\\\/schema\\\/person\\\/7fcb79f38045700919f7da6d97e71ba0\",\"name\":\"SalaStampa.eu, world press service\",\"image\":{\"@type\":\"ImageObject\",\"inLanguage\":\"es-AR\",\"@id\":\"https:\\\/\\\/secure.gravatar.com\\\/avatar\\\/c2f0e0d515a107624234994507816ca4724c7199cef73fc8bedebf6931d73888?s=96&d=mm&r=g\",\"url\":\"https:\\\/\\\/secure.gravatar.com\\\/avatar\\\/c2f0e0d515a107624234994507816ca4724c7199cef73fc8bedebf6931d73888?s=96&d=mm&r=g\",\"contentUrl\":\"https:\\\/\\\/secure.gravatar.com\\\/avatar\\\/c2f0e0d515a107624234994507816ca4724c7199cef73fc8bedebf6931d73888?s=96&d=mm&r=g\",\"caption\":\"SalaStampa.eu, world press service\"}}]}<\/script>\n<!-- \/ Yoast SEO plugin. -->","yoast_head_json":{"title":"Billetera, \u00bfseguir\u00e1 matando gal\u00e1n? - ElCanillita.Info","description":"La semana que comienza traer\u00e1 los alegatos de las defensas Carlos Kirchner, el enriquecido primo, y de Jos\u00e9 L\u00f3pez, el lanzador de bolsos..","robots":{"index":"index","follow":"follow","max-snippet":"max-snippet:-1","max-image-preview":"max-image-preview:large","max-video-preview":"max-video-preview:-1"},"canonical":"https:\/\/elcanillita.info\/press\/2022\/09\/23\/billetera-seguira-matando-galan\/","og_locale":"es_ES","og_type":"article","og_title":"Billetera, \u00bfseguir\u00e1 matando gal\u00e1n? - ElCanillita.Info","og_description":"La semana que comienza traer\u00e1 los alegatos de las defensas Carlos Kirchner, el enriquecido primo, y de Jos\u00e9 L\u00f3pez, el lanzador de bolsos..","og_url":"https:\/\/elcanillita.info\/press\/2022\/09\/23\/billetera-seguira-matando-galan\/","og_site_name":"ElCanillita.Info","article_publisher":"https:\/\/ar-ar.facebook.com\/ElCanillitainfo-114249515285712\/","article_published_time":"2022-09-23T23:31:51+00:00","article_modified_time":"2022-09-23T23:31:52+00:00","author":"SalaStampa.eu, world press service","twitter_card":"summary_large_image","twitter_misc":{"Escrito por":"SalaStampa.eu, world press service","Tiempo de lectura":"4 minutos"},"schema":{"@context":"https:\/\/schema.org","@graph":[{"@type":"Article","@id":"https:\/\/elcanillita.info\/press\/2022\/09\/23\/billetera-seguira-matando-galan\/#article","isPartOf":{"@id":"https:\/\/elcanillita.info\/press\/2022\/09\/23\/billetera-seguira-matando-galan\/"},"author":{"name":"SalaStampa.eu, world press service","@id":"https:\/\/elcanillita.info\/press\/#\/schema\/person\/7fcb79f38045700919f7da6d97e71ba0"},"headline":"Billetera, \u00bfseguir\u00e1 matando gal\u00e1n?","datePublished":"2022-09-23T23:31:51+00:00","dateModified":"2022-09-23T23:31:52+00:00","mainEntityOfPage":{"@id":"https:\/\/elcanillita.info\/press\/2022\/09\/23\/billetera-seguira-matando-galan\/"},"wordCount":948,"publisher":{"@id":"https:\/\/elcanillita.info\/press\/#organization"},"keywords":["Argentina"],"articleSection":["Actualidad","Am\u00e9rica del Sur","Justicia","Politica"],"inLanguage":"es-AR"},{"@type":"WebPage","@id":"https:\/\/elcanillita.info\/press\/2022\/09\/23\/billetera-seguira-matando-galan\/","url":"https:\/\/elcanillita.info\/press\/2022\/09\/23\/billetera-seguira-matando-galan\/","name":"Billetera, \u00bfseguir\u00e1 matando gal\u00e1n? - ElCanillita.Info","isPartOf":{"@id":"https:\/\/elcanillita.info\/press\/#website"},"datePublished":"2022-09-23T23:31:51+00:00","dateModified":"2022-09-23T23:31:52+00:00","description":"La semana que comienza traer\u00e1 los alegatos de las defensas Carlos Kirchner, el enriquecido primo, y de Jos\u00e9 L\u00f3pez, el lanzador de bolsos..","inLanguage":"es-AR","potentialAction":[{"@type":"ReadAction","target":["https:\/\/elcanillita.info\/press\/2022\/09\/23\/billetera-seguira-matando-galan\/"]}]},{"@type":"WebSite","@id":"https:\/\/elcanillita.info\/press\/#website","url":"https:\/\/elcanillita.info\/press\/","name":"ElCanillita.Info","description":"desde los Apeninos a los Andes","publisher":{"@id":"https:\/\/elcanillita.info\/press\/#organization"},"potentialAction":[{"@type":"SearchAction","target":{"@type":"EntryPoint","urlTemplate":"https:\/\/elcanillita.info\/press\/?s={search_term_string}"},"query-input":{"@type":"PropertyValueSpecification","valueRequired":true,"valueName":"search_term_string"}}],"inLanguage":"es-AR"},{"@type":"Organization","@id":"https:\/\/elcanillita.info\/press\/#organization","name":"Guzzo Photos & Graphic Publications","url":"https:\/\/elcanillita.info\/press\/","logo":{"@type":"ImageObject","inLanguage":"es-AR","@id":"https:\/\/elcanillita.info\/press\/#\/schema\/logo\/image\/","url":"https:\/\/elcanillita.info\/press\/images\/2020\/01\/cropped-cropped-cropped-elcanillitainfo.png","contentUrl":"https:\/\/elcanillita.info\/press\/images\/2020\/01\/cropped-cropped-cropped-elcanillitainfo.png","width":460,"height":50,"caption":"Guzzo Photos & Graphic Publications"},"image":{"@id":"https:\/\/elcanillita.info\/press\/#\/schema\/logo\/image\/"},"sameAs":["https:\/\/ar-ar.facebook.com\/ElCanillitainfo-114249515285712\/"]},{"@type":"Person","@id":"https:\/\/elcanillita.info\/press\/#\/schema\/person\/7fcb79f38045700919f7da6d97e71ba0","name":"SalaStampa.eu, world press service","image":{"@type":"ImageObject","inLanguage":"es-AR","@id":"https:\/\/secure.gravatar.com\/avatar\/c2f0e0d515a107624234994507816ca4724c7199cef73fc8bedebf6931d73888?s=96&d=mm&r=g","url":"https:\/\/secure.gravatar.com\/avatar\/c2f0e0d515a107624234994507816ca4724c7199cef73fc8bedebf6931d73888?s=96&d=mm&r=g","contentUrl":"https:\/\/secure.gravatar.com\/avatar\/c2f0e0d515a107624234994507816ca4724c7199cef73fc8bedebf6931d73888?s=96&d=mm&r=g","caption":"SalaStampa.eu, world press service"}}]}},"views":535,"_links":{"self":[{"href":"https:\/\/elcanillita.info\/press\/wp-json\/wp\/v2\/posts\/2914","targetHints":{"allow":["GET"]}}],"collection":[{"href":"https:\/\/elcanillita.info\/press\/wp-json\/wp\/v2\/posts"}],"about":[{"href":"https:\/\/elcanillita.info\/press\/wp-json\/wp\/v2\/types\/post"}],"author":[{"embeddable":true,"href":"https:\/\/elcanillita.info\/press\/wp-json\/wp\/v2\/users\/1"}],"replies":[{"embeddable":true,"href":"https:\/\/elcanillita.info\/press\/wp-json\/wp\/v2\/comments?post=2914"}],"version-history":[{"count":0,"href":"https:\/\/elcanillita.info\/press\/wp-json\/wp\/v2\/posts\/2914\/revisions"}],"wp:attachment":[{"href":"https:\/\/elcanillita.info\/press\/wp-json\/wp\/v2\/media?parent=2914"}],"wp:term":[{"taxonomy":"category","embeddable":true,"href":"https:\/\/elcanillita.info\/press\/wp-json\/wp\/v2\/categories?post=2914"},{"taxonomy":"post_tag","embeddable":true,"href":"https:\/\/elcanillita.info\/press\/wp-json\/wp\/v2\/tags?post=2914"}],"curies":[{"name":"wp","href":"https:\/\/api.w.org\/{rel}","templated":true}]}}