{"id":291,"date":"2020-02-03T17:59:30","date_gmt":"2020-02-03T20:59:30","guid":{"rendered":"https:\/\/elcanillita.info\/press\/?p=291"},"modified":"2020-02-03T18:41:10","modified_gmt":"2020-02-03T21:41:10","slug":"londres-advierte-a-israel-contra-la-anexion-de-la-ribera-occidental","status":"publish","type":"post","link":"https:\/\/elcanillita.info\/press\/2020\/02\/03\/londres-advierte-a-israel-contra-la-anexion-de-la-ribera-occidental\/","title":{"rendered":"Londres advierte a Israel contra la anexi\u00f3n de la Ribera Occidental"},"content":{"rendered":"\n<p><img decoding=\"async\" src=\"https:\/\/elcanillita.info\/press\/images\/2020\/02\/palestina.jpg\"><br><br><small><b>Un palestino lanza una piedra durante los enfrentamientos contra las fuerzas de seguridad israel\u00edes en la ciudad de Bel\u00e9n, en la Ribera Occidental, el 31 de marzo de 2018.<\/b><\/small><\/p>\n\n\n\n<p>Jerusal\u00e9m, 03.02.2020 &#8211; Londres advirti\u00f3 a Israel el viernes contra la anexi\u00f3n de partes de la Ribera Occidental, como parte del plan de Donald Trump para el Oriente Medio, que hab\u00eda sido acogido con cautela por las autoridades brit\u00e1nicas.<\/p>\n\n\n\n<p>&#8220;Al Reino Unido le preocupan los informes sobre posibles decisiones que lleven a la anexi\u00f3n de partes de la Ribera Occidental por parte de Israel&#8221;, dijo el Secretario de Relaciones Exteriores Dominic Raab en una declaraci\u00f3n.<\/p>\n\n\n\n<p>&#8220;Cualquier decisi\u00f3n unilateral ser\u00eda perjudicial para los esfuerzos renovados por reiniciar las negociaciones de paz, y contraria al derecho internacional&#8221;, a\u00f1adi\u00f3.<\/p>\n\n\n\n<p>Despu\u00e9s de que Donald Trump presentara el plan americano en Washington el martes, Dominic Raab lo describi\u00f3 como una &#8220;propuesta seria&#8221; que requer\u00eda &#8220;mucho tiempo y esfuerzo&#8221;.<\/p>\n\n\n\n<p>Su secretario de estado Andrew Morrison dijo entonces que Londres &#8220;acogi\u00f3 con benepl\u00e1cito&#8221; la existencia de este plan, a\u00f1adiendo: &#8220;Esto no significa que apoyamos su contenido.<\/p>\n\n\n\n<p>Entre otros puntos delicados, el plan prev\u00e9 la anexi\u00f3n por parte de Israel de los asentamientos que ha establecido en la Ribera Occidental ocupada, en particular en el Valle del Jord\u00e1n, que se convertir\u00e1 en la frontera oriental de Israel.<\/p>\n\n\n\n<p>Descritas como &#8220;vitales&#8221; por el Sr. Netanyahu, estas \u00e1reas pueden ser anexadas &#8220;sin demora&#8221;, dijo inmediatamente el Embajador de los Estados Unidos David Friedman.<br><br><small>2020 voanoticias \u2013 salastampa.eu, afiliada a la red Broadcasting Board of Governors \u00a9 2020 BBG<\/small><\/p>\n","protected":false},"excerpt":{"rendered":"<p>Jerusal\u00e9m, 03.02.2020 &#8211; Londres advirti\u00f3 a Israel el viernes contra la anexi\u00f3n de partes de la Ribera Occidental, como parte del plan de Donald Trump para el Oriente Medio, que hab\u00eda sido acogido con cautela por las autoridades brit\u00e1nicas.<\/p>\n","protected":false},"author":1,"featured_media":0,"comment_status":"closed","ping_status":"closed","sticky":false,"template":"","format":"standard","meta":{"footnotes":"","_links_to":"","_links_to_target":""},"categories":[15,23,25],"tags":[67],"class_list":["post-291","post","type-post","status-publish","format-standard","hentry","category-medio-oriente","category-politica","category-sociedad","tag-israel","entry","double"],"yoast_head":"<!-- This site is optimized with the Yoast SEO plugin v27.4 - https:\/\/yoast.com\/product\/yoast-seo-wordpress\/ -->\n<title>Londres advierte a Israel contra la anexi\u00f3n de la Ribera Occidental - ElCanillita.Info<\/title>\n<meta name=\"robots\" content=\"index, follow, max-snippet:-1, max-image-preview:large, max-video-preview:-1\" \/>\n<link rel=\"canonical\" href=\"https:\/\/elcanillita.info\/press\/2020\/02\/03\/londres-advierte-a-israel-contra-la-anexion-de-la-ribera-occidental\/\" \/>\n<meta property=\"og:locale\" content=\"es_ES\" \/>\n<meta property=\"og:type\" content=\"article\" \/>\n<meta property=\"og:title\" content=\"Londres advierte a Israel contra la anexi\u00f3n de la Ribera Occidental - ElCanillita.Info\" \/>\n<meta property=\"og:description\" content=\"Jerusal\u00e9m, 03.02.2020 - Londres advirti\u00f3 a Israel el viernes contra la anexi\u00f3n de partes de la Ribera Occidental, como parte del plan de Donald Trump para el Oriente Medio, que hab\u00eda sido acogido con cautela por las autoridades brit\u00e1nicas.\" \/>\n<meta property=\"og:url\" content=\"https:\/\/elcanillita.info\/press\/2020\/02\/03\/londres-advierte-a-israel-contra-la-anexion-de-la-ribera-occidental\/\" \/>\n<meta property=\"og:site_name\" content=\"ElCanillita.Info\" \/>\n<meta property=\"article:publisher\" content=\"https:\/\/ar-ar.facebook.com\/ElCanillitainfo-114249515285712\/\" \/>\n<meta property=\"article:published_time\" content=\"2020-02-03T20:59:30+00:00\" \/>\n<meta property=\"article:modified_time\" content=\"2020-02-03T21:41:10+00:00\" \/>\n<meta property=\"og:image\" content=\"https:\/\/elcanillita.info\/press\/images\/2020\/02\/palestina.jpg\" \/>\n<meta name=\"author\" content=\"SalaStampa.eu, world press service\" \/>\n<meta name=\"twitter:card\" content=\"summary_large_image\" \/>\n<meta name=\"twitter:label1\" content=\"Escrito por\" \/>\n\t<meta name=\"twitter:data1\" content=\"SalaStampa.eu, world press service\" \/>\n\t<meta name=\"twitter:label2\" content=\"Tiempo de lectura\" \/>\n\t<meta name=\"twitter:data2\" content=\"1 minuto\" \/>\n<script type=\"application\/ld+json\" class=\"yoast-schema-graph\">{\"@context\":\"https:\\\/\\\/schema.org\",\"@graph\":[{\"@type\":\"Article\",\"@id\":\"https:\\\/\\\/elcanillita.info\\\/press\\\/2020\\\/02\\\/03\\\/londres-advierte-a-israel-contra-la-anexion-de-la-ribera-occidental\\\/#article\",\"isPartOf\":{\"@id\":\"https:\\\/\\\/elcanillita.info\\\/press\\\/2020\\\/02\\\/03\\\/londres-advierte-a-israel-contra-la-anexion-de-la-ribera-occidental\\\/\"},\"author\":{\"name\":\"SalaStampa.eu, world press service\",\"@id\":\"https:\\\/\\\/elcanillita.info\\\/press\\\/#\\\/schema\\\/person\\\/7fcb79f38045700919f7da6d97e71ba0\"},\"headline\":\"Londres advierte a Israel contra la anexi\u00f3n de la Ribera Occidental\",\"datePublished\":\"2020-02-03T20:59:30+00:00\",\"dateModified\":\"2020-02-03T21:41:10+00:00\",\"mainEntityOfPage\":{\"@id\":\"https:\\\/\\\/elcanillita.info\\\/press\\\/2020\\\/02\\\/03\\\/londres-advierte-a-israel-contra-la-anexion-de-la-ribera-occidental\\\/\"},\"wordCount\":280,\"publisher\":{\"@id\":\"https:\\\/\\\/elcanillita.info\\\/press\\\/#organization\"},\"image\":{\"@id\":\"https:\\\/\\\/elcanillita.info\\\/press\\\/2020\\\/02\\\/03\\\/londres-advierte-a-israel-contra-la-anexion-de-la-ribera-occidental\\\/#primaryimage\"},\"thumbnailUrl\":\"https:\\\/\\\/elcanillita.info\\\/press\\\/images\\\/2020\\\/02\\\/palestina.jpg\",\"keywords\":[\"Israel\"],\"articleSection\":[\"Medio Oriente\",\"Politica\",\"Sociedad\"],\"inLanguage\":\"es-AR\"},{\"@type\":\"WebPage\",\"@id\":\"https:\\\/\\\/elcanillita.info\\\/press\\\/2020\\\/02\\\/03\\\/londres-advierte-a-israel-contra-la-anexion-de-la-ribera-occidental\\\/\",\"url\":\"https:\\\/\\\/elcanillita.info\\\/press\\\/2020\\\/02\\\/03\\\/londres-advierte-a-israel-contra-la-anexion-de-la-ribera-occidental\\\/\",\"name\":\"Londres advierte a Israel contra la anexi\u00f3n de la Ribera Occidental - ElCanillita.Info\",\"isPartOf\":{\"@id\":\"https:\\\/\\\/elcanillita.info\\\/press\\\/#website\"},\"primaryImageOfPage\":{\"@id\":\"https:\\\/\\\/elcanillita.info\\\/press\\\/2020\\\/02\\\/03\\\/londres-advierte-a-israel-contra-la-anexion-de-la-ribera-occidental\\\/#primaryimage\"},\"image\":{\"@id\":\"https:\\\/\\\/elcanillita.info\\\/press\\\/2020\\\/02\\\/03\\\/londres-advierte-a-israel-contra-la-anexion-de-la-ribera-occidental\\\/#primaryimage\"},\"thumbnailUrl\":\"https:\\\/\\\/elcanillita.info\\\/press\\\/images\\\/2020\\\/02\\\/palestina.jpg\",\"datePublished\":\"2020-02-03T20:59:30+00:00\",\"dateModified\":\"2020-02-03T21:41:10+00:00\",\"inLanguage\":\"es-AR\",\"potentialAction\":[{\"@type\":\"ReadAction\",\"target\":[\"https:\\\/\\\/elcanillita.info\\\/press\\\/2020\\\/02\\\/03\\\/londres-advierte-a-israel-contra-la-anexion-de-la-ribera-occidental\\\/\"]}]},{\"@type\":\"ImageObject\",\"inLanguage\":\"es-AR\",\"@id\":\"https:\\\/\\\/elcanillita.info\\\/press\\\/2020\\\/02\\\/03\\\/londres-advierte-a-israel-contra-la-anexion-de-la-ribera-occidental\\\/#primaryimage\",\"url\":\"https:\\\/\\\/elcanillita.info\\\/press\\\/images\\\/2020\\\/02\\\/palestina.jpg\",\"contentUrl\":\"https:\\\/\\\/elcanillita.info\\\/press\\\/images\\\/2020\\\/02\\\/palestina.jpg\"},{\"@type\":\"WebSite\",\"@id\":\"https:\\\/\\\/elcanillita.info\\\/press\\\/#website\",\"url\":\"https:\\\/\\\/elcanillita.info\\\/press\\\/\",\"name\":\"ElCanillita.Info\",\"description\":\"desde los Apeninos a los Andes\",\"publisher\":{\"@id\":\"https:\\\/\\\/elcanillita.info\\\/press\\\/#organization\"},\"potentialAction\":[{\"@type\":\"SearchAction\",\"target\":{\"@type\":\"EntryPoint\",\"urlTemplate\":\"https:\\\/\\\/elcanillita.info\\\/press\\\/?s={search_term_string}\"},\"query-input\":{\"@type\":\"PropertyValueSpecification\",\"valueRequired\":true,\"valueName\":\"search_term_string\"}}],\"inLanguage\":\"es-AR\"},{\"@type\":\"Organization\",\"@id\":\"https:\\\/\\\/elcanillita.info\\\/press\\\/#organization\",\"name\":\"Guzzo Photos & Graphic Publications\",\"url\":\"https:\\\/\\\/elcanillita.info\\\/press\\\/\",\"logo\":{\"@type\":\"ImageObject\",\"inLanguage\":\"es-AR\",\"@id\":\"https:\\\/\\\/elcanillita.info\\\/press\\\/#\\\/schema\\\/logo\\\/image\\\/\",\"url\":\"https:\\\/\\\/elcanillita.info\\\/press\\\/images\\\/2020\\\/01\\\/cropped-cropped-cropped-elcanillitainfo.png\",\"contentUrl\":\"https:\\\/\\\/elcanillita.info\\\/press\\\/images\\\/2020\\\/01\\\/cropped-cropped-cropped-elcanillitainfo.png\",\"width\":460,\"height\":50,\"caption\":\"Guzzo Photos & Graphic Publications\"},\"image\":{\"@id\":\"https:\\\/\\\/elcanillita.info\\\/press\\\/#\\\/schema\\\/logo\\\/image\\\/\"},\"sameAs\":[\"https:\\\/\\\/ar-ar.facebook.com\\\/ElCanillitainfo-114249515285712\\\/\"]},{\"@type\":\"Person\",\"@id\":\"https:\\\/\\\/elcanillita.info\\\/press\\\/#\\\/schema\\\/person\\\/7fcb79f38045700919f7da6d97e71ba0\",\"name\":\"SalaStampa.eu, world press service\",\"image\":{\"@type\":\"ImageObject\",\"inLanguage\":\"es-AR\",\"@id\":\"https:\\\/\\\/secure.gravatar.com\\\/avatar\\\/c2f0e0d515a107624234994507816ca4724c7199cef73fc8bedebf6931d73888?s=96&d=mm&r=g\",\"url\":\"https:\\\/\\\/secure.gravatar.com\\\/avatar\\\/c2f0e0d515a107624234994507816ca4724c7199cef73fc8bedebf6931d73888?s=96&d=mm&r=g\",\"contentUrl\":\"https:\\\/\\\/secure.gravatar.com\\\/avatar\\\/c2f0e0d515a107624234994507816ca4724c7199cef73fc8bedebf6931d73888?s=96&d=mm&r=g\",\"caption\":\"SalaStampa.eu, world press service\"}}]}<\/script>\n<!-- \/ Yoast SEO plugin. -->","yoast_head_json":{"title":"Londres advierte a Israel contra la anexi\u00f3n de la Ribera Occidental - ElCanillita.Info","robots":{"index":"index","follow":"follow","max-snippet":"max-snippet:-1","max-image-preview":"max-image-preview:large","max-video-preview":"max-video-preview:-1"},"canonical":"https:\/\/elcanillita.info\/press\/2020\/02\/03\/londres-advierte-a-israel-contra-la-anexion-de-la-ribera-occidental\/","og_locale":"es_ES","og_type":"article","og_title":"Londres advierte a Israel contra la anexi\u00f3n de la Ribera Occidental - ElCanillita.Info","og_description":"Jerusal\u00e9m, 03.02.2020 - Londres advirti\u00f3 a Israel el viernes contra la anexi\u00f3n de partes de la Ribera Occidental, como parte del plan de Donald Trump para el Oriente Medio, que hab\u00eda sido acogido con cautela por las autoridades brit\u00e1nicas.","og_url":"https:\/\/elcanillita.info\/press\/2020\/02\/03\/londres-advierte-a-israel-contra-la-anexion-de-la-ribera-occidental\/","og_site_name":"ElCanillita.Info","article_publisher":"https:\/\/ar-ar.facebook.com\/ElCanillitainfo-114249515285712\/","article_published_time":"2020-02-03T20:59:30+00:00","article_modified_time":"2020-02-03T21:41:10+00:00","og_image":[{"url":"https:\/\/elcanillita.info\/press\/images\/2020\/02\/palestina.jpg","type":"","width":"","height":""}],"author":"SalaStampa.eu, world press service","twitter_card":"summary_large_image","twitter_misc":{"Escrito por":"SalaStampa.eu, world press service","Tiempo de lectura":"1 minuto"},"schema":{"@context":"https:\/\/schema.org","@graph":[{"@type":"Article","@id":"https:\/\/elcanillita.info\/press\/2020\/02\/03\/londres-advierte-a-israel-contra-la-anexion-de-la-ribera-occidental\/#article","isPartOf":{"@id":"https:\/\/elcanillita.info\/press\/2020\/02\/03\/londres-advierte-a-israel-contra-la-anexion-de-la-ribera-occidental\/"},"author":{"name":"SalaStampa.eu, world press service","@id":"https:\/\/elcanillita.info\/press\/#\/schema\/person\/7fcb79f38045700919f7da6d97e71ba0"},"headline":"Londres advierte a Israel contra la anexi\u00f3n de la Ribera Occidental","datePublished":"2020-02-03T20:59:30+00:00","dateModified":"2020-02-03T21:41:10+00:00","mainEntityOfPage":{"@id":"https:\/\/elcanillita.info\/press\/2020\/02\/03\/londres-advierte-a-israel-contra-la-anexion-de-la-ribera-occidental\/"},"wordCount":280,"publisher":{"@id":"https:\/\/elcanillita.info\/press\/#organization"},"image":{"@id":"https:\/\/elcanillita.info\/press\/2020\/02\/03\/londres-advierte-a-israel-contra-la-anexion-de-la-ribera-occidental\/#primaryimage"},"thumbnailUrl":"https:\/\/elcanillita.info\/press\/images\/2020\/02\/palestina.jpg","keywords":["Israel"],"articleSection":["Medio Oriente","Politica","Sociedad"],"inLanguage":"es-AR"},{"@type":"WebPage","@id":"https:\/\/elcanillita.info\/press\/2020\/02\/03\/londres-advierte-a-israel-contra-la-anexion-de-la-ribera-occidental\/","url":"https:\/\/elcanillita.info\/press\/2020\/02\/03\/londres-advierte-a-israel-contra-la-anexion-de-la-ribera-occidental\/","name":"Londres advierte a Israel contra la anexi\u00f3n de la Ribera Occidental - ElCanillita.Info","isPartOf":{"@id":"https:\/\/elcanillita.info\/press\/#website"},"primaryImageOfPage":{"@id":"https:\/\/elcanillita.info\/press\/2020\/02\/03\/londres-advierte-a-israel-contra-la-anexion-de-la-ribera-occidental\/#primaryimage"},"image":{"@id":"https:\/\/elcanillita.info\/press\/2020\/02\/03\/londres-advierte-a-israel-contra-la-anexion-de-la-ribera-occidental\/#primaryimage"},"thumbnailUrl":"https:\/\/elcanillita.info\/press\/images\/2020\/02\/palestina.jpg","datePublished":"2020-02-03T20:59:30+00:00","dateModified":"2020-02-03T21:41:10+00:00","inLanguage":"es-AR","potentialAction":[{"@type":"ReadAction","target":["https:\/\/elcanillita.info\/press\/2020\/02\/03\/londres-advierte-a-israel-contra-la-anexion-de-la-ribera-occidental\/"]}]},{"@type":"ImageObject","inLanguage":"es-AR","@id":"https:\/\/elcanillita.info\/press\/2020\/02\/03\/londres-advierte-a-israel-contra-la-anexion-de-la-ribera-occidental\/#primaryimage","url":"https:\/\/elcanillita.info\/press\/images\/2020\/02\/palestina.jpg","contentUrl":"https:\/\/elcanillita.info\/press\/images\/2020\/02\/palestina.jpg"},{"@type":"WebSite","@id":"https:\/\/elcanillita.info\/press\/#website","url":"https:\/\/elcanillita.info\/press\/","name":"ElCanillita.Info","description":"desde los Apeninos a los Andes","publisher":{"@id":"https:\/\/elcanillita.info\/press\/#organization"},"potentialAction":[{"@type":"SearchAction","target":{"@type":"EntryPoint","urlTemplate":"https:\/\/elcanillita.info\/press\/?s={search_term_string}"},"query-input":{"@type":"PropertyValueSpecification","valueRequired":true,"valueName":"search_term_string"}}],"inLanguage":"es-AR"},{"@type":"Organization","@id":"https:\/\/elcanillita.info\/press\/#organization","name":"Guzzo Photos & Graphic Publications","url":"https:\/\/elcanillita.info\/press\/","logo":{"@type":"ImageObject","inLanguage":"es-AR","@id":"https:\/\/elcanillita.info\/press\/#\/schema\/logo\/image\/","url":"https:\/\/elcanillita.info\/press\/images\/2020\/01\/cropped-cropped-cropped-elcanillitainfo.png","contentUrl":"https:\/\/elcanillita.info\/press\/images\/2020\/01\/cropped-cropped-cropped-elcanillitainfo.png","width":460,"height":50,"caption":"Guzzo Photos & Graphic Publications"},"image":{"@id":"https:\/\/elcanillita.info\/press\/#\/schema\/logo\/image\/"},"sameAs":["https:\/\/ar-ar.facebook.com\/ElCanillitainfo-114249515285712\/"]},{"@type":"Person","@id":"https:\/\/elcanillita.info\/press\/#\/schema\/person\/7fcb79f38045700919f7da6d97e71ba0","name":"SalaStampa.eu, world press service","image":{"@type":"ImageObject","inLanguage":"es-AR","@id":"https:\/\/secure.gravatar.com\/avatar\/c2f0e0d515a107624234994507816ca4724c7199cef73fc8bedebf6931d73888?s=96&d=mm&r=g","url":"https:\/\/secure.gravatar.com\/avatar\/c2f0e0d515a107624234994507816ca4724c7199cef73fc8bedebf6931d73888?s=96&d=mm&r=g","contentUrl":"https:\/\/secure.gravatar.com\/avatar\/c2f0e0d515a107624234994507816ca4724c7199cef73fc8bedebf6931d73888?s=96&d=mm&r=g","caption":"SalaStampa.eu, world press service"}}]}},"views":861,"_links":{"self":[{"href":"https:\/\/elcanillita.info\/press\/wp-json\/wp\/v2\/posts\/291","targetHints":{"allow":["GET"]}}],"collection":[{"href":"https:\/\/elcanillita.info\/press\/wp-json\/wp\/v2\/posts"}],"about":[{"href":"https:\/\/elcanillita.info\/press\/wp-json\/wp\/v2\/types\/post"}],"author":[{"embeddable":true,"href":"https:\/\/elcanillita.info\/press\/wp-json\/wp\/v2\/users\/1"}],"replies":[{"embeddable":true,"href":"https:\/\/elcanillita.info\/press\/wp-json\/wp\/v2\/comments?post=291"}],"version-history":[{"count":0,"href":"https:\/\/elcanillita.info\/press\/wp-json\/wp\/v2\/posts\/291\/revisions"}],"wp:attachment":[{"href":"https:\/\/elcanillita.info\/press\/wp-json\/wp\/v2\/media?parent=291"}],"wp:term":[{"taxonomy":"category","embeddable":true,"href":"https:\/\/elcanillita.info\/press\/wp-json\/wp\/v2\/categories?post=291"},{"taxonomy":"post_tag","embeddable":true,"href":"https:\/\/elcanillita.info\/press\/wp-json\/wp\/v2\/tags?post=291"}],"curies":[{"name":"wp","href":"https:\/\/api.w.org\/{rel}","templated":true}]}}