{"id":290,"date":"2020-02-03T10:43:32","date_gmt":"2020-02-03T13:43:32","guid":{"rendered":"https:\/\/elcanillita.info\/press\/?p=290"},"modified":"2020-02-03T10:44:38","modified_gmt":"2020-02-03T13:44:38","slug":"bad-boys-of-life-encabeza-la-taquilla-este-fin-de-semana","status":"publish","type":"post","link":"https:\/\/elcanillita.info\/press\/2020\/02\/03\/bad-boys-of-life-encabeza-la-taquilla-este-fin-de-semana\/","title":{"rendered":"\u201cBad Boys of Life\u201d encabeza la taquilla este fin de semana"},"content":{"rendered":"\n<p>\u201cBad Boys of Life\u201d fue la pel\u00edcula m\u00e1s taquillera este fin de semana en las salas de cine de Norteam\u00e9rica.<br><br>La cinta con Will Smith y Martin Lawrence recaud\u00f3 17,6 millones de d\u00f3lares y se coloc\u00f3 al tope de la lista por tercera semana consecutiva.<\/p>\n\n\n\n<p>La compa\u00f1\u00eda dijo que esa tercera versi\u00f3n de la serie ha sido la m\u00e1s exitosa, superando a \u201cBad Boys II\u201d.<\/p>\n\n\n\n<p>\u201c1917\u201d, sobre la Primer Guerra Mundial, lleg\u00f3 de segunda tras pasar de 11 salas de cine a casi 4.000.<\/p>\n\n\n\n<p>\u201cDolittle\u201d lleg\u00f3 tercera y \u201cGretel &amp; Hansel\u201d lleg\u00f3 de cuarta con 6,1 millones de d\u00f3lares.<\/p>\n\n\n\n<p>\u201cThe Rhythm Section\u201d, una pel\u00edcula de acci\u00f3n con Blake Lively, recibi\u00f3 2,8 millones de d\u00f3lares y super\u00f3 a \u201cKnives Out\u201d.<\/p>\n\n\n\n<p>Cifras estimadas de taquilla de viernes a domingo en Estados Unidos y Canad\u00e1, seg\u00fan Comscore.<\/p>\n\n\n\n<ol class=\"wp-block-list\"><li>\u201cBad Boys for Life\u201d, $17,6 millones.<\/li><li>\u201c1917\u201d, $9,6 millones.<\/li><li>\u201cDolittle\u201d, $7,7 millones.<\/li><li>\u201cGretel &amp; Hansel,\u201d $6,1 millones.<\/li><li>\u201cThe Gentlemen\u201d, $6,01 millones.<\/li><li>\u201cJumanji: The Next Level\u201d, $6 millones.<\/li><li>\u201cStar Wars: The Rise of Skywalker\u201d, $3,1 millones.<\/li><li>\u201cThe Turning,\u201d $3,05 millones.<\/li><li>\u201cLittle Women\u201d, $3,01 millones.<\/li><li>\u201cThe Rhythm Section\u201d, $2,8 millones.<\/li><\/ol>\n","protected":false},"excerpt":{"rendered":"<p>\u201cBad Boys of Life\u201d fue la pel\u00edcula m\u00e1s taquillera este fin de semana en las salas de cine de Norteam\u00e9rica.<br \/>\nLa cinta con Will Smith y Martin Lawrence recaud\u00f3 17,6 millones de d\u00f3lares y se coloc\u00f3 al tope de la lista por tercera semana consecutiva.<\/p>\n","protected":false},"author":1,"featured_media":0,"comment_status":"closed","ping_status":"closed","sticky":false,"template":"","format":"standard","meta":{"footnotes":"","_links_to":"","_links_to_target":""},"categories":[9,19,20],"tags":[34],"class_list":["post-290","post","type-post","status-publish","format-standard","hentry","category-america-del-norte","category-cultura","category-economia","tag-estados-unidos","entry","double"],"yoast_head":"<!-- This site is optimized with the Yoast SEO plugin v27.4 - https:\/\/yoast.com\/product\/yoast-seo-wordpress\/ -->\n<title>\u201cBad Boys of Life\u201d encabeza la taquilla este fin de semana - ElCanillita.Info<\/title>\n<meta name=\"robots\" content=\"index, follow, max-snippet:-1, max-image-preview:large, max-video-preview:-1\" \/>\n<link rel=\"canonical\" href=\"https:\/\/elcanillita.info\/press\/2020\/02\/03\/bad-boys-of-life-encabeza-la-taquilla-este-fin-de-semana\/\" \/>\n<meta property=\"og:locale\" content=\"es_ES\" \/>\n<meta property=\"og:type\" content=\"article\" \/>\n<meta property=\"og:title\" content=\"\u201cBad Boys of Life\u201d encabeza la taquilla este fin de semana - ElCanillita.Info\" \/>\n<meta property=\"og:description\" content=\"\u201cBad Boys of Life\u201d fue la pel\u00edcula m\u00e1s taquillera este fin de semana en las salas de cine de Norteam\u00e9rica. La cinta con Will Smith y Martin Lawrence recaud\u00f3 17,6 millones de d\u00f3lares y se coloc\u00f3 al tope de la lista por tercera semana consecutiva.\" \/>\n<meta property=\"og:url\" content=\"https:\/\/elcanillita.info\/press\/2020\/02\/03\/bad-boys-of-life-encabeza-la-taquilla-este-fin-de-semana\/\" \/>\n<meta property=\"og:site_name\" content=\"ElCanillita.Info\" \/>\n<meta property=\"article:publisher\" content=\"https:\/\/ar-ar.facebook.com\/ElCanillitainfo-114249515285712\/\" \/>\n<meta property=\"article:published_time\" content=\"2020-02-03T13:43:32+00:00\" \/>\n<meta property=\"article:modified_time\" content=\"2020-02-03T13:44:38+00:00\" \/>\n<meta name=\"author\" content=\"SalaStampa.eu, world press service\" \/>\n<meta name=\"twitter:card\" content=\"summary_large_image\" \/>\n<meta name=\"twitter:label1\" content=\"Escrito por\" \/>\n\t<meta name=\"twitter:data1\" content=\"SalaStampa.eu, world press service\" \/>\n\t<meta name=\"twitter:label2\" content=\"Tiempo de lectura\" \/>\n\t<meta name=\"twitter:data2\" content=\"1 minuto\" \/>\n<script type=\"application\/ld+json\" class=\"yoast-schema-graph\">{\"@context\":\"https:\\\/\\\/schema.org\",\"@graph\":[{\"@type\":\"Article\",\"@id\":\"https:\\\/\\\/elcanillita.info\\\/press\\\/2020\\\/02\\\/03\\\/bad-boys-of-life-encabeza-la-taquilla-este-fin-de-semana\\\/#article\",\"isPartOf\":{\"@id\":\"https:\\\/\\\/elcanillita.info\\\/press\\\/2020\\\/02\\\/03\\\/bad-boys-of-life-encabeza-la-taquilla-este-fin-de-semana\\\/\"},\"author\":{\"name\":\"SalaStampa.eu, world press service\",\"@id\":\"https:\\\/\\\/elcanillita.info\\\/press\\\/#\\\/schema\\\/person\\\/7fcb79f38045700919f7da6d97e71ba0\"},\"headline\":\"\u201cBad Boys of Life\u201d encabeza la taquilla este fin de semana\",\"datePublished\":\"2020-02-03T13:43:32+00:00\",\"dateModified\":\"2020-02-03T13:44:38+00:00\",\"mainEntityOfPage\":{\"@id\":\"https:\\\/\\\/elcanillita.info\\\/press\\\/2020\\\/02\\\/03\\\/bad-boys-of-life-encabeza-la-taquilla-este-fin-de-semana\\\/\"},\"wordCount\":188,\"publisher\":{\"@id\":\"https:\\\/\\\/elcanillita.info\\\/press\\\/#organization\"},\"keywords\":[\"Estados Unidos\"],\"articleSection\":[\"Am\u00e9rica del Norte\",\"Cultura\",\"Economia\"],\"inLanguage\":\"es-AR\"},{\"@type\":\"WebPage\",\"@id\":\"https:\\\/\\\/elcanillita.info\\\/press\\\/2020\\\/02\\\/03\\\/bad-boys-of-life-encabeza-la-taquilla-este-fin-de-semana\\\/\",\"url\":\"https:\\\/\\\/elcanillita.info\\\/press\\\/2020\\\/02\\\/03\\\/bad-boys-of-life-encabeza-la-taquilla-este-fin-de-semana\\\/\",\"name\":\"\u201cBad Boys of Life\u201d encabeza la taquilla este fin de semana - ElCanillita.Info\",\"isPartOf\":{\"@id\":\"https:\\\/\\\/elcanillita.info\\\/press\\\/#website\"},\"datePublished\":\"2020-02-03T13:43:32+00:00\",\"dateModified\":\"2020-02-03T13:44:38+00:00\",\"inLanguage\":\"es-AR\",\"potentialAction\":[{\"@type\":\"ReadAction\",\"target\":[\"https:\\\/\\\/elcanillita.info\\\/press\\\/2020\\\/02\\\/03\\\/bad-boys-of-life-encabeza-la-taquilla-este-fin-de-semana\\\/\"]}]},{\"@type\":\"WebSite\",\"@id\":\"https:\\\/\\\/elcanillita.info\\\/press\\\/#website\",\"url\":\"https:\\\/\\\/elcanillita.info\\\/press\\\/\",\"name\":\"ElCanillita.Info\",\"description\":\"desde los Apeninos a los Andes\",\"publisher\":{\"@id\":\"https:\\\/\\\/elcanillita.info\\\/press\\\/#organization\"},\"potentialAction\":[{\"@type\":\"SearchAction\",\"target\":{\"@type\":\"EntryPoint\",\"urlTemplate\":\"https:\\\/\\\/elcanillita.info\\\/press\\\/?s={search_term_string}\"},\"query-input\":{\"@type\":\"PropertyValueSpecification\",\"valueRequired\":true,\"valueName\":\"search_term_string\"}}],\"inLanguage\":\"es-AR\"},{\"@type\":\"Organization\",\"@id\":\"https:\\\/\\\/elcanillita.info\\\/press\\\/#organization\",\"name\":\"Guzzo Photos & Graphic Publications\",\"url\":\"https:\\\/\\\/elcanillita.info\\\/press\\\/\",\"logo\":{\"@type\":\"ImageObject\",\"inLanguage\":\"es-AR\",\"@id\":\"https:\\\/\\\/elcanillita.info\\\/press\\\/#\\\/schema\\\/logo\\\/image\\\/\",\"url\":\"https:\\\/\\\/elcanillita.info\\\/press\\\/images\\\/2020\\\/01\\\/cropped-cropped-cropped-elcanillitainfo.png\",\"contentUrl\":\"https:\\\/\\\/elcanillita.info\\\/press\\\/images\\\/2020\\\/01\\\/cropped-cropped-cropped-elcanillitainfo.png\",\"width\":460,\"height\":50,\"caption\":\"Guzzo Photos & Graphic Publications\"},\"image\":{\"@id\":\"https:\\\/\\\/elcanillita.info\\\/press\\\/#\\\/schema\\\/logo\\\/image\\\/\"},\"sameAs\":[\"https:\\\/\\\/ar-ar.facebook.com\\\/ElCanillitainfo-114249515285712\\\/\"]},{\"@type\":\"Person\",\"@id\":\"https:\\\/\\\/elcanillita.info\\\/press\\\/#\\\/schema\\\/person\\\/7fcb79f38045700919f7da6d97e71ba0\",\"name\":\"SalaStampa.eu, world press service\",\"image\":{\"@type\":\"ImageObject\",\"inLanguage\":\"es-AR\",\"@id\":\"https:\\\/\\\/secure.gravatar.com\\\/avatar\\\/c2f0e0d515a107624234994507816ca4724c7199cef73fc8bedebf6931d73888?s=96&d=mm&r=g\",\"url\":\"https:\\\/\\\/secure.gravatar.com\\\/avatar\\\/c2f0e0d515a107624234994507816ca4724c7199cef73fc8bedebf6931d73888?s=96&d=mm&r=g\",\"contentUrl\":\"https:\\\/\\\/secure.gravatar.com\\\/avatar\\\/c2f0e0d515a107624234994507816ca4724c7199cef73fc8bedebf6931d73888?s=96&d=mm&r=g\",\"caption\":\"SalaStampa.eu, world press service\"}}]}<\/script>\n<!-- \/ Yoast SEO plugin. -->","yoast_head_json":{"title":"\u201cBad Boys of Life\u201d encabeza la taquilla este fin de semana - ElCanillita.Info","robots":{"index":"index","follow":"follow","max-snippet":"max-snippet:-1","max-image-preview":"max-image-preview:large","max-video-preview":"max-video-preview:-1"},"canonical":"https:\/\/elcanillita.info\/press\/2020\/02\/03\/bad-boys-of-life-encabeza-la-taquilla-este-fin-de-semana\/","og_locale":"es_ES","og_type":"article","og_title":"\u201cBad Boys of Life\u201d encabeza la taquilla este fin de semana - ElCanillita.Info","og_description":"\u201cBad Boys of Life\u201d fue la pel\u00edcula m\u00e1s taquillera este fin de semana en las salas de cine de Norteam\u00e9rica. La cinta con Will Smith y Martin Lawrence recaud\u00f3 17,6 millones de d\u00f3lares y se coloc\u00f3 al tope de la lista por tercera semana consecutiva.","og_url":"https:\/\/elcanillita.info\/press\/2020\/02\/03\/bad-boys-of-life-encabeza-la-taquilla-este-fin-de-semana\/","og_site_name":"ElCanillita.Info","article_publisher":"https:\/\/ar-ar.facebook.com\/ElCanillitainfo-114249515285712\/","article_published_time":"2020-02-03T13:43:32+00:00","article_modified_time":"2020-02-03T13:44:38+00:00","author":"SalaStampa.eu, world press service","twitter_card":"summary_large_image","twitter_misc":{"Escrito por":"SalaStampa.eu, world press service","Tiempo de lectura":"1 minuto"},"schema":{"@context":"https:\/\/schema.org","@graph":[{"@type":"Article","@id":"https:\/\/elcanillita.info\/press\/2020\/02\/03\/bad-boys-of-life-encabeza-la-taquilla-este-fin-de-semana\/#article","isPartOf":{"@id":"https:\/\/elcanillita.info\/press\/2020\/02\/03\/bad-boys-of-life-encabeza-la-taquilla-este-fin-de-semana\/"},"author":{"name":"SalaStampa.eu, world press service","@id":"https:\/\/elcanillita.info\/press\/#\/schema\/person\/7fcb79f38045700919f7da6d97e71ba0"},"headline":"\u201cBad Boys of Life\u201d encabeza la taquilla este fin de semana","datePublished":"2020-02-03T13:43:32+00:00","dateModified":"2020-02-03T13:44:38+00:00","mainEntityOfPage":{"@id":"https:\/\/elcanillita.info\/press\/2020\/02\/03\/bad-boys-of-life-encabeza-la-taquilla-este-fin-de-semana\/"},"wordCount":188,"publisher":{"@id":"https:\/\/elcanillita.info\/press\/#organization"},"keywords":["Estados Unidos"],"articleSection":["Am\u00e9rica del Norte","Cultura","Economia"],"inLanguage":"es-AR"},{"@type":"WebPage","@id":"https:\/\/elcanillita.info\/press\/2020\/02\/03\/bad-boys-of-life-encabeza-la-taquilla-este-fin-de-semana\/","url":"https:\/\/elcanillita.info\/press\/2020\/02\/03\/bad-boys-of-life-encabeza-la-taquilla-este-fin-de-semana\/","name":"\u201cBad Boys of Life\u201d encabeza la taquilla este fin de semana - ElCanillita.Info","isPartOf":{"@id":"https:\/\/elcanillita.info\/press\/#website"},"datePublished":"2020-02-03T13:43:32+00:00","dateModified":"2020-02-03T13:44:38+00:00","inLanguage":"es-AR","potentialAction":[{"@type":"ReadAction","target":["https:\/\/elcanillita.info\/press\/2020\/02\/03\/bad-boys-of-life-encabeza-la-taquilla-este-fin-de-semana\/"]}]},{"@type":"WebSite","@id":"https:\/\/elcanillita.info\/press\/#website","url":"https:\/\/elcanillita.info\/press\/","name":"ElCanillita.Info","description":"desde los Apeninos a los Andes","publisher":{"@id":"https:\/\/elcanillita.info\/press\/#organization"},"potentialAction":[{"@type":"SearchAction","target":{"@type":"EntryPoint","urlTemplate":"https:\/\/elcanillita.info\/press\/?s={search_term_string}"},"query-input":{"@type":"PropertyValueSpecification","valueRequired":true,"valueName":"search_term_string"}}],"inLanguage":"es-AR"},{"@type":"Organization","@id":"https:\/\/elcanillita.info\/press\/#organization","name":"Guzzo Photos & Graphic Publications","url":"https:\/\/elcanillita.info\/press\/","logo":{"@type":"ImageObject","inLanguage":"es-AR","@id":"https:\/\/elcanillita.info\/press\/#\/schema\/logo\/image\/","url":"https:\/\/elcanillita.info\/press\/images\/2020\/01\/cropped-cropped-cropped-elcanillitainfo.png","contentUrl":"https:\/\/elcanillita.info\/press\/images\/2020\/01\/cropped-cropped-cropped-elcanillitainfo.png","width":460,"height":50,"caption":"Guzzo Photos & Graphic Publications"},"image":{"@id":"https:\/\/elcanillita.info\/press\/#\/schema\/logo\/image\/"},"sameAs":["https:\/\/ar-ar.facebook.com\/ElCanillitainfo-114249515285712\/"]},{"@type":"Person","@id":"https:\/\/elcanillita.info\/press\/#\/schema\/person\/7fcb79f38045700919f7da6d97e71ba0","name":"SalaStampa.eu, world press service","image":{"@type":"ImageObject","inLanguage":"es-AR","@id":"https:\/\/secure.gravatar.com\/avatar\/c2f0e0d515a107624234994507816ca4724c7199cef73fc8bedebf6931d73888?s=96&d=mm&r=g","url":"https:\/\/secure.gravatar.com\/avatar\/c2f0e0d515a107624234994507816ca4724c7199cef73fc8bedebf6931d73888?s=96&d=mm&r=g","contentUrl":"https:\/\/secure.gravatar.com\/avatar\/c2f0e0d515a107624234994507816ca4724c7199cef73fc8bedebf6931d73888?s=96&d=mm&r=g","caption":"SalaStampa.eu, world press service"}}]}},"views":756,"_links":{"self":[{"href":"https:\/\/elcanillita.info\/press\/wp-json\/wp\/v2\/posts\/290","targetHints":{"allow":["GET"]}}],"collection":[{"href":"https:\/\/elcanillita.info\/press\/wp-json\/wp\/v2\/posts"}],"about":[{"href":"https:\/\/elcanillita.info\/press\/wp-json\/wp\/v2\/types\/post"}],"author":[{"embeddable":true,"href":"https:\/\/elcanillita.info\/press\/wp-json\/wp\/v2\/users\/1"}],"replies":[{"embeddable":true,"href":"https:\/\/elcanillita.info\/press\/wp-json\/wp\/v2\/comments?post=290"}],"version-history":[{"count":0,"href":"https:\/\/elcanillita.info\/press\/wp-json\/wp\/v2\/posts\/290\/revisions"}],"wp:attachment":[{"href":"https:\/\/elcanillita.info\/press\/wp-json\/wp\/v2\/media?parent=290"}],"wp:term":[{"taxonomy":"category","embeddable":true,"href":"https:\/\/elcanillita.info\/press\/wp-json\/wp\/v2\/categories?post=290"},{"taxonomy":"post_tag","embeddable":true,"href":"https:\/\/elcanillita.info\/press\/wp-json\/wp\/v2\/tags?post=290"}],"curies":[{"name":"wp","href":"https:\/\/api.w.org\/{rel}","templated":true}]}}