{"id":289,"date":"2020-02-03T10:35:46","date_gmt":"2020-02-03T13:35:46","guid":{"rendered":"https:\/\/elcanillita.info\/press\/?p=289"},"modified":"2020-02-03T18:00:23","modified_gmt":"2020-02-03T21:00:23","slug":"el-juicio-politico-a-trump-avanza-hacia-los-argumentos-de-cierre","status":"publish","type":"post","link":"https:\/\/elcanillita.info\/press\/2020\/02\/03\/el-juicio-politico-a-trump-avanza-hacia-los-argumentos-de-cierre\/","title":{"rendered":"El juicio pol\u00edtico a Trump avanza hacia los argumentos de cierre"},"content":{"rendered":"\n<p>Washington, 03.02.2020 &#8211; El Senado de Estados Unidos se alista para escuchar el lunes&nbsp;los argumentos de cierre en el juicio pol\u00edtico al presidente Donald Trump, un d\u00eda antes de que pronuncie su discurso sobre el estado de la Uni\u00f3n desde el Capitolio en Washington.&nbsp;<\/p>\n\n\n\n<p>La sesi\u00f3n de este lunes est\u00e1 prevista para las 11:00 am (hora local de Washington). Habr\u00e1 cuatro horas de argumentos finales por parte de los gestores del juicio pol\u00edtico y los abogados de la Casa Blanca. Luego, el juicio ser\u00e1 suspendido y el Senado llevar\u00e1 a cabo una sesi\u00f3n regular para escuchar los discursos de los senadores sobre si Trump debe ser condenado o absuelto.&nbsp;<\/p>\n\n\n\n<p>El martes continuar\u00e1n los discursos de los senadores. Ese&nbsp;mismo d\u00eda Trump tiene previsto entregar su discurso anual sobre el estado de la Uni\u00f3n a ambas c\u00e1maras del Congreso a las 9:00 pm (hora de Washington).<\/p>\n\n\n\n<p>Seg\u00fan lo planeado, el mi\u00e9rcoles&nbsp;los senadores ocurra la esperada votaci\u00f3n final sobre la absoluci\u00f3n o condena del presidente.&nbsp;Todo apunta a que ser\u00e1 absuelto&nbsp;de los cargos de abuso del poder de la presidencia y obstrucci\u00f3n de los esfuerzos del Congreso para investigar sus acciones.&nbsp;<\/p>\n\n\n\n<p>&#8220;\u00bfHay alg\u00fan miembro en la c\u00e1mara que desee votar o cambiar su voto? Si no, los s\u00ed son 53. Los negativos son 47. Se acuerda la resoluci\u00f3n&#8221;, dijo el viernes John Roberts, presidente de la Corte Suprema de EE.UU. que preside el juicio pol\u00edtico.<\/p>\n\n\n\n<p>Senadores republicanos buscan absolver a Trump sin tolerar su conducta<\/p>\n\n\n\n<p>Final de juicio pol\u00edtico a Trump<\/p>\n\n\n\n<p>Una votaci\u00f3n el viernes oficializ\u00f3 la fecha l\u00edmite para el juicio pol\u00edtico al presidente Trump. Tambi\u00e9n fue descartada la solicitud de los dem\u00f3cratas de citar&nbsp;testigos y documentos, incluso despu\u00e9s que se hizo p\u00fablica informaci\u00f3n nueva y posiblemente relevante.<\/p>\n\n\n\n<p>Los cargos de destituci\u00f3n contra Trump se centran en una llamada telef\u00f3nica del 25 de julio en la que le pide al presidente de Ucrania que investigue a un rival pol\u00edtico, mientras que al mismo tiempo reten\u00eda la ayuda aprobada por el Congreso.<\/p>\n\n\n\n<p>El l\u00edder de la mayor\u00eda republicana en el Senado, Mitch McConnell, anunci\u00f3 que los argumentos finales en el juicio&nbsp;se llevar\u00e1n a cabo el lunes y los votos finales seguir\u00e1n el mi\u00e9rcoles.<\/p>\n\n\n\n<p>&#8220;Pido consentimiento un\u00e1nime para que el juicio se levante hasta las 11 de la ma\u00f1ana del 3 de febrero y que esta orden tambi\u00e9n constituya el aplazamiento del Senado&#8221;, dijo McConnell.<\/p>\n\n\n\n<p>Informes sugieren que el presidente probablemente se centrar\u00e1 en su campa\u00f1a de reelecci\u00f3n en su discurso sobre el estado de la Uni\u00f3n el martes.<\/p>\n\n\n\n<p>El lunes por la noche tambi\u00e9n son las asambleas partidarias de Iowa. Se trata de la primera contienda de la temporada de primarias para elegir el nominado presidencial dem\u00f3crata de cara a&nbsp;las elecciones de noviembre.<\/p>\n\n\n\n<p>Trump planea tenderle la mano al Congreso en su discurso sobre el estado de la naci\u00f3n<br><br><small>2020 voanoticias \u2013 salastampa.eu, afiliada a la red Broadcasting Board of Governors \u00a9 2020 BBG<\/small><\/p>\n","protected":false},"excerpt":{"rendered":"<p>Washington, 03.02.2020 &#8211; El Senado de Estados Unidos se alista para escuchar el lunes los argumentos de cierre en el juicio pol\u00edtico al presidente Donald Trump, un d\u00eda antes de que pronuncie su discurso sobre el estado de la Uni\u00f3n desde el Capitolio en Washington. <\/p>\n","protected":false},"author":1,"featured_media":0,"comment_status":"closed","ping_status":"closed","sticky":false,"template":"","format":"standard","meta":{"footnotes":"","_links_to":"","_links_to_target":""},"categories":[9,23],"tags":[34],"class_list":["post-289","post","type-post","status-publish","format-standard","hentry","category-america-del-norte","category-politica","tag-estados-unidos","entry","double"],"yoast_head":"<!-- This site is optimized with the Yoast SEO plugin v27.5 - https:\/\/yoast.com\/product\/yoast-seo-wordpress\/ -->\n<title>El juicio pol\u00edtico a Trump avanza hacia los argumentos de cierre - ElCanillita.Info<\/title>\n<meta name=\"robots\" content=\"index, follow, max-snippet:-1, max-image-preview:large, max-video-preview:-1\" \/>\n<link rel=\"canonical\" href=\"https:\/\/elcanillita.info\/press\/2020\/02\/03\/el-juicio-politico-a-trump-avanza-hacia-los-argumentos-de-cierre\/\" \/>\n<meta property=\"og:locale\" content=\"es_ES\" \/>\n<meta property=\"og:type\" content=\"article\" \/>\n<meta property=\"og:title\" content=\"El juicio pol\u00edtico a Trump avanza hacia los argumentos de cierre - ElCanillita.Info\" \/>\n<meta property=\"og:description\" content=\"Washington, 03.02.2020 - El Senado de Estados Unidos se alista para escuchar el lunes los argumentos de cierre en el juicio pol\u00edtico al presidente Donald Trump, un d\u00eda antes de que pronuncie su discurso sobre el estado de la Uni\u00f3n desde el Capitolio en Washington.\" \/>\n<meta property=\"og:url\" content=\"https:\/\/elcanillita.info\/press\/2020\/02\/03\/el-juicio-politico-a-trump-avanza-hacia-los-argumentos-de-cierre\/\" \/>\n<meta property=\"og:site_name\" content=\"ElCanillita.Info\" \/>\n<meta property=\"article:publisher\" content=\"https:\/\/ar-ar.facebook.com\/ElCanillitainfo-114249515285712\/\" \/>\n<meta property=\"article:published_time\" content=\"2020-02-03T13:35:46+00:00\" \/>\n<meta property=\"article:modified_time\" content=\"2020-02-03T21:00:23+00:00\" \/>\n<meta name=\"author\" content=\"SalaStampa.eu, world press service\" \/>\n<meta name=\"twitter:card\" content=\"summary_large_image\" \/>\n<meta name=\"twitter:label1\" content=\"Escrito por\" \/>\n\t<meta name=\"twitter:data1\" content=\"SalaStampa.eu, world press service\" \/>\n\t<meta name=\"twitter:label2\" content=\"Tiempo de lectura\" \/>\n\t<meta name=\"twitter:data2\" content=\"3 minutos\" \/>\n<script type=\"application\/ld+json\" class=\"yoast-schema-graph\">{\"@context\":\"https:\\\/\\\/schema.org\",\"@graph\":[{\"@type\":\"Article\",\"@id\":\"https:\\\/\\\/elcanillita.info\\\/press\\\/2020\\\/02\\\/03\\\/el-juicio-politico-a-trump-avanza-hacia-los-argumentos-de-cierre\\\/#article\",\"isPartOf\":{\"@id\":\"https:\\\/\\\/elcanillita.info\\\/press\\\/2020\\\/02\\\/03\\\/el-juicio-politico-a-trump-avanza-hacia-los-argumentos-de-cierre\\\/\"},\"author\":{\"name\":\"SalaStampa.eu, world press service\",\"@id\":\"https:\\\/\\\/elcanillita.info\\\/press\\\/#\\\/schema\\\/person\\\/7fcb79f38045700919f7da6d97e71ba0\"},\"headline\":\"El juicio pol\u00edtico a Trump avanza hacia los argumentos de cierre\",\"datePublished\":\"2020-02-03T13:35:46+00:00\",\"dateModified\":\"2020-02-03T21:00:23+00:00\",\"mainEntityOfPage\":{\"@id\":\"https:\\\/\\\/elcanillita.info\\\/press\\\/2020\\\/02\\\/03\\\/el-juicio-politico-a-trump-avanza-hacia-los-argumentos-de-cierre\\\/\"},\"wordCount\":547,\"publisher\":{\"@id\":\"https:\\\/\\\/elcanillita.info\\\/press\\\/#organization\"},\"keywords\":[\"Estados Unidos\"],\"articleSection\":[\"Am\u00e9rica del Norte\",\"Politica\"],\"inLanguage\":\"es-AR\"},{\"@type\":\"WebPage\",\"@id\":\"https:\\\/\\\/elcanillita.info\\\/press\\\/2020\\\/02\\\/03\\\/el-juicio-politico-a-trump-avanza-hacia-los-argumentos-de-cierre\\\/\",\"url\":\"https:\\\/\\\/elcanillita.info\\\/press\\\/2020\\\/02\\\/03\\\/el-juicio-politico-a-trump-avanza-hacia-los-argumentos-de-cierre\\\/\",\"name\":\"El juicio pol\u00edtico a Trump avanza hacia los argumentos de cierre - ElCanillita.Info\",\"isPartOf\":{\"@id\":\"https:\\\/\\\/elcanillita.info\\\/press\\\/#website\"},\"datePublished\":\"2020-02-03T13:35:46+00:00\",\"dateModified\":\"2020-02-03T21:00:23+00:00\",\"inLanguage\":\"es-AR\",\"potentialAction\":[{\"@type\":\"ReadAction\",\"target\":[\"https:\\\/\\\/elcanillita.info\\\/press\\\/2020\\\/02\\\/03\\\/el-juicio-politico-a-trump-avanza-hacia-los-argumentos-de-cierre\\\/\"]}]},{\"@type\":\"WebSite\",\"@id\":\"https:\\\/\\\/elcanillita.info\\\/press\\\/#website\",\"url\":\"https:\\\/\\\/elcanillita.info\\\/press\\\/\",\"name\":\"ElCanillita.Info\",\"description\":\"desde los Apeninos a los Andes\",\"publisher\":{\"@id\":\"https:\\\/\\\/elcanillita.info\\\/press\\\/#organization\"},\"potentialAction\":[{\"@type\":\"SearchAction\",\"target\":{\"@type\":\"EntryPoint\",\"urlTemplate\":\"https:\\\/\\\/elcanillita.info\\\/press\\\/?s={search_term_string}\"},\"query-input\":{\"@type\":\"PropertyValueSpecification\",\"valueRequired\":true,\"valueName\":\"search_term_string\"}}],\"inLanguage\":\"es-AR\"},{\"@type\":\"Organization\",\"@id\":\"https:\\\/\\\/elcanillita.info\\\/press\\\/#organization\",\"name\":\"Guzzo Photos & Graphic Publications\",\"url\":\"https:\\\/\\\/elcanillita.info\\\/press\\\/\",\"logo\":{\"@type\":\"ImageObject\",\"inLanguage\":\"es-AR\",\"@id\":\"https:\\\/\\\/elcanillita.info\\\/press\\\/#\\\/schema\\\/logo\\\/image\\\/\",\"url\":\"https:\\\/\\\/elcanillita.info\\\/press\\\/images\\\/2020\\\/01\\\/cropped-cropped-cropped-elcanillitainfo.png\",\"contentUrl\":\"https:\\\/\\\/elcanillita.info\\\/press\\\/images\\\/2020\\\/01\\\/cropped-cropped-cropped-elcanillitainfo.png\",\"width\":460,\"height\":50,\"caption\":\"Guzzo Photos & Graphic Publications\"},\"image\":{\"@id\":\"https:\\\/\\\/elcanillita.info\\\/press\\\/#\\\/schema\\\/logo\\\/image\\\/\"},\"sameAs\":[\"https:\\\/\\\/ar-ar.facebook.com\\\/ElCanillitainfo-114249515285712\\\/\"]},{\"@type\":\"Person\",\"@id\":\"https:\\\/\\\/elcanillita.info\\\/press\\\/#\\\/schema\\\/person\\\/7fcb79f38045700919f7da6d97e71ba0\",\"name\":\"SalaStampa.eu, world press service\",\"image\":{\"@type\":\"ImageObject\",\"inLanguage\":\"es-AR\",\"@id\":\"https:\\\/\\\/secure.gravatar.com\\\/avatar\\\/c2f0e0d515a107624234994507816ca4724c7199cef73fc8bedebf6931d73888?s=96&d=mm&r=g\",\"url\":\"https:\\\/\\\/secure.gravatar.com\\\/avatar\\\/c2f0e0d515a107624234994507816ca4724c7199cef73fc8bedebf6931d73888?s=96&d=mm&r=g\",\"contentUrl\":\"https:\\\/\\\/secure.gravatar.com\\\/avatar\\\/c2f0e0d515a107624234994507816ca4724c7199cef73fc8bedebf6931d73888?s=96&d=mm&r=g\",\"caption\":\"SalaStampa.eu, world press service\"}}]}<\/script>\n<!-- \/ Yoast SEO plugin. -->","yoast_head_json":{"title":"El juicio pol\u00edtico a Trump avanza hacia los argumentos de cierre - ElCanillita.Info","robots":{"index":"index","follow":"follow","max-snippet":"max-snippet:-1","max-image-preview":"max-image-preview:large","max-video-preview":"max-video-preview:-1"},"canonical":"https:\/\/elcanillita.info\/press\/2020\/02\/03\/el-juicio-politico-a-trump-avanza-hacia-los-argumentos-de-cierre\/","og_locale":"es_ES","og_type":"article","og_title":"El juicio pol\u00edtico a Trump avanza hacia los argumentos de cierre - ElCanillita.Info","og_description":"Washington, 03.02.2020 - El Senado de Estados Unidos se alista para escuchar el lunes los argumentos de cierre en el juicio pol\u00edtico al presidente Donald Trump, un d\u00eda antes de que pronuncie su discurso sobre el estado de la Uni\u00f3n desde el Capitolio en Washington.","og_url":"https:\/\/elcanillita.info\/press\/2020\/02\/03\/el-juicio-politico-a-trump-avanza-hacia-los-argumentos-de-cierre\/","og_site_name":"ElCanillita.Info","article_publisher":"https:\/\/ar-ar.facebook.com\/ElCanillitainfo-114249515285712\/","article_published_time":"2020-02-03T13:35:46+00:00","article_modified_time":"2020-02-03T21:00:23+00:00","author":"SalaStampa.eu, world press service","twitter_card":"summary_large_image","twitter_misc":{"Escrito por":"SalaStampa.eu, world press service","Tiempo de lectura":"3 minutos"},"schema":{"@context":"https:\/\/schema.org","@graph":[{"@type":"Article","@id":"https:\/\/elcanillita.info\/press\/2020\/02\/03\/el-juicio-politico-a-trump-avanza-hacia-los-argumentos-de-cierre\/#article","isPartOf":{"@id":"https:\/\/elcanillita.info\/press\/2020\/02\/03\/el-juicio-politico-a-trump-avanza-hacia-los-argumentos-de-cierre\/"},"author":{"name":"SalaStampa.eu, world press service","@id":"https:\/\/elcanillita.info\/press\/#\/schema\/person\/7fcb79f38045700919f7da6d97e71ba0"},"headline":"El juicio pol\u00edtico a Trump avanza hacia los argumentos de cierre","datePublished":"2020-02-03T13:35:46+00:00","dateModified":"2020-02-03T21:00:23+00:00","mainEntityOfPage":{"@id":"https:\/\/elcanillita.info\/press\/2020\/02\/03\/el-juicio-politico-a-trump-avanza-hacia-los-argumentos-de-cierre\/"},"wordCount":547,"publisher":{"@id":"https:\/\/elcanillita.info\/press\/#organization"},"keywords":["Estados Unidos"],"articleSection":["Am\u00e9rica del Norte","Politica"],"inLanguage":"es-AR"},{"@type":"WebPage","@id":"https:\/\/elcanillita.info\/press\/2020\/02\/03\/el-juicio-politico-a-trump-avanza-hacia-los-argumentos-de-cierre\/","url":"https:\/\/elcanillita.info\/press\/2020\/02\/03\/el-juicio-politico-a-trump-avanza-hacia-los-argumentos-de-cierre\/","name":"El juicio pol\u00edtico a Trump avanza hacia los argumentos de cierre - ElCanillita.Info","isPartOf":{"@id":"https:\/\/elcanillita.info\/press\/#website"},"datePublished":"2020-02-03T13:35:46+00:00","dateModified":"2020-02-03T21:00:23+00:00","inLanguage":"es-AR","potentialAction":[{"@type":"ReadAction","target":["https:\/\/elcanillita.info\/press\/2020\/02\/03\/el-juicio-politico-a-trump-avanza-hacia-los-argumentos-de-cierre\/"]}]},{"@type":"WebSite","@id":"https:\/\/elcanillita.info\/press\/#website","url":"https:\/\/elcanillita.info\/press\/","name":"ElCanillita.Info","description":"desde los Apeninos a los Andes","publisher":{"@id":"https:\/\/elcanillita.info\/press\/#organization"},"potentialAction":[{"@type":"SearchAction","target":{"@type":"EntryPoint","urlTemplate":"https:\/\/elcanillita.info\/press\/?s={search_term_string}"},"query-input":{"@type":"PropertyValueSpecification","valueRequired":true,"valueName":"search_term_string"}}],"inLanguage":"es-AR"},{"@type":"Organization","@id":"https:\/\/elcanillita.info\/press\/#organization","name":"Guzzo Photos & Graphic Publications","url":"https:\/\/elcanillita.info\/press\/","logo":{"@type":"ImageObject","inLanguage":"es-AR","@id":"https:\/\/elcanillita.info\/press\/#\/schema\/logo\/image\/","url":"https:\/\/elcanillita.info\/press\/images\/2020\/01\/cropped-cropped-cropped-elcanillitainfo.png","contentUrl":"https:\/\/elcanillita.info\/press\/images\/2020\/01\/cropped-cropped-cropped-elcanillitainfo.png","width":460,"height":50,"caption":"Guzzo Photos & Graphic Publications"},"image":{"@id":"https:\/\/elcanillita.info\/press\/#\/schema\/logo\/image\/"},"sameAs":["https:\/\/ar-ar.facebook.com\/ElCanillitainfo-114249515285712\/"]},{"@type":"Person","@id":"https:\/\/elcanillita.info\/press\/#\/schema\/person\/7fcb79f38045700919f7da6d97e71ba0","name":"SalaStampa.eu, world press service","image":{"@type":"ImageObject","inLanguage":"es-AR","@id":"https:\/\/secure.gravatar.com\/avatar\/c2f0e0d515a107624234994507816ca4724c7199cef73fc8bedebf6931d73888?s=96&d=mm&r=g","url":"https:\/\/secure.gravatar.com\/avatar\/c2f0e0d515a107624234994507816ca4724c7199cef73fc8bedebf6931d73888?s=96&d=mm&r=g","contentUrl":"https:\/\/secure.gravatar.com\/avatar\/c2f0e0d515a107624234994507816ca4724c7199cef73fc8bedebf6931d73888?s=96&d=mm&r=g","caption":"SalaStampa.eu, world press service"}}]}},"views":725,"_links":{"self":[{"href":"https:\/\/elcanillita.info\/press\/wp-json\/wp\/v2\/posts\/289","targetHints":{"allow":["GET"]}}],"collection":[{"href":"https:\/\/elcanillita.info\/press\/wp-json\/wp\/v2\/posts"}],"about":[{"href":"https:\/\/elcanillita.info\/press\/wp-json\/wp\/v2\/types\/post"}],"author":[{"embeddable":true,"href":"https:\/\/elcanillita.info\/press\/wp-json\/wp\/v2\/users\/1"}],"replies":[{"embeddable":true,"href":"https:\/\/elcanillita.info\/press\/wp-json\/wp\/v2\/comments?post=289"}],"version-history":[{"count":0,"href":"https:\/\/elcanillita.info\/press\/wp-json\/wp\/v2\/posts\/289\/revisions"}],"wp:attachment":[{"href":"https:\/\/elcanillita.info\/press\/wp-json\/wp\/v2\/media?parent=289"}],"wp:term":[{"taxonomy":"category","embeddable":true,"href":"https:\/\/elcanillita.info\/press\/wp-json\/wp\/v2\/categories?post=289"},{"taxonomy":"post_tag","embeddable":true,"href":"https:\/\/elcanillita.info\/press\/wp-json\/wp\/v2\/tags?post=289"}],"curies":[{"name":"wp","href":"https:\/\/api.w.org\/{rel}","templated":true}]}}