{"id":2885,"date":"2022-09-14T11:38:00","date_gmt":"2022-09-14T14:38:00","guid":{"rendered":"https:\/\/elcanillita.info\/press\/?p=2885"},"modified":"2023-04-07T08:26:49","modified_gmt":"2023-04-07T11:26:49","slug":"elizabeth-una-reina-de-verdad","status":"publish","type":"post","link":"https:\/\/elcanillita.info\/press\/2022\/09\/14\/elizabeth-una-reina-de-verdad\/","title":{"rendered":"Elizabeth, una Reina de verdad"},"content":{"rendered":"\n<p>La difunta Reina, que el martes por la noche abandon\u00f3 Escocia por \u00faltima vez y regres\u00f3 al Palacio de Buckingham, se vio envuelta en v\u00edtores, aplausos y el brillo de innumerables tel\u00e9fonos con c\u00e1mara mientras realizaba su lento recorrido por las calles de Londres.<\/p>\n\n\n\n<figure class=\"wp-block-video\"><video controls src=\"http:\/\/elcanillita.info\/press\/images\/2022\/09\/Elizabeth II.mp4\"><\/video><\/figure>\n\n\n\n<p>En la oscuridad y bajo una lluvia torrencial, los simpatizantes se alinearon en las calles en muestra de respeto y emoci\u00f3n inesperada.<\/p>\n\n\n\n<p>Los automovilistas se detuvieron, saliendo de sus autos para ver pasar el coche f\u00fanebre. Cuando el convoy lleg\u00f3 al palacio, los polic\u00edas inclinaron sus cabezas y las l\u00e1grimas corrieron por los rostros de los miembros del p\u00fablico que se hab\u00edan reunido para verla pasar.<\/p>\n\n\n\n<p>Al cerrarse las puertas del Palacio de Buckingham, el f\u00e9retro de la Reina fue recibido por sus hijos y nietos, reunidos en el resplandor de la Gran Entrada para darle la bienvenida.<\/p>\n\n\n\n<p>Un momento de profunda intimidad -la primera oportunidad de reunirse por la muerte de la Reina- en una noche que restar\u00e1 un recuerdo sencillo y silencioso.<\/p>\n\n\n\n<p>\u00c9ste mi\u00e9rcoles, un cortejo de Honras f\u00fanebres, seg\u00fan la tradici\u00f3n, caminar\u00e1 detr\u00e1s de su f\u00e9retro en procesi\u00f3n desde el palacio hasta Westminster Hall, donde el f\u00e9retro se depositar\u00e1 para visita del p\u00fablico durante cuatro d\u00edas.<\/p>\n\n\n\n<p> El coche f\u00fanebre de Estado, estaba iluminado por dentro, para permit\u00edr ver el &#8220;\u00faltimo gran viaje&#8221; de la Reina.         <div class=\"rmwr-wrapper\" \n             data-id=\"rmwr-69f1aee59df11\"\n             data-mode=\"normal\"\n             data-animation=\"fade\"\n             data-duration=\"300\"\n             data-smooth-scroll=\"true\"\n             data-scroll-offset=\"0\">\n            <button \n                type=\"button\"\n                class=\"read-link\" \n                id=\"readlinkrmwr-69f1aee59df11\"\n                data-open-text=\"Continuaci\u00f3n...\"\n                data-close-text=\"Replegar pagina\"\n                aria-expanded=\"false\"\n                aria-controls=\"readrmwr-69f1aee59df11\"\n                aria-label=\"Continuaci\u00f3n...\"\n            >\n                <span class=\"rmwr-text\">Continuaci\u00f3n...<\/span>\n            <\/button>\n            <div \n                class=\"read_div\" \n                id=\"readrmwr-69f1aee59df11\"\n                aria-hidden=\"true\"\n                data-animation=\"fade\"\n                data-duration=\"300\"\n                style=\"display: none;\"\n            >\n                <\/p>\n\n\n\n<p>Ataviada con el Estandarte Real y con una corona de flores blancas en la parte superior, el caj\u00f3n con los restos mortales de la reina fueron trasladados desde la RAF Northolt hasta el cuartel general de la monarqu\u00eda en Londres, a trav\u00e9s de una ciudad que parec\u00eda detenerse para mostrar su respeto.<\/p>\n\n\n\n<p>La procesi\u00f3n fue la primera oportunidad que tuvieron los londinenses de ver el f\u00e9retro de la Reina despu\u00e9s de que descansara en Escocia, y tanto los lugare\u00f1os como los viajeros desafiaron el clima h\u00famedo para ocupar sus improvisadas posiciones de primera fila para ver el desarrollo de la historia.<\/p>\n\n\n\n<p>Hoy mi\u00e9rcoles, decenas de miles de personas m\u00e1s tienen previsto recorrer las calles de Londres desde el Palacio de Buckingham hasta Westminster Hall.   <br> <br>El Pr\u00edncipe de Gales y el Duque de Sussex caminar\u00e1n detr\u00e1s del f\u00e9retro de su abuela. Los hermanos se unir\u00e1n a sus familiares para una procesi\u00f3n silenciosa, tradici\u00f3n consagrada del deber real que los vio caminar detr\u00e1s del ata\u00fad de su propia madre en circunstancias tan diferentes hace 25 a\u00f1os.<\/p>\n\n\n\n<p>Se trata de una &#8220;procesi\u00f3n relativamente peque\u00f1a y personal&#8221;, en la que el f\u00e9retro ser\u00e1 transportado por un carro de combate y seguido por miembros del ej\u00e9rcito, su personal m\u00e1s cercano y de la casa del nuevo Rey.<\/p>\n\n\n\n<p>Llamativamente, el duque de Sussex lucir\u00e1 un traje de ma\u00f1ana para la ocasi\u00f3n, al hab\u00e9rsele impedido vestir su uniforme militar en su nueva condici\u00f3n de miembro no activo de la familia.<\/p>\n\n\n\n<p>El martes por la noche, su secretario de prensa emiti\u00f3 un comunicado en el que insist\u00eda en que su &#8220;d\u00e9cada de servicio militar no est\u00e1 determinada por el uniforme que lleva&#8221;.<\/p>\n\n\n\n<p>As\u00ed mismo el duque de Sussex llevar\u00e1 un traje de luto el d\u00eda del funeral de su abuela, en lugar de un uniforme militar.<\/p>\n\n\n\n<p>Los hermanos estar\u00e1n acompa\u00f1ados por su primo Peter Phillips, el vicealmirante Sir Timothy Laurence, el duque de Gloucester y el conde de Snowdon.<\/p>\n\n\n\n<p>La reina consorte, la princesa de Gales, la duquesa de Sussex y la condesa de Wessex viajar\u00e1n a Westminster en coche.<\/p>\n\n\n\n<p>Ser\u00e1 el primer momento en que los nietos de la difunta Reina y sus c\u00f3nyuges se unan al luto ceremonial.<\/p>\n\n\n\n<p>En Westminster Hall, los resos de Elisabeth II permanecer\u00e1 all\u00ed hasta el lunes por la ma\u00f1ana, cuando se celebre su funeral, con un flujo constante de p\u00fablico que pasar\u00e1 junto a su f\u00e9retro.<\/p>\n\n\n\n<p>Se espera que asistan no menos de 400.000 personas, en medio de la creciente preocupaci\u00f3n de que las colas de ocho kil\u00f3metros previstas, que requerir\u00e1n 30 horas de espera, impidan a los ni\u00f1os y a los ancianos desempe\u00f1ar su peque\u00f1o papel en la historia.<\/p>\n\n\n\n<p><strong>La Princesa Real acompa\u00f1\u00f3 a su madre en su \u00faltimo vuelo<\/strong><\/p>\n\n\n\n<p>El martes, la Princesa Real acompa\u00f1\u00f3 a su madre en su \u00faltimo vuelo, que parti\u00f3 a las 17.42 horas en un avi\u00f3n de transporte militar Globemaster C-17 de la RAF desde Edimburgo al oeste de Londres, mientras la Reina abandonaba Escocia por \u00faltima vez.<\/p>\n\n\n\n<p>La Princesa dijo que hab\u00eda sido un &#8220;honor y un privilegio acompa\u00f1arla en su \u00faltimo viaje&#8221;, habiendo estado con la Reina en las \u00faltimas 24 horas de su vida.<\/p>\n\n\n\n<p>&#8220;Ser testigo del amor y el respeto mostrados por tantos en \u00e9sta oportunidad ha sido edificante&#8221;, dijo.  <br><br><small>Copyright \u00a9 2022 ElCanillita.info \/ PicturesLibrary.Club \/ Edited by Guzzo Photos &amp; Graphic Publications<\/small>              <\/div>\n        <\/div>\n        <\/p>\n","protected":false},"excerpt":{"rendered":"<p>Despu\u00e9s de muerta, la Reina Elisabeth II volvi\u00f3 a casa con su familia, llevada por un coche f\u00fanebre iluminado como un faro observado por una ciudad paralizada.<\/p>\n","protected":false},"author":1,"featured_media":2886,"comment_status":"closed","ping_status":"closed","sticky":false,"template":"","format":"standard","meta":{"footnotes":"","_links_to":"","_links_to_target":""},"categories":[70,12,116],"tags":[58],"class_list":["post-2885","post","type-post","status-publish","format-standard","has-post-thumbnail","hentry","category-actualidad","category-audiovisuales","category-united-kingdom","tag-reino-unido","entry","double"],"yoast_head":"<!-- This site is optimized with the Yoast SEO plugin v27.4 - https:\/\/yoast.com\/product\/yoast-seo-wordpress\/ -->\n<title>Elizabeth, una Reina de verdad - ElCanillita.Info<\/title>\n<meta name=\"description\" content=\"La difunta Reina, que el martes por la noche abandon\u00f3 Escocia por \u00faltima vez y regres\u00f3 al Palacio de Buckingham, se vio envuelta en v\u00edtores, aplausos y el brillo de innumerables tel\u00e9fonos con c\u00e1mara mientras realizaba su lento recorrido por las calles de Londres.\" \/>\n<meta name=\"robots\" content=\"index, follow, max-snippet:-1, max-image-preview:large, max-video-preview:-1\" \/>\n<link rel=\"canonical\" href=\"https:\/\/elcanillita.info\/press\/2022\/09\/14\/elizabeth-una-reina-de-verdad\/\" \/>\n<meta property=\"og:locale\" content=\"es_ES\" \/>\n<meta property=\"og:type\" content=\"article\" \/>\n<meta property=\"og:title\" content=\"Elizabeth, una Reina de verdad - ElCanillita.Info\" \/>\n<meta property=\"og:description\" content=\"La difunta Reina, que el martes por la noche abandon\u00f3 Escocia por \u00faltima vez y regres\u00f3 al Palacio de Buckingham, se vio envuelta en v\u00edtores, aplausos y el brillo de innumerables tel\u00e9fonos con c\u00e1mara mientras realizaba su lento recorrido por las calles de Londres.\" \/>\n<meta property=\"og:url\" content=\"https:\/\/elcanillita.info\/press\/2022\/09\/14\/elizabeth-una-reina-de-verdad\/\" \/>\n<meta property=\"og:site_name\" content=\"ElCanillita.Info\" \/>\n<meta property=\"article:publisher\" content=\"https:\/\/ar-ar.facebook.com\/ElCanillitainfo-114249515285712\/\" \/>\n<meta property=\"article:published_time\" content=\"2022-09-14T14:38:00+00:00\" \/>\n<meta property=\"article:modified_time\" content=\"2023-04-07T11:26:49+00:00\" \/>\n<meta property=\"og:image\" content=\"https:\/\/elcanillita.info\/press\/images\/2022\/09\/mdrn20220914-copy.jpg\" \/>\n\t<meta property=\"og:image:width\" content=\"600\" \/>\n\t<meta property=\"og:image:height\" content=\"472\" \/>\n\t<meta property=\"og:image:type\" content=\"image\/jpeg\" \/>\n<meta name=\"author\" content=\"SalaStampa.eu, world press service\" \/>\n<meta name=\"twitter:card\" content=\"summary_large_image\" \/>\n<meta name=\"twitter:label1\" content=\"Escrito por\" \/>\n\t<meta name=\"twitter:data1\" content=\"SalaStampa.eu, world press service\" \/>\n\t<meta name=\"twitter:label2\" content=\"Tiempo de lectura\" \/>\n\t<meta name=\"twitter:data2\" content=\"4 minutos\" \/>\n<script type=\"application\/ld+json\" class=\"yoast-schema-graph\">{\"@context\":\"https:\\\/\\\/schema.org\",\"@graph\":[{\"@type\":\"Article\",\"@id\":\"https:\\\/\\\/elcanillita.info\\\/press\\\/2022\\\/09\\\/14\\\/elizabeth-una-reina-de-verdad\\\/#article\",\"isPartOf\":{\"@id\":\"https:\\\/\\\/elcanillita.info\\\/press\\\/2022\\\/09\\\/14\\\/elizabeth-una-reina-de-verdad\\\/\"},\"author\":{\"name\":\"SalaStampa.eu, world press service\",\"@id\":\"https:\\\/\\\/elcanillita.info\\\/press\\\/#\\\/schema\\\/person\\\/7fcb79f38045700919f7da6d97e71ba0\"},\"headline\":\"Elizabeth, una Reina de verdad\",\"datePublished\":\"2022-09-14T14:38:00+00:00\",\"dateModified\":\"2023-04-07T11:26:49+00:00\",\"mainEntityOfPage\":{\"@id\":\"https:\\\/\\\/elcanillita.info\\\/press\\\/2022\\\/09\\\/14\\\/elizabeth-una-reina-de-verdad\\\/\"},\"wordCount\":848,\"publisher\":{\"@id\":\"https:\\\/\\\/elcanillita.info\\\/press\\\/#organization\"},\"image\":{\"@id\":\"https:\\\/\\\/elcanillita.info\\\/press\\\/2022\\\/09\\\/14\\\/elizabeth-una-reina-de-verdad\\\/#primaryimage\"},\"thumbnailUrl\":\"https:\\\/\\\/elcanillita.info\\\/press\\\/images\\\/2022\\\/09\\\/mdrn20220914-copy.jpg\",\"keywords\":[\"Reino Unido\"],\"articleSection\":[\"Actualidad\",\"audiovisuales\",\"Reino Unido\"],\"inLanguage\":\"es-AR\"},{\"@type\":\"WebPage\",\"@id\":\"https:\\\/\\\/elcanillita.info\\\/press\\\/2022\\\/09\\\/14\\\/elizabeth-una-reina-de-verdad\\\/\",\"url\":\"https:\\\/\\\/elcanillita.info\\\/press\\\/2022\\\/09\\\/14\\\/elizabeth-una-reina-de-verdad\\\/\",\"name\":\"Elizabeth, una Reina de verdad - ElCanillita.Info\",\"isPartOf\":{\"@id\":\"https:\\\/\\\/elcanillita.info\\\/press\\\/#website\"},\"primaryImageOfPage\":{\"@id\":\"https:\\\/\\\/elcanillita.info\\\/press\\\/2022\\\/09\\\/14\\\/elizabeth-una-reina-de-verdad\\\/#primaryimage\"},\"image\":{\"@id\":\"https:\\\/\\\/elcanillita.info\\\/press\\\/2022\\\/09\\\/14\\\/elizabeth-una-reina-de-verdad\\\/#primaryimage\"},\"thumbnailUrl\":\"https:\\\/\\\/elcanillita.info\\\/press\\\/images\\\/2022\\\/09\\\/mdrn20220914-copy.jpg\",\"datePublished\":\"2022-09-14T14:38:00+00:00\",\"dateModified\":\"2023-04-07T11:26:49+00:00\",\"description\":\"La difunta Reina, que el martes por la noche abandon\u00f3 Escocia por \u00faltima vez y regres\u00f3 al Palacio de Buckingham, se vio envuelta en v\u00edtores, aplausos y el brillo de innumerables tel\u00e9fonos con c\u00e1mara mientras realizaba su lento recorrido por las calles de Londres.\",\"inLanguage\":\"es-AR\",\"potentialAction\":[{\"@type\":\"ReadAction\",\"target\":[\"https:\\\/\\\/elcanillita.info\\\/press\\\/2022\\\/09\\\/14\\\/elizabeth-una-reina-de-verdad\\\/\"]}]},{\"@type\":\"ImageObject\",\"inLanguage\":\"es-AR\",\"@id\":\"https:\\\/\\\/elcanillita.info\\\/press\\\/2022\\\/09\\\/14\\\/elizabeth-una-reina-de-verdad\\\/#primaryimage\",\"url\":\"https:\\\/\\\/elcanillita.info\\\/press\\\/images\\\/2022\\\/09\\\/mdrn20220914-copy.jpg\",\"contentUrl\":\"https:\\\/\\\/elcanillita.info\\\/press\\\/images\\\/2022\\\/09\\\/mdrn20220914-copy.jpg\",\"width\":600,\"height\":472},{\"@type\":\"WebSite\",\"@id\":\"https:\\\/\\\/elcanillita.info\\\/press\\\/#website\",\"url\":\"https:\\\/\\\/elcanillita.info\\\/press\\\/\",\"name\":\"ElCanillita.Info\",\"description\":\"desde los Apeninos a los Andes\",\"publisher\":{\"@id\":\"https:\\\/\\\/elcanillita.info\\\/press\\\/#organization\"},\"potentialAction\":[{\"@type\":\"SearchAction\",\"target\":{\"@type\":\"EntryPoint\",\"urlTemplate\":\"https:\\\/\\\/elcanillita.info\\\/press\\\/?s={search_term_string}\"},\"query-input\":{\"@type\":\"PropertyValueSpecification\",\"valueRequired\":true,\"valueName\":\"search_term_string\"}}],\"inLanguage\":\"es-AR\"},{\"@type\":\"Organization\",\"@id\":\"https:\\\/\\\/elcanillita.info\\\/press\\\/#organization\",\"name\":\"Guzzo Photos & Graphic Publications\",\"url\":\"https:\\\/\\\/elcanillita.info\\\/press\\\/\",\"logo\":{\"@type\":\"ImageObject\",\"inLanguage\":\"es-AR\",\"@id\":\"https:\\\/\\\/elcanillita.info\\\/press\\\/#\\\/schema\\\/logo\\\/image\\\/\",\"url\":\"https:\\\/\\\/elcanillita.info\\\/press\\\/images\\\/2020\\\/01\\\/cropped-cropped-cropped-elcanillitainfo.png\",\"contentUrl\":\"https:\\\/\\\/elcanillita.info\\\/press\\\/images\\\/2020\\\/01\\\/cropped-cropped-cropped-elcanillitainfo.png\",\"width\":460,\"height\":50,\"caption\":\"Guzzo Photos & Graphic Publications\"},\"image\":{\"@id\":\"https:\\\/\\\/elcanillita.info\\\/press\\\/#\\\/schema\\\/logo\\\/image\\\/\"},\"sameAs\":[\"https:\\\/\\\/ar-ar.facebook.com\\\/ElCanillitainfo-114249515285712\\\/\"]},{\"@type\":\"Person\",\"@id\":\"https:\\\/\\\/elcanillita.info\\\/press\\\/#\\\/schema\\\/person\\\/7fcb79f38045700919f7da6d97e71ba0\",\"name\":\"SalaStampa.eu, world press service\",\"image\":{\"@type\":\"ImageObject\",\"inLanguage\":\"es-AR\",\"@id\":\"https:\\\/\\\/secure.gravatar.com\\\/avatar\\\/c2f0e0d515a107624234994507816ca4724c7199cef73fc8bedebf6931d73888?s=96&d=mm&r=g\",\"url\":\"https:\\\/\\\/secure.gravatar.com\\\/avatar\\\/c2f0e0d515a107624234994507816ca4724c7199cef73fc8bedebf6931d73888?s=96&d=mm&r=g\",\"contentUrl\":\"https:\\\/\\\/secure.gravatar.com\\\/avatar\\\/c2f0e0d515a107624234994507816ca4724c7199cef73fc8bedebf6931d73888?s=96&d=mm&r=g\",\"caption\":\"SalaStampa.eu, world press service\"}}]}<\/script>\n<!-- \/ Yoast SEO plugin. -->","yoast_head_json":{"title":"Elizabeth, una Reina de verdad - ElCanillita.Info","description":"La difunta Reina, que el martes por la noche abandon\u00f3 Escocia por \u00faltima vez y regres\u00f3 al Palacio de Buckingham, se vio envuelta en v\u00edtores, aplausos y el brillo de innumerables tel\u00e9fonos con c\u00e1mara mientras realizaba su lento recorrido por las calles de Londres.","robots":{"index":"index","follow":"follow","max-snippet":"max-snippet:-1","max-image-preview":"max-image-preview:large","max-video-preview":"max-video-preview:-1"},"canonical":"https:\/\/elcanillita.info\/press\/2022\/09\/14\/elizabeth-una-reina-de-verdad\/","og_locale":"es_ES","og_type":"article","og_title":"Elizabeth, una Reina de verdad - ElCanillita.Info","og_description":"La difunta Reina, que el martes por la noche abandon\u00f3 Escocia por \u00faltima vez y regres\u00f3 al Palacio de Buckingham, se vio envuelta en v\u00edtores, aplausos y el brillo de innumerables tel\u00e9fonos con c\u00e1mara mientras realizaba su lento recorrido por las calles de Londres.","og_url":"https:\/\/elcanillita.info\/press\/2022\/09\/14\/elizabeth-una-reina-de-verdad\/","og_site_name":"ElCanillita.Info","article_publisher":"https:\/\/ar-ar.facebook.com\/ElCanillitainfo-114249515285712\/","article_published_time":"2022-09-14T14:38:00+00:00","article_modified_time":"2023-04-07T11:26:49+00:00","og_image":[{"width":600,"height":472,"url":"https:\/\/elcanillita.info\/press\/images\/2022\/09\/mdrn20220914-copy.jpg","type":"image\/jpeg"}],"author":"SalaStampa.eu, world press service","twitter_card":"summary_large_image","twitter_misc":{"Escrito por":"SalaStampa.eu, world press service","Tiempo de lectura":"4 minutos"},"schema":{"@context":"https:\/\/schema.org","@graph":[{"@type":"Article","@id":"https:\/\/elcanillita.info\/press\/2022\/09\/14\/elizabeth-una-reina-de-verdad\/#article","isPartOf":{"@id":"https:\/\/elcanillita.info\/press\/2022\/09\/14\/elizabeth-una-reina-de-verdad\/"},"author":{"name":"SalaStampa.eu, world press service","@id":"https:\/\/elcanillita.info\/press\/#\/schema\/person\/7fcb79f38045700919f7da6d97e71ba0"},"headline":"Elizabeth, una Reina de verdad","datePublished":"2022-09-14T14:38:00+00:00","dateModified":"2023-04-07T11:26:49+00:00","mainEntityOfPage":{"@id":"https:\/\/elcanillita.info\/press\/2022\/09\/14\/elizabeth-una-reina-de-verdad\/"},"wordCount":848,"publisher":{"@id":"https:\/\/elcanillita.info\/press\/#organization"},"image":{"@id":"https:\/\/elcanillita.info\/press\/2022\/09\/14\/elizabeth-una-reina-de-verdad\/#primaryimage"},"thumbnailUrl":"https:\/\/elcanillita.info\/press\/images\/2022\/09\/mdrn20220914-copy.jpg","keywords":["Reino Unido"],"articleSection":["Actualidad","audiovisuales","Reino Unido"],"inLanguage":"es-AR"},{"@type":"WebPage","@id":"https:\/\/elcanillita.info\/press\/2022\/09\/14\/elizabeth-una-reina-de-verdad\/","url":"https:\/\/elcanillita.info\/press\/2022\/09\/14\/elizabeth-una-reina-de-verdad\/","name":"Elizabeth, una Reina de verdad - ElCanillita.Info","isPartOf":{"@id":"https:\/\/elcanillita.info\/press\/#website"},"primaryImageOfPage":{"@id":"https:\/\/elcanillita.info\/press\/2022\/09\/14\/elizabeth-una-reina-de-verdad\/#primaryimage"},"image":{"@id":"https:\/\/elcanillita.info\/press\/2022\/09\/14\/elizabeth-una-reina-de-verdad\/#primaryimage"},"thumbnailUrl":"https:\/\/elcanillita.info\/press\/images\/2022\/09\/mdrn20220914-copy.jpg","datePublished":"2022-09-14T14:38:00+00:00","dateModified":"2023-04-07T11:26:49+00:00","description":"La difunta Reina, que el martes por la noche abandon\u00f3 Escocia por \u00faltima vez y regres\u00f3 al Palacio de Buckingham, se vio envuelta en v\u00edtores, aplausos y el brillo de innumerables tel\u00e9fonos con c\u00e1mara mientras realizaba su lento recorrido por las calles de Londres.","inLanguage":"es-AR","potentialAction":[{"@type":"ReadAction","target":["https:\/\/elcanillita.info\/press\/2022\/09\/14\/elizabeth-una-reina-de-verdad\/"]}]},{"@type":"ImageObject","inLanguage":"es-AR","@id":"https:\/\/elcanillita.info\/press\/2022\/09\/14\/elizabeth-una-reina-de-verdad\/#primaryimage","url":"https:\/\/elcanillita.info\/press\/images\/2022\/09\/mdrn20220914-copy.jpg","contentUrl":"https:\/\/elcanillita.info\/press\/images\/2022\/09\/mdrn20220914-copy.jpg","width":600,"height":472},{"@type":"WebSite","@id":"https:\/\/elcanillita.info\/press\/#website","url":"https:\/\/elcanillita.info\/press\/","name":"ElCanillita.Info","description":"desde los Apeninos a los Andes","publisher":{"@id":"https:\/\/elcanillita.info\/press\/#organization"},"potentialAction":[{"@type":"SearchAction","target":{"@type":"EntryPoint","urlTemplate":"https:\/\/elcanillita.info\/press\/?s={search_term_string}"},"query-input":{"@type":"PropertyValueSpecification","valueRequired":true,"valueName":"search_term_string"}}],"inLanguage":"es-AR"},{"@type":"Organization","@id":"https:\/\/elcanillita.info\/press\/#organization","name":"Guzzo Photos & Graphic Publications","url":"https:\/\/elcanillita.info\/press\/","logo":{"@type":"ImageObject","inLanguage":"es-AR","@id":"https:\/\/elcanillita.info\/press\/#\/schema\/logo\/image\/","url":"https:\/\/elcanillita.info\/press\/images\/2020\/01\/cropped-cropped-cropped-elcanillitainfo.png","contentUrl":"https:\/\/elcanillita.info\/press\/images\/2020\/01\/cropped-cropped-cropped-elcanillitainfo.png","width":460,"height":50,"caption":"Guzzo Photos & Graphic Publications"},"image":{"@id":"https:\/\/elcanillita.info\/press\/#\/schema\/logo\/image\/"},"sameAs":["https:\/\/ar-ar.facebook.com\/ElCanillitainfo-114249515285712\/"]},{"@type":"Person","@id":"https:\/\/elcanillita.info\/press\/#\/schema\/person\/7fcb79f38045700919f7da6d97e71ba0","name":"SalaStampa.eu, world press service","image":{"@type":"ImageObject","inLanguage":"es-AR","@id":"https:\/\/secure.gravatar.com\/avatar\/c2f0e0d515a107624234994507816ca4724c7199cef73fc8bedebf6931d73888?s=96&d=mm&r=g","url":"https:\/\/secure.gravatar.com\/avatar\/c2f0e0d515a107624234994507816ca4724c7199cef73fc8bedebf6931d73888?s=96&d=mm&r=g","contentUrl":"https:\/\/secure.gravatar.com\/avatar\/c2f0e0d515a107624234994507816ca4724c7199cef73fc8bedebf6931d73888?s=96&d=mm&r=g","caption":"SalaStampa.eu, world press service"}}]}},"views":461,"_links":{"self":[{"href":"https:\/\/elcanillita.info\/press\/wp-json\/wp\/v2\/posts\/2885","targetHints":{"allow":["GET"]}}],"collection":[{"href":"https:\/\/elcanillita.info\/press\/wp-json\/wp\/v2\/posts"}],"about":[{"href":"https:\/\/elcanillita.info\/press\/wp-json\/wp\/v2\/types\/post"}],"author":[{"embeddable":true,"href":"https:\/\/elcanillita.info\/press\/wp-json\/wp\/v2\/users\/1"}],"replies":[{"embeddable":true,"href":"https:\/\/elcanillita.info\/press\/wp-json\/wp\/v2\/comments?post=2885"}],"version-history":[{"count":0,"href":"https:\/\/elcanillita.info\/press\/wp-json\/wp\/v2\/posts\/2885\/revisions"}],"wp:featuredmedia":[{"embeddable":true,"href":"https:\/\/elcanillita.info\/press\/wp-json\/wp\/v2\/media\/2886"}],"wp:attachment":[{"href":"https:\/\/elcanillita.info\/press\/wp-json\/wp\/v2\/media?parent=2885"}],"wp:term":[{"taxonomy":"category","embeddable":true,"href":"https:\/\/elcanillita.info\/press\/wp-json\/wp\/v2\/categories?post=2885"},{"taxonomy":"post_tag","embeddable":true,"href":"https:\/\/elcanillita.info\/press\/wp-json\/wp\/v2\/tags?post=2885"}],"curies":[{"name":"wp","href":"https:\/\/api.w.org\/{rel}","templated":true}]}}