{"id":288,"date":"2020-02-03T10:23:30","date_gmt":"2020-02-03T13:23:30","guid":{"rendered":"https:\/\/elcanillita.info\/press\/?p=288"},"modified":"2020-02-03T10:45:43","modified_gmt":"2020-02-03T13:45:43","slug":"barco-de-guerra-japones-viaja-a-golfo-de-oman-para-proteger-suministros-crudo","status":"publish","type":"post","link":"https:\/\/elcanillita.info\/press\/2020\/02\/03\/barco-de-guerra-japones-viaja-a-golfo-de-oman-para-proteger-suministros-crudo\/","title":{"rendered":"Barco de guerra japon\u00e9s viaja a Golfo de Om\u00e1n para proteger suministros crudo"},"content":{"rendered":"\n<p>Tokyo, 03.02.2020 &#8211; Jap\u00f3n ha enviado un buque de guerra para ayudar a salvaguardar los suministros de petr\u00f3leo del pa\u00eds a trav\u00e9s de las v\u00edas fluviales tensas pero vitales en el Medio Oriente.<\/p>\n\n\n\n<p>El destructor de helic\u00f3pteros Takanami sali\u00f3 el 2 de febrero de su puerto cerca de Tokio en una misi\u00f3n para proteger a los buques mercantes y petroleros que pasan por el Golfo de Om\u00e1n, a trav\u00e9s del cual fluye alrededor del 90 por ciento del petr\u00f3leo de Jap\u00f3n.<\/p>\n\n\n\n<p>El destructor y su tripulaci\u00f3n de 200 miembros operar\u00e1n con dos aviones de patrulla mar\u00edtima P-3C para proteger los barcos que se dirigen a los puertos japoneses, dijeron las autoridades.<\/p>\n\n\n\n<p>El gobierno del primer ministro Shinzo Abe dijo que estaba preparado para autorizar la fuerza para proteger a los barcos en peligro.<\/p>\n\n\n\n<p>La acci\u00f3n sigue siendo controvertida dada la constituci\u00f3n de renuncia a la guerra de Jap\u00f3n escrita despu\u00e9s de la Segunda Guerra Mundial que proh\u00edbe el uso de la fuerza militar para resolver disputas internacionales.<\/p>\n\n\n\n<p>La misi\u00f3n seguir\u00e1 siendo independiente de otros despliegues internacionales en la regi\u00f3n, incluido uno dirigido por Estados Unidos y otro por pa\u00edses europeos.<\/p>\n\n\n\n<p>Jap\u00f3n y otros aliados de EE.UU. est\u00e1n tratando de equilibrar los esfuerzos para mostrar su apoyo al presidente de EE.UU., Donald Trump, al tiempo que buscan minimizar los riesgos de verse involucrados en un conflicto mayor con Ir\u00e1n a medida que las tensiones aumentan entre Teher\u00e1n y Washington.<\/p>\n\n\n\n<p>En octubre, Jap\u00f3n anunci\u00f3 que no se unir\u00eda a una coalici\u00f3n liderada por Estados Unidos para proteger los env\u00edos en rutas comerciales vitales en el Medio Oriente, sino que enviar\u00eda sus propios buques para garantizar la entrega segura de petr\u00f3leo a Jap\u00f3n.<\/p>\n\n\n\n<p>El secretario en jefe del gabinete, Yoshihide Suga, dijo en ese momento que Tokio a\u00fan cooperar\u00eda estrechamente con Washington en los esfuerzos por proteger a los petroleros en medio de una serie de ataques que Occidente y los aliados \u00e1rabes atribuyeron a Ir\u00e1n.<\/p>\n\n\n\n<p>&#8220;No nos uniremos a Estados Unidos, pero cooperaremos estrechamente con ellos&#8221;, dijo Suga en una conferencia de prensa. &#8220;Los activos de la Fuerza de Autodefensa garantizar\u00e1n la seguridad de los buques relacionados con Jap\u00f3n&#8221;.<\/p>\n\n\n\n<p>&#8220;La paz y la estabilidad en el Medio Oriente es extremadamente importante para la sociedad internacional, incluido Jap\u00f3n&#8221;, agreg\u00f3. &#8220;Despu\u00e9s de estudiar exhaustivamente qu\u00e9 medidas pueden ser m\u00e1s efectivas, hemos decidido aplicar nuestras propias medidas por separado&#8221;.<\/p>\n\n\n\n<p>Varios incidentes en el Golfo de Om\u00e1n y sus alrededores, que representan alrededor de una quinta parte de los env\u00edos internacionales de petr\u00f3leo, aumentaron las tensiones el a\u00f1o pasado. Teher\u00e1n neg\u00f3 cualquier participaci\u00f3n en ataques contra petroleros.<\/p>\n\n\n\n<p>Trump acus\u00f3 a Ir\u00e1n de llevar a cabo ataques el 13 de junio contra dos petroleros en el Golfo de Om\u00e1n, incluido un buque japon\u00e9s. Nadie result\u00f3 herido en el ataque, pero las naves sufrieron da\u00f1os.<\/p>\n\n\n\n<p>Jap\u00f3n, que depende en gran medida de la importaci\u00f3n de productos derivados del petr\u00f3leo, ha mantenido relaciones relativamente buenas con Teher\u00e1n y expres\u00f3 su renuencia a unirse a la fuerza liderada por Estados Unidos.<br><br><small>2020 voanoticias \u2013 salastampa.eu, afiliada a la red Broadcasting Board of Governors \u00a9 2020 BBG<\/small><\/p>\n","protected":false},"excerpt":{"rendered":"<p>Tokyo, 03.02.2020 &#8211; Jap\u00f3n ha enviado un buque de guerra para ayudar a salvaguardar los suministros de petr\u00f3leo del pa\u00eds a trav\u00e9s de las v\u00edas fluviales tensas pero vitales en el Medio Oriente.<\/p>\n","protected":false},"author":1,"featured_media":0,"comment_status":"closed","ping_status":"closed","sticky":false,"template":"","format":"standard","meta":{"footnotes":"","_links_to":"","_links_to_target":""},"categories":[16,20,23],"tags":[66],"class_list":["post-288","post","type-post","status-publish","format-standard","hentry","category-asia","category-economia","category-politica","tag-japon","entry","double"],"yoast_head":"<!-- This site is optimized with the Yoast SEO plugin v27.4 - https:\/\/yoast.com\/product\/yoast-seo-wordpress\/ -->\n<title>Barco de guerra japon\u00e9s viaja a Golfo de Om\u00e1n para proteger suministros crudo - ElCanillita.Info<\/title>\n<meta name=\"robots\" content=\"index, follow, max-snippet:-1, max-image-preview:large, max-video-preview:-1\" \/>\n<link rel=\"canonical\" href=\"https:\/\/elcanillita.info\/press\/2020\/02\/03\/barco-de-guerra-japones-viaja-a-golfo-de-oman-para-proteger-suministros-crudo\/\" \/>\n<meta property=\"og:locale\" content=\"es_ES\" \/>\n<meta property=\"og:type\" content=\"article\" \/>\n<meta property=\"og:title\" content=\"Barco de guerra japon\u00e9s viaja a Golfo de Om\u00e1n para proteger suministros crudo - ElCanillita.Info\" \/>\n<meta property=\"og:description\" content=\"Tokyo, 03.02.2020 - Jap\u00f3n ha enviado un buque de guerra para ayudar a salvaguardar los suministros de petr\u00f3leo del pa\u00eds a trav\u00e9s de las v\u00edas fluviales tensas pero vitales en el Medio Oriente.\" \/>\n<meta property=\"og:url\" content=\"https:\/\/elcanillita.info\/press\/2020\/02\/03\/barco-de-guerra-japones-viaja-a-golfo-de-oman-para-proteger-suministros-crudo\/\" \/>\n<meta property=\"og:site_name\" content=\"ElCanillita.Info\" \/>\n<meta property=\"article:publisher\" content=\"https:\/\/ar-ar.facebook.com\/ElCanillitainfo-114249515285712\/\" \/>\n<meta property=\"article:published_time\" content=\"2020-02-03T13:23:30+00:00\" \/>\n<meta property=\"article:modified_time\" content=\"2020-02-03T13:45:43+00:00\" \/>\n<meta name=\"author\" content=\"SalaStampa.eu, world press service\" \/>\n<meta name=\"twitter:card\" content=\"summary_large_image\" \/>\n<meta name=\"twitter:label1\" content=\"Escrito por\" \/>\n\t<meta name=\"twitter:data1\" content=\"SalaStampa.eu, world press service\" \/>\n\t<meta name=\"twitter:label2\" content=\"Tiempo de lectura\" \/>\n\t<meta name=\"twitter:data2\" content=\"3 minutos\" \/>\n<script type=\"application\/ld+json\" class=\"yoast-schema-graph\">{\"@context\":\"https:\\\/\\\/schema.org\",\"@graph\":[{\"@type\":\"Article\",\"@id\":\"https:\\\/\\\/elcanillita.info\\\/press\\\/2020\\\/02\\\/03\\\/barco-de-guerra-japones-viaja-a-golfo-de-oman-para-proteger-suministros-crudo\\\/#article\",\"isPartOf\":{\"@id\":\"https:\\\/\\\/elcanillita.info\\\/press\\\/2020\\\/02\\\/03\\\/barco-de-guerra-japones-viaja-a-golfo-de-oman-para-proteger-suministros-crudo\\\/\"},\"author\":{\"name\":\"SalaStampa.eu, world press service\",\"@id\":\"https:\\\/\\\/elcanillita.info\\\/press\\\/#\\\/schema\\\/person\\\/7fcb79f38045700919f7da6d97e71ba0\"},\"headline\":\"Barco de guerra japon\u00e9s viaja a Golfo de Om\u00e1n para proteger suministros crudo\",\"datePublished\":\"2020-02-03T13:23:30+00:00\",\"dateModified\":\"2020-02-03T13:45:43+00:00\",\"mainEntityOfPage\":{\"@id\":\"https:\\\/\\\/elcanillita.info\\\/press\\\/2020\\\/02\\\/03\\\/barco-de-guerra-japones-viaja-a-golfo-de-oman-para-proteger-suministros-crudo\\\/\"},\"wordCount\":581,\"publisher\":{\"@id\":\"https:\\\/\\\/elcanillita.info\\\/press\\\/#organization\"},\"keywords\":[\"Jap\u00f3n\"],\"articleSection\":[\"Asia\",\"Economia\",\"Politica\"],\"inLanguage\":\"es-AR\"},{\"@type\":\"WebPage\",\"@id\":\"https:\\\/\\\/elcanillita.info\\\/press\\\/2020\\\/02\\\/03\\\/barco-de-guerra-japones-viaja-a-golfo-de-oman-para-proteger-suministros-crudo\\\/\",\"url\":\"https:\\\/\\\/elcanillita.info\\\/press\\\/2020\\\/02\\\/03\\\/barco-de-guerra-japones-viaja-a-golfo-de-oman-para-proteger-suministros-crudo\\\/\",\"name\":\"Barco de guerra japon\u00e9s viaja a Golfo de Om\u00e1n para proteger suministros crudo - ElCanillita.Info\",\"isPartOf\":{\"@id\":\"https:\\\/\\\/elcanillita.info\\\/press\\\/#website\"},\"datePublished\":\"2020-02-03T13:23:30+00:00\",\"dateModified\":\"2020-02-03T13:45:43+00:00\",\"inLanguage\":\"es-AR\",\"potentialAction\":[{\"@type\":\"ReadAction\",\"target\":[\"https:\\\/\\\/elcanillita.info\\\/press\\\/2020\\\/02\\\/03\\\/barco-de-guerra-japones-viaja-a-golfo-de-oman-para-proteger-suministros-crudo\\\/\"]}]},{\"@type\":\"WebSite\",\"@id\":\"https:\\\/\\\/elcanillita.info\\\/press\\\/#website\",\"url\":\"https:\\\/\\\/elcanillita.info\\\/press\\\/\",\"name\":\"ElCanillita.Info\",\"description\":\"desde los Apeninos a los Andes\",\"publisher\":{\"@id\":\"https:\\\/\\\/elcanillita.info\\\/press\\\/#organization\"},\"potentialAction\":[{\"@type\":\"SearchAction\",\"target\":{\"@type\":\"EntryPoint\",\"urlTemplate\":\"https:\\\/\\\/elcanillita.info\\\/press\\\/?s={search_term_string}\"},\"query-input\":{\"@type\":\"PropertyValueSpecification\",\"valueRequired\":true,\"valueName\":\"search_term_string\"}}],\"inLanguage\":\"es-AR\"},{\"@type\":\"Organization\",\"@id\":\"https:\\\/\\\/elcanillita.info\\\/press\\\/#organization\",\"name\":\"Guzzo Photos & Graphic Publications\",\"url\":\"https:\\\/\\\/elcanillita.info\\\/press\\\/\",\"logo\":{\"@type\":\"ImageObject\",\"inLanguage\":\"es-AR\",\"@id\":\"https:\\\/\\\/elcanillita.info\\\/press\\\/#\\\/schema\\\/logo\\\/image\\\/\",\"url\":\"https:\\\/\\\/elcanillita.info\\\/press\\\/images\\\/2020\\\/01\\\/cropped-cropped-cropped-elcanillitainfo.png\",\"contentUrl\":\"https:\\\/\\\/elcanillita.info\\\/press\\\/images\\\/2020\\\/01\\\/cropped-cropped-cropped-elcanillitainfo.png\",\"width\":460,\"height\":50,\"caption\":\"Guzzo Photos & Graphic Publications\"},\"image\":{\"@id\":\"https:\\\/\\\/elcanillita.info\\\/press\\\/#\\\/schema\\\/logo\\\/image\\\/\"},\"sameAs\":[\"https:\\\/\\\/ar-ar.facebook.com\\\/ElCanillitainfo-114249515285712\\\/\"]},{\"@type\":\"Person\",\"@id\":\"https:\\\/\\\/elcanillita.info\\\/press\\\/#\\\/schema\\\/person\\\/7fcb79f38045700919f7da6d97e71ba0\",\"name\":\"SalaStampa.eu, world press service\",\"image\":{\"@type\":\"ImageObject\",\"inLanguage\":\"es-AR\",\"@id\":\"https:\\\/\\\/secure.gravatar.com\\\/avatar\\\/c2f0e0d515a107624234994507816ca4724c7199cef73fc8bedebf6931d73888?s=96&d=mm&r=g\",\"url\":\"https:\\\/\\\/secure.gravatar.com\\\/avatar\\\/c2f0e0d515a107624234994507816ca4724c7199cef73fc8bedebf6931d73888?s=96&d=mm&r=g\",\"contentUrl\":\"https:\\\/\\\/secure.gravatar.com\\\/avatar\\\/c2f0e0d515a107624234994507816ca4724c7199cef73fc8bedebf6931d73888?s=96&d=mm&r=g\",\"caption\":\"SalaStampa.eu, world press service\"}}]}<\/script>\n<!-- \/ Yoast SEO plugin. -->","yoast_head_json":{"title":"Barco de guerra japon\u00e9s viaja a Golfo de Om\u00e1n para proteger suministros crudo - ElCanillita.Info","robots":{"index":"index","follow":"follow","max-snippet":"max-snippet:-1","max-image-preview":"max-image-preview:large","max-video-preview":"max-video-preview:-1"},"canonical":"https:\/\/elcanillita.info\/press\/2020\/02\/03\/barco-de-guerra-japones-viaja-a-golfo-de-oman-para-proteger-suministros-crudo\/","og_locale":"es_ES","og_type":"article","og_title":"Barco de guerra japon\u00e9s viaja a Golfo de Om\u00e1n para proteger suministros crudo - ElCanillita.Info","og_description":"Tokyo, 03.02.2020 - Jap\u00f3n ha enviado un buque de guerra para ayudar a salvaguardar los suministros de petr\u00f3leo del pa\u00eds a trav\u00e9s de las v\u00edas fluviales tensas pero vitales en el Medio Oriente.","og_url":"https:\/\/elcanillita.info\/press\/2020\/02\/03\/barco-de-guerra-japones-viaja-a-golfo-de-oman-para-proteger-suministros-crudo\/","og_site_name":"ElCanillita.Info","article_publisher":"https:\/\/ar-ar.facebook.com\/ElCanillitainfo-114249515285712\/","article_published_time":"2020-02-03T13:23:30+00:00","article_modified_time":"2020-02-03T13:45:43+00:00","author":"SalaStampa.eu, world press service","twitter_card":"summary_large_image","twitter_misc":{"Escrito por":"SalaStampa.eu, world press service","Tiempo de lectura":"3 minutos"},"schema":{"@context":"https:\/\/schema.org","@graph":[{"@type":"Article","@id":"https:\/\/elcanillita.info\/press\/2020\/02\/03\/barco-de-guerra-japones-viaja-a-golfo-de-oman-para-proteger-suministros-crudo\/#article","isPartOf":{"@id":"https:\/\/elcanillita.info\/press\/2020\/02\/03\/barco-de-guerra-japones-viaja-a-golfo-de-oman-para-proteger-suministros-crudo\/"},"author":{"name":"SalaStampa.eu, world press service","@id":"https:\/\/elcanillita.info\/press\/#\/schema\/person\/7fcb79f38045700919f7da6d97e71ba0"},"headline":"Barco de guerra japon\u00e9s viaja a Golfo de Om\u00e1n para proteger suministros crudo","datePublished":"2020-02-03T13:23:30+00:00","dateModified":"2020-02-03T13:45:43+00:00","mainEntityOfPage":{"@id":"https:\/\/elcanillita.info\/press\/2020\/02\/03\/barco-de-guerra-japones-viaja-a-golfo-de-oman-para-proteger-suministros-crudo\/"},"wordCount":581,"publisher":{"@id":"https:\/\/elcanillita.info\/press\/#organization"},"keywords":["Jap\u00f3n"],"articleSection":["Asia","Economia","Politica"],"inLanguage":"es-AR"},{"@type":"WebPage","@id":"https:\/\/elcanillita.info\/press\/2020\/02\/03\/barco-de-guerra-japones-viaja-a-golfo-de-oman-para-proteger-suministros-crudo\/","url":"https:\/\/elcanillita.info\/press\/2020\/02\/03\/barco-de-guerra-japones-viaja-a-golfo-de-oman-para-proteger-suministros-crudo\/","name":"Barco de guerra japon\u00e9s viaja a Golfo de Om\u00e1n para proteger suministros crudo - ElCanillita.Info","isPartOf":{"@id":"https:\/\/elcanillita.info\/press\/#website"},"datePublished":"2020-02-03T13:23:30+00:00","dateModified":"2020-02-03T13:45:43+00:00","inLanguage":"es-AR","potentialAction":[{"@type":"ReadAction","target":["https:\/\/elcanillita.info\/press\/2020\/02\/03\/barco-de-guerra-japones-viaja-a-golfo-de-oman-para-proteger-suministros-crudo\/"]}]},{"@type":"WebSite","@id":"https:\/\/elcanillita.info\/press\/#website","url":"https:\/\/elcanillita.info\/press\/","name":"ElCanillita.Info","description":"desde los Apeninos a los Andes","publisher":{"@id":"https:\/\/elcanillita.info\/press\/#organization"},"potentialAction":[{"@type":"SearchAction","target":{"@type":"EntryPoint","urlTemplate":"https:\/\/elcanillita.info\/press\/?s={search_term_string}"},"query-input":{"@type":"PropertyValueSpecification","valueRequired":true,"valueName":"search_term_string"}}],"inLanguage":"es-AR"},{"@type":"Organization","@id":"https:\/\/elcanillita.info\/press\/#organization","name":"Guzzo Photos & Graphic Publications","url":"https:\/\/elcanillita.info\/press\/","logo":{"@type":"ImageObject","inLanguage":"es-AR","@id":"https:\/\/elcanillita.info\/press\/#\/schema\/logo\/image\/","url":"https:\/\/elcanillita.info\/press\/images\/2020\/01\/cropped-cropped-cropped-elcanillitainfo.png","contentUrl":"https:\/\/elcanillita.info\/press\/images\/2020\/01\/cropped-cropped-cropped-elcanillitainfo.png","width":460,"height":50,"caption":"Guzzo Photos & Graphic Publications"},"image":{"@id":"https:\/\/elcanillita.info\/press\/#\/schema\/logo\/image\/"},"sameAs":["https:\/\/ar-ar.facebook.com\/ElCanillitainfo-114249515285712\/"]},{"@type":"Person","@id":"https:\/\/elcanillita.info\/press\/#\/schema\/person\/7fcb79f38045700919f7da6d97e71ba0","name":"SalaStampa.eu, world press service","image":{"@type":"ImageObject","inLanguage":"es-AR","@id":"https:\/\/secure.gravatar.com\/avatar\/c2f0e0d515a107624234994507816ca4724c7199cef73fc8bedebf6931d73888?s=96&d=mm&r=g","url":"https:\/\/secure.gravatar.com\/avatar\/c2f0e0d515a107624234994507816ca4724c7199cef73fc8bedebf6931d73888?s=96&d=mm&r=g","contentUrl":"https:\/\/secure.gravatar.com\/avatar\/c2f0e0d515a107624234994507816ca4724c7199cef73fc8bedebf6931d73888?s=96&d=mm&r=g","caption":"SalaStampa.eu, world press service"}}]}},"views":819,"_links":{"self":[{"href":"https:\/\/elcanillita.info\/press\/wp-json\/wp\/v2\/posts\/288","targetHints":{"allow":["GET"]}}],"collection":[{"href":"https:\/\/elcanillita.info\/press\/wp-json\/wp\/v2\/posts"}],"about":[{"href":"https:\/\/elcanillita.info\/press\/wp-json\/wp\/v2\/types\/post"}],"author":[{"embeddable":true,"href":"https:\/\/elcanillita.info\/press\/wp-json\/wp\/v2\/users\/1"}],"replies":[{"embeddable":true,"href":"https:\/\/elcanillita.info\/press\/wp-json\/wp\/v2\/comments?post=288"}],"version-history":[{"count":0,"href":"https:\/\/elcanillita.info\/press\/wp-json\/wp\/v2\/posts\/288\/revisions"}],"wp:attachment":[{"href":"https:\/\/elcanillita.info\/press\/wp-json\/wp\/v2\/media?parent=288"}],"wp:term":[{"taxonomy":"category","embeddable":true,"href":"https:\/\/elcanillita.info\/press\/wp-json\/wp\/v2\/categories?post=288"},{"taxonomy":"post_tag","embeddable":true,"href":"https:\/\/elcanillita.info\/press\/wp-json\/wp\/v2\/tags?post=288"}],"curies":[{"name":"wp","href":"https:\/\/api.w.org\/{rel}","templated":true}]}}