{"id":287,"date":"2020-02-03T10:16:02","date_gmt":"2020-02-03T13:16:02","guid":{"rendered":"https:\/\/elcanillita.info\/press\/?p=287"},"modified":"2020-02-03T10:18:46","modified_gmt":"2020-02-03T13:18:46","slug":"policia-mata-a-tiros-a-un-hombre-tras-apunalamiento-en-londres-descrito-como-acto-terrorista","status":"publish","type":"post","link":"https:\/\/elcanillita.info\/press\/2020\/02\/03\/policia-mata-a-tiros-a-un-hombre-tras-apunalamiento-en-londres-descrito-como-acto-terrorista\/","title":{"rendered":"Polic\u00eda mata a tiros a un hombre en Londres tras apu\u00f1alamiento descripto como acto terrorista"},"content":{"rendered":"\n<p>Londres, 03.02.2020 &#8211; La\u00a0polic\u00eda\u00a0mat\u00f3 a\u00a0tiros\u00a0el domingo a un\u00a0hombre\u00a0en\u00a0una concurrida calle del sur de\u00a0Londres\u00a0despu\u00e9s de que hiri\u00f3 a tres personas, una de gravedad,\u00a0en\u00a0un ataque con un arma cortante que la\u00a0polic\u00eda\u00a0dijo estaba relacionado con el terrorismo.<\/p>\n\n\n\n<p>Algunos testigos manifestaron que el\u00a0hombre\u00a0estaba armado con un machete.\u00a0<\/p>\n\n\n\n<p>La&nbsp;polic\u00eda&nbsp;dijo que el&nbsp;hombre&nbsp;al que hab\u00edan disparado hab\u00eda sido declarado muerto.<\/p>\n\n\n\n<p>El servicio de ambulancias de&nbsp;Londres&nbsp;dijo que tres personas resultaron heridas y hab\u00edan sido llevadas a un hospital luego del ataque&nbsp;en&nbsp;Streatham, un distrito residencial al sur del r\u00edo T\u00e1mesis. No estaba claro si las tres personas fueron apu\u00f1aladas.<\/p>\n\n\n\n<p>La&nbsp;polic\u00eda&nbsp;dijo que el lugar del incidente estaba totalmente acordonado. &#8220;Las circunstancias se est\u00e1n evaluando; el incidente ha sido declarado relacionado con el terrorismo&#8221;, dijo&nbsp;en&nbsp;Twitter.<\/p>\n\n\n\n<p>Las fuerzas de seguridad dijeron que la vida de uno de los heridos estaba&nbsp;en&nbsp;riesgo.<\/p>\n\n\n\n<p>Una fuente de seguridad occidental dijo que el incidente estaba relacionado con la militancia islamista. Otra fuente de seguridad dijo que el incidente era tratado&nbsp;como&nbsp;uno&nbsp;terrorista&nbsp;debido a que el&nbsp;hombre&nbsp;habr\u00eda vestido un aparato explosivo falso.<\/p>\n\n\n\n<p>La&nbsp;polic\u00eda&nbsp;estaba revisando si el&nbsp;hombre&nbsp;estaba bajo vigilancia de los servicios de seguridad, dijo la fuente.<\/p>\n\n\n\n<p>El corresponsal de seguridad y defensa de Sky News dijo&nbsp;en&nbsp;Twitter, &#8220;Entiendo que el individuo estaba bajo vigilancia policial activa al momento del incidente&#8221;.<\/p>\n\n\n\n<p>Sky News cit\u00f3 a Gulled Bulhan, un estudiante de 19 a\u00f1os de Streatham, diciendo que vio el tiroteo frente a una tienda.<\/p>\n\n\n\n<p>&#8220;Estaba cruzando la calle cuando vi a un&nbsp;hombre&nbsp;con un machete y latas plateadas&nbsp;en&nbsp;su pecho que era perseguido por quien&nbsp;supongo era un agente&nbsp;encubierto de la&nbsp;polic\u00eda, ya que vest\u00eda ropas de civil&#8221;, dijo Bulhan.<\/p>\n\n\n\n<p>&#8220;El&nbsp;hombre&nbsp;luego dispar\u00f3. Creo que escuch\u00e9 tres disparos, pero no lo puedo recordar bien&#8221;, agreg\u00f3.<\/p>\n\n\n\n<p>Varios videos de la situaci\u00f3n fueron publicados&nbsp;en&nbsp;Twitter, pero no han sido verificados por Reuters.&nbsp;En&nbsp;uno de ellos, se ve a un&nbsp;hombre&nbsp;tirado&nbsp;en&nbsp;el suelo de una calle y al menos dos&nbsp;polic\u00edas armados apuntando sus armas desde detr\u00e1s de un coche sin distintivos con sus luces azules parpadeando.<\/p>\n\n\n\n<p>Al menos un helic\u00f3ptero sobrevol\u00f3 la zona y hab\u00eda coches de&nbsp;polic\u00eda&nbsp;en&nbsp;las calles de los alrededores, con el \u00e1rea bloqueada por una cinta.<\/p>\n\n\n\n<p>El Primer Ministro Boris Johnson dijo&nbsp;en&nbsp;Twitter: &#8220;Gracias a todos los servicios de emergencia que respondieron al incidente&nbsp;en&nbsp;Streatham, que la&nbsp;polic\u00eda&nbsp;ha declarado ahora&nbsp;como&nbsp;relacionado con el terrorismo&#8221;.<\/p>\n\n\n\n<p>&#8220;Mis pensamientos est\u00e1n con los heridos y todos los afectados&#8221;, a\u00f1adi\u00f3.<\/p>\n\n\n\n<p>El \u00faltimo incidente de este tipo&nbsp;en&nbsp;Londres&nbsp;fue&nbsp;en&nbsp;noviembre, cuando la&nbsp;polic\u00eda&nbsp;mat\u00f3 a&nbsp;tiros&nbsp;a un&nbsp;hombre&nbsp;con un falso chaleco suicida que mat\u00f3 a pu\u00f1aladas a dos personas e hiri\u00f3 a tres m\u00e1s antes de ser derribado por transe\u00fantes.<\/p>\n\n\n\n<p>El ataque, ocurrido&nbsp;en&nbsp;el Puente de&nbsp;Londres, fue ejecutado por un&nbsp;hombre&nbsp;que simpatizaba con milicianos islamistas.<\/p>\n\n\n\n<p>El alcalde de&nbsp;Londres, Sadiq Khan, dijo&nbsp;en&nbsp;una declaraci\u00f3n despu\u00e9s del incidente del domingo: &#8220;los&nbsp;terroristas buscan dividirnos y destruir nuestra forma de vida &#8211; aqu\u00ed&nbsp;en&nbsp;Londres&nbsp;nunca les dejaremos triunfar&#8221;.<br><br><small>2020 voanoticias \u2013 salastampa.eu, afiliada a la red Broadcasting Board of Governors \u00a9 2020 BBG<\/small><\/p>\n\n\n\n<p><\/p>\n","protected":false},"excerpt":{"rendered":"<p>Londres, 03.02.2020 &#8211; La polic\u00eda mat\u00f3 a tiros el domingo a un hombre en una concurrida calle del sur de Londres despu\u00e9s de que hiri\u00f3 a tres personas, una de gravedad, en un ataque con un arma cortante que la polic\u00eda dijo estaba relacionado con el terrorismo.<\/p>\n","protected":false},"author":1,"featured_media":0,"comment_status":"closed","ping_status":"closed","sticky":false,"template":"","format":"standard","meta":{"footnotes":"","_links_to":"","_links_to_target":""},"categories":[5,22,25],"tags":[58],"class_list":["post-287","post","type-post","status-publish","format-standard","hentry","category-europa","category-justicia","category-sociedad","tag-reino-unido","entry","double"],"yoast_head":"<!-- This site is optimized with the Yoast SEO plugin v27.4 - https:\/\/yoast.com\/product\/yoast-seo-wordpress\/ -->\n<title>Polic\u00eda mata a tiros a un hombre en Londres tras apu\u00f1alamiento descripto como acto terrorista - ElCanillita.Info<\/title>\n<meta name=\"robots\" content=\"index, follow, max-snippet:-1, max-image-preview:large, max-video-preview:-1\" \/>\n<link rel=\"canonical\" href=\"https:\/\/elcanillita.info\/press\/2020\/02\/03\/policia-mata-a-tiros-a-un-hombre-tras-apunalamiento-en-londres-descrito-como-acto-terrorista\/\" \/>\n<meta property=\"og:locale\" content=\"es_ES\" \/>\n<meta property=\"og:type\" content=\"article\" \/>\n<meta property=\"og:title\" content=\"Polic\u00eda mata a tiros a un hombre en Londres tras apu\u00f1alamiento descripto como acto terrorista - ElCanillita.Info\" \/>\n<meta property=\"og:description\" content=\"Londres, 03.02.2020 - La polic\u00eda mat\u00f3 a tiros el domingo a un hombre en una concurrida calle del sur de Londres despu\u00e9s de que hiri\u00f3 a tres personas, una de gravedad, en un ataque con un arma cortante que la polic\u00eda dijo estaba relacionado con el terrorismo.\" \/>\n<meta property=\"og:url\" content=\"https:\/\/elcanillita.info\/press\/2020\/02\/03\/policia-mata-a-tiros-a-un-hombre-tras-apunalamiento-en-londres-descrito-como-acto-terrorista\/\" \/>\n<meta property=\"og:site_name\" content=\"ElCanillita.Info\" \/>\n<meta property=\"article:publisher\" content=\"https:\/\/ar-ar.facebook.com\/ElCanillitainfo-114249515285712\/\" \/>\n<meta property=\"article:published_time\" content=\"2020-02-03T13:16:02+00:00\" \/>\n<meta property=\"article:modified_time\" content=\"2020-02-03T13:18:46+00:00\" \/>\n<meta name=\"author\" content=\"SalaStampa.eu, world press service\" \/>\n<meta name=\"twitter:card\" content=\"summary_large_image\" \/>\n<meta name=\"twitter:label1\" content=\"Escrito por\" \/>\n\t<meta name=\"twitter:data1\" content=\"SalaStampa.eu, world press service\" \/>\n\t<meta name=\"twitter:label2\" content=\"Tiempo de lectura\" \/>\n\t<meta name=\"twitter:data2\" content=\"3 minutos\" \/>\n<script type=\"application\/ld+json\" class=\"yoast-schema-graph\">{\"@context\":\"https:\\\/\\\/schema.org\",\"@graph\":[{\"@type\":\"Article\",\"@id\":\"https:\\\/\\\/elcanillita.info\\\/press\\\/2020\\\/02\\\/03\\\/policia-mata-a-tiros-a-un-hombre-tras-apunalamiento-en-londres-descrito-como-acto-terrorista\\\/#article\",\"isPartOf\":{\"@id\":\"https:\\\/\\\/elcanillita.info\\\/press\\\/2020\\\/02\\\/03\\\/policia-mata-a-tiros-a-un-hombre-tras-apunalamiento-en-londres-descrito-como-acto-terrorista\\\/\"},\"author\":{\"name\":\"SalaStampa.eu, world press service\",\"@id\":\"https:\\\/\\\/elcanillita.info\\\/press\\\/#\\\/schema\\\/person\\\/7fcb79f38045700919f7da6d97e71ba0\"},\"headline\":\"Polic\u00eda mata a tiros a un hombre en Londres tras apu\u00f1alamiento descripto como acto terrorista\",\"datePublished\":\"2020-02-03T13:16:02+00:00\",\"dateModified\":\"2020-02-03T13:18:46+00:00\",\"mainEntityOfPage\":{\"@id\":\"https:\\\/\\\/elcanillita.info\\\/press\\\/2020\\\/02\\\/03\\\/policia-mata-a-tiros-a-un-hombre-tras-apunalamiento-en-londres-descrito-como-acto-terrorista\\\/\"},\"wordCount\":668,\"publisher\":{\"@id\":\"https:\\\/\\\/elcanillita.info\\\/press\\\/#organization\"},\"keywords\":[\"Reino Unido\"],\"articleSection\":[\"Europa\",\"Justicia\",\"Sociedad\"],\"inLanguage\":\"es-AR\"},{\"@type\":\"WebPage\",\"@id\":\"https:\\\/\\\/elcanillita.info\\\/press\\\/2020\\\/02\\\/03\\\/policia-mata-a-tiros-a-un-hombre-tras-apunalamiento-en-londres-descrito-como-acto-terrorista\\\/\",\"url\":\"https:\\\/\\\/elcanillita.info\\\/press\\\/2020\\\/02\\\/03\\\/policia-mata-a-tiros-a-un-hombre-tras-apunalamiento-en-londres-descrito-como-acto-terrorista\\\/\",\"name\":\"Polic\u00eda mata a tiros a un hombre en Londres tras apu\u00f1alamiento descripto como acto terrorista - ElCanillita.Info\",\"isPartOf\":{\"@id\":\"https:\\\/\\\/elcanillita.info\\\/press\\\/#website\"},\"datePublished\":\"2020-02-03T13:16:02+00:00\",\"dateModified\":\"2020-02-03T13:18:46+00:00\",\"inLanguage\":\"es-AR\",\"potentialAction\":[{\"@type\":\"ReadAction\",\"target\":[\"https:\\\/\\\/elcanillita.info\\\/press\\\/2020\\\/02\\\/03\\\/policia-mata-a-tiros-a-un-hombre-tras-apunalamiento-en-londres-descrito-como-acto-terrorista\\\/\"]}]},{\"@type\":\"WebSite\",\"@id\":\"https:\\\/\\\/elcanillita.info\\\/press\\\/#website\",\"url\":\"https:\\\/\\\/elcanillita.info\\\/press\\\/\",\"name\":\"ElCanillita.Info\",\"description\":\"desde los Apeninos a los Andes\",\"publisher\":{\"@id\":\"https:\\\/\\\/elcanillita.info\\\/press\\\/#organization\"},\"potentialAction\":[{\"@type\":\"SearchAction\",\"target\":{\"@type\":\"EntryPoint\",\"urlTemplate\":\"https:\\\/\\\/elcanillita.info\\\/press\\\/?s={search_term_string}\"},\"query-input\":{\"@type\":\"PropertyValueSpecification\",\"valueRequired\":true,\"valueName\":\"search_term_string\"}}],\"inLanguage\":\"es-AR\"},{\"@type\":\"Organization\",\"@id\":\"https:\\\/\\\/elcanillita.info\\\/press\\\/#organization\",\"name\":\"Guzzo Photos & Graphic Publications\",\"url\":\"https:\\\/\\\/elcanillita.info\\\/press\\\/\",\"logo\":{\"@type\":\"ImageObject\",\"inLanguage\":\"es-AR\",\"@id\":\"https:\\\/\\\/elcanillita.info\\\/press\\\/#\\\/schema\\\/logo\\\/image\\\/\",\"url\":\"https:\\\/\\\/elcanillita.info\\\/press\\\/images\\\/2020\\\/01\\\/cropped-cropped-cropped-elcanillitainfo.png\",\"contentUrl\":\"https:\\\/\\\/elcanillita.info\\\/press\\\/images\\\/2020\\\/01\\\/cropped-cropped-cropped-elcanillitainfo.png\",\"width\":460,\"height\":50,\"caption\":\"Guzzo Photos & Graphic Publications\"},\"image\":{\"@id\":\"https:\\\/\\\/elcanillita.info\\\/press\\\/#\\\/schema\\\/logo\\\/image\\\/\"},\"sameAs\":[\"https:\\\/\\\/ar-ar.facebook.com\\\/ElCanillitainfo-114249515285712\\\/\"]},{\"@type\":\"Person\",\"@id\":\"https:\\\/\\\/elcanillita.info\\\/press\\\/#\\\/schema\\\/person\\\/7fcb79f38045700919f7da6d97e71ba0\",\"name\":\"SalaStampa.eu, world press service\",\"image\":{\"@type\":\"ImageObject\",\"inLanguage\":\"es-AR\",\"@id\":\"https:\\\/\\\/secure.gravatar.com\\\/avatar\\\/c2f0e0d515a107624234994507816ca4724c7199cef73fc8bedebf6931d73888?s=96&d=mm&r=g\",\"url\":\"https:\\\/\\\/secure.gravatar.com\\\/avatar\\\/c2f0e0d515a107624234994507816ca4724c7199cef73fc8bedebf6931d73888?s=96&d=mm&r=g\",\"contentUrl\":\"https:\\\/\\\/secure.gravatar.com\\\/avatar\\\/c2f0e0d515a107624234994507816ca4724c7199cef73fc8bedebf6931d73888?s=96&d=mm&r=g\",\"caption\":\"SalaStampa.eu, world press service\"}}]}<\/script>\n<!-- \/ Yoast SEO plugin. -->","yoast_head_json":{"title":"Polic\u00eda mata a tiros a un hombre en Londres tras apu\u00f1alamiento descripto como acto terrorista - ElCanillita.Info","robots":{"index":"index","follow":"follow","max-snippet":"max-snippet:-1","max-image-preview":"max-image-preview:large","max-video-preview":"max-video-preview:-1"},"canonical":"https:\/\/elcanillita.info\/press\/2020\/02\/03\/policia-mata-a-tiros-a-un-hombre-tras-apunalamiento-en-londres-descrito-como-acto-terrorista\/","og_locale":"es_ES","og_type":"article","og_title":"Polic\u00eda mata a tiros a un hombre en Londres tras apu\u00f1alamiento descripto como acto terrorista - ElCanillita.Info","og_description":"Londres, 03.02.2020 - La polic\u00eda mat\u00f3 a tiros el domingo a un hombre en una concurrida calle del sur de Londres despu\u00e9s de que hiri\u00f3 a tres personas, una de gravedad, en un ataque con un arma cortante que la polic\u00eda dijo estaba relacionado con el terrorismo.","og_url":"https:\/\/elcanillita.info\/press\/2020\/02\/03\/policia-mata-a-tiros-a-un-hombre-tras-apunalamiento-en-londres-descrito-como-acto-terrorista\/","og_site_name":"ElCanillita.Info","article_publisher":"https:\/\/ar-ar.facebook.com\/ElCanillitainfo-114249515285712\/","article_published_time":"2020-02-03T13:16:02+00:00","article_modified_time":"2020-02-03T13:18:46+00:00","author":"SalaStampa.eu, world press service","twitter_card":"summary_large_image","twitter_misc":{"Escrito por":"SalaStampa.eu, world press service","Tiempo de lectura":"3 minutos"},"schema":{"@context":"https:\/\/schema.org","@graph":[{"@type":"Article","@id":"https:\/\/elcanillita.info\/press\/2020\/02\/03\/policia-mata-a-tiros-a-un-hombre-tras-apunalamiento-en-londres-descrito-como-acto-terrorista\/#article","isPartOf":{"@id":"https:\/\/elcanillita.info\/press\/2020\/02\/03\/policia-mata-a-tiros-a-un-hombre-tras-apunalamiento-en-londres-descrito-como-acto-terrorista\/"},"author":{"name":"SalaStampa.eu, world press service","@id":"https:\/\/elcanillita.info\/press\/#\/schema\/person\/7fcb79f38045700919f7da6d97e71ba0"},"headline":"Polic\u00eda mata a tiros a un hombre en Londres tras apu\u00f1alamiento descripto como acto terrorista","datePublished":"2020-02-03T13:16:02+00:00","dateModified":"2020-02-03T13:18:46+00:00","mainEntityOfPage":{"@id":"https:\/\/elcanillita.info\/press\/2020\/02\/03\/policia-mata-a-tiros-a-un-hombre-tras-apunalamiento-en-londres-descrito-como-acto-terrorista\/"},"wordCount":668,"publisher":{"@id":"https:\/\/elcanillita.info\/press\/#organization"},"keywords":["Reino Unido"],"articleSection":["Europa","Justicia","Sociedad"],"inLanguage":"es-AR"},{"@type":"WebPage","@id":"https:\/\/elcanillita.info\/press\/2020\/02\/03\/policia-mata-a-tiros-a-un-hombre-tras-apunalamiento-en-londres-descrito-como-acto-terrorista\/","url":"https:\/\/elcanillita.info\/press\/2020\/02\/03\/policia-mata-a-tiros-a-un-hombre-tras-apunalamiento-en-londres-descrito-como-acto-terrorista\/","name":"Polic\u00eda mata a tiros a un hombre en Londres tras apu\u00f1alamiento descripto como acto terrorista - ElCanillita.Info","isPartOf":{"@id":"https:\/\/elcanillita.info\/press\/#website"},"datePublished":"2020-02-03T13:16:02+00:00","dateModified":"2020-02-03T13:18:46+00:00","inLanguage":"es-AR","potentialAction":[{"@type":"ReadAction","target":["https:\/\/elcanillita.info\/press\/2020\/02\/03\/policia-mata-a-tiros-a-un-hombre-tras-apunalamiento-en-londres-descrito-como-acto-terrorista\/"]}]},{"@type":"WebSite","@id":"https:\/\/elcanillita.info\/press\/#website","url":"https:\/\/elcanillita.info\/press\/","name":"ElCanillita.Info","description":"desde los Apeninos a los Andes","publisher":{"@id":"https:\/\/elcanillita.info\/press\/#organization"},"potentialAction":[{"@type":"SearchAction","target":{"@type":"EntryPoint","urlTemplate":"https:\/\/elcanillita.info\/press\/?s={search_term_string}"},"query-input":{"@type":"PropertyValueSpecification","valueRequired":true,"valueName":"search_term_string"}}],"inLanguage":"es-AR"},{"@type":"Organization","@id":"https:\/\/elcanillita.info\/press\/#organization","name":"Guzzo Photos & Graphic Publications","url":"https:\/\/elcanillita.info\/press\/","logo":{"@type":"ImageObject","inLanguage":"es-AR","@id":"https:\/\/elcanillita.info\/press\/#\/schema\/logo\/image\/","url":"https:\/\/elcanillita.info\/press\/images\/2020\/01\/cropped-cropped-cropped-elcanillitainfo.png","contentUrl":"https:\/\/elcanillita.info\/press\/images\/2020\/01\/cropped-cropped-cropped-elcanillitainfo.png","width":460,"height":50,"caption":"Guzzo Photos & Graphic Publications"},"image":{"@id":"https:\/\/elcanillita.info\/press\/#\/schema\/logo\/image\/"},"sameAs":["https:\/\/ar-ar.facebook.com\/ElCanillitainfo-114249515285712\/"]},{"@type":"Person","@id":"https:\/\/elcanillita.info\/press\/#\/schema\/person\/7fcb79f38045700919f7da6d97e71ba0","name":"SalaStampa.eu, world press service","image":{"@type":"ImageObject","inLanguage":"es-AR","@id":"https:\/\/secure.gravatar.com\/avatar\/c2f0e0d515a107624234994507816ca4724c7199cef73fc8bedebf6931d73888?s=96&d=mm&r=g","url":"https:\/\/secure.gravatar.com\/avatar\/c2f0e0d515a107624234994507816ca4724c7199cef73fc8bedebf6931d73888?s=96&d=mm&r=g","contentUrl":"https:\/\/secure.gravatar.com\/avatar\/c2f0e0d515a107624234994507816ca4724c7199cef73fc8bedebf6931d73888?s=96&d=mm&r=g","caption":"SalaStampa.eu, world press service"}}]}},"views":778,"_links":{"self":[{"href":"https:\/\/elcanillita.info\/press\/wp-json\/wp\/v2\/posts\/287","targetHints":{"allow":["GET"]}}],"collection":[{"href":"https:\/\/elcanillita.info\/press\/wp-json\/wp\/v2\/posts"}],"about":[{"href":"https:\/\/elcanillita.info\/press\/wp-json\/wp\/v2\/types\/post"}],"author":[{"embeddable":true,"href":"https:\/\/elcanillita.info\/press\/wp-json\/wp\/v2\/users\/1"}],"replies":[{"embeddable":true,"href":"https:\/\/elcanillita.info\/press\/wp-json\/wp\/v2\/comments?post=287"}],"version-history":[{"count":0,"href":"https:\/\/elcanillita.info\/press\/wp-json\/wp\/v2\/posts\/287\/revisions"}],"wp:attachment":[{"href":"https:\/\/elcanillita.info\/press\/wp-json\/wp\/v2\/media?parent=287"}],"wp:term":[{"taxonomy":"category","embeddable":true,"href":"https:\/\/elcanillita.info\/press\/wp-json\/wp\/v2\/categories?post=287"},{"taxonomy":"post_tag","embeddable":true,"href":"https:\/\/elcanillita.info\/press\/wp-json\/wp\/v2\/tags?post=287"}],"curies":[{"name":"wp","href":"https:\/\/api.w.org\/{rel}","templated":true}]}}