{"id":286,"date":"2020-02-03T09:59:25","date_gmt":"2020-02-03T12:59:25","guid":{"rendered":"https:\/\/elcanillita.info\/press\/?p=286"},"modified":"2020-02-03T10:05:59","modified_gmt":"2020-02-03T13:05:59","slug":"pompeo-exige-al-taliban-pruebas-demostrables-para-acordar-un-cese-al-fuego","status":"publish","type":"post","link":"https:\/\/elcanillita.info\/press\/2020\/02\/03\/pompeo-exige-al-taliban-pruebas-demostrables-para-acordar-un-cese-al-fuego\/","title":{"rendered":"Pompeo exige al Talib\u00e1n &#8220;pruebas demostrables&#8221; para acordar un cese al fuego"},"content":{"rendered":"\n<p>Uzbekist\u00e1n, 03.02.2020 &#8211; El secretario de Estado de Estados Unidos, Mike Pompeo, exigi\u00f3 el lunes \u201cpruebas demostrables\u201d al Talib\u00e1n de que quiere y puede reducir la violencia, antes de firmar un acuerdo que llevar\u00eda a conversaciones de paz en Afganist\u00e1n y una retirada de las tropas estadounidenses en el pa\u00eds.<\/p>\n\n\n\n<p>En una conferencia de prensa en la vecina Uzbekist\u00e1n, Pompeo dijo que el acuerdo est\u00e1 cerca, pero que en ocasiones anteriores no logr\u00f3 cerrarse porque el Talib\u00e1n no pudo demostrar la seriedad de sus compromisos. Queda trabajo que hacer para iniciar las conversaciones de paz, a\u00f1adi\u00f3.<\/p>\n\n\n\n<p>El secretario de Estado, Mike Pompeo, realiza una visita a Uzbekist\u00e1n.<\/p>\n\n\n\n<p>\u201cEstamos trabajando en un plan de paz y reconciliaci\u00f3n, poniendo las comas en el lugar correcto, consiguiendo las frases correctas\u201d, dijo. \u201cUna vez estuvimos cerca de tener un acuerdo, un trozo de papel que ejecutamos mutuamente y el Talib\u00e1n no pudo demostrar ni su voluntad, ni su capacidad, ni ambas, de conseguir una reducci\u00f3n en la violencia\u201d.<\/p>\n\n\n\n<p>\u201cDe modo que lo que reclamamos ahora son pruebas demostrables de su voluntad y capacidad de reducir la violencia, de rebajar la amenaza, para que las conversaciones interafganas (\u2026) tengan un contexto menos violento\u201d, dijo. \u201cConfiamos en que podamos conseguirlo, pero a\u00fan no estamos ah\u00ed, y desde luego queda trabajo\u201d.<\/p>\n\n\n\n<p>Alto comandante estadounidense ve mayor amenaza de Ir\u00e1n en Afganist\u00e1n<br>\nPompeo hizo esas declaraciones apenas dos d\u00edas despu\u00e9s de que el enviado de paz de Estados Unidos, Zalmay Khalilzad, llegara a Kabul y dijera al presidente de Afganist\u00e1n, Ashraf Ghani, que no hab\u00eda \u201cprogresos notables\u201d en las negociaciones. Sin embargo, Khalilzad dijo confiar en alcanzar un punto de entendimiento sobre una reducci\u00f3n de las hostilidades. No dio una estimaci\u00f3n de plazos.<\/p>\n\n\n\n<p>Khalilzad fue nombrado en 2018 por la Casa Blanca para buscar un final negociado a los 18 a\u00f1os de guerra en Afganist\u00e1n, que permita a Estados Unidos llevar a casa a sus 13.000 soldados y poner fin a su guerra m\u00e1s larga.<\/p>\n\n\n\n<p>(Con informaci\u00f3n de AP y Reuters)<br><small>2020 voanoticias \u2013 salastampa.eu, afiliada a la red Broadcasting Board of Governors \u00a9 2020 BBG<\/small><\/p>\n\n\n\n<p><\/p>\n","protected":false},"excerpt":{"rendered":"<p>Uzbekist\u00e1n, 03.02.2020 &#8211; El secretario de Estado de Estados Unidos, Mike Pompeo, exigi\u00f3 el lunes \u201cpruebas demostrables\u201d al Talib\u00e1n de que quiere y puede reducir la violencia, antes de firmar un acuerdo que llevar\u00eda a conversaciones de paz en Afganist\u00e1n y una retirada de las tropas estadounidenses en el pa\u00eds.<\/p>\n","protected":false},"author":1,"featured_media":0,"comment_status":"closed","ping_status":"closed","sticky":false,"template":"","format":"standard","meta":{"footnotes":"","_links_to":"","_links_to_target":""},"categories":[16,23],"tags":[62],"class_list":["post-286","post","type-post","status-publish","format-standard","hentry","category-asia","category-politica","tag-uzbekistan","entry","double"],"yoast_head":"<!-- This site is optimized with the Yoast SEO plugin v27.4 - https:\/\/yoast.com\/product\/yoast-seo-wordpress\/ -->\n<title>Pompeo exige al Talib\u00e1n &quot;pruebas demostrables&quot; para acordar un cese al fuego - ElCanillita.Info<\/title>\n<meta name=\"robots\" content=\"index, follow, max-snippet:-1, max-image-preview:large, max-video-preview:-1\" \/>\n<link rel=\"canonical\" href=\"https:\/\/elcanillita.info\/press\/2020\/02\/03\/pompeo-exige-al-taliban-pruebas-demostrables-para-acordar-un-cese-al-fuego\/\" \/>\n<meta property=\"og:locale\" content=\"es_ES\" \/>\n<meta property=\"og:type\" content=\"article\" \/>\n<meta property=\"og:title\" content=\"Pompeo exige al Talib\u00e1n &quot;pruebas demostrables&quot; para acordar un cese al fuego - ElCanillita.Info\" \/>\n<meta property=\"og:description\" content=\"Uzbekist\u00e1n, 03.02.2020 - El secretario de Estado de Estados Unidos, Mike Pompeo, exigi\u00f3 el lunes \u201cpruebas demostrables\u201d al Talib\u00e1n de que quiere y puede reducir la violencia, antes de firmar un acuerdo que llevar\u00eda a conversaciones de paz en Afganist\u00e1n y una retirada de las tropas estadounidenses en el pa\u00eds.\" \/>\n<meta property=\"og:url\" content=\"https:\/\/elcanillita.info\/press\/2020\/02\/03\/pompeo-exige-al-taliban-pruebas-demostrables-para-acordar-un-cese-al-fuego\/\" \/>\n<meta property=\"og:site_name\" content=\"ElCanillita.Info\" \/>\n<meta property=\"article:publisher\" content=\"https:\/\/ar-ar.facebook.com\/ElCanillitainfo-114249515285712\/\" \/>\n<meta property=\"article:published_time\" content=\"2020-02-03T12:59:25+00:00\" \/>\n<meta property=\"article:modified_time\" content=\"2020-02-03T13:05:59+00:00\" \/>\n<meta name=\"author\" content=\"SalaStampa.eu, world press service\" \/>\n<meta name=\"twitter:card\" content=\"summary_large_image\" \/>\n<meta name=\"twitter:label1\" content=\"Escrito por\" \/>\n\t<meta name=\"twitter:data1\" content=\"SalaStampa.eu, world press service\" \/>\n\t<meta name=\"twitter:label2\" content=\"Tiempo de lectura\" \/>\n\t<meta name=\"twitter:data2\" content=\"2 minutos\" \/>\n<script type=\"application\/ld+json\" class=\"yoast-schema-graph\">{\"@context\":\"https:\\\/\\\/schema.org\",\"@graph\":[{\"@type\":\"Article\",\"@id\":\"https:\\\/\\\/elcanillita.info\\\/press\\\/2020\\\/02\\\/03\\\/pompeo-exige-al-taliban-pruebas-demostrables-para-acordar-un-cese-al-fuego\\\/#article\",\"isPartOf\":{\"@id\":\"https:\\\/\\\/elcanillita.info\\\/press\\\/2020\\\/02\\\/03\\\/pompeo-exige-al-taliban-pruebas-demostrables-para-acordar-un-cese-al-fuego\\\/\"},\"author\":{\"name\":\"SalaStampa.eu, world press service\",\"@id\":\"https:\\\/\\\/elcanillita.info\\\/press\\\/#\\\/schema\\\/person\\\/7fcb79f38045700919f7da6d97e71ba0\"},\"headline\":\"Pompeo exige al Talib\u00e1n &#8220;pruebas demostrables&#8221; para acordar un cese al fuego\",\"datePublished\":\"2020-02-03T12:59:25+00:00\",\"dateModified\":\"2020-02-03T13:05:59+00:00\",\"mainEntityOfPage\":{\"@id\":\"https:\\\/\\\/elcanillita.info\\\/press\\\/2020\\\/02\\\/03\\\/pompeo-exige-al-taliban-pruebas-demostrables-para-acordar-un-cese-al-fuego\\\/\"},\"wordCount\":378,\"publisher\":{\"@id\":\"https:\\\/\\\/elcanillita.info\\\/press\\\/#organization\"},\"keywords\":[\"Uzbekist\u00e1n\"],\"articleSection\":[\"Asia\",\"Politica\"],\"inLanguage\":\"es-AR\"},{\"@type\":\"WebPage\",\"@id\":\"https:\\\/\\\/elcanillita.info\\\/press\\\/2020\\\/02\\\/03\\\/pompeo-exige-al-taliban-pruebas-demostrables-para-acordar-un-cese-al-fuego\\\/\",\"url\":\"https:\\\/\\\/elcanillita.info\\\/press\\\/2020\\\/02\\\/03\\\/pompeo-exige-al-taliban-pruebas-demostrables-para-acordar-un-cese-al-fuego\\\/\",\"name\":\"Pompeo exige al Talib\u00e1n \\\"pruebas demostrables\\\" para acordar un cese al fuego - ElCanillita.Info\",\"isPartOf\":{\"@id\":\"https:\\\/\\\/elcanillita.info\\\/press\\\/#website\"},\"datePublished\":\"2020-02-03T12:59:25+00:00\",\"dateModified\":\"2020-02-03T13:05:59+00:00\",\"inLanguage\":\"es-AR\",\"potentialAction\":[{\"@type\":\"ReadAction\",\"target\":[\"https:\\\/\\\/elcanillita.info\\\/press\\\/2020\\\/02\\\/03\\\/pompeo-exige-al-taliban-pruebas-demostrables-para-acordar-un-cese-al-fuego\\\/\"]}]},{\"@type\":\"WebSite\",\"@id\":\"https:\\\/\\\/elcanillita.info\\\/press\\\/#website\",\"url\":\"https:\\\/\\\/elcanillita.info\\\/press\\\/\",\"name\":\"ElCanillita.Info\",\"description\":\"desde los Apeninos a los Andes\",\"publisher\":{\"@id\":\"https:\\\/\\\/elcanillita.info\\\/press\\\/#organization\"},\"potentialAction\":[{\"@type\":\"SearchAction\",\"target\":{\"@type\":\"EntryPoint\",\"urlTemplate\":\"https:\\\/\\\/elcanillita.info\\\/press\\\/?s={search_term_string}\"},\"query-input\":{\"@type\":\"PropertyValueSpecification\",\"valueRequired\":true,\"valueName\":\"search_term_string\"}}],\"inLanguage\":\"es-AR\"},{\"@type\":\"Organization\",\"@id\":\"https:\\\/\\\/elcanillita.info\\\/press\\\/#organization\",\"name\":\"Guzzo Photos & Graphic Publications\",\"url\":\"https:\\\/\\\/elcanillita.info\\\/press\\\/\",\"logo\":{\"@type\":\"ImageObject\",\"inLanguage\":\"es-AR\",\"@id\":\"https:\\\/\\\/elcanillita.info\\\/press\\\/#\\\/schema\\\/logo\\\/image\\\/\",\"url\":\"https:\\\/\\\/elcanillita.info\\\/press\\\/images\\\/2020\\\/01\\\/cropped-cropped-cropped-elcanillitainfo.png\",\"contentUrl\":\"https:\\\/\\\/elcanillita.info\\\/press\\\/images\\\/2020\\\/01\\\/cropped-cropped-cropped-elcanillitainfo.png\",\"width\":460,\"height\":50,\"caption\":\"Guzzo Photos & Graphic Publications\"},\"image\":{\"@id\":\"https:\\\/\\\/elcanillita.info\\\/press\\\/#\\\/schema\\\/logo\\\/image\\\/\"},\"sameAs\":[\"https:\\\/\\\/ar-ar.facebook.com\\\/ElCanillitainfo-114249515285712\\\/\"]},{\"@type\":\"Person\",\"@id\":\"https:\\\/\\\/elcanillita.info\\\/press\\\/#\\\/schema\\\/person\\\/7fcb79f38045700919f7da6d97e71ba0\",\"name\":\"SalaStampa.eu, world press service\",\"image\":{\"@type\":\"ImageObject\",\"inLanguage\":\"es-AR\",\"@id\":\"https:\\\/\\\/secure.gravatar.com\\\/avatar\\\/c2f0e0d515a107624234994507816ca4724c7199cef73fc8bedebf6931d73888?s=96&d=mm&r=g\",\"url\":\"https:\\\/\\\/secure.gravatar.com\\\/avatar\\\/c2f0e0d515a107624234994507816ca4724c7199cef73fc8bedebf6931d73888?s=96&d=mm&r=g\",\"contentUrl\":\"https:\\\/\\\/secure.gravatar.com\\\/avatar\\\/c2f0e0d515a107624234994507816ca4724c7199cef73fc8bedebf6931d73888?s=96&d=mm&r=g\",\"caption\":\"SalaStampa.eu, world press service\"}}]}<\/script>\n<!-- \/ Yoast SEO plugin. -->","yoast_head_json":{"title":"Pompeo exige al Talib\u00e1n \"pruebas demostrables\" para acordar un cese al fuego - ElCanillita.Info","robots":{"index":"index","follow":"follow","max-snippet":"max-snippet:-1","max-image-preview":"max-image-preview:large","max-video-preview":"max-video-preview:-1"},"canonical":"https:\/\/elcanillita.info\/press\/2020\/02\/03\/pompeo-exige-al-taliban-pruebas-demostrables-para-acordar-un-cese-al-fuego\/","og_locale":"es_ES","og_type":"article","og_title":"Pompeo exige al Talib\u00e1n \"pruebas demostrables\" para acordar un cese al fuego - ElCanillita.Info","og_description":"Uzbekist\u00e1n, 03.02.2020 - El secretario de Estado de Estados Unidos, Mike Pompeo, exigi\u00f3 el lunes \u201cpruebas demostrables\u201d al Talib\u00e1n de que quiere y puede reducir la violencia, antes de firmar un acuerdo que llevar\u00eda a conversaciones de paz en Afganist\u00e1n y una retirada de las tropas estadounidenses en el pa\u00eds.","og_url":"https:\/\/elcanillita.info\/press\/2020\/02\/03\/pompeo-exige-al-taliban-pruebas-demostrables-para-acordar-un-cese-al-fuego\/","og_site_name":"ElCanillita.Info","article_publisher":"https:\/\/ar-ar.facebook.com\/ElCanillitainfo-114249515285712\/","article_published_time":"2020-02-03T12:59:25+00:00","article_modified_time":"2020-02-03T13:05:59+00:00","author":"SalaStampa.eu, world press service","twitter_card":"summary_large_image","twitter_misc":{"Escrito por":"SalaStampa.eu, world press service","Tiempo de lectura":"2 minutos"},"schema":{"@context":"https:\/\/schema.org","@graph":[{"@type":"Article","@id":"https:\/\/elcanillita.info\/press\/2020\/02\/03\/pompeo-exige-al-taliban-pruebas-demostrables-para-acordar-un-cese-al-fuego\/#article","isPartOf":{"@id":"https:\/\/elcanillita.info\/press\/2020\/02\/03\/pompeo-exige-al-taliban-pruebas-demostrables-para-acordar-un-cese-al-fuego\/"},"author":{"name":"SalaStampa.eu, world press service","@id":"https:\/\/elcanillita.info\/press\/#\/schema\/person\/7fcb79f38045700919f7da6d97e71ba0"},"headline":"Pompeo exige al Talib\u00e1n &#8220;pruebas demostrables&#8221; para acordar un cese al fuego","datePublished":"2020-02-03T12:59:25+00:00","dateModified":"2020-02-03T13:05:59+00:00","mainEntityOfPage":{"@id":"https:\/\/elcanillita.info\/press\/2020\/02\/03\/pompeo-exige-al-taliban-pruebas-demostrables-para-acordar-un-cese-al-fuego\/"},"wordCount":378,"publisher":{"@id":"https:\/\/elcanillita.info\/press\/#organization"},"keywords":["Uzbekist\u00e1n"],"articleSection":["Asia","Politica"],"inLanguage":"es-AR"},{"@type":"WebPage","@id":"https:\/\/elcanillita.info\/press\/2020\/02\/03\/pompeo-exige-al-taliban-pruebas-demostrables-para-acordar-un-cese-al-fuego\/","url":"https:\/\/elcanillita.info\/press\/2020\/02\/03\/pompeo-exige-al-taliban-pruebas-demostrables-para-acordar-un-cese-al-fuego\/","name":"Pompeo exige al Talib\u00e1n \"pruebas demostrables\" para acordar un cese al fuego - ElCanillita.Info","isPartOf":{"@id":"https:\/\/elcanillita.info\/press\/#website"},"datePublished":"2020-02-03T12:59:25+00:00","dateModified":"2020-02-03T13:05:59+00:00","inLanguage":"es-AR","potentialAction":[{"@type":"ReadAction","target":["https:\/\/elcanillita.info\/press\/2020\/02\/03\/pompeo-exige-al-taliban-pruebas-demostrables-para-acordar-un-cese-al-fuego\/"]}]},{"@type":"WebSite","@id":"https:\/\/elcanillita.info\/press\/#website","url":"https:\/\/elcanillita.info\/press\/","name":"ElCanillita.Info","description":"desde los Apeninos a los Andes","publisher":{"@id":"https:\/\/elcanillita.info\/press\/#organization"},"potentialAction":[{"@type":"SearchAction","target":{"@type":"EntryPoint","urlTemplate":"https:\/\/elcanillita.info\/press\/?s={search_term_string}"},"query-input":{"@type":"PropertyValueSpecification","valueRequired":true,"valueName":"search_term_string"}}],"inLanguage":"es-AR"},{"@type":"Organization","@id":"https:\/\/elcanillita.info\/press\/#organization","name":"Guzzo Photos & Graphic Publications","url":"https:\/\/elcanillita.info\/press\/","logo":{"@type":"ImageObject","inLanguage":"es-AR","@id":"https:\/\/elcanillita.info\/press\/#\/schema\/logo\/image\/","url":"https:\/\/elcanillita.info\/press\/images\/2020\/01\/cropped-cropped-cropped-elcanillitainfo.png","contentUrl":"https:\/\/elcanillita.info\/press\/images\/2020\/01\/cropped-cropped-cropped-elcanillitainfo.png","width":460,"height":50,"caption":"Guzzo Photos & Graphic Publications"},"image":{"@id":"https:\/\/elcanillita.info\/press\/#\/schema\/logo\/image\/"},"sameAs":["https:\/\/ar-ar.facebook.com\/ElCanillitainfo-114249515285712\/"]},{"@type":"Person","@id":"https:\/\/elcanillita.info\/press\/#\/schema\/person\/7fcb79f38045700919f7da6d97e71ba0","name":"SalaStampa.eu, world press service","image":{"@type":"ImageObject","inLanguage":"es-AR","@id":"https:\/\/secure.gravatar.com\/avatar\/c2f0e0d515a107624234994507816ca4724c7199cef73fc8bedebf6931d73888?s=96&d=mm&r=g","url":"https:\/\/secure.gravatar.com\/avatar\/c2f0e0d515a107624234994507816ca4724c7199cef73fc8bedebf6931d73888?s=96&d=mm&r=g","contentUrl":"https:\/\/secure.gravatar.com\/avatar\/c2f0e0d515a107624234994507816ca4724c7199cef73fc8bedebf6931d73888?s=96&d=mm&r=g","caption":"SalaStampa.eu, world press service"}}]}},"views":749,"_links":{"self":[{"href":"https:\/\/elcanillita.info\/press\/wp-json\/wp\/v2\/posts\/286","targetHints":{"allow":["GET"]}}],"collection":[{"href":"https:\/\/elcanillita.info\/press\/wp-json\/wp\/v2\/posts"}],"about":[{"href":"https:\/\/elcanillita.info\/press\/wp-json\/wp\/v2\/types\/post"}],"author":[{"embeddable":true,"href":"https:\/\/elcanillita.info\/press\/wp-json\/wp\/v2\/users\/1"}],"replies":[{"embeddable":true,"href":"https:\/\/elcanillita.info\/press\/wp-json\/wp\/v2\/comments?post=286"}],"version-history":[{"count":0,"href":"https:\/\/elcanillita.info\/press\/wp-json\/wp\/v2\/posts\/286\/revisions"}],"wp:attachment":[{"href":"https:\/\/elcanillita.info\/press\/wp-json\/wp\/v2\/media?parent=286"}],"wp:term":[{"taxonomy":"category","embeddable":true,"href":"https:\/\/elcanillita.info\/press\/wp-json\/wp\/v2\/categories?post=286"},{"taxonomy":"post_tag","embeddable":true,"href":"https:\/\/elcanillita.info\/press\/wp-json\/wp\/v2\/tags?post=286"}],"curies":[{"name":"wp","href":"https:\/\/api.w.org\/{rel}","templated":true}]}}