{"id":2856,"date":"2022-08-31T19:02:00","date_gmt":"2022-08-31T22:02:00","guid":{"rendered":"https:\/\/elcanillita.info\/press\/?p=2856"},"modified":"2022-09-04T13:50:40","modified_gmt":"2022-09-04T16:50:40","slug":"el-ultimo-lider-de-la-union-sovietica","status":"publish","type":"post","link":"https:\/\/elcanillita.info\/press\/2022\/08\/31\/el-ultimo-lider-de-la-union-sovietica\/","title":{"rendered":"El \u00faltimo l\u00edder de la Uni\u00f3n Sovi\u00e9tica"},"content":{"rendered":"\n<figure class=\"wp-block-image size-full\"><img loading=\"lazy\" decoding=\"async\" width=\"600\" height=\"337\" src=\"https:\/\/elcanillita.info\/press\/images\/2022\/09\/gorby20220903B-1.jpg\" alt=\"\" class=\"wp-image-2860\" srcset=\"https:\/\/elcanillita.info\/press\/images\/2022\/09\/gorby20220903B-1.jpg 600w, https:\/\/elcanillita.info\/press\/images\/2022\/09\/gorby20220903B-1-300x169.jpg 300w\" sizes=\"auto, (max-width: 600px) 100vw, 600px\" \/><figcaption>Mijail Gorbachov 2\/03\/1931 &#8211; 30\/08\/2022<\/figcaption><\/figure>\n\n\n\n<p>Despu\u00e9s de reunirse con Mijail Gorbachov por primera vez en Chequers en diciembre de 1984, Margaret Thatcher proclam\u00f3 la famosa frase: <br>&#8220;Soy prudentemente optimista. Me gusta el Sr. Gorbachov. Podemos hacer negocios juntos&#8221;.<\/p>\n\n\n\n<p>Fue una declaraci\u00f3n audaz despu\u00e9s de cuatro d\u00e9cadas de Guerra Fr\u00eda y de la sucesi\u00f3n de l\u00edderes sovi\u00e9ticos de rostro adusto, intransigente y profundamente enfrentados que lo hab\u00edan precedido. Sin embargo, la primer ministro se vio m\u00e1s que justificada por los trascendentales acontecimientos que siguieron cuando Gorbachov se convirti\u00f3 tres meses despu\u00e9s en el l\u00edder m\u00e1s joven y \u00faltimo de la Uni\u00f3n Sovi\u00e9tica, y posteriormente en su primer y \u00fanico presidente.<\/p>\n\n\n\n<p>Entre 1985 y 1991 &#8220;Gorby&#8221;, como se le conoc\u00eda cari\u00f1osamente en Occidente, presidi\u00f3 no s\u00f3lo el colapso de la URSS y del comunismo sovi\u00e9tico, sino tambi\u00e9n el fin de la Guerra Fr\u00eda y de una prolongada carrera armament\u00edstica que hab\u00eda amenazado con culminar en un holocausto nuclear. Tambi\u00e9n dej\u00f3 atr\u00e1s un redise\u00f1o radical del mapa pol\u00edtico de Europa.<\/p>\n\n\n\n<p>Esa no era la intenci\u00f3n de Gorbachov. Asumi\u00f3 el cargo con el objetivo de revitalizar el estancado sistema sovi\u00e9tico, no de desmantelarlo. Pero sus reformas, especialmente la glasnost (apertura) y la perestroika (reestructuraci\u00f3n), cobraron un impulso propio que result\u00f3 imparable.<br>Cuanta m\u00e1s libertad y democracia se daba a los pueblos sovi\u00e9ticos reprimidos, m\u00e1s exig\u00edan. De mente abierta y dispuesto a abandonar dogmas anticuados o inviables, Gorbachov no trat\u00f3 en general de revertir las fuerzas que hab\u00eda desencadenado involuntariamente, a pesar de la feroz oposici\u00f3n de la vieja guardia sovi\u00e9tica que, en 1991, organiz\u00f3 un golpe de Estado sin \u00e9xito contra \u00e9l.<\/p>\n\n\n\n<p>As\u00ed, la liberalizaci\u00f3n de Gorbachov permiti\u00f3 que estallaran en la Uni\u00f3n Sovi\u00e9tica y en Europa del Este agravios nacionales reprimidos durante mucho tiempo, que culminaron con la ca\u00edda del Muro de Berl\u00edn en 1989 y el dram\u00e1tico derrocamiento de los reg\u00edmenes comunistas a lo largo de la Cortina de Hierro. <br>Al evitar el retorno a la antigua represi\u00f3n comunista, hizo posible la disoluci\u00f3n del Estado sovi\u00e9tico. Este proceso fue acelerado por Boris Yeltsin, un antiguo funcionario del Partido Comunista que se hab\u00eda asegurado una base de poder independiente como presidente de Rusia gracias a la introducci\u00f3n de elecciones competitivas por parte de Gorbachov.<\/p>\n\n\n\n<p>Aunque la cat\u00e1strofe nuclear de Chern\u00f3bil se produjo bajo el mandato de Gorbachov en 1986, \u00e9ste fue acogido y ensalzado en Occidente y en gran parte del resto del mundo, y recibi\u00f3 el premio Nobel de la Paz en 1990. En marcado contraste con sus predecesores, aplic\u00f3 un enfoque ampliamente constructivo y cooperativo a las relaciones internacionales. Aunque Ronald Reagan le humill\u00f3 cuando pronunci\u00f3 su discurso &#8220;\u00a1Sr. Gorbachov, derribe este muro!&#8221; en 1987, no obstante forj\u00f3 una estrecha relaci\u00f3n personal con \u00e9l, as\u00ed como con Thatcher, a\u00fan cuando tambi\u00e9n eran adversarios ideol\u00f3gicos, y con Helmut Kohl, el canciller alem\u00e1n.<\/p>\n\n\n\n<p>En cuanto al estilo, Gorbachov supuso una ruptura con la anterior gerontocracia sovi\u00e9tica, y deleit\u00f3 al p\u00fablico occidental. Sonre\u00eda. Era medi\u00e1tico, en\u00e9rgico y agradable. Viajaba a todas partes con su esposa Raisa, que era inteligente y moderna (la llamaba &#8220;mi general&#8221;); incluso hac\u00eda &#8220;paseos&#8221; espont\u00e1neos por capitales extranjeras y provoc\u00f3 un fen\u00f3meno de &#8220;Gorby-man\u00eda&#8221;. La prominente mancha de nacimiento que ten\u00eda en la cabeza quiz\u00e1 le hac\u00eda parecer m\u00e1s humano.<\/p>\n\n\n\n<p>Gorbachov era una figura mucho m\u00e1s controvertida en su pa\u00eds. Desempe\u00f1\u00f3 un papel decisivo en la transformaci\u00f3n de un sistema muy autoritario y opresivo en un r\u00e9gimen m\u00e1s ilustrado en el que se impusieron las tendencias pluralistas y democratizadoras. Liber\u00f3 a los presos y rehabilit\u00f3 a los disidentes, introdujo la libertad de expresi\u00f3n, de reuni\u00f3n y de religi\u00f3n, y permiti\u00f3 el surgimiento de la sociedad civil. Sin embargo, se le culp\u00f3 del colapso de la econom\u00eda sovi\u00e9tica, del caos que sigui\u00f3 a la disoluci\u00f3n de la Uni\u00f3n Sovi\u00e9tica, de la p\u00e9rdida de los territorios rusos que tanto cost\u00f3 conseguir y de la disminuci\u00f3n de la estatura de su pa\u00eds en el mundo.<\/p>\n\n\n\n<p>El viaje de Gorbachov fue extraordinario: de comunista ortodoxo a reformista comunista y a socialista socialdem\u00f3crata, y cuanto m\u00e1s tiempo permaneci\u00f3 en el poder, m\u00e1s radical se volvi\u00f3, pero nunca se benefici\u00f3 de la pol\u00edtica electoral que inaugur\u00f3. En 1996, cinco a\u00f1os despu\u00e9s de la disoluci\u00f3n de la Uni\u00f3n Sovi\u00e9tica, se present\u00f3 a las elecciones presidenciales de Rusia. Recibi\u00f3 menos del 1% de los votos, un triste epitafio para uno de los estadistas m\u00e1s importantes e influyentes del siglo XX.<\/p>\n\n\n\n<p>Mija\u00edl Sergu\u00e9ievich Gorbachov naci\u00f3 en 1931, hijo de los campesinos Mar\u00eda (de soltera Gopkalo) y Sergu\u00e9i, en el pueblo agr\u00edcola de Privolnoye, en la regi\u00f3n de Stavropol, al sur de Rusia. Alemania invadi\u00f3 la Uni\u00f3n Sovi\u00e9tica cuando \u00e9l ten\u00eda diez a\u00f1os y Privolnoye estuvo bajo la ocupaci\u00f3n nazi durante varios meses. Durante los dos a\u00f1os que dur\u00f3 la guerra no fue escolarizado. Una vez terminada la guerra, Gorbachov pas\u00f3 las vacaciones escolares trabajando en una granja colectiva con su padre, conductor de cosechadoras. Eran trabajadores ejemplares y, a los 17 a\u00f1os, Gorbachov fue condecorado con la Orden de la Bandera Roja del Trabajo por ayudar a su padre a obtener una cosecha r\u00e9cord. Esto y sus dotes acad\u00e9micas le permitieron ingresar en la Universidad de Mosc\u00fa.<\/p>\n\n\n\n<p>Gorbachov estudi\u00f3 Derecho y se gradu\u00f3 con honores en 1955. En su \u00e9poca de estudiante particip\u00f3 activamente en el Komsomol (Liga de J\u00f3venes Comunistas) y se afili\u00f3 al Partido Comunista. Aunque sus abuelos hab\u00edan sido enviados a campos de trabajo en Siberia en la d\u00e9cada de 1930 por &#8220;sabotear&#8221; el socialismo, Gorbachov se sinti\u00f3 profundamente conmovido por la muerte de Stalin en 1953. La muerte de Stalin dio paso a una atm\u00f3sfera pol\u00edtica m\u00e1s libre, especialmente en las universidades. A\u00f1os m\u00e1s tarde, dijo: &#8220;En la universidad empec\u00e9 a pensar y reflexionar y a ver las cosas de otra manera. Pero, por supuesto, eso fue s\u00f3lo el comienzo de un proceso muy largo&#8221;.         <div class=\"rmwr-wrapper\" \n             data-id=\"rmwr-69f2274a45c76\"\n             data-mode=\"normal\"\n             data-animation=\"fade\"\n             data-duration=\"300\"\n             data-smooth-scroll=\"true\"\n             data-scroll-offset=\"0\">\n            <button \n                type=\"button\"\n                class=\"read-link\" \n                id=\"readlinkrmwr-69f2274a45c76\"\n                data-open-text=\"Continuaci\u00f3n...\"\n                data-close-text=\"Replegar pagina\"\n                aria-expanded=\"false\"\n                aria-controls=\"readrmwr-69f2274a45c76\"\n                aria-label=\"Continuaci\u00f3n...\"\n            >\n                <span class=\"rmwr-text\">Continuaci\u00f3n...<\/span>\n            <\/button>\n            <div \n                class=\"read_div\" \n                id=\"readrmwr-69f2274a45c76\"\n                aria-hidden=\"true\"\n                data-animation=\"fade\"\n                data-duration=\"300\"\n                style=\"display: none;\"\n            >\n                <\/p>\n\n\n\n<p>Tambi\u00e9n conoci\u00f3 a Raisa Maksimovna Titorenko, estudiante de filosof\u00eda e hija de un trabajador ferroviario, en la Universidad de Mosc\u00fa. Se casaron en 1953 y fueron inseparables hasta la muerte de ella, 46 a\u00f1os despu\u00e9s.<\/p>\n\n\n\n<p>De vuelta a Stavropol, Gorbachov obtuvo una segunda licenciatura, en agronom\u00eda, y comenz\u00f3 a ascender r\u00e1pidamente en la jerarqu\u00eda local del Komsomol y del Partido Comunista, ayudado por Fyodor Kulakov, un alto funcionario que m\u00e1s tarde se convertir\u00eda en miembro del Politbur\u00f3 de Mosc\u00fa.<\/p>\n\n\n\n<p>En 1971, Gorbachov era el jefe del partido a cargo de su regi\u00f3n natal, y fue la muerte de Kulakov en 1978 lo que le llev\u00f3 a Mosc\u00fa. Kulakov hab\u00eda sido el experto en agricultura dentro de la direcci\u00f3n del partido, y Gorbachov le sustituy\u00f3. A la inusualmente temprana edad de 47 a\u00f1os, Gorbachov se convirti\u00f3 en secretario del Comit\u00e9 Central del Partido Comunista, supervisando la agricultura.<\/p>\n\n\n\n<p>Su ascenso en Mosc\u00fa fue a\u00fan m\u00e1s r\u00e1pido. En 1980 se convirti\u00f3 en miembro de pleno derecho del Politbur\u00f3. A medida que la salud del l\u00edder sovi\u00e9tico Leonid Br\u00e9zhnev fue decayendo durante los dos a\u00f1os siguientes, Gorbachov se aline\u00f3 con Yuri Andropov en lugar de Konstantin Chernenko, el aliado m\u00e1s cercano de Br\u00e9zhnev, en una lucha clandestina por la sucesi\u00f3n. Brezhnev muri\u00f3 en noviembre de 1982, Andropov se impuso y Gorbachov pudo proponer una reforma agraria radical. En marzo de 1983 pronunci\u00f3 un discurso en el que abogaba por un &#8220;contrato colectivo&#8221; entre los grupos de campesinos y su explotaci\u00f3n matriz, por el que los primeros asumir\u00edan la plena responsabilidad de la producci\u00f3n en determinadas extensiones de tierra. Se trataba de un primer paso hacia un sistema de arrendamiento y la disoluci\u00f3n parcial de las grandes explotaciones colectivas y estatales.<\/p>\n\n\n\n<p>Andropov nombr\u00f3 a Gorbachov secretario del Comit\u00e9 Central responsable de la econom\u00eda en su conjunto, no s\u00f3lo de la agricultura. Comenz\u00f3 a consultar a economistas y soci\u00f3logos partidarios de las reformas y viaj\u00f3 al extranjero. Pero Andropov muri\u00f3 apenas 15 meses despu\u00e9s de sustituir a Brezhnev y fue sucedido como l\u00edder por Chernenko, a pesar del deseo de Andropov de que Gorbachov le sucediera.<\/p>\n\n\n\n<p>La salud de Chernenko no era mucho mejor que la de Andropov y, cuando tambi\u00e9n muri\u00f3, en marzo de 1985, no hab\u00eda ning\u00fan rival plausible para Gorbachov. A pesar de la persistente resistencia de la vieja guardia, fue propuesto por el Politbur\u00f3 y elegido secretario general por el Comit\u00e9 Central por unanimidad. A sus 54 a\u00f1os, segu\u00eda siendo el miembro m\u00e1s joven del Politbur\u00f3 y el primer dirigente sovi\u00e9tico nacido despu\u00e9s de la Revoluci\u00f3n de Octubre de 1917. Nadie imaginaba que ser\u00eda el \u00faltimo titular de ese cargo, pues aunque la Uni\u00f3n Sovi\u00e9tica ten\u00eda muchos problemas, en 1985 el control del partido parec\u00eda absoluto, el KGB resuelto y la ciudadan\u00eda quieta. De hecho, Gorbachov podr\u00eda haber ido a lo seguro y haber conseguido las ovaciones sin sentido que Brezhnev se asegur\u00f3 hasta el final de su vida. Sin embargo, fue lo suficientemente audaz e imaginativo como para adoptar una visi\u00f3n m\u00e1s larga y embarcarse en el dif\u00edcil y peligroso camino de las reformas de largo alcance.<\/p>\n\n\n\n<p>La juventud, la informalidad y la elocuencia de Gorbachov le valieron una popularidad inmediata. Un paseo televisado por Leningrado que inclu\u00eda intercambios con la gente de a pie demostr\u00f3 que era el primer l\u00edder sovi\u00e9tico desde Jruschov con un toque popular.<\/p>\n\n\n\n<p>Gorbachov cambi\u00f3 r\u00e1pidamente la composici\u00f3n del Politbur\u00f3 y del Secretariado del Comit\u00e9 Central. Promovi\u00f3 r\u00e1pidamente a Alexander Yakovlev, que se convertir\u00eda en el reformista m\u00e1s radical de la direcci\u00f3n. Nombr\u00f3 a un esp\u00edritu af\u00edn, Eduard Shevardnadze, para sustituir al veterano Andrei Gromyko &#8211; &#8220;Mr Nyet&#8221;- como ministro de Asuntos Exteriores, aunque Shevardnadze no ten\u00eda experiencia internacional. Juntos hicieron gestiones ante Occidente. Gorbachov ya hab\u00eda establecido una relaci\u00f3n con Thatcher en su reuni\u00f3n de Chequers. Se reunieron varias veces en Mosc\u00fa y Londres, y Gorbachov realiz\u00f3 una visita de Estado a Gran Breta\u00f1a en 1989. Sus animados debates ideol\u00f3gicos fueron tales que en una ocasi\u00f3n en el Kremlin discutieron durante nueve horas completas, dejando a Thatcher sin tiempo para ponerse el vestido para el banquete de esa noche.<\/p>\n\n\n\n<p>M\u00e1s importante a\u00fan fue la relaci\u00f3n de Gorbachov con Reagan, que no se hab\u00eda reunido con ninguno de los predecesores de Gorbachov durante su primer mandato en el Despacho Oval: &#8220;Estos tipos se me mueren&#8221;, exclam\u00f3. Cuando Reagan dej\u00f3 el cargo a finales de 1988, \u00e9l y Gorbachov hab\u00edan celebrado cinco cumbres, comenzando por la llamada cumbre del fuego en el castillo del Aga Khan en Ginebra en 1985, que comenz\u00f3 con la declaraci\u00f3n de Reagan: &#8220;Estados Unidos y la Uni\u00f3n Sovi\u00e9tica son los dos pa\u00edses m\u00e1s grandes de la Tierra, las superpotencias. Son los \u00fanicos que pueden iniciar la Tercera Guerra Mundial, pero tambi\u00e9n los \u00fanicos dos pa\u00edses que podr\u00edan traer la paz al mundo&#8221;.<\/p>\n\n\n\n<p>En la cumbre de Reikiavik de 1986, los dos hombres hablaron de recortes dr\u00e1sticos de las armas nucleares de largo y medio alcance, e incluso del desarme nuclear total, para gran desaprobaci\u00f3n de Thatcher, que fue excluida de las conversaciones. Sin embargo, gracias a las reuniones posteriores de Reagan y Gorbachov en Washington en 1987, en Mosc\u00fa en 1988 y en una reuni\u00f3n m\u00e1s breve e informal en Nueva York a finales de ese a\u00f1o, el clima de las relaciones entre las superpotencias, peligrosamente fr\u00edas en la primera mitad de la d\u00e9cada de 1980, se transform\u00f3.<\/p>\n\n\n\n<p>La b\u00fasqueda del desarme nuclear por parte de Gorbachov no fue totalmente altruista. Se dio cuenta de que la Uni\u00f3n Sovi\u00e9tica, cada vez m\u00e1s debilitada, no pod\u00eda igualar el programa de Reagan de la Guerra de las Galaxias -el escudo propuesto contra los misiles bal\u00edsticos estrat\u00e9gicos entrantes, conocido como Iniciativa de Defensa Estrat\u00e9gica- y trat\u00f3 de detener su desarrollo mediante llamativas iniciativas de reducci\u00f3n de armamento dise\u00f1adas para seducir a la opini\u00f3n p\u00fablica de Occidente.<\/p>\n\n\n\n<p>En otro movimiento dram\u00e1tico, Gorbachov retir\u00f3 las fuerzas sovi\u00e9ticas de Afganist\u00e1n tras una guerra de diez a\u00f1os que cost\u00f3 28.000 vidas sovi\u00e9ticas, y critic\u00f3 la decisi\u00f3n de Brezhnev de enviarlas all\u00ed en primer lugar.<\/p>\n\n\n\n<p>En su pa\u00eds, presidi\u00f3 una liberalizaci\u00f3n que fue mucho m\u00e1s all\u00e1 de lo que la sociedad sovi\u00e9tica hab\u00eda visto anteriormente. La censura se suaviz\u00f3 y el debate pol\u00edtico real apareci\u00f3 en las p\u00e1ginas de los peri\u00f3dicos y revistas. Se permitieron libros suprimidos, como Doctor Zhivago, de Boris Pasternak, Diecinueve ochenta y cuatro y Rebeli\u00f3n en la granja, de George Orwell, y El archipi\u00e9lago del Gulag, de Aleksandr Solzhenitsyn. Andrei S\u00e1jarov, el cient\u00edfico nuclear, pudo regresar a Mosc\u00fa tras seis a\u00f1os de exilio interno en Gorki. Miles de presos pol\u00edticos fueron liberados y muchos opositores a Stalin rehabilitados.<\/p>\n\n\n\n<p>Desde el punto de vista pol\u00edtico, la reforma m\u00e1s importante de Gorbachov fue la decisi\u00f3n de convocar elecciones competitivas para una nueva legislatura, que se convirti\u00f3 en lo m\u00e1s parecido a un verdadero parlamento que la Uni\u00f3n Sovi\u00e9tica hab\u00eda visto nunca. En una conferencia extraordinaria del partido en el verano de 1988 -la primera desde 1941- convenci\u00f3 a un cuerpo de delegados predominantemente conservador para que aceptara una reforma electoral fundamental y una redefinici\u00f3n del papel del Partido Comunista dentro del sistema pol\u00edtico.<\/p>\n\n\n\n<p>En marzo de 1989 se celebraron las primeras elecciones para un Congreso de Diputados del Pueblo, y las primeras elecciones libres en la Uni\u00f3n Sovi\u00e9tica desde 1917, con m\u00e1s de un candidato en la mayor\u00eda de las circunscripciones, y varios destacados funcionarios del Partido Comunista fueron derrotados. El Congreso eligi\u00f3 entonces un Soviet Supremo de nuevo cu\u00f1o, de 542 miembros, presidido por Gorbachov. Se cre\u00f3 una estructura completamente nueva de comit\u00e9s dentro de la legislatura y el poder, antes monopolizado por la jerarqu\u00eda del Partido Comunista, empez\u00f3 a pasar al Soviet Supremo.<\/p>\n\n\n\n<p>Gorbachov traslad\u00f3 conscientemente el poder de las instituciones del partido a las del Estado, una medida prudente, ya que hab\u00eda serias dudas sobre el ritmo y la direcci\u00f3n de sus reformas dentro del Comit\u00e9 Central y el Politbur\u00f3 del partido. El nuevo Congreso aboli\u00f3 el monopolio del poder pol\u00edtico del Partido Comunista, garantizado constitucionalmente, en la Uni\u00f3n Sovi\u00e9tica, allanando as\u00ed el camino para la legalizaci\u00f3n de otros partidos pol\u00edticos.<\/p>\n\n\n\n<p>Las reformas econ\u00f3micas de Gorbachov, su verdadera prioridad al asumir el cargo, s\u00f3lo produjeron escasos resultados, a pesar de su relajaci\u00f3n de la propiedad para permitir m\u00e1s empresas individuales y la creaci\u00f3n de cooperativas, que se convirtieron de hecho en empresas privadas.<br>Desmantel\u00f3 la antigua econom\u00eda dirigida, pero dud\u00f3 en avanzar r\u00e1pidamente hacia un mercado libre. Las dificultades econ\u00f3micas se vieron agravadas por la fuerte ca\u00edda de los precios del petr\u00f3leo, y a finales de la d\u00e9cada de 1980 la escasez de alimentos b\u00e1sicos llev\u00f3 a la reintroducci\u00f3n de tarjetas alimentarias que limitaban el consumo personal.<\/p>\n\n\n\n<p>En 2010, en el 25\u00ba aniversario del lanzamiento de la perestroika, Gorbachov dijo que deber\u00eda haber prestado m\u00e1s atenci\u00f3n a la econom\u00eda porque las largas colas y la creciente escasez en los dos \u00faltimos a\u00f1os de existencia de la Uni\u00f3n Sovi\u00e9tica provocaron una desilusi\u00f3n generalizada con su programa de reestructuraci\u00f3n.<\/p>\n\n\n\n<p>Con el l\u00edder de Alemania Oriental, Erich Honecker, en Berl\u00edn en 1989. Aunque preocupado por la perspectiva de una Alemania unida, Gorbachov fue lo suficientemente realista como para entablar negociaciones con Alemania Occidental que facilitaran la unificaci\u00f3n pac\u00edfica.<\/p>\n\n\n\n<p>Lejos de salvar el sistema sovi\u00e9tico, las reformas de Gorbachov aceleraron su colapso. La nueva libertad de expresi\u00f3n permiti\u00f3 airear los problemas y las quejas de una forma desconocida en el pasado sovi\u00e9tico. Las actas del nuevo Congreso fueron televisadas, y una minor\u00eda elocuente de diputados no dud\u00f3 en romper los viejos tab\u00faes, sometiendo a severas cr\u00edticas a \u00f3rganos antes sacrosantos como la direcci\u00f3n del partido y el KGB. El proceso de reforma fue demasiado lento para los reformistas, pero demasiado r\u00e1pido y de gran alcance para los conservadores. En ning\u00fan lugar fue m\u00e1s evidente esa dicotom\u00eda que en el surgimiento de movimientos nacionalistas e independentistas reprimidos durante mucho tiempo en los estados del bloque sovi\u00e9tico.<\/p>\n\n\n\n<p>En 1988, en un dram\u00e1tico abandono de la llamada doctrina Brezhnev, Gorbachov declar\u00f3 que cada pa\u00eds ten\u00eda derecho a elegir su propio sistema pol\u00edtico y econ\u00f3mico. En el extraordinario a\u00f1o siguiente, los europeos del este y del centro pusieron a prueba esas palabras y comprobaron que eran sinceras. Las revoluciones se extendieron por los seis pa\u00edses del Pacto de Varsovia -Polonia, Hungr\u00eda, Checoslovaquia, Ruman\u00eda, Bulgaria y Alemania del Este- cuando las poblaciones, envalentonadas, exigieron la ruptura con Mosc\u00fa que tanto hab\u00edan deseado pero que cre\u00edan pol\u00edticamente irrealizable.<\/p>\n\n\n\n<p>Las revueltas conmocionaron a Gorbachov. Demostraron que los pueblos de esos pa\u00edses no quer\u00edan salvar el comunismo reform\u00e1ndolo, sino destruirlo. Sin embargo, las tropas sovi\u00e9ticas permanecieron en sus cuarteles durante todo el proceso, sobre todo la noche de noviembre de 1989, cuando se abri\u00f3 el Muro de Berl\u00edn. Aunque Gorbachov mostr\u00f3 su preocupaci\u00f3n ante la perspectiva de una Alemania unida, fue lo suficientemente realista como para entablar negociaciones con Kohl, lo que facilit\u00f3 la reunificaci\u00f3n pac\u00edfica de Alemania y le vali\u00f3 la gratitud duradera de ese pa\u00eds.<\/p>\n\n\n\n<p>&#8220;Hemos enterrado la Guerra Fr\u00eda en el fondo del mar Mediterr\u00e1neo&#8221;, anunci\u00f3 un portavoz del Ministerio de Asuntos Exteriores sovi\u00e9tico al final de la primera cumbre de Gorbachov con el presidente Bush en Malta en diciembre de 1989, la primera conferencia de prensa conjunta en la historia de las cumbres sovi\u00e9tico-estadounidenses.<\/p>\n\n\n\n<p>Sin embargo, en su pa\u00eds, Gorbachov se enfrent\u00f3 a una creciente reacci\u00f3n conservadora, especialmente cuando las rep\u00fablicas de la propia Uni\u00f3n Sovi\u00e9tica empezaron a expresar sus quejas hist\u00f3ricas y a exigir su independencia. A la cabeza de la rebeli\u00f3n nacionalista estaban Lituania, Estonia y Letonia, los tres estados b\u00e1lticos que hab\u00edan sido anexionados por Stalin en 1940. Gorbachov vacil\u00f3 entre el acomodo y el repliegue, lo que provoc\u00f3 la dimisi\u00f3n de Shevardnadze. Finalmente, propuso un Tratado de la Uni\u00f3n que devolviera amplios poderes a las nueve rep\u00fablicas restantes, preservando al mismo tiempo la Uni\u00f3n Sovi\u00e9tica, pero en 1990 se enfrentaba a una intensa presi\u00f3n del partido central y de los \u00f3rganos de gobierno, respaldados por el KGB y el ej\u00e9rcito, para afirmar la autoridad del Estado sovi\u00e9tico contra todos los que amenazaran su unidad y supervivencia.<\/p>\n\n\n\n<p>Para esos partidarios de la l\u00ednea dura, el Tratado de la Uni\u00f3n fue la gota que colm\u00f3 el vaso. En su opini\u00f3n, Gorbachov hab\u00eda cedido una posici\u00f3n tras otra a las fuerzas centr\u00edfugas. Lanzaron un golpe para impedir la firma del proyecto de tratado el 20 de agosto de 1991. El jefe del KGB, el ministro de Defensa y el primer ministro se unieron a los principales funcionarios del Partido Comunista en un Comit\u00e9 Estatal del Estado de Emergencia autodesignado. Pusieron a Gorbachov y a su familia bajo arresto domiciliario en su casa de vacaciones en la costa de Crimea, llevaron tanques al centro de Mosc\u00fa y confiscaron los centros de radiodifusi\u00f3n.<\/p>\n\n\n\n<p>Gorbachov se neg\u00f3 a ceder sus poderes &#8220;temporalmente&#8221; al &#8220;Comit\u00e9&#8221;. Al no dar a los conspiradores esa hoja de parra constitucional de legitimidad, profundiz\u00f3 las divisiones dentro del ej\u00e9rcito y el KGB. Al mismo tiempo, Yeltsin encabez\u00f3 la resistencia al golpe en Mosc\u00fa, pronunciando un discurso desafiante desde lo alto de un tanque ante decenas de miles de partidarios reunidos frente al edificio de la Casa Blanca de la rep\u00fablica rusa. El intento de golpe de estado fracas\u00f3 en pocos d\u00edas.<\/p>\n\n\n\n<p>Sin embargo, la posici\u00f3n de Gorbachov qued\u00f3 gravemente debilitada y su n\u00e9mesis, Yeltsin, el reci\u00e9n elegido presidente de la rep\u00fablica rusa, explot\u00f3 plenamente su mayor estatura. Gorbachov segu\u00eda tratando de evitar la ruptura total de la Uni\u00f3n Sovi\u00e9tica y estaba dispuesto a conformarse con una confederaci\u00f3n laxa, pero incluso eso se hab\u00eda vuelto inaceptable para el b\u00edblico Yeltsin, que estaba deseoso de evitar cualquier tipo de obst\u00e1culo al mando \u00fanico del Kremlin que ansiaba.<\/p>\n\n\n\n<p>El 1 de diciembre de 1991, Ucrania vot\u00f3 a favor de la independencia. Una semana m\u00e1s tarde, los dirigentes de Rusia, Ucrania y Bielorrusia acordaron unilateralmente disolver la Uni\u00f3n Sovi\u00e9tica y sustituirla por una Comunidad de Estados Independientes. A finales de 1991, la Uni\u00f3n Sovi\u00e9tica formaba parte de la historia, sustituida por 15 nuevos Estados.<\/p>\n\n\n\n<p>En un &#8220;discurso de despedida a los ciudadanos sovi\u00e9ticos&#8221;, el 25 de diciembre de ese a\u00f1o, Gorbachov dimiti\u00f3. Como mayores logros de sus a\u00f1os en el poder, afirm\u00f3 que la sociedad &#8220;se ha liberado pol\u00edtica y espiritualmente&#8221; y que &#8220;se ha puesto fin a la Guerra Fr\u00eda, a la carrera armament\u00edstica y a la demencial militarizaci\u00f3n de nuestro pa\u00eds, que paraliz\u00f3 nuestra econom\u00eda, distorsion\u00f3 nuestro pensamiento y min\u00f3 nuestra moral&#8221;. Y a\u00f1adi\u00f3: &#8220;La amenaza de una guerra mundial ya no existe&#8221;.<\/p>\n\n\n\n<p>Gorbachov ten\u00eda 60 a\u00f1os cuando la Uni\u00f3n Sovi\u00e9tica implosion\u00f3, y segu\u00eda siendo vigoroso. Cre\u00f3 la Fundaci\u00f3n Gorbachov, que desempe\u00f1\u00f3 un papel \u00fatil como grupo de reflexi\u00f3n independiente en la Rusia postsovi\u00e9tica, ayudando a sostener un pluralismo pol\u00edtico amenazado que distaba mucho de ser una democracia reconocible. Uno de sus grandes pesares fue no haber podido establecer un fuerte movimiento socialdem\u00f3crata en la Rusia postsovi\u00e9tica.<\/p>\n\n\n\n<p>Sigui\u00f3 siendo alabado en todo el mundo occidental y se dirigi\u00f3 a audiencias repletas en Gran Breta\u00f1a, Estados Unidos y muchos otros pa\u00edses. Utiliz\u00f3 los ingresos de las giras de conferencias y de sus apariciones en anuncios de Pizza Hut y Louis Vuitton para financiar su fundaci\u00f3n. Sin embargo, en su pa\u00eds fue objeto de numerosos ataques por parte de Yeltsin y durante un tiempo se restringi\u00f3 su derecho a viajar al extranjero. Se le permiti\u00f3 poco acceso a la televisi\u00f3n y dej\u00f3 de ser una figura pol\u00edtica influyente.<\/p>\n\n\n\n<p>En contra de los deseos de su esposa y de muchos otros, se present\u00f3 a las elecciones presidenciales rusas de 1996, pero fue ignorado en gran medida por los medios de comunicaci\u00f3n y recibi\u00f3 menos del 1% de los votos en una campa\u00f1a presentada como una elecci\u00f3n directa entre Yeltsin y un retorno de comunistas no reconstruidos liderados por Gennady Zyuganov.<\/p>\n\n\n\n<p>Las relaciones de Gorbachov con sus sucesores fueron tensas. A Yeltsin le molestaba que su prestigio en el mundo exterior fuera mayor que el suyo, y Gorbachov no fue incluido en ninguna ceremonia oficial durante la presidencia de Yeltsin. Vladimir Putin y Dmitry Medvedev, por el contrario, invitaron a Gorbachov al Kremlin de vez en cuando, pero en los \u00faltimos a\u00f1os dej\u00f3 clara su preocupaci\u00f3n por la atenuaci\u00f3n de la democracia por parte de Putin.<\/p>\n\n\n\n<p>Escribi\u00f3 varios libros, entre ellos dos vol\u00famenes de memorias, fund\u00f3 la organizaci\u00f3n ecologista Cruz Verde Internacional, presidi\u00f3 el Foro Pol\u00edtico Mundial, una organizaci\u00f3n que reun\u00eda a antiguos l\u00edderes nacionales para debatir los temas importantes del momento, y particip\u00f3 en numerosas conferencias y entrevistas.<\/p>\n\n\n\n<p>S\u00f3lo cuando su esposa enferm\u00f3 de leucemia en 1999, Gorbachov suspendi\u00f3 sus actividades. La llevaron a un importante centro de tratamiento en Alemania y Gorbachov estuvo constantemente junto a su cama, pero all\u00ed muri\u00f3 en septiembre. Devastado, comenz\u00f3 a recaudar fondos para una organizaci\u00f3n ben\u00e9fica para ni\u00f1os con leucemia que su esposa hab\u00eda lanzado mucho antes de que ella misma contrajera la enfermedad. Tambi\u00e9n grab\u00f3 un \u00e1lbum de viejas baladas rom\u00e1nticas rusas que \u00e9l mismo cantaba y que titul\u00f3 Canciones para Raisa.<\/p>\n\n\n\n<p>Gorbachov nunca se recuper\u00f3 del todo de la p\u00e9rdida de su esposa, pero reanud\u00f3 sus viajes y sigui\u00f3 interes\u00e1ndose por los asuntos mundiales. Su \u00fanica hija, Irina, m\u00e9dico de profesi\u00f3n, se convirti\u00f3 en vicepresidente de la Fundaci\u00f3n Gorbachov tras la muerte de su madre. Gorbachov se dedic\u00f3 a ella, a sus dos nietas, Ksenia y Anastasia, y a su \u00fanica bisnieta, Aleksandra, que le sobreviven.<\/p>\n\n\n\n<p>Su reputaci\u00f3n tambi\u00e9n le sobrevive, como intermediario honesto con el que Occidente pod\u00eda hacer negocios. La duraci\u00f3n de su legado es otra cuesti\u00f3n. Bajo el mandato de Putin, Rusia vuelve a caer en el totalitarismo, y la libertad de expresi\u00f3n que Gorbachov introdujo hace 30 a\u00f1os se ha convertido en un recuerdo que se desvanece r\u00e1pidamente.<\/p>\n\n\n\n<p>Mija\u00edl Gorbachov, el \u00faltimo l\u00edder de la Uni\u00f3n Sovi\u00e9tica, naci\u00f3 el 2 de marzo de 1931. Muri\u00f3 tras una larga enfermedad el 30 de agosto de 2022, a los 91 a\u00f1os.             <\/div>\n        <\/div>\n        <br><\/p>\n\n\n<div class=\"wp-block-image\">\n<figure class=\"aligncenter size-full\"><img loading=\"lazy\" decoding=\"async\" width=\"200\" height=\"300\" src=\"https:\/\/elcanillita.info\/press\/images\/2022\/09\/gorby20220903_v2-2.jpg\" alt=\"\" class=\"wp-image-2858\"\/><\/figure>\n<\/div>\n\n\n<p><br><small>\u00a9 2022 ElCanillita.info &#8211; PictureLibrary.Club &#8211; Editado por Guzzo Photos &amp; Graphic Publications. Derechos Reservados<\/small><\/p>\n","protected":false},"excerpt":{"rendered":"<p>Entre 1985 y 1991 &#8220;Gorby&#8221;, como se le conoc\u00eda cari\u00f1osamente en Occidente, presidi\u00f3 no s\u00f3lo el colapso de la URSS y del comunismo sovi\u00e9tico, sino tambi\u00e9n el fin de la Guerra Fr\u00eda <\/p>\n","protected":false},"author":1,"featured_media":2861,"comment_status":"closed","ping_status":"closed","sticky":false,"template":"","format":"standard","meta":{"footnotes":"","_links_to":"","_links_to_target":""},"categories":[47,7],"tags":[49],"class_list":["post-2856","post","type-post","status-publish","format-standard","has-post-thumbnail","hentry","category-etiologia","category-eurasia","tag-rusia","entry","double"],"yoast_head":"<!-- This site is optimized with the Yoast SEO plugin v27.4 - https:\/\/yoast.com\/product\/yoast-seo-wordpress\/ -->\n<title>El \u00faltimo l\u00edder de la Uni\u00f3n Sovi\u00e9tica - ElCanillita.Info<\/title>\n<meta name=\"description\" content=\"Mija\u00edl Gorbachov, el \u00faltimo l\u00edder de la Uni\u00f3n Sovi\u00e9tica, naci\u00f3 el 2 de marzo de 1931. Muri\u00f3 tras una larga enfermedad el 30 de agosto de 2022, a los 91 a\u00f1os.\" \/>\n<meta name=\"robots\" content=\"index, follow, max-snippet:-1, max-image-preview:large, max-video-preview:-1\" \/>\n<link rel=\"canonical\" href=\"https:\/\/elcanillita.info\/press\/2022\/08\/31\/el-ultimo-lider-de-la-union-sovietica\/\" \/>\n<meta property=\"og:locale\" content=\"es_ES\" \/>\n<meta property=\"og:type\" content=\"article\" \/>\n<meta property=\"og:title\" content=\"El \u00faltimo l\u00edder de la Uni\u00f3n Sovi\u00e9tica - ElCanillita.Info\" \/>\n<meta property=\"og:description\" content=\"Mija\u00edl Gorbachov, el \u00faltimo l\u00edder de la Uni\u00f3n Sovi\u00e9tica, naci\u00f3 el 2 de marzo de 1931. Muri\u00f3 tras una larga enfermedad el 30 de agosto de 2022, a los 91 a\u00f1os.\" \/>\n<meta property=\"og:url\" content=\"https:\/\/elcanillita.info\/press\/2022\/08\/31\/el-ultimo-lider-de-la-union-sovietica\/\" \/>\n<meta property=\"og:site_name\" content=\"ElCanillita.Info\" \/>\n<meta property=\"article:publisher\" content=\"https:\/\/ar-ar.facebook.com\/ElCanillitainfo-114249515285712\/\" \/>\n<meta property=\"article:published_time\" content=\"2022-08-31T22:02:00+00:00\" \/>\n<meta property=\"article:modified_time\" content=\"2022-09-04T16:50:40+00:00\" \/>\n<meta property=\"og:image\" content=\"https:\/\/elcanillita.info\/press\/images\/2022\/08\/gorby20220903hcov.jpg\" \/>\n\t<meta property=\"og:image:width\" content=\"600\" \/>\n\t<meta property=\"og:image:height\" content=\"400\" \/>\n\t<meta property=\"og:image:type\" content=\"image\/jpeg\" \/>\n<meta name=\"author\" content=\"SalaStampa.eu, world press service\" \/>\n<meta name=\"twitter:card\" content=\"summary_large_image\" \/>\n<meta name=\"twitter:label1\" content=\"Escrito por\" \/>\n\t<meta name=\"twitter:data1\" content=\"SalaStampa.eu, world press service\" \/>\n\t<meta name=\"twitter:label2\" content=\"Tiempo de lectura\" \/>\n\t<meta name=\"twitter:data2\" content=\"19 minutos\" \/>\n<script type=\"application\/ld+json\" class=\"yoast-schema-graph\">{\"@context\":\"https:\\\/\\\/schema.org\",\"@graph\":[{\"@type\":\"Article\",\"@id\":\"https:\\\/\\\/elcanillita.info\\\/press\\\/2022\\\/08\\\/31\\\/el-ultimo-lider-de-la-union-sovietica\\\/#article\",\"isPartOf\":{\"@id\":\"https:\\\/\\\/elcanillita.info\\\/press\\\/2022\\\/08\\\/31\\\/el-ultimo-lider-de-la-union-sovietica\\\/\"},\"author\":{\"name\":\"SalaStampa.eu, world press service\",\"@id\":\"https:\\\/\\\/elcanillita.info\\\/press\\\/#\\\/schema\\\/person\\\/7fcb79f38045700919f7da6d97e71ba0\"},\"headline\":\"El \u00faltimo l\u00edder de la Uni\u00f3n Sovi\u00e9tica\",\"datePublished\":\"2022-08-31T22:02:00+00:00\",\"dateModified\":\"2022-09-04T16:50:40+00:00\",\"mainEntityOfPage\":{\"@id\":\"https:\\\/\\\/elcanillita.info\\\/press\\\/2022\\\/08\\\/31\\\/el-ultimo-lider-de-la-union-sovietica\\\/\"},\"wordCount\":4339,\"publisher\":{\"@id\":\"https:\\\/\\\/elcanillita.info\\\/press\\\/#organization\"},\"image\":{\"@id\":\"https:\\\/\\\/elcanillita.info\\\/press\\\/2022\\\/08\\\/31\\\/el-ultimo-lider-de-la-union-sovietica\\\/#primaryimage\"},\"thumbnailUrl\":\"https:\\\/\\\/elcanillita.info\\\/press\\\/images\\\/2022\\\/08\\\/gorby20220903hcov.jpg\",\"keywords\":[\"Rusia\"],\"articleSection\":[\"Etiologia\",\"Eurasia\"],\"inLanguage\":\"es-AR\"},{\"@type\":\"WebPage\",\"@id\":\"https:\\\/\\\/elcanillita.info\\\/press\\\/2022\\\/08\\\/31\\\/el-ultimo-lider-de-la-union-sovietica\\\/\",\"url\":\"https:\\\/\\\/elcanillita.info\\\/press\\\/2022\\\/08\\\/31\\\/el-ultimo-lider-de-la-union-sovietica\\\/\",\"name\":\"El \u00faltimo l\u00edder de la Uni\u00f3n Sovi\u00e9tica - ElCanillita.Info\",\"isPartOf\":{\"@id\":\"https:\\\/\\\/elcanillita.info\\\/press\\\/#website\"},\"primaryImageOfPage\":{\"@id\":\"https:\\\/\\\/elcanillita.info\\\/press\\\/2022\\\/08\\\/31\\\/el-ultimo-lider-de-la-union-sovietica\\\/#primaryimage\"},\"image\":{\"@id\":\"https:\\\/\\\/elcanillita.info\\\/press\\\/2022\\\/08\\\/31\\\/el-ultimo-lider-de-la-union-sovietica\\\/#primaryimage\"},\"thumbnailUrl\":\"https:\\\/\\\/elcanillita.info\\\/press\\\/images\\\/2022\\\/08\\\/gorby20220903hcov.jpg\",\"datePublished\":\"2022-08-31T22:02:00+00:00\",\"dateModified\":\"2022-09-04T16:50:40+00:00\",\"description\":\"Mija\u00edl Gorbachov, el \u00faltimo l\u00edder de la Uni\u00f3n Sovi\u00e9tica, naci\u00f3 el 2 de marzo de 1931. Muri\u00f3 tras una larga enfermedad el 30 de agosto de 2022, a los 91 a\u00f1os.\",\"inLanguage\":\"es-AR\",\"potentialAction\":[{\"@type\":\"ReadAction\",\"target\":[\"https:\\\/\\\/elcanillita.info\\\/press\\\/2022\\\/08\\\/31\\\/el-ultimo-lider-de-la-union-sovietica\\\/\"]}]},{\"@type\":\"ImageObject\",\"inLanguage\":\"es-AR\",\"@id\":\"https:\\\/\\\/elcanillita.info\\\/press\\\/2022\\\/08\\\/31\\\/el-ultimo-lider-de-la-union-sovietica\\\/#primaryimage\",\"url\":\"https:\\\/\\\/elcanillita.info\\\/press\\\/images\\\/2022\\\/08\\\/gorby20220903hcov.jpg\",\"contentUrl\":\"https:\\\/\\\/elcanillita.info\\\/press\\\/images\\\/2022\\\/08\\\/gorby20220903hcov.jpg\",\"width\":600,\"height\":400},{\"@type\":\"WebSite\",\"@id\":\"https:\\\/\\\/elcanillita.info\\\/press\\\/#website\",\"url\":\"https:\\\/\\\/elcanillita.info\\\/press\\\/\",\"name\":\"ElCanillita.Info\",\"description\":\"desde los Apeninos a los Andes\",\"publisher\":{\"@id\":\"https:\\\/\\\/elcanillita.info\\\/press\\\/#organization\"},\"potentialAction\":[{\"@type\":\"SearchAction\",\"target\":{\"@type\":\"EntryPoint\",\"urlTemplate\":\"https:\\\/\\\/elcanillita.info\\\/press\\\/?s={search_term_string}\"},\"query-input\":{\"@type\":\"PropertyValueSpecification\",\"valueRequired\":true,\"valueName\":\"search_term_string\"}}],\"inLanguage\":\"es-AR\"},{\"@type\":\"Organization\",\"@id\":\"https:\\\/\\\/elcanillita.info\\\/press\\\/#organization\",\"name\":\"Guzzo Photos & Graphic Publications\",\"url\":\"https:\\\/\\\/elcanillita.info\\\/press\\\/\",\"logo\":{\"@type\":\"ImageObject\",\"inLanguage\":\"es-AR\",\"@id\":\"https:\\\/\\\/elcanillita.info\\\/press\\\/#\\\/schema\\\/logo\\\/image\\\/\",\"url\":\"https:\\\/\\\/elcanillita.info\\\/press\\\/images\\\/2020\\\/01\\\/cropped-cropped-cropped-elcanillitainfo.png\",\"contentUrl\":\"https:\\\/\\\/elcanillita.info\\\/press\\\/images\\\/2020\\\/01\\\/cropped-cropped-cropped-elcanillitainfo.png\",\"width\":460,\"height\":50,\"caption\":\"Guzzo Photos & Graphic Publications\"},\"image\":{\"@id\":\"https:\\\/\\\/elcanillita.info\\\/press\\\/#\\\/schema\\\/logo\\\/image\\\/\"},\"sameAs\":[\"https:\\\/\\\/ar-ar.facebook.com\\\/ElCanillitainfo-114249515285712\\\/\"]},{\"@type\":\"Person\",\"@id\":\"https:\\\/\\\/elcanillita.info\\\/press\\\/#\\\/schema\\\/person\\\/7fcb79f38045700919f7da6d97e71ba0\",\"name\":\"SalaStampa.eu, world press service\",\"image\":{\"@type\":\"ImageObject\",\"inLanguage\":\"es-AR\",\"@id\":\"https:\\\/\\\/secure.gravatar.com\\\/avatar\\\/c2f0e0d515a107624234994507816ca4724c7199cef73fc8bedebf6931d73888?s=96&d=mm&r=g\",\"url\":\"https:\\\/\\\/secure.gravatar.com\\\/avatar\\\/c2f0e0d515a107624234994507816ca4724c7199cef73fc8bedebf6931d73888?s=96&d=mm&r=g\",\"contentUrl\":\"https:\\\/\\\/secure.gravatar.com\\\/avatar\\\/c2f0e0d515a107624234994507816ca4724c7199cef73fc8bedebf6931d73888?s=96&d=mm&r=g\",\"caption\":\"SalaStampa.eu, world press service\"}}]}<\/script>\n<!-- \/ Yoast SEO plugin. -->","yoast_head_json":{"title":"El \u00faltimo l\u00edder de la Uni\u00f3n Sovi\u00e9tica - ElCanillita.Info","description":"Mija\u00edl Gorbachov, el \u00faltimo l\u00edder de la Uni\u00f3n Sovi\u00e9tica, naci\u00f3 el 2 de marzo de 1931. Muri\u00f3 tras una larga enfermedad el 30 de agosto de 2022, a los 91 a\u00f1os.","robots":{"index":"index","follow":"follow","max-snippet":"max-snippet:-1","max-image-preview":"max-image-preview:large","max-video-preview":"max-video-preview:-1"},"canonical":"https:\/\/elcanillita.info\/press\/2022\/08\/31\/el-ultimo-lider-de-la-union-sovietica\/","og_locale":"es_ES","og_type":"article","og_title":"El \u00faltimo l\u00edder de la Uni\u00f3n Sovi\u00e9tica - ElCanillita.Info","og_description":"Mija\u00edl Gorbachov, el \u00faltimo l\u00edder de la Uni\u00f3n Sovi\u00e9tica, naci\u00f3 el 2 de marzo de 1931. Muri\u00f3 tras una larga enfermedad el 30 de agosto de 2022, a los 91 a\u00f1os.","og_url":"https:\/\/elcanillita.info\/press\/2022\/08\/31\/el-ultimo-lider-de-la-union-sovietica\/","og_site_name":"ElCanillita.Info","article_publisher":"https:\/\/ar-ar.facebook.com\/ElCanillitainfo-114249515285712\/","article_published_time":"2022-08-31T22:02:00+00:00","article_modified_time":"2022-09-04T16:50:40+00:00","og_image":[{"width":600,"height":400,"url":"https:\/\/elcanillita.info\/press\/images\/2022\/08\/gorby20220903hcov.jpg","type":"image\/jpeg"}],"author":"SalaStampa.eu, world press service","twitter_card":"summary_large_image","twitter_misc":{"Escrito por":"SalaStampa.eu, world press service","Tiempo de lectura":"19 minutos"},"schema":{"@context":"https:\/\/schema.org","@graph":[{"@type":"Article","@id":"https:\/\/elcanillita.info\/press\/2022\/08\/31\/el-ultimo-lider-de-la-union-sovietica\/#article","isPartOf":{"@id":"https:\/\/elcanillita.info\/press\/2022\/08\/31\/el-ultimo-lider-de-la-union-sovietica\/"},"author":{"name":"SalaStampa.eu, world press service","@id":"https:\/\/elcanillita.info\/press\/#\/schema\/person\/7fcb79f38045700919f7da6d97e71ba0"},"headline":"El \u00faltimo l\u00edder de la Uni\u00f3n Sovi\u00e9tica","datePublished":"2022-08-31T22:02:00+00:00","dateModified":"2022-09-04T16:50:40+00:00","mainEntityOfPage":{"@id":"https:\/\/elcanillita.info\/press\/2022\/08\/31\/el-ultimo-lider-de-la-union-sovietica\/"},"wordCount":4339,"publisher":{"@id":"https:\/\/elcanillita.info\/press\/#organization"},"image":{"@id":"https:\/\/elcanillita.info\/press\/2022\/08\/31\/el-ultimo-lider-de-la-union-sovietica\/#primaryimage"},"thumbnailUrl":"https:\/\/elcanillita.info\/press\/images\/2022\/08\/gorby20220903hcov.jpg","keywords":["Rusia"],"articleSection":["Etiologia","Eurasia"],"inLanguage":"es-AR"},{"@type":"WebPage","@id":"https:\/\/elcanillita.info\/press\/2022\/08\/31\/el-ultimo-lider-de-la-union-sovietica\/","url":"https:\/\/elcanillita.info\/press\/2022\/08\/31\/el-ultimo-lider-de-la-union-sovietica\/","name":"El \u00faltimo l\u00edder de la Uni\u00f3n Sovi\u00e9tica - ElCanillita.Info","isPartOf":{"@id":"https:\/\/elcanillita.info\/press\/#website"},"primaryImageOfPage":{"@id":"https:\/\/elcanillita.info\/press\/2022\/08\/31\/el-ultimo-lider-de-la-union-sovietica\/#primaryimage"},"image":{"@id":"https:\/\/elcanillita.info\/press\/2022\/08\/31\/el-ultimo-lider-de-la-union-sovietica\/#primaryimage"},"thumbnailUrl":"https:\/\/elcanillita.info\/press\/images\/2022\/08\/gorby20220903hcov.jpg","datePublished":"2022-08-31T22:02:00+00:00","dateModified":"2022-09-04T16:50:40+00:00","description":"Mija\u00edl Gorbachov, el \u00faltimo l\u00edder de la Uni\u00f3n Sovi\u00e9tica, naci\u00f3 el 2 de marzo de 1931. Muri\u00f3 tras una larga enfermedad el 30 de agosto de 2022, a los 91 a\u00f1os.","inLanguage":"es-AR","potentialAction":[{"@type":"ReadAction","target":["https:\/\/elcanillita.info\/press\/2022\/08\/31\/el-ultimo-lider-de-la-union-sovietica\/"]}]},{"@type":"ImageObject","inLanguage":"es-AR","@id":"https:\/\/elcanillita.info\/press\/2022\/08\/31\/el-ultimo-lider-de-la-union-sovietica\/#primaryimage","url":"https:\/\/elcanillita.info\/press\/images\/2022\/08\/gorby20220903hcov.jpg","contentUrl":"https:\/\/elcanillita.info\/press\/images\/2022\/08\/gorby20220903hcov.jpg","width":600,"height":400},{"@type":"WebSite","@id":"https:\/\/elcanillita.info\/press\/#website","url":"https:\/\/elcanillita.info\/press\/","name":"ElCanillita.Info","description":"desde los Apeninos a los Andes","publisher":{"@id":"https:\/\/elcanillita.info\/press\/#organization"},"potentialAction":[{"@type":"SearchAction","target":{"@type":"EntryPoint","urlTemplate":"https:\/\/elcanillita.info\/press\/?s={search_term_string}"},"query-input":{"@type":"PropertyValueSpecification","valueRequired":true,"valueName":"search_term_string"}}],"inLanguage":"es-AR"},{"@type":"Organization","@id":"https:\/\/elcanillita.info\/press\/#organization","name":"Guzzo Photos & Graphic Publications","url":"https:\/\/elcanillita.info\/press\/","logo":{"@type":"ImageObject","inLanguage":"es-AR","@id":"https:\/\/elcanillita.info\/press\/#\/schema\/logo\/image\/","url":"https:\/\/elcanillita.info\/press\/images\/2020\/01\/cropped-cropped-cropped-elcanillitainfo.png","contentUrl":"https:\/\/elcanillita.info\/press\/images\/2020\/01\/cropped-cropped-cropped-elcanillitainfo.png","width":460,"height":50,"caption":"Guzzo Photos & Graphic Publications"},"image":{"@id":"https:\/\/elcanillita.info\/press\/#\/schema\/logo\/image\/"},"sameAs":["https:\/\/ar-ar.facebook.com\/ElCanillitainfo-114249515285712\/"]},{"@type":"Person","@id":"https:\/\/elcanillita.info\/press\/#\/schema\/person\/7fcb79f38045700919f7da6d97e71ba0","name":"SalaStampa.eu, world press service","image":{"@type":"ImageObject","inLanguage":"es-AR","@id":"https:\/\/secure.gravatar.com\/avatar\/c2f0e0d515a107624234994507816ca4724c7199cef73fc8bedebf6931d73888?s=96&d=mm&r=g","url":"https:\/\/secure.gravatar.com\/avatar\/c2f0e0d515a107624234994507816ca4724c7199cef73fc8bedebf6931d73888?s=96&d=mm&r=g","contentUrl":"https:\/\/secure.gravatar.com\/avatar\/c2f0e0d515a107624234994507816ca4724c7199cef73fc8bedebf6931d73888?s=96&d=mm&r=g","caption":"SalaStampa.eu, world press service"}}]}},"views":488,"_links":{"self":[{"href":"https:\/\/elcanillita.info\/press\/wp-json\/wp\/v2\/posts\/2856","targetHints":{"allow":["GET"]}}],"collection":[{"href":"https:\/\/elcanillita.info\/press\/wp-json\/wp\/v2\/posts"}],"about":[{"href":"https:\/\/elcanillita.info\/press\/wp-json\/wp\/v2\/types\/post"}],"author":[{"embeddable":true,"href":"https:\/\/elcanillita.info\/press\/wp-json\/wp\/v2\/users\/1"}],"replies":[{"embeddable":true,"href":"https:\/\/elcanillita.info\/press\/wp-json\/wp\/v2\/comments?post=2856"}],"version-history":[{"count":0,"href":"https:\/\/elcanillita.info\/press\/wp-json\/wp\/v2\/posts\/2856\/revisions"}],"wp:featuredmedia":[{"embeddable":true,"href":"https:\/\/elcanillita.info\/press\/wp-json\/wp\/v2\/media\/2861"}],"wp:attachment":[{"href":"https:\/\/elcanillita.info\/press\/wp-json\/wp\/v2\/media?parent=2856"}],"wp:term":[{"taxonomy":"category","embeddable":true,"href":"https:\/\/elcanillita.info\/press\/wp-json\/wp\/v2\/categories?post=2856"},{"taxonomy":"post_tag","embeddable":true,"href":"https:\/\/elcanillita.info\/press\/wp-json\/wp\/v2\/tags?post=2856"}],"curies":[{"name":"wp","href":"https:\/\/api.w.org\/{rel}","templated":true}]}}