{"id":285,"date":"2020-02-03T09:48:31","date_gmt":"2020-02-03T12:48:31","guid":{"rendered":"https:\/\/elcanillita.info\/press\/?p=285"},"modified":"2020-02-03T09:48:33","modified_gmt":"2020-02-03T12:48:33","slug":"trump-ataca-a-bloomberg-la-campana-del-democrata-lo-califica-de-mentiroso","status":"publish","type":"post","link":"https:\/\/elcanillita.info\/press\/2020\/02\/03\/trump-ataca-a-bloomberg-la-campana-del-democrata-lo-califica-de-mentiroso\/","title":{"rendered":"Trump ataca a Bloomberg; la campa\u00f1a del dem\u00f3crata lo califica de &#8220;mentiroso&#8221;"},"content":{"rendered":"\n<p>Washington, 03.02.2020 &#8211; Con el mundo pol\u00edtico enfocado en Iowa y sus asambleas partidarias (caucus) que dan comienzo a la temporada electoral en Estados Unidos, previo a las elecciones generales de noviembre, el presidente Donald Trump tiene su mente en un aspirante a la nominaci\u00f3n dem\u00f3crata que no participar\u00e1 en los caucus del pol\u00edticamente importante estado.<\/p>\n\n\n\n<p>Trump utiliz\u00f3 parte de una entrevista previa al Super Bowl con Sean Hannity de Fox New, para criticar a Michael Bloomberg, el ex alcalde de la ciudad de Nueva York que ha cubierto los espacios con anuncios anti-Trump. El presidente republicano y Bloomberg publicar\u00e1n anuncios multimillonarios de duelo durante el juego del domingo por la noche, el mayor evento deportivo del a\u00f1o.<\/p>\n\n\n\n<p>Trump acus\u00f3 a Bloomberg, quien mide 1,72 metros y a quien Trump, de haber haber solicitado un caja para pararse si califica para futuros debates presidenciales. El equipo de campa\u00f1a de Bloomberg&nbsp; lo niega y llama a Trump un \u201cmentiroso\u201d.<\/p>\n\n\n\n<p>&#8220;\u00bfPor qu\u00e9 deber\u00eda conseguir una caja para pararse?&#8221;, Pregunt\u00f3 Trump, seg\u00fan un extracto publicado por Fox. \u201c\u00bfPor qu\u00e9 deber\u00eda tener derecho a eso, realmente? Entonces, \u00bfeso significa que todos los dem\u00e1s reciben una caja?<\/p>\n\n\n\n<p>Trump est\u00e1 &#8220;mintiendo&#8221;, dijo la portavoz de la campa\u00f1a de Bloomberg, Julie Wood.<\/p>\n\n\n\n<p>\u00bfC\u00f3mo se eligen los candidatos presidenciales en Estados Unidos?<\/p>\n\n\n\n<p>&#8220;Es un mentiroso patol\u00f3gico que miente sobre todo: su cabello falso, su obesidad y su bronceado en spray&#8221;, a\u00f1adi\u00f3.<\/p>\n\n\n\n<p>La campa\u00f1a de Trump no respondi\u00f3 de inmediato a las preguntas sobre la acusaci\u00f3n de que estaba mintiendo, pero la portavoz Kayleigh McEnany tuite\u00f3 que &#8220;alguien parece estar a la defensiva\u2026&#8221;<\/p>\n\n\n\n<p>El ir y venir subray\u00f3 cu\u00e1n pol\u00e9mica ya se ha vuelto la elecci\u00f3n, con los dem\u00f3cratas lejos de decidirse por su nominado.<\/p>\n\n\n\n<p>La entrevista completa de Trump estaba programada para emitirse el domingo por la tarde.<\/p>\n\n\n\n<p>Trump ya hab\u00eda lanzado una serie de tweets anti-Bloomberg el domingo temprano, llamando al multimillonario &#8220;parte de las noticias falsas&#8221; e insistiendo en que &#8220;no ir\u00e1 a ninguna parte&#8221; y &#8220;solo malgastar\u00e1 su dinero&#8221;, a pesar de su aumento en las encuestas.<\/p>\n\n\n\n<p>Bloomberg respondi\u00f3 con su propio comentario: \u201cParece que nuestros anuncios te mantienen despierto por la noche. Tenemos uno en particular que deber\u00edas ver hoy&#8221;.&nbsp;<\/p>\n\n\n\n<p>El spot de 60 segundos de Bloomberg se centrar\u00e1 en el impacto de la violencia armada.<\/p>\n\n\n\n<p>Trump pas\u00f3 su fin de semana en Palm Beach, Florida, donde ha estado jugando al golf y mezcl\u00e1ndose con invitados en su club privado Mar-a-Lago. El s\u00e1bado por la noche, asisti\u00f3 a un evento organizado por el club de fans &#8220;Trumpettes&#8221;.<\/p>\n\n\n\n<p>&#8220;Acabamos de tener nuestros mejores n\u00fameros de encuestas que hemos tenido&#8221;, dijo Trump en sus comentarios, seg\u00fan un video publicado en las redes sociales. Tambi\u00e9n elogi\u00f3 al cantante Lee Greenwood, cuya canci\u00f3n &#8220;Orgulloso de ser estadounidense&#8221; se reproduce cada vez que Trump sube al escenario en sus manifestaciones.&nbsp;<\/p>\n\n\n\n<p>Seg\u00fan fotograf\u00edas en los medios, el actor Stephen Baldwin y el hijo mayor de Trump, Donald Trump Jr. tambi\u00e9n estuvieron presentes.<\/p>\n\n\n\n<p>Se espera que el presidente participe en su fiesta anual para ver el Super Bowl en Florida antes de regresar a Washington el domingo por la noche.<br><br><small>2020 voanoticias \u2013 salastampa.eu, afiliada a la red Broadcasting Board of Governors \u00a9 2020 BBG<\/small><\/p>\n\n\n\n<p><\/p>\n","protected":false},"excerpt":{"rendered":"<p>Washington, 03.02.2020 &#8211; Con el mundo pol\u00edtico enfocado en Iowa y sus asambleas partidarias (caucus) que dan comienzo a la temporada electoral en Estados Unidos, previo a las elecciones generales de noviembre, el presidente Donald Trump tiene su mente en un aspirante a la nominaci\u00f3n dem\u00f3crata que no participar\u00e1 en los caucus del pol\u00edticamente importante estado.<\/p>\n","protected":false},"author":1,"featured_media":0,"comment_status":"closed","ping_status":"closed","sticky":false,"template":"","format":"standard","meta":{"footnotes":"","_links_to":"","_links_to_target":""},"categories":[9,23,25],"tags":[34],"class_list":["post-285","post","type-post","status-publish","format-standard","hentry","category-america-del-norte","category-politica","category-sociedad","tag-estados-unidos","entry","double"],"yoast_head":"<!-- This site is optimized with the Yoast SEO plugin v27.4 - https:\/\/yoast.com\/product\/yoast-seo-wordpress\/ -->\n<title>Trump ataca a Bloomberg; la campa\u00f1a del dem\u00f3crata lo califica de &quot;mentiroso&quot; - ElCanillita.Info<\/title>\n<meta name=\"robots\" content=\"index, follow, max-snippet:-1, max-image-preview:large, max-video-preview:-1\" \/>\n<link rel=\"canonical\" href=\"https:\/\/elcanillita.info\/press\/2020\/02\/03\/trump-ataca-a-bloomberg-la-campana-del-democrata-lo-califica-de-mentiroso\/\" \/>\n<meta property=\"og:locale\" content=\"es_ES\" \/>\n<meta property=\"og:type\" content=\"article\" \/>\n<meta property=\"og:title\" content=\"Trump ataca a Bloomberg; la campa\u00f1a del dem\u00f3crata lo califica de &quot;mentiroso&quot; - ElCanillita.Info\" \/>\n<meta property=\"og:description\" content=\"Washington, 03.02.2020 - Con el mundo pol\u00edtico enfocado en Iowa y sus asambleas partidarias (caucus) que dan comienzo a la temporada electoral en Estados Unidos, previo a las elecciones generales de noviembre, el presidente Donald Trump tiene su mente en un aspirante a la nominaci\u00f3n dem\u00f3crata que no participar\u00e1 en los caucus del pol\u00edticamente importante estado.\" \/>\n<meta property=\"og:url\" content=\"https:\/\/elcanillita.info\/press\/2020\/02\/03\/trump-ataca-a-bloomberg-la-campana-del-democrata-lo-califica-de-mentiroso\/\" \/>\n<meta property=\"og:site_name\" content=\"ElCanillita.Info\" \/>\n<meta property=\"article:publisher\" content=\"https:\/\/ar-ar.facebook.com\/ElCanillitainfo-114249515285712\/\" \/>\n<meta property=\"article:published_time\" content=\"2020-02-03T12:48:31+00:00\" \/>\n<meta property=\"article:modified_time\" content=\"2020-02-03T12:48:33+00:00\" \/>\n<meta name=\"author\" content=\"SalaStampa.eu, world press service\" \/>\n<meta name=\"twitter:card\" content=\"summary_large_image\" \/>\n<meta name=\"twitter:label1\" content=\"Escrito por\" \/>\n\t<meta name=\"twitter:data1\" content=\"SalaStampa.eu, world press service\" \/>\n\t<meta name=\"twitter:label2\" content=\"Tiempo de lectura\" \/>\n\t<meta name=\"twitter:data2\" content=\"3 minutos\" \/>\n<script type=\"application\/ld+json\" class=\"yoast-schema-graph\">{\"@context\":\"https:\\\/\\\/schema.org\",\"@graph\":[{\"@type\":\"Article\",\"@id\":\"https:\\\/\\\/elcanillita.info\\\/press\\\/2020\\\/02\\\/03\\\/trump-ataca-a-bloomberg-la-campana-del-democrata-lo-califica-de-mentiroso\\\/#article\",\"isPartOf\":{\"@id\":\"https:\\\/\\\/elcanillita.info\\\/press\\\/2020\\\/02\\\/03\\\/trump-ataca-a-bloomberg-la-campana-del-democrata-lo-califica-de-mentiroso\\\/\"},\"author\":{\"name\":\"SalaStampa.eu, world press service\",\"@id\":\"https:\\\/\\\/elcanillita.info\\\/press\\\/#\\\/schema\\\/person\\\/7fcb79f38045700919f7da6d97e71ba0\"},\"headline\":\"Trump ataca a Bloomberg; la campa\u00f1a del dem\u00f3crata lo califica de &#8220;mentiroso&#8221;\",\"datePublished\":\"2020-02-03T12:48:31+00:00\",\"dateModified\":\"2020-02-03T12:48:33+00:00\",\"mainEntityOfPage\":{\"@id\":\"https:\\\/\\\/elcanillita.info\\\/press\\\/2020\\\/02\\\/03\\\/trump-ataca-a-bloomberg-la-campana-del-democrata-lo-califica-de-mentiroso\\\/\"},\"wordCount\":577,\"publisher\":{\"@id\":\"https:\\\/\\\/elcanillita.info\\\/press\\\/#organization\"},\"keywords\":[\"Estados Unidos\"],\"articleSection\":[\"Am\u00e9rica del Norte\",\"Politica\",\"Sociedad\"],\"inLanguage\":\"es-AR\"},{\"@type\":\"WebPage\",\"@id\":\"https:\\\/\\\/elcanillita.info\\\/press\\\/2020\\\/02\\\/03\\\/trump-ataca-a-bloomberg-la-campana-del-democrata-lo-califica-de-mentiroso\\\/\",\"url\":\"https:\\\/\\\/elcanillita.info\\\/press\\\/2020\\\/02\\\/03\\\/trump-ataca-a-bloomberg-la-campana-del-democrata-lo-califica-de-mentiroso\\\/\",\"name\":\"Trump ataca a Bloomberg; la campa\u00f1a del dem\u00f3crata lo califica de \\\"mentiroso\\\" - ElCanillita.Info\",\"isPartOf\":{\"@id\":\"https:\\\/\\\/elcanillita.info\\\/press\\\/#website\"},\"datePublished\":\"2020-02-03T12:48:31+00:00\",\"dateModified\":\"2020-02-03T12:48:33+00:00\",\"inLanguage\":\"es-AR\",\"potentialAction\":[{\"@type\":\"ReadAction\",\"target\":[\"https:\\\/\\\/elcanillita.info\\\/press\\\/2020\\\/02\\\/03\\\/trump-ataca-a-bloomberg-la-campana-del-democrata-lo-califica-de-mentiroso\\\/\"]}]},{\"@type\":\"WebSite\",\"@id\":\"https:\\\/\\\/elcanillita.info\\\/press\\\/#website\",\"url\":\"https:\\\/\\\/elcanillita.info\\\/press\\\/\",\"name\":\"ElCanillita.Info\",\"description\":\"desde los Apeninos a los Andes\",\"publisher\":{\"@id\":\"https:\\\/\\\/elcanillita.info\\\/press\\\/#organization\"},\"potentialAction\":[{\"@type\":\"SearchAction\",\"target\":{\"@type\":\"EntryPoint\",\"urlTemplate\":\"https:\\\/\\\/elcanillita.info\\\/press\\\/?s={search_term_string}\"},\"query-input\":{\"@type\":\"PropertyValueSpecification\",\"valueRequired\":true,\"valueName\":\"search_term_string\"}}],\"inLanguage\":\"es-AR\"},{\"@type\":\"Organization\",\"@id\":\"https:\\\/\\\/elcanillita.info\\\/press\\\/#organization\",\"name\":\"Guzzo Photos & Graphic Publications\",\"url\":\"https:\\\/\\\/elcanillita.info\\\/press\\\/\",\"logo\":{\"@type\":\"ImageObject\",\"inLanguage\":\"es-AR\",\"@id\":\"https:\\\/\\\/elcanillita.info\\\/press\\\/#\\\/schema\\\/logo\\\/image\\\/\",\"url\":\"https:\\\/\\\/elcanillita.info\\\/press\\\/images\\\/2020\\\/01\\\/cropped-cropped-cropped-elcanillitainfo.png\",\"contentUrl\":\"https:\\\/\\\/elcanillita.info\\\/press\\\/images\\\/2020\\\/01\\\/cropped-cropped-cropped-elcanillitainfo.png\",\"width\":460,\"height\":50,\"caption\":\"Guzzo Photos & Graphic Publications\"},\"image\":{\"@id\":\"https:\\\/\\\/elcanillita.info\\\/press\\\/#\\\/schema\\\/logo\\\/image\\\/\"},\"sameAs\":[\"https:\\\/\\\/ar-ar.facebook.com\\\/ElCanillitainfo-114249515285712\\\/\"]},{\"@type\":\"Person\",\"@id\":\"https:\\\/\\\/elcanillita.info\\\/press\\\/#\\\/schema\\\/person\\\/7fcb79f38045700919f7da6d97e71ba0\",\"name\":\"SalaStampa.eu, world press service\",\"image\":{\"@type\":\"ImageObject\",\"inLanguage\":\"es-AR\",\"@id\":\"https:\\\/\\\/secure.gravatar.com\\\/avatar\\\/c2f0e0d515a107624234994507816ca4724c7199cef73fc8bedebf6931d73888?s=96&d=mm&r=g\",\"url\":\"https:\\\/\\\/secure.gravatar.com\\\/avatar\\\/c2f0e0d515a107624234994507816ca4724c7199cef73fc8bedebf6931d73888?s=96&d=mm&r=g\",\"contentUrl\":\"https:\\\/\\\/secure.gravatar.com\\\/avatar\\\/c2f0e0d515a107624234994507816ca4724c7199cef73fc8bedebf6931d73888?s=96&d=mm&r=g\",\"caption\":\"SalaStampa.eu, world press service\"}}]}<\/script>\n<!-- \/ Yoast SEO plugin. -->","yoast_head_json":{"title":"Trump ataca a Bloomberg; la campa\u00f1a del dem\u00f3crata lo califica de \"mentiroso\" - ElCanillita.Info","robots":{"index":"index","follow":"follow","max-snippet":"max-snippet:-1","max-image-preview":"max-image-preview:large","max-video-preview":"max-video-preview:-1"},"canonical":"https:\/\/elcanillita.info\/press\/2020\/02\/03\/trump-ataca-a-bloomberg-la-campana-del-democrata-lo-califica-de-mentiroso\/","og_locale":"es_ES","og_type":"article","og_title":"Trump ataca a Bloomberg; la campa\u00f1a del dem\u00f3crata lo califica de \"mentiroso\" - ElCanillita.Info","og_description":"Washington, 03.02.2020 - Con el mundo pol\u00edtico enfocado en Iowa y sus asambleas partidarias (caucus) que dan comienzo a la temporada electoral en Estados Unidos, previo a las elecciones generales de noviembre, el presidente Donald Trump tiene su mente en un aspirante a la nominaci\u00f3n dem\u00f3crata que no participar\u00e1 en los caucus del pol\u00edticamente importante estado.","og_url":"https:\/\/elcanillita.info\/press\/2020\/02\/03\/trump-ataca-a-bloomberg-la-campana-del-democrata-lo-califica-de-mentiroso\/","og_site_name":"ElCanillita.Info","article_publisher":"https:\/\/ar-ar.facebook.com\/ElCanillitainfo-114249515285712\/","article_published_time":"2020-02-03T12:48:31+00:00","article_modified_time":"2020-02-03T12:48:33+00:00","author":"SalaStampa.eu, world press service","twitter_card":"summary_large_image","twitter_misc":{"Escrito por":"SalaStampa.eu, world press service","Tiempo de lectura":"3 minutos"},"schema":{"@context":"https:\/\/schema.org","@graph":[{"@type":"Article","@id":"https:\/\/elcanillita.info\/press\/2020\/02\/03\/trump-ataca-a-bloomberg-la-campana-del-democrata-lo-califica-de-mentiroso\/#article","isPartOf":{"@id":"https:\/\/elcanillita.info\/press\/2020\/02\/03\/trump-ataca-a-bloomberg-la-campana-del-democrata-lo-califica-de-mentiroso\/"},"author":{"name":"SalaStampa.eu, world press service","@id":"https:\/\/elcanillita.info\/press\/#\/schema\/person\/7fcb79f38045700919f7da6d97e71ba0"},"headline":"Trump ataca a Bloomberg; la campa\u00f1a del dem\u00f3crata lo califica de &#8220;mentiroso&#8221;","datePublished":"2020-02-03T12:48:31+00:00","dateModified":"2020-02-03T12:48:33+00:00","mainEntityOfPage":{"@id":"https:\/\/elcanillita.info\/press\/2020\/02\/03\/trump-ataca-a-bloomberg-la-campana-del-democrata-lo-califica-de-mentiroso\/"},"wordCount":577,"publisher":{"@id":"https:\/\/elcanillita.info\/press\/#organization"},"keywords":["Estados Unidos"],"articleSection":["Am\u00e9rica del Norte","Politica","Sociedad"],"inLanguage":"es-AR"},{"@type":"WebPage","@id":"https:\/\/elcanillita.info\/press\/2020\/02\/03\/trump-ataca-a-bloomberg-la-campana-del-democrata-lo-califica-de-mentiroso\/","url":"https:\/\/elcanillita.info\/press\/2020\/02\/03\/trump-ataca-a-bloomberg-la-campana-del-democrata-lo-califica-de-mentiroso\/","name":"Trump ataca a Bloomberg; la campa\u00f1a del dem\u00f3crata lo califica de \"mentiroso\" - ElCanillita.Info","isPartOf":{"@id":"https:\/\/elcanillita.info\/press\/#website"},"datePublished":"2020-02-03T12:48:31+00:00","dateModified":"2020-02-03T12:48:33+00:00","inLanguage":"es-AR","potentialAction":[{"@type":"ReadAction","target":["https:\/\/elcanillita.info\/press\/2020\/02\/03\/trump-ataca-a-bloomberg-la-campana-del-democrata-lo-califica-de-mentiroso\/"]}]},{"@type":"WebSite","@id":"https:\/\/elcanillita.info\/press\/#website","url":"https:\/\/elcanillita.info\/press\/","name":"ElCanillita.Info","description":"desde los Apeninos a los Andes","publisher":{"@id":"https:\/\/elcanillita.info\/press\/#organization"},"potentialAction":[{"@type":"SearchAction","target":{"@type":"EntryPoint","urlTemplate":"https:\/\/elcanillita.info\/press\/?s={search_term_string}"},"query-input":{"@type":"PropertyValueSpecification","valueRequired":true,"valueName":"search_term_string"}}],"inLanguage":"es-AR"},{"@type":"Organization","@id":"https:\/\/elcanillita.info\/press\/#organization","name":"Guzzo Photos & Graphic Publications","url":"https:\/\/elcanillita.info\/press\/","logo":{"@type":"ImageObject","inLanguage":"es-AR","@id":"https:\/\/elcanillita.info\/press\/#\/schema\/logo\/image\/","url":"https:\/\/elcanillita.info\/press\/images\/2020\/01\/cropped-cropped-cropped-elcanillitainfo.png","contentUrl":"https:\/\/elcanillita.info\/press\/images\/2020\/01\/cropped-cropped-cropped-elcanillitainfo.png","width":460,"height":50,"caption":"Guzzo Photos & Graphic Publications"},"image":{"@id":"https:\/\/elcanillita.info\/press\/#\/schema\/logo\/image\/"},"sameAs":["https:\/\/ar-ar.facebook.com\/ElCanillitainfo-114249515285712\/"]},{"@type":"Person","@id":"https:\/\/elcanillita.info\/press\/#\/schema\/person\/7fcb79f38045700919f7da6d97e71ba0","name":"SalaStampa.eu, world press service","image":{"@type":"ImageObject","inLanguage":"es-AR","@id":"https:\/\/secure.gravatar.com\/avatar\/c2f0e0d515a107624234994507816ca4724c7199cef73fc8bedebf6931d73888?s=96&d=mm&r=g","url":"https:\/\/secure.gravatar.com\/avatar\/c2f0e0d515a107624234994507816ca4724c7199cef73fc8bedebf6931d73888?s=96&d=mm&r=g","contentUrl":"https:\/\/secure.gravatar.com\/avatar\/c2f0e0d515a107624234994507816ca4724c7199cef73fc8bedebf6931d73888?s=96&d=mm&r=g","caption":"SalaStampa.eu, world press service"}}]}},"views":632,"_links":{"self":[{"href":"https:\/\/elcanillita.info\/press\/wp-json\/wp\/v2\/posts\/285","targetHints":{"allow":["GET"]}}],"collection":[{"href":"https:\/\/elcanillita.info\/press\/wp-json\/wp\/v2\/posts"}],"about":[{"href":"https:\/\/elcanillita.info\/press\/wp-json\/wp\/v2\/types\/post"}],"author":[{"embeddable":true,"href":"https:\/\/elcanillita.info\/press\/wp-json\/wp\/v2\/users\/1"}],"replies":[{"embeddable":true,"href":"https:\/\/elcanillita.info\/press\/wp-json\/wp\/v2\/comments?post=285"}],"version-history":[{"count":0,"href":"https:\/\/elcanillita.info\/press\/wp-json\/wp\/v2\/posts\/285\/revisions"}],"wp:attachment":[{"href":"https:\/\/elcanillita.info\/press\/wp-json\/wp\/v2\/media?parent=285"}],"wp:term":[{"taxonomy":"category","embeddable":true,"href":"https:\/\/elcanillita.info\/press\/wp-json\/wp\/v2\/categories?post=285"},{"taxonomy":"post_tag","embeddable":true,"href":"https:\/\/elcanillita.info\/press\/wp-json\/wp\/v2\/tags?post=285"}],"curies":[{"name":"wp","href":"https:\/\/api.w.org\/{rel}","templated":true}]}}