{"id":2805,"date":"2022-08-27T05:01:30","date_gmt":"2022-08-27T08:01:30","guid":{"rendered":"https:\/\/elcanillita.info\/press\/?p=2805"},"modified":"2022-08-27T05:01:32","modified_gmt":"2022-08-27T08:01:32","slug":"mafiosos-y-golpistas","status":"publish","type":"post","link":"https:\/\/elcanillita.info\/press\/2022\/08\/27\/mafiosos-y-golpistas\/","title":{"rendered":"Mafiosos y golpistas"},"content":{"rendered":"\n<p><strong><small>por Enrique Guillermo Avogadro<\/small><\/strong><\/p>\n\n\n\n<p>Cristina Elisabet Fern\u00e1ndez de Kirchner s\u00f3lo tiene un objetivo -lograr la impunidad para sus m\u00faltiples delitos- y, para lograrlo, est\u00e1 dispuesta a incendiar Roma; la comparaci\u00f3n con Ner\u00f3n no es gratuita, ya que el Emperador padec\u00eda una grav\u00edsima enfermedad mental similar a la que, sin duda, afecta a nuestra emperatriz hotelera. Las fuerzas de choque de las que la insana jefa dispone para generar el caos incluyen a \u201csoldaditos\u201d del narcotr\u00e1fico, barrabravas subsidiados, criminales liberados con la excusa del Covid, falsos mapuches y terroristas del Sendero Luminoso peruano y de las FARC\/ELN colombianos, instructores venezolanos, cubanos e iran\u00edes, y anarco-cuentapropistas; esta semana, algunos de sus m\u00e1s energ\u00famenos seguidores han llamado a la \u201cbatalla\u201d (sic) y arrastran a los pobres tan fanatizados que se niegan a reconocerla como responsable de su miseria.<\/p>\n\n\n\n<p>Cuando los fiscales Diego Luciani y Sergio Mola pidieron penas tan severas para la viuda de Kirchner y un grupo de sus c\u00f3mplices, abrieron la caja de Pandora. Pese a que falta mucho para que la sentencia del Tribunal sea emitida, ya que a\u00fan deben hablar los abogados defensores e, inclusive, decir sus \u201c\u00faltimas palabras\u201d los acusados, el aparato medi\u00e1tico del Ejecutivo orden\u00f3 que el \u201cpueblo\u201d salga a bancarla, realice enormes concentraciones y corte las rutas, en una actitud claramente mafiosa y golpista; que ese golpe sea dirigido contra el Poder Judicial, en especial contra la Corte Suprema, no lo hace menos grave a la luz de los preceptos constitucionales. &nbsp;<\/p>\n\n\n\n<p>En su intervenci\u00f3n por YouTube desde su despacho en el Senado \u2013algo habitual en ella pero no por eso menos ilegal- Cristina Fern\u00e1ndez no refut\u00f3 una sola de las demoledoras pruebas que los fiscales exhibieron en el juicio, utiliz\u00f3 bastardamente datos personales tergiversados o falsos para denostar a fiscales y jueces y tratar a Mauricio Macri de delincuente,, confes\u00f3 que su AFI espiaba, acus\u00f3 de corrupto a su marido muerto, neg\u00f3 que su gobierno haya sido una asociaci\u00f3n il\u00edcita y sostuvo que ella ignoraba cuanto suced\u00eda (confesiones de empresarios \u201carrepentidos\u201d, secretarios privados enriquecidos, cuadernos de Oscar Centeno, asociaci\u00f3n inmobiliaria con L\u00e1zaro Ba\u00e9z y bolsos de Jos\u00e9 L\u00f3pez incluidos) en su administraci\u00f3n; o sea, pretendi\u00f3 que no se le puede atribuir \u201cresponsabilidad funcional\u201d.         <div class=\"rmwr-wrapper\" \n             data-id=\"rmwr-69f4a2b18fe69\"\n             data-mode=\"normal\"\n             data-animation=\"fade\"\n             data-duration=\"300\"\n             data-smooth-scroll=\"true\"\n             data-scroll-offset=\"0\">\n            <button \n                type=\"button\"\n                class=\"read-link\" \n                id=\"readlinkrmwr-69f4a2b18fe69\"\n                data-open-text=\"Continuaci\u00f3n...\"\n                data-close-text=\"Replegar pagina\"\n                aria-expanded=\"false\"\n                aria-controls=\"readrmwr-69f4a2b18fe69\"\n                aria-label=\"Continuaci\u00f3n...\"\n            >\n                <span class=\"rmwr-text\">Continuaci\u00f3n...<\/span>\n            <\/button>\n            <div \n                class=\"read_div\" \n                id=\"readrmwr-69f4a2b18fe69\"\n                aria-hidden=\"true\"\n                data-animation=\"fade\"\n                data-duration=\"300\"\n                style=\"display: none;\"\n            >\n                <\/p>\n\n\n\n<p>Fue aplicando precisamente ese concepto que fueron condenados los integrantes de las juntas militares y, desde 2003, con la clara complicidad del entonces Presidente de la Corte Suprema, sentenciados a prisi\u00f3n perpetua infinidad de militares y civiles que <em>\u201chubieran debido saber\u201d<\/em> en raz\u00f3n de su posici\u00f3n en el organigrama estatal durante el Proceso.<\/p>\n\n\n\n<p>Por otra parte, no se puede olvidar que fue la propia Cristina Fern\u00e1ndez, como Convencional Constituyente, quien propuso en Santa Fe, en 1994, agregar al art\u00edculo 36: <em>\u201cAtentar\u00e1 asimismo contra el sistema democr\u00e1tico quien incurriere en grave delito doloso contra el Estado que conlleve enriquecimiento, quedando inhabilitado por el tiempo que las leyes determinen para ocupar cargos o empleos p\u00fablicos\u201d<\/em>.<\/p>\n\n\n\n<p>El hasta ahora denostado peronismo, a cuyos dirigentes ella mand\u00f3 hace poco a suturarse un esf\u00ednter, sali\u00f3 un\u00e1nimemente a respaldarla, preocupado porque la mancha venenosa de la lucha contra la corrupci\u00f3n alcance a sus se\u00f1ores feudales, sean \u00e9stos eternizados gobernadores o gremialistas. Pero la renovada humillaci\u00f3n de esos \u201cmachos alfa\u201d frente a la \u201cabogada exitosa\u201d y sus aspiraciones de impunidad se da en un momento econ\u00f3mico y pol\u00edtico sumamente complicado debido al fracaso del artilugio inventado por ella para ganar en 2019 -hoy una mesa que ha perdido una de sus tres patas- y a la inminencia de las elecciones del pr\u00f3ximo a\u00f1o, en las cuales prev\u00e9n una fuerte derrota del oficialismo nacional.<\/p>\n\n\n\n<p>Si bien todo el revuelo medi\u00e1tico ha servido para enviar el feroz ajuste en la educaci\u00f3n y la salud de Sergio Massa, \u201c<em>el Aceitoso<\/em>\u201d, a las p\u00e1ginas interiores de los diarios, no por ello dejar\u00e1 de sentirse en los bolsillos de la gente, absolutamente harta del despilfarro y de la corrupci\u00f3n del Estado; cuando esa <em>\u201csensaci\u00f3n\u201d <\/em>se agudice, habr\u00e1 que ver si la declamada lealtad a ultranza de estos caciques, que pretenden renovar sus tan infinitos mandatos, no flaquea ante las encuestas que muestran que la mitad de los votantes del Frente para Todos, y todos los no lo son, dice estar convencida de la culpabilidad de Cristina Fern\u00e1ndez.<\/p>\n\n\n\n<p>El canalla que se autopercibe Presidente ven\u00eda violando la Constituci\u00f3n hace tiempo y ahora, al arrogarse el conocimiento de una causa judicial en tr\u00e1mite, algo que tiene expresamente vedado por su art\u00edculo 109, incurri\u00f3 en un nuevo delito. Lleg\u00f3 al colmo cuando dijo algo que ya entr\u00f3 en la historia prostibularia de nuestro pa\u00eds: <em>\u201cNisman se suicid\u00f3, espero que Luciani no haga lo mismo\u201d<\/em>; a nadie llam\u00f3 la atenci\u00f3n que contradijera sus p\u00fablicas y recientes declaraciones sobre el asesinato del Fiscal, porque estamos acostumbrados a su permanente incoherencia, pero s\u00ed que formulara, desde el sill\u00f3n de Rivadavia, una tan clara amenaza al mejor estilo de Don Corleone.<\/p>\n\n\n\n<p>La semana pasada recomend\u00e9 comprar cascos, asegurando que llover\u00edan piedras; con las violentas amenazas que se formulan diariamente y la fuerte agresividad que exhiben ahora los militantes kirchneristas, seguramente me habr\u00e9 quedado corto.<\/p>\n\n\n\n<p>Buenos Aires, 27 Agosto 2022<br><br><small>Copyright \u00a9 2022 ElCanillita.info \/ SalaStampa.Eu \u2013 Derechos Reservados<\/small><\/p>\n\n\n\n<img decoding=\"async\" src=\"https:\/\/elcanillita.info\/press\/images\/2022\/08\/fansar.jpg\" width=\"300px\">\n\n\n\n<p>            <\/div>\n        <\/div>\n        <\/p>\n","protected":false},"excerpt":{"rendered":"<p>Representaci\u00f3n del gran incendio de Roma. Al fondo Ner\u00f3n y las ruinas de la ciudad en llamas, de un cuadro de Karl Theodor von Piloty (1861 ca.).<\/p>\n","protected":false},"author":1,"featured_media":2806,"comment_status":"closed","ping_status":"closed","sticky":false,"template":"","format":"standard","meta":{"footnotes":"","_links_to":"","_links_to_target":""},"categories":[11,22,25],"tags":[29],"class_list":["post-2805","post","type-post","status-publish","format-standard","has-post-thumbnail","hentry","category-america-del-sur","category-justicia","category-sociedad","tag-argentina","entry","double"],"yoast_head":"<!-- This site is optimized with the Yoast SEO plugin v27.4 - https:\/\/yoast.com\/product\/yoast-seo-wordpress\/ -->\n<title>Mafiosos y golpistas - ElCanillita.Info<\/title>\n<meta name=\"description\" content=\"Cristina Elisabet Fern\u00e1ndez de Kirchner s\u00f3lo tiene un objetivo -lograr la impunidad para sus m\u00faltiples delitos\" \/>\n<meta name=\"robots\" content=\"index, follow, max-snippet:-1, max-image-preview:large, max-video-preview:-1\" \/>\n<link rel=\"canonical\" href=\"https:\/\/elcanillita.info\/press\/2022\/08\/27\/mafiosos-y-golpistas\/\" \/>\n<meta property=\"og:locale\" content=\"es_ES\" \/>\n<meta property=\"og:type\" content=\"article\" \/>\n<meta property=\"og:title\" content=\"Mafiosos y golpistas - ElCanillita.Info\" \/>\n<meta property=\"og:description\" content=\"Cristina Elisabet Fern\u00e1ndez de Kirchner s\u00f3lo tiene un objetivo -lograr la impunidad para sus m\u00faltiples delitos\" \/>\n<meta property=\"og:url\" content=\"https:\/\/elcanillita.info\/press\/2022\/08\/27\/mafiosos-y-golpistas\/\" \/>\n<meta property=\"og:site_name\" content=\"ElCanillita.Info\" \/>\n<meta property=\"article:publisher\" content=\"https:\/\/ar-ar.facebook.com\/ElCanillitainfo-114249515285712\/\" \/>\n<meta property=\"article:published_time\" content=\"2022-08-27T08:01:30+00:00\" \/>\n<meta property=\"article:modified_time\" content=\"2022-08-27T08:01:32+00:00\" \/>\n<meta property=\"og:image\" content=\"https:\/\/elcanillita.info\/press\/images\/2022\/08\/incendio.jpg\" \/>\n\t<meta property=\"og:image:width\" content=\"600\" \/>\n\t<meta property=\"og:image:height\" content=\"444\" \/>\n\t<meta property=\"og:image:type\" content=\"image\/jpeg\" \/>\n<meta name=\"author\" content=\"SalaStampa.eu, world press service\" \/>\n<meta name=\"twitter:card\" content=\"summary_large_image\" \/>\n<meta name=\"twitter:label1\" content=\"Escrito por\" \/>\n\t<meta name=\"twitter:data1\" content=\"SalaStampa.eu, world press service\" \/>\n\t<meta name=\"twitter:label2\" content=\"Tiempo de lectura\" \/>\n\t<meta name=\"twitter:data2\" content=\"5 minutos\" \/>\n<script type=\"application\/ld+json\" class=\"yoast-schema-graph\">{\"@context\":\"https:\\\/\\\/schema.org\",\"@graph\":[{\"@type\":\"Article\",\"@id\":\"https:\\\/\\\/elcanillita.info\\\/press\\\/2022\\\/08\\\/27\\\/mafiosos-y-golpistas\\\/#article\",\"isPartOf\":{\"@id\":\"https:\\\/\\\/elcanillita.info\\\/press\\\/2022\\\/08\\\/27\\\/mafiosos-y-golpistas\\\/\"},\"author\":{\"name\":\"SalaStampa.eu, world press service\",\"@id\":\"https:\\\/\\\/elcanillita.info\\\/press\\\/#\\\/schema\\\/person\\\/7fcb79f38045700919f7da6d97e71ba0\"},\"headline\":\"Mafiosos y golpistas\",\"datePublished\":\"2022-08-27T08:01:30+00:00\",\"dateModified\":\"2022-08-27T08:01:32+00:00\",\"mainEntityOfPage\":{\"@id\":\"https:\\\/\\\/elcanillita.info\\\/press\\\/2022\\\/08\\\/27\\\/mafiosos-y-golpistas\\\/\"},\"wordCount\":911,\"publisher\":{\"@id\":\"https:\\\/\\\/elcanillita.info\\\/press\\\/#organization\"},\"image\":{\"@id\":\"https:\\\/\\\/elcanillita.info\\\/press\\\/2022\\\/08\\\/27\\\/mafiosos-y-golpistas\\\/#primaryimage\"},\"thumbnailUrl\":\"https:\\\/\\\/elcanillita.info\\\/press\\\/images\\\/2022\\\/08\\\/incendio.jpg\",\"keywords\":[\"Argentina\"],\"articleSection\":[\"Am\u00e9rica del Sur\",\"Justicia\",\"Sociedad\"],\"inLanguage\":\"es-AR\"},{\"@type\":\"WebPage\",\"@id\":\"https:\\\/\\\/elcanillita.info\\\/press\\\/2022\\\/08\\\/27\\\/mafiosos-y-golpistas\\\/\",\"url\":\"https:\\\/\\\/elcanillita.info\\\/press\\\/2022\\\/08\\\/27\\\/mafiosos-y-golpistas\\\/\",\"name\":\"Mafiosos y golpistas - ElCanillita.Info\",\"isPartOf\":{\"@id\":\"https:\\\/\\\/elcanillita.info\\\/press\\\/#website\"},\"primaryImageOfPage\":{\"@id\":\"https:\\\/\\\/elcanillita.info\\\/press\\\/2022\\\/08\\\/27\\\/mafiosos-y-golpistas\\\/#primaryimage\"},\"image\":{\"@id\":\"https:\\\/\\\/elcanillita.info\\\/press\\\/2022\\\/08\\\/27\\\/mafiosos-y-golpistas\\\/#primaryimage\"},\"thumbnailUrl\":\"https:\\\/\\\/elcanillita.info\\\/press\\\/images\\\/2022\\\/08\\\/incendio.jpg\",\"datePublished\":\"2022-08-27T08:01:30+00:00\",\"dateModified\":\"2022-08-27T08:01:32+00:00\",\"description\":\"Cristina Elisabet Fern\u00e1ndez de Kirchner s\u00f3lo tiene un objetivo -lograr la impunidad para sus m\u00faltiples delitos\",\"inLanguage\":\"es-AR\",\"potentialAction\":[{\"@type\":\"ReadAction\",\"target\":[\"https:\\\/\\\/elcanillita.info\\\/press\\\/2022\\\/08\\\/27\\\/mafiosos-y-golpistas\\\/\"]}]},{\"@type\":\"ImageObject\",\"inLanguage\":\"es-AR\",\"@id\":\"https:\\\/\\\/elcanillita.info\\\/press\\\/2022\\\/08\\\/27\\\/mafiosos-y-golpistas\\\/#primaryimage\",\"url\":\"https:\\\/\\\/elcanillita.info\\\/press\\\/images\\\/2022\\\/08\\\/incendio.jpg\",\"contentUrl\":\"https:\\\/\\\/elcanillita.info\\\/press\\\/images\\\/2022\\\/08\\\/incendio.jpg\",\"width\":600,\"height\":444},{\"@type\":\"WebSite\",\"@id\":\"https:\\\/\\\/elcanillita.info\\\/press\\\/#website\",\"url\":\"https:\\\/\\\/elcanillita.info\\\/press\\\/\",\"name\":\"ElCanillita.Info\",\"description\":\"desde los Apeninos a los Andes\",\"publisher\":{\"@id\":\"https:\\\/\\\/elcanillita.info\\\/press\\\/#organization\"},\"potentialAction\":[{\"@type\":\"SearchAction\",\"target\":{\"@type\":\"EntryPoint\",\"urlTemplate\":\"https:\\\/\\\/elcanillita.info\\\/press\\\/?s={search_term_string}\"},\"query-input\":{\"@type\":\"PropertyValueSpecification\",\"valueRequired\":true,\"valueName\":\"search_term_string\"}}],\"inLanguage\":\"es-AR\"},{\"@type\":\"Organization\",\"@id\":\"https:\\\/\\\/elcanillita.info\\\/press\\\/#organization\",\"name\":\"Guzzo Photos & Graphic Publications\",\"url\":\"https:\\\/\\\/elcanillita.info\\\/press\\\/\",\"logo\":{\"@type\":\"ImageObject\",\"inLanguage\":\"es-AR\",\"@id\":\"https:\\\/\\\/elcanillita.info\\\/press\\\/#\\\/schema\\\/logo\\\/image\\\/\",\"url\":\"https:\\\/\\\/elcanillita.info\\\/press\\\/images\\\/2020\\\/01\\\/cropped-cropped-cropped-elcanillitainfo.png\",\"contentUrl\":\"https:\\\/\\\/elcanillita.info\\\/press\\\/images\\\/2020\\\/01\\\/cropped-cropped-cropped-elcanillitainfo.png\",\"width\":460,\"height\":50,\"caption\":\"Guzzo Photos & Graphic Publications\"},\"image\":{\"@id\":\"https:\\\/\\\/elcanillita.info\\\/press\\\/#\\\/schema\\\/logo\\\/image\\\/\"},\"sameAs\":[\"https:\\\/\\\/ar-ar.facebook.com\\\/ElCanillitainfo-114249515285712\\\/\"]},{\"@type\":\"Person\",\"@id\":\"https:\\\/\\\/elcanillita.info\\\/press\\\/#\\\/schema\\\/person\\\/7fcb79f38045700919f7da6d97e71ba0\",\"name\":\"SalaStampa.eu, world press service\",\"image\":{\"@type\":\"ImageObject\",\"inLanguage\":\"es-AR\",\"@id\":\"https:\\\/\\\/secure.gravatar.com\\\/avatar\\\/c2f0e0d515a107624234994507816ca4724c7199cef73fc8bedebf6931d73888?s=96&d=mm&r=g\",\"url\":\"https:\\\/\\\/secure.gravatar.com\\\/avatar\\\/c2f0e0d515a107624234994507816ca4724c7199cef73fc8bedebf6931d73888?s=96&d=mm&r=g\",\"contentUrl\":\"https:\\\/\\\/secure.gravatar.com\\\/avatar\\\/c2f0e0d515a107624234994507816ca4724c7199cef73fc8bedebf6931d73888?s=96&d=mm&r=g\",\"caption\":\"SalaStampa.eu, world press service\"}}]}<\/script>\n<!-- \/ Yoast SEO plugin. -->","yoast_head_json":{"title":"Mafiosos y golpistas - ElCanillita.Info","description":"Cristina Elisabet Fern\u00e1ndez de Kirchner s\u00f3lo tiene un objetivo -lograr la impunidad para sus m\u00faltiples delitos","robots":{"index":"index","follow":"follow","max-snippet":"max-snippet:-1","max-image-preview":"max-image-preview:large","max-video-preview":"max-video-preview:-1"},"canonical":"https:\/\/elcanillita.info\/press\/2022\/08\/27\/mafiosos-y-golpistas\/","og_locale":"es_ES","og_type":"article","og_title":"Mafiosos y golpistas - ElCanillita.Info","og_description":"Cristina Elisabet Fern\u00e1ndez de Kirchner s\u00f3lo tiene un objetivo -lograr la impunidad para sus m\u00faltiples delitos","og_url":"https:\/\/elcanillita.info\/press\/2022\/08\/27\/mafiosos-y-golpistas\/","og_site_name":"ElCanillita.Info","article_publisher":"https:\/\/ar-ar.facebook.com\/ElCanillitainfo-114249515285712\/","article_published_time":"2022-08-27T08:01:30+00:00","article_modified_time":"2022-08-27T08:01:32+00:00","og_image":[{"width":600,"height":444,"url":"https:\/\/elcanillita.info\/press\/images\/2022\/08\/incendio.jpg","type":"image\/jpeg"}],"author":"SalaStampa.eu, world press service","twitter_card":"summary_large_image","twitter_misc":{"Escrito por":"SalaStampa.eu, world press service","Tiempo de lectura":"5 minutos"},"schema":{"@context":"https:\/\/schema.org","@graph":[{"@type":"Article","@id":"https:\/\/elcanillita.info\/press\/2022\/08\/27\/mafiosos-y-golpistas\/#article","isPartOf":{"@id":"https:\/\/elcanillita.info\/press\/2022\/08\/27\/mafiosos-y-golpistas\/"},"author":{"name":"SalaStampa.eu, world press service","@id":"https:\/\/elcanillita.info\/press\/#\/schema\/person\/7fcb79f38045700919f7da6d97e71ba0"},"headline":"Mafiosos y golpistas","datePublished":"2022-08-27T08:01:30+00:00","dateModified":"2022-08-27T08:01:32+00:00","mainEntityOfPage":{"@id":"https:\/\/elcanillita.info\/press\/2022\/08\/27\/mafiosos-y-golpistas\/"},"wordCount":911,"publisher":{"@id":"https:\/\/elcanillita.info\/press\/#organization"},"image":{"@id":"https:\/\/elcanillita.info\/press\/2022\/08\/27\/mafiosos-y-golpistas\/#primaryimage"},"thumbnailUrl":"https:\/\/elcanillita.info\/press\/images\/2022\/08\/incendio.jpg","keywords":["Argentina"],"articleSection":["Am\u00e9rica del Sur","Justicia","Sociedad"],"inLanguage":"es-AR"},{"@type":"WebPage","@id":"https:\/\/elcanillita.info\/press\/2022\/08\/27\/mafiosos-y-golpistas\/","url":"https:\/\/elcanillita.info\/press\/2022\/08\/27\/mafiosos-y-golpistas\/","name":"Mafiosos y golpistas - ElCanillita.Info","isPartOf":{"@id":"https:\/\/elcanillita.info\/press\/#website"},"primaryImageOfPage":{"@id":"https:\/\/elcanillita.info\/press\/2022\/08\/27\/mafiosos-y-golpistas\/#primaryimage"},"image":{"@id":"https:\/\/elcanillita.info\/press\/2022\/08\/27\/mafiosos-y-golpistas\/#primaryimage"},"thumbnailUrl":"https:\/\/elcanillita.info\/press\/images\/2022\/08\/incendio.jpg","datePublished":"2022-08-27T08:01:30+00:00","dateModified":"2022-08-27T08:01:32+00:00","description":"Cristina Elisabet Fern\u00e1ndez de Kirchner s\u00f3lo tiene un objetivo -lograr la impunidad para sus m\u00faltiples delitos","inLanguage":"es-AR","potentialAction":[{"@type":"ReadAction","target":["https:\/\/elcanillita.info\/press\/2022\/08\/27\/mafiosos-y-golpistas\/"]}]},{"@type":"ImageObject","inLanguage":"es-AR","@id":"https:\/\/elcanillita.info\/press\/2022\/08\/27\/mafiosos-y-golpistas\/#primaryimage","url":"https:\/\/elcanillita.info\/press\/images\/2022\/08\/incendio.jpg","contentUrl":"https:\/\/elcanillita.info\/press\/images\/2022\/08\/incendio.jpg","width":600,"height":444},{"@type":"WebSite","@id":"https:\/\/elcanillita.info\/press\/#website","url":"https:\/\/elcanillita.info\/press\/","name":"ElCanillita.Info","description":"desde los Apeninos a los Andes","publisher":{"@id":"https:\/\/elcanillita.info\/press\/#organization"},"potentialAction":[{"@type":"SearchAction","target":{"@type":"EntryPoint","urlTemplate":"https:\/\/elcanillita.info\/press\/?s={search_term_string}"},"query-input":{"@type":"PropertyValueSpecification","valueRequired":true,"valueName":"search_term_string"}}],"inLanguage":"es-AR"},{"@type":"Organization","@id":"https:\/\/elcanillita.info\/press\/#organization","name":"Guzzo Photos & Graphic Publications","url":"https:\/\/elcanillita.info\/press\/","logo":{"@type":"ImageObject","inLanguage":"es-AR","@id":"https:\/\/elcanillita.info\/press\/#\/schema\/logo\/image\/","url":"https:\/\/elcanillita.info\/press\/images\/2020\/01\/cropped-cropped-cropped-elcanillitainfo.png","contentUrl":"https:\/\/elcanillita.info\/press\/images\/2020\/01\/cropped-cropped-cropped-elcanillitainfo.png","width":460,"height":50,"caption":"Guzzo Photos & Graphic Publications"},"image":{"@id":"https:\/\/elcanillita.info\/press\/#\/schema\/logo\/image\/"},"sameAs":["https:\/\/ar-ar.facebook.com\/ElCanillitainfo-114249515285712\/"]},{"@type":"Person","@id":"https:\/\/elcanillita.info\/press\/#\/schema\/person\/7fcb79f38045700919f7da6d97e71ba0","name":"SalaStampa.eu, world press service","image":{"@type":"ImageObject","inLanguage":"es-AR","@id":"https:\/\/secure.gravatar.com\/avatar\/c2f0e0d515a107624234994507816ca4724c7199cef73fc8bedebf6931d73888?s=96&d=mm&r=g","url":"https:\/\/secure.gravatar.com\/avatar\/c2f0e0d515a107624234994507816ca4724c7199cef73fc8bedebf6931d73888?s=96&d=mm&r=g","contentUrl":"https:\/\/secure.gravatar.com\/avatar\/c2f0e0d515a107624234994507816ca4724c7199cef73fc8bedebf6931d73888?s=96&d=mm&r=g","caption":"SalaStampa.eu, world press service"}}]}},"views":483,"_links":{"self":[{"href":"https:\/\/elcanillita.info\/press\/wp-json\/wp\/v2\/posts\/2805","targetHints":{"allow":["GET"]}}],"collection":[{"href":"https:\/\/elcanillita.info\/press\/wp-json\/wp\/v2\/posts"}],"about":[{"href":"https:\/\/elcanillita.info\/press\/wp-json\/wp\/v2\/types\/post"}],"author":[{"embeddable":true,"href":"https:\/\/elcanillita.info\/press\/wp-json\/wp\/v2\/users\/1"}],"replies":[{"embeddable":true,"href":"https:\/\/elcanillita.info\/press\/wp-json\/wp\/v2\/comments?post=2805"}],"version-history":[{"count":0,"href":"https:\/\/elcanillita.info\/press\/wp-json\/wp\/v2\/posts\/2805\/revisions"}],"wp:featuredmedia":[{"embeddable":true,"href":"https:\/\/elcanillita.info\/press\/wp-json\/wp\/v2\/media\/2806"}],"wp:attachment":[{"href":"https:\/\/elcanillita.info\/press\/wp-json\/wp\/v2\/media?parent=2805"}],"wp:term":[{"taxonomy":"category","embeddable":true,"href":"https:\/\/elcanillita.info\/press\/wp-json\/wp\/v2\/categories?post=2805"},{"taxonomy":"post_tag","embeddable":true,"href":"https:\/\/elcanillita.info\/press\/wp-json\/wp\/v2\/tags?post=2805"}],"curies":[{"name":"wp","href":"https:\/\/api.w.org\/{rel}","templated":true}]}}