{"id":271,"date":"2020-01-31T14:01:01","date_gmt":"2020-01-31T17:01:01","guid":{"rendered":"https:\/\/elcanillita.info\/press\/?p=271"},"modified":"2020-01-31T14:03:49","modified_gmt":"2020-01-31T17:03:49","slug":"mama-coraje-la-mujer-que-le-abrio-las-puertas-de-su-casa-a-los-caminantes","status":"publish","type":"post","link":"https:\/\/elcanillita.info\/press\/2020\/01\/31\/mama-coraje-la-mujer-que-le-abrio-las-puertas-de-su-casa-a-los-caminantes\/","title":{"rendered":"&#8220;Mam\u00e1 coraje\u201d la mujer que le abri\u00f3 las puertas de su casa a los caminantes"},"content":{"rendered":"\n<p>Ecuador, 31.01.2020 &#8211; A 960 kil\u00f3metros de la frontera con Colombia, vive Carmen Carcel\u00f3n, conocida como \u201cMam\u00e1 coraje\u201d. Su vocaci\u00f3n de servicio la ha llevado a recibir a 12 mil venezolanos migrantes en su propia casa, ubicada en el pueblo ecuatoriano de \u201cEl Chota\u201d, frontera entre Colombia y Ecuador.<\/p>\n\n\n\n<p>Mam\u00e1 coraje apost\u00f3 por la solidaridad, en medio de las tensiones que despu\u00e9s de un tiempo generan algunos procesos migratorios. \u201cHan hecho que estas dos culturas, chocaran por no tener una suficiente informaci\u00f3n, por no prepararnos\u201d, asegura Mam\u00e1 coraje, quien en una carpa construida con donaciones privadas le da alojamiento a los caminantes venezolanos.<\/p>\n\n\n\n<p>Uno de los hu\u00e9spedes de Mam\u00e1 coraje es \u00c1ngel Guaregua, quien emigr\u00f3 de Venezuela luego de desertar del servicio militar y experimentar 15 d\u00edas de arresto por negarse a votar a favor de Nicol\u00e1s Maduro en las elecciones presidenciales de 2013.<\/p>\n\n\n\n<p>\u201cYa me mandaban a hacer cosas que no quer\u00eda y decid\u00ed desertar\u201d, asegur\u00f3 Guaregua, quien tiene 20 d\u00edas caminando y durmiendo a la deriva. Una traves\u00eda que comenz\u00f3 hace dos a\u00f1os, enfretando el fr\u00edo y las penas de cruzar a pie m\u00e1s de 960 kil\u00f3metros para llegar a su destino final en la ciudad ecuatoriana de Babahoyos, donde se reunir\u00e1 con su familia. Asegura que vive con el recuerdo de haber dejado a su peque\u00f1a ni\u00f1a en la capital venezolana.<\/p>\n\n\n\n<p>Mam\u00e1 coraje no solo les ofrece un lugar seguro a los migrantes para descansar, tambi\u00e9n les da \u00e1nimo para que no desfallezcan en su camino hacia los diferentes pa\u00edses de la regi\u00f3n en donde esperan reiniciar una nueva vida.<br><br>\n<small>2020 voanoticias \u2013 salastampa.eu, afiliada a la red Broadcasting Board of Governors \u00a9 2020 BBG<\/small><\/p>\n","protected":false},"excerpt":{"rendered":"<p>Ecuador, 31.01.2020 &#8211; A 960 kil\u00f3metros de la frontera con Colombia, vive Carmen Carcel\u00f3n, conocida como \u201cMam\u00e1 coraje\u201d. Su vocaci\u00f3n de servicio la ha llevado a recibir a 12 mil venezolanos migrantes en su propia casa, ubicada en el pueblo ecuatoriano de \u201cEl Chota\u201d, frontera entre Colombia y Ecuador.<\/p>\n","protected":false},"author":1,"featured_media":0,"comment_status":"closed","ping_status":"closed","sticky":false,"template":"","format":"standard","meta":{"footnotes":"","_links_to":"","_links_to_target":""},"categories":[11,25],"tags":[53],"class_list":["post-271","post","type-post","status-publish","format-standard","hentry","category-america-del-sur","category-sociedad","tag-ecuador","entry","double"],"yoast_head":"<!-- This site is optimized with the Yoast SEO plugin v27.4 - https:\/\/yoast.com\/product\/yoast-seo-wordpress\/ -->\n<title>&quot;Mam\u00e1 coraje\u201d la mujer que le abri\u00f3 las puertas de su casa a los caminantes - ElCanillita.Info<\/title>\n<meta name=\"robots\" content=\"index, follow, max-snippet:-1, max-image-preview:large, max-video-preview:-1\" \/>\n<link rel=\"canonical\" href=\"https:\/\/elcanillita.info\/press\/2020\/01\/31\/mama-coraje-la-mujer-que-le-abrio-las-puertas-de-su-casa-a-los-caminantes\/\" \/>\n<meta property=\"og:locale\" content=\"es_ES\" \/>\n<meta property=\"og:type\" content=\"article\" \/>\n<meta property=\"og:title\" content=\"&quot;Mam\u00e1 coraje\u201d la mujer que le abri\u00f3 las puertas de su casa a los caminantes - ElCanillita.Info\" \/>\n<meta property=\"og:description\" content=\"Ecuador, 31.01.2020 - A 960 kil\u00f3metros de la frontera con Colombia, vive Carmen Carcel\u00f3n, conocida como \u201cMam\u00e1 coraje\u201d. Su vocaci\u00f3n de servicio la ha llevado a recibir a 12 mil venezolanos migrantes en su propia casa, ubicada en el pueblo ecuatoriano de \u201cEl Chota\u201d, frontera entre Colombia y Ecuador.\" \/>\n<meta property=\"og:url\" content=\"https:\/\/elcanillita.info\/press\/2020\/01\/31\/mama-coraje-la-mujer-que-le-abrio-las-puertas-de-su-casa-a-los-caminantes\/\" \/>\n<meta property=\"og:site_name\" content=\"ElCanillita.Info\" \/>\n<meta property=\"article:publisher\" content=\"https:\/\/ar-ar.facebook.com\/ElCanillitainfo-114249515285712\/\" \/>\n<meta property=\"article:published_time\" content=\"2020-01-31T17:01:01+00:00\" \/>\n<meta property=\"article:modified_time\" content=\"2020-01-31T17:03:49+00:00\" \/>\n<meta name=\"author\" content=\"SalaStampa.eu, world press service\" \/>\n<meta name=\"twitter:card\" content=\"summary_large_image\" \/>\n<meta name=\"twitter:label1\" content=\"Escrito por\" \/>\n\t<meta name=\"twitter:data1\" content=\"SalaStampa.eu, world press service\" \/>\n\t<meta name=\"twitter:label2\" content=\"Tiempo de lectura\" \/>\n\t<meta name=\"twitter:data2\" content=\"1 minuto\" \/>\n<script type=\"application\/ld+json\" class=\"yoast-schema-graph\">{\"@context\":\"https:\\\/\\\/schema.org\",\"@graph\":[{\"@type\":\"Article\",\"@id\":\"https:\\\/\\\/elcanillita.info\\\/press\\\/2020\\\/01\\\/31\\\/mama-coraje-la-mujer-que-le-abrio-las-puertas-de-su-casa-a-los-caminantes\\\/#article\",\"isPartOf\":{\"@id\":\"https:\\\/\\\/elcanillita.info\\\/press\\\/2020\\\/01\\\/31\\\/mama-coraje-la-mujer-que-le-abrio-las-puertas-de-su-casa-a-los-caminantes\\\/\"},\"author\":{\"name\":\"SalaStampa.eu, world press service\",\"@id\":\"https:\\\/\\\/elcanillita.info\\\/press\\\/#\\\/schema\\\/person\\\/7fcb79f38045700919f7da6d97e71ba0\"},\"headline\":\"&#8220;Mam\u00e1 coraje\u201d la mujer que le abri\u00f3 las puertas de su casa a los caminantes\",\"datePublished\":\"2020-01-31T17:01:01+00:00\",\"dateModified\":\"2020-01-31T17:03:49+00:00\",\"mainEntityOfPage\":{\"@id\":\"https:\\\/\\\/elcanillita.info\\\/press\\\/2020\\\/01\\\/31\\\/mama-coraje-la-mujer-que-le-abrio-las-puertas-de-su-casa-a-los-caminantes\\\/\"},\"wordCount\":303,\"publisher\":{\"@id\":\"https:\\\/\\\/elcanillita.info\\\/press\\\/#organization\"},\"keywords\":[\"Ecuador\"],\"articleSection\":[\"Am\u00e9rica del Sur\",\"Sociedad\"],\"inLanguage\":\"es-AR\"},{\"@type\":\"WebPage\",\"@id\":\"https:\\\/\\\/elcanillita.info\\\/press\\\/2020\\\/01\\\/31\\\/mama-coraje-la-mujer-que-le-abrio-las-puertas-de-su-casa-a-los-caminantes\\\/\",\"url\":\"https:\\\/\\\/elcanillita.info\\\/press\\\/2020\\\/01\\\/31\\\/mama-coraje-la-mujer-que-le-abrio-las-puertas-de-su-casa-a-los-caminantes\\\/\",\"name\":\"\\\"Mam\u00e1 coraje\u201d la mujer que le abri\u00f3 las puertas de su casa a los caminantes - ElCanillita.Info\",\"isPartOf\":{\"@id\":\"https:\\\/\\\/elcanillita.info\\\/press\\\/#website\"},\"datePublished\":\"2020-01-31T17:01:01+00:00\",\"dateModified\":\"2020-01-31T17:03:49+00:00\",\"inLanguage\":\"es-AR\",\"potentialAction\":[{\"@type\":\"ReadAction\",\"target\":[\"https:\\\/\\\/elcanillita.info\\\/press\\\/2020\\\/01\\\/31\\\/mama-coraje-la-mujer-que-le-abrio-las-puertas-de-su-casa-a-los-caminantes\\\/\"]}]},{\"@type\":\"WebSite\",\"@id\":\"https:\\\/\\\/elcanillita.info\\\/press\\\/#website\",\"url\":\"https:\\\/\\\/elcanillita.info\\\/press\\\/\",\"name\":\"ElCanillita.Info\",\"description\":\"desde los Apeninos a los Andes\",\"publisher\":{\"@id\":\"https:\\\/\\\/elcanillita.info\\\/press\\\/#organization\"},\"potentialAction\":[{\"@type\":\"SearchAction\",\"target\":{\"@type\":\"EntryPoint\",\"urlTemplate\":\"https:\\\/\\\/elcanillita.info\\\/press\\\/?s={search_term_string}\"},\"query-input\":{\"@type\":\"PropertyValueSpecification\",\"valueRequired\":true,\"valueName\":\"search_term_string\"}}],\"inLanguage\":\"es-AR\"},{\"@type\":\"Organization\",\"@id\":\"https:\\\/\\\/elcanillita.info\\\/press\\\/#organization\",\"name\":\"Guzzo Photos & Graphic Publications\",\"url\":\"https:\\\/\\\/elcanillita.info\\\/press\\\/\",\"logo\":{\"@type\":\"ImageObject\",\"inLanguage\":\"es-AR\",\"@id\":\"https:\\\/\\\/elcanillita.info\\\/press\\\/#\\\/schema\\\/logo\\\/image\\\/\",\"url\":\"https:\\\/\\\/elcanillita.info\\\/press\\\/images\\\/2020\\\/01\\\/cropped-cropped-cropped-elcanillitainfo.png\",\"contentUrl\":\"https:\\\/\\\/elcanillita.info\\\/press\\\/images\\\/2020\\\/01\\\/cropped-cropped-cropped-elcanillitainfo.png\",\"width\":460,\"height\":50,\"caption\":\"Guzzo Photos & Graphic Publications\"},\"image\":{\"@id\":\"https:\\\/\\\/elcanillita.info\\\/press\\\/#\\\/schema\\\/logo\\\/image\\\/\"},\"sameAs\":[\"https:\\\/\\\/ar-ar.facebook.com\\\/ElCanillitainfo-114249515285712\\\/\"]},{\"@type\":\"Person\",\"@id\":\"https:\\\/\\\/elcanillita.info\\\/press\\\/#\\\/schema\\\/person\\\/7fcb79f38045700919f7da6d97e71ba0\",\"name\":\"SalaStampa.eu, world press service\",\"image\":{\"@type\":\"ImageObject\",\"inLanguage\":\"es-AR\",\"@id\":\"https:\\\/\\\/secure.gravatar.com\\\/avatar\\\/c2f0e0d515a107624234994507816ca4724c7199cef73fc8bedebf6931d73888?s=96&d=mm&r=g\",\"url\":\"https:\\\/\\\/secure.gravatar.com\\\/avatar\\\/c2f0e0d515a107624234994507816ca4724c7199cef73fc8bedebf6931d73888?s=96&d=mm&r=g\",\"contentUrl\":\"https:\\\/\\\/secure.gravatar.com\\\/avatar\\\/c2f0e0d515a107624234994507816ca4724c7199cef73fc8bedebf6931d73888?s=96&d=mm&r=g\",\"caption\":\"SalaStampa.eu, world press service\"}}]}<\/script>\n<!-- \/ Yoast SEO plugin. -->","yoast_head_json":{"title":"\"Mam\u00e1 coraje\u201d la mujer que le abri\u00f3 las puertas de su casa a los caminantes - ElCanillita.Info","robots":{"index":"index","follow":"follow","max-snippet":"max-snippet:-1","max-image-preview":"max-image-preview:large","max-video-preview":"max-video-preview:-1"},"canonical":"https:\/\/elcanillita.info\/press\/2020\/01\/31\/mama-coraje-la-mujer-que-le-abrio-las-puertas-de-su-casa-a-los-caminantes\/","og_locale":"es_ES","og_type":"article","og_title":"\"Mam\u00e1 coraje\u201d la mujer que le abri\u00f3 las puertas de su casa a los caminantes - ElCanillita.Info","og_description":"Ecuador, 31.01.2020 - A 960 kil\u00f3metros de la frontera con Colombia, vive Carmen Carcel\u00f3n, conocida como \u201cMam\u00e1 coraje\u201d. Su vocaci\u00f3n de servicio la ha llevado a recibir a 12 mil venezolanos migrantes en su propia casa, ubicada en el pueblo ecuatoriano de \u201cEl Chota\u201d, frontera entre Colombia y Ecuador.","og_url":"https:\/\/elcanillita.info\/press\/2020\/01\/31\/mama-coraje-la-mujer-que-le-abrio-las-puertas-de-su-casa-a-los-caminantes\/","og_site_name":"ElCanillita.Info","article_publisher":"https:\/\/ar-ar.facebook.com\/ElCanillitainfo-114249515285712\/","article_published_time":"2020-01-31T17:01:01+00:00","article_modified_time":"2020-01-31T17:03:49+00:00","author":"SalaStampa.eu, world press service","twitter_card":"summary_large_image","twitter_misc":{"Escrito por":"SalaStampa.eu, world press service","Tiempo de lectura":"1 minuto"},"schema":{"@context":"https:\/\/schema.org","@graph":[{"@type":"Article","@id":"https:\/\/elcanillita.info\/press\/2020\/01\/31\/mama-coraje-la-mujer-que-le-abrio-las-puertas-de-su-casa-a-los-caminantes\/#article","isPartOf":{"@id":"https:\/\/elcanillita.info\/press\/2020\/01\/31\/mama-coraje-la-mujer-que-le-abrio-las-puertas-de-su-casa-a-los-caminantes\/"},"author":{"name":"SalaStampa.eu, world press service","@id":"https:\/\/elcanillita.info\/press\/#\/schema\/person\/7fcb79f38045700919f7da6d97e71ba0"},"headline":"&#8220;Mam\u00e1 coraje\u201d la mujer que le abri\u00f3 las puertas de su casa a los caminantes","datePublished":"2020-01-31T17:01:01+00:00","dateModified":"2020-01-31T17:03:49+00:00","mainEntityOfPage":{"@id":"https:\/\/elcanillita.info\/press\/2020\/01\/31\/mama-coraje-la-mujer-que-le-abrio-las-puertas-de-su-casa-a-los-caminantes\/"},"wordCount":303,"publisher":{"@id":"https:\/\/elcanillita.info\/press\/#organization"},"keywords":["Ecuador"],"articleSection":["Am\u00e9rica del Sur","Sociedad"],"inLanguage":"es-AR"},{"@type":"WebPage","@id":"https:\/\/elcanillita.info\/press\/2020\/01\/31\/mama-coraje-la-mujer-que-le-abrio-las-puertas-de-su-casa-a-los-caminantes\/","url":"https:\/\/elcanillita.info\/press\/2020\/01\/31\/mama-coraje-la-mujer-que-le-abrio-las-puertas-de-su-casa-a-los-caminantes\/","name":"\"Mam\u00e1 coraje\u201d la mujer que le abri\u00f3 las puertas de su casa a los caminantes - ElCanillita.Info","isPartOf":{"@id":"https:\/\/elcanillita.info\/press\/#website"},"datePublished":"2020-01-31T17:01:01+00:00","dateModified":"2020-01-31T17:03:49+00:00","inLanguage":"es-AR","potentialAction":[{"@type":"ReadAction","target":["https:\/\/elcanillita.info\/press\/2020\/01\/31\/mama-coraje-la-mujer-que-le-abrio-las-puertas-de-su-casa-a-los-caminantes\/"]}]},{"@type":"WebSite","@id":"https:\/\/elcanillita.info\/press\/#website","url":"https:\/\/elcanillita.info\/press\/","name":"ElCanillita.Info","description":"desde los Apeninos a los Andes","publisher":{"@id":"https:\/\/elcanillita.info\/press\/#organization"},"potentialAction":[{"@type":"SearchAction","target":{"@type":"EntryPoint","urlTemplate":"https:\/\/elcanillita.info\/press\/?s={search_term_string}"},"query-input":{"@type":"PropertyValueSpecification","valueRequired":true,"valueName":"search_term_string"}}],"inLanguage":"es-AR"},{"@type":"Organization","@id":"https:\/\/elcanillita.info\/press\/#organization","name":"Guzzo Photos & Graphic Publications","url":"https:\/\/elcanillita.info\/press\/","logo":{"@type":"ImageObject","inLanguage":"es-AR","@id":"https:\/\/elcanillita.info\/press\/#\/schema\/logo\/image\/","url":"https:\/\/elcanillita.info\/press\/images\/2020\/01\/cropped-cropped-cropped-elcanillitainfo.png","contentUrl":"https:\/\/elcanillita.info\/press\/images\/2020\/01\/cropped-cropped-cropped-elcanillitainfo.png","width":460,"height":50,"caption":"Guzzo Photos & Graphic Publications"},"image":{"@id":"https:\/\/elcanillita.info\/press\/#\/schema\/logo\/image\/"},"sameAs":["https:\/\/ar-ar.facebook.com\/ElCanillitainfo-114249515285712\/"]},{"@type":"Person","@id":"https:\/\/elcanillita.info\/press\/#\/schema\/person\/7fcb79f38045700919f7da6d97e71ba0","name":"SalaStampa.eu, world press service","image":{"@type":"ImageObject","inLanguage":"es-AR","@id":"https:\/\/secure.gravatar.com\/avatar\/c2f0e0d515a107624234994507816ca4724c7199cef73fc8bedebf6931d73888?s=96&d=mm&r=g","url":"https:\/\/secure.gravatar.com\/avatar\/c2f0e0d515a107624234994507816ca4724c7199cef73fc8bedebf6931d73888?s=96&d=mm&r=g","contentUrl":"https:\/\/secure.gravatar.com\/avatar\/c2f0e0d515a107624234994507816ca4724c7199cef73fc8bedebf6931d73888?s=96&d=mm&r=g","caption":"SalaStampa.eu, world press service"}}]}},"views":811,"_links":{"self":[{"href":"https:\/\/elcanillita.info\/press\/wp-json\/wp\/v2\/posts\/271","targetHints":{"allow":["GET"]}}],"collection":[{"href":"https:\/\/elcanillita.info\/press\/wp-json\/wp\/v2\/posts"}],"about":[{"href":"https:\/\/elcanillita.info\/press\/wp-json\/wp\/v2\/types\/post"}],"author":[{"embeddable":true,"href":"https:\/\/elcanillita.info\/press\/wp-json\/wp\/v2\/users\/1"}],"replies":[{"embeddable":true,"href":"https:\/\/elcanillita.info\/press\/wp-json\/wp\/v2\/comments?post=271"}],"version-history":[{"count":0,"href":"https:\/\/elcanillita.info\/press\/wp-json\/wp\/v2\/posts\/271\/revisions"}],"wp:attachment":[{"href":"https:\/\/elcanillita.info\/press\/wp-json\/wp\/v2\/media?parent=271"}],"wp:term":[{"taxonomy":"category","embeddable":true,"href":"https:\/\/elcanillita.info\/press\/wp-json\/wp\/v2\/categories?post=271"},{"taxonomy":"post_tag","embeddable":true,"href":"https:\/\/elcanillita.info\/press\/wp-json\/wp\/v2\/tags?post=271"}],"curies":[{"name":"wp","href":"https:\/\/api.w.org\/{rel}","templated":true}]}}