{"id":269,"date":"2020-01-31T13:48:14","date_gmt":"2020-01-31T16:48:14","guid":{"rendered":"https:\/\/elcanillita.info\/press\/?p=269"},"modified":"2020-01-31T13:50:25","modified_gmt":"2020-01-31T16:50:25","slug":"colombia-busca-caminos-para-extraditar-a-una-excongresista-desde-venezuela","status":"publish","type":"post","link":"https:\/\/elcanillita.info\/press\/2020\/01\/31\/colombia-busca-caminos-para-extraditar-a-una-excongresista-desde-venezuela\/","title":{"rendered":"Colombia busca caminos para extraditar a una excongresista desde Venezuela"},"content":{"rendered":"\n<p>Bogota, 31.01.2020 &#8211;  La captura en territorio venezolano de una excongresista colombiana pr\u00f3fuga de la justicia ha motivado un nuevo enfrentamiento entre el presidente de Colombia, Iv\u00e1n Duque, y el gobierno en disputa de Nicol\u00e1s Maduro, en Venezuela.<\/p>\n\n\n\n<p>Aida Merlano, quien est\u00e1 condenada en Colombia a 15 a\u00f1os de prisi\u00f3n por corrupci\u00f3n, fue capturada en el estado Zulia, en Venezuela, esta semana y un proceso regular de extradici\u00f3n se ha complicado por la falta de relaciones diplom\u00e1ticas entre ambos pa\u00edses.<\/p>\n\n\n\n<p>Maduro se burl\u00f3 del anunci\u00f3 del gobierno de Colombia de que solicitar\u00e1 al presidente encargado de Venezuela, Juan Guaid\u00f3, la extradici\u00f3n de Merlano, e incluso ofreci\u00f3 restablecer las relaciones consulares.<\/p>\n\n\n\n<p>Duque respondi\u00f3 recordando que fue el gobierno de Maduro el que expuls\u00f3 a los diplom\u00e1ticos colombianos.<\/p>\n\n\n\n<p>\u201cFue en febrero que rompi\u00f3 relaciones diplom\u00e1ticas y pol\u00edticas con Colombia; entonces que ahora no venga la dictadura de Venezuela a tratar de escudarse en argumentos que no son\u201d, declar\u00f3 el presidente colombiano, e insisti\u00f3 en que el \u00fanico gobierno leg\u00edtimo de Venezuela es el encabezado por Guaid\u00f3.<\/p>\n\n\n\n<p>Escalan tensiones entre Colombia y Venezuela tras detenci\u00f3n de exsenadora colombiana<\/p>\n\n\n\n<p>A pesar de ello, expertos consultados por la Voz de Am\u00e9rica se\u00f1alan que Colombia debe intentar un acercamiento con el gobierno de Venezuela, a pesar de la falta de relaciones diplom\u00e1ticas.<\/p>\n\n\n\n<p>El excanciller colombiano Julio Londo\u00f1o Paredes record\u00f3 que este margen de maniobrabilidad se ha mantenido por otros pa\u00edses en situaciones \u00e1lgidas de sus relaciones diplom\u00e1ticas, como en los casos de Cuba y Estados Unidos o Israel y Palestina.<\/p>\n\n\n\n<p>\u201cIndependientemente del restablecimiento o no de las relaciones, que es un asunto de car\u00e1cter pol\u00edtico, meditado y analizado y respaldado por varios pa\u00edses, siempre en la crisis, en las situaciones m\u00e1s complicadas entre los estados se establecen contactos, se establecen l\u00edneas de acci\u00f3n\u201d, explic\u00f3 el exdiplom\u00e1tico colombiano.<\/p>\n\n\n\n<p>La postura del gobierno colombiano ha despertado cr\u00edticas desde sectores de oposici\u00f3n en el pa\u00eds. Para el senador Armando Benedetti, este nuevo enfrentamiento diplom\u00e1tico demuestra los errores que ha cometido el gobierno de Iv\u00e1n Duque al buscar popularidad en el pa\u00eds mediante el protagonismo internacional.<\/p>\n\n\n\n<p>\u201cCon la Captura de Aida Merlano en Venezuela se da una paradoja debido a unas equivocaciones del gobierno con el gobierno de Venezuela. Ah\u00ed devela lo malo que es buscar o tener un protagonismo o hacer pol\u00edtica, con la pol\u00edtica exterior\u201d, se\u00f1al\u00f3 el congresista colombiano.<\/p>\n\n\n\n<p>Ante la encrucijada diplom\u00e1tica, el gobierno de Iv\u00e1n Duque se\u00f1al\u00f3 que buscar\u00e1 la deportaci\u00f3n de la excongresista Merlano a trav\u00e9s de la polic\u00eda internacional Interpol.<\/p>\n\n\n\n<p>Abogado explica que exsenadora colombiana debi\u00f3 ser entregada a trav\u00e9s de Interpol<br><br>\n<small>2020 voanoticias \u2013 salastampa.eu, afiliada a la red Broadcasting Board of Governors \u00a9 2020 BBG<\/small><\/p>\n","protected":false},"excerpt":{"rendered":"<p>Bogota, 31.01.2020 &#8211;  La captura en territorio venezolano de una excongresista colombiana pr\u00f3fuga de la justicia ha motivado un nuevo enfrentamiento entre el presidente de Colombia, Iv\u00e1n Duque, y el gobierno en disputa de Nicol\u00e1s Maduro, en Venezuela.<\/p>\n","protected":false},"author":1,"featured_media":0,"comment_status":"closed","ping_status":"closed","sticky":false,"template":"","format":"standard","meta":{"footnotes":"","_links_to":"","_links_to_target":""},"categories":[11,23,25],"tags":[44],"class_list":["post-269","post","type-post","status-publish","format-standard","hentry","category-america-del-sur","category-politica","category-sociedad","tag-colombia","entry","double"],"yoast_head":"<!-- This site is optimized with the Yoast SEO plugin v27.4 - https:\/\/yoast.com\/product\/yoast-seo-wordpress\/ -->\n<title>Colombia busca caminos para extraditar a una excongresista desde Venezuela - ElCanillita.Info<\/title>\n<meta name=\"robots\" content=\"index, follow, max-snippet:-1, max-image-preview:large, max-video-preview:-1\" \/>\n<link rel=\"canonical\" href=\"https:\/\/elcanillita.info\/press\/2020\/01\/31\/colombia-busca-caminos-para-extraditar-a-una-excongresista-desde-venezuela\/\" \/>\n<meta property=\"og:locale\" content=\"es_ES\" \/>\n<meta property=\"og:type\" content=\"article\" \/>\n<meta property=\"og:title\" content=\"Colombia busca caminos para extraditar a una excongresista desde Venezuela - ElCanillita.Info\" \/>\n<meta property=\"og:description\" content=\"Bogota, 31.01.2020 - La captura en territorio venezolano de una excongresista colombiana pr\u00f3fuga de la justicia ha motivado un nuevo enfrentamiento entre el presidente de Colombia, Iv\u00e1n Duque, y el gobierno en disputa de Nicol\u00e1s Maduro, en Venezuela.\" \/>\n<meta property=\"og:url\" content=\"https:\/\/elcanillita.info\/press\/2020\/01\/31\/colombia-busca-caminos-para-extraditar-a-una-excongresista-desde-venezuela\/\" \/>\n<meta property=\"og:site_name\" content=\"ElCanillita.Info\" \/>\n<meta property=\"article:publisher\" content=\"https:\/\/ar-ar.facebook.com\/ElCanillitainfo-114249515285712\/\" \/>\n<meta property=\"article:published_time\" content=\"2020-01-31T16:48:14+00:00\" \/>\n<meta property=\"article:modified_time\" content=\"2020-01-31T16:50:25+00:00\" \/>\n<meta name=\"author\" content=\"SalaStampa.eu, world press service\" \/>\n<meta name=\"twitter:card\" content=\"summary_large_image\" \/>\n<meta name=\"twitter:label1\" content=\"Escrito por\" \/>\n\t<meta name=\"twitter:data1\" content=\"SalaStampa.eu, world press service\" \/>\n\t<meta name=\"twitter:label2\" content=\"Tiempo de lectura\" \/>\n\t<meta name=\"twitter:data2\" content=\"2 minutos\" \/>\n<script type=\"application\/ld+json\" class=\"yoast-schema-graph\">{\"@context\":\"https:\\\/\\\/schema.org\",\"@graph\":[{\"@type\":\"Article\",\"@id\":\"https:\\\/\\\/elcanillita.info\\\/press\\\/2020\\\/01\\\/31\\\/colombia-busca-caminos-para-extraditar-a-una-excongresista-desde-venezuela\\\/#article\",\"isPartOf\":{\"@id\":\"https:\\\/\\\/elcanillita.info\\\/press\\\/2020\\\/01\\\/31\\\/colombia-busca-caminos-para-extraditar-a-una-excongresista-desde-venezuela\\\/\"},\"author\":{\"name\":\"SalaStampa.eu, world press service\",\"@id\":\"https:\\\/\\\/elcanillita.info\\\/press\\\/#\\\/schema\\\/person\\\/7fcb79f38045700919f7da6d97e71ba0\"},\"headline\":\"Colombia busca caminos para extraditar a una excongresista desde Venezuela\",\"datePublished\":\"2020-01-31T16:48:14+00:00\",\"dateModified\":\"2020-01-31T16:50:25+00:00\",\"mainEntityOfPage\":{\"@id\":\"https:\\\/\\\/elcanillita.info\\\/press\\\/2020\\\/01\\\/31\\\/colombia-busca-caminos-para-extraditar-a-una-excongresista-desde-venezuela\\\/\"},\"wordCount\":492,\"publisher\":{\"@id\":\"https:\\\/\\\/elcanillita.info\\\/press\\\/#organization\"},\"keywords\":[\"Colombia\"],\"articleSection\":[\"Am\u00e9rica del Sur\",\"Politica\",\"Sociedad\"],\"inLanguage\":\"es-AR\"},{\"@type\":\"WebPage\",\"@id\":\"https:\\\/\\\/elcanillita.info\\\/press\\\/2020\\\/01\\\/31\\\/colombia-busca-caminos-para-extraditar-a-una-excongresista-desde-venezuela\\\/\",\"url\":\"https:\\\/\\\/elcanillita.info\\\/press\\\/2020\\\/01\\\/31\\\/colombia-busca-caminos-para-extraditar-a-una-excongresista-desde-venezuela\\\/\",\"name\":\"Colombia busca caminos para extraditar a una excongresista desde Venezuela - ElCanillita.Info\",\"isPartOf\":{\"@id\":\"https:\\\/\\\/elcanillita.info\\\/press\\\/#website\"},\"datePublished\":\"2020-01-31T16:48:14+00:00\",\"dateModified\":\"2020-01-31T16:50:25+00:00\",\"inLanguage\":\"es-AR\",\"potentialAction\":[{\"@type\":\"ReadAction\",\"target\":[\"https:\\\/\\\/elcanillita.info\\\/press\\\/2020\\\/01\\\/31\\\/colombia-busca-caminos-para-extraditar-a-una-excongresista-desde-venezuela\\\/\"]}]},{\"@type\":\"WebSite\",\"@id\":\"https:\\\/\\\/elcanillita.info\\\/press\\\/#website\",\"url\":\"https:\\\/\\\/elcanillita.info\\\/press\\\/\",\"name\":\"ElCanillita.Info\",\"description\":\"desde los Apeninos a los Andes\",\"publisher\":{\"@id\":\"https:\\\/\\\/elcanillita.info\\\/press\\\/#organization\"},\"potentialAction\":[{\"@type\":\"SearchAction\",\"target\":{\"@type\":\"EntryPoint\",\"urlTemplate\":\"https:\\\/\\\/elcanillita.info\\\/press\\\/?s={search_term_string}\"},\"query-input\":{\"@type\":\"PropertyValueSpecification\",\"valueRequired\":true,\"valueName\":\"search_term_string\"}}],\"inLanguage\":\"es-AR\"},{\"@type\":\"Organization\",\"@id\":\"https:\\\/\\\/elcanillita.info\\\/press\\\/#organization\",\"name\":\"Guzzo Photos & Graphic Publications\",\"url\":\"https:\\\/\\\/elcanillita.info\\\/press\\\/\",\"logo\":{\"@type\":\"ImageObject\",\"inLanguage\":\"es-AR\",\"@id\":\"https:\\\/\\\/elcanillita.info\\\/press\\\/#\\\/schema\\\/logo\\\/image\\\/\",\"url\":\"https:\\\/\\\/elcanillita.info\\\/press\\\/images\\\/2020\\\/01\\\/cropped-cropped-cropped-elcanillitainfo.png\",\"contentUrl\":\"https:\\\/\\\/elcanillita.info\\\/press\\\/images\\\/2020\\\/01\\\/cropped-cropped-cropped-elcanillitainfo.png\",\"width\":460,\"height\":50,\"caption\":\"Guzzo Photos & Graphic Publications\"},\"image\":{\"@id\":\"https:\\\/\\\/elcanillita.info\\\/press\\\/#\\\/schema\\\/logo\\\/image\\\/\"},\"sameAs\":[\"https:\\\/\\\/ar-ar.facebook.com\\\/ElCanillitainfo-114249515285712\\\/\"]},{\"@type\":\"Person\",\"@id\":\"https:\\\/\\\/elcanillita.info\\\/press\\\/#\\\/schema\\\/person\\\/7fcb79f38045700919f7da6d97e71ba0\",\"name\":\"SalaStampa.eu, world press service\",\"image\":{\"@type\":\"ImageObject\",\"inLanguage\":\"es-AR\",\"@id\":\"https:\\\/\\\/secure.gravatar.com\\\/avatar\\\/c2f0e0d515a107624234994507816ca4724c7199cef73fc8bedebf6931d73888?s=96&d=mm&r=g\",\"url\":\"https:\\\/\\\/secure.gravatar.com\\\/avatar\\\/c2f0e0d515a107624234994507816ca4724c7199cef73fc8bedebf6931d73888?s=96&d=mm&r=g\",\"contentUrl\":\"https:\\\/\\\/secure.gravatar.com\\\/avatar\\\/c2f0e0d515a107624234994507816ca4724c7199cef73fc8bedebf6931d73888?s=96&d=mm&r=g\",\"caption\":\"SalaStampa.eu, world press service\"}}]}<\/script>\n<!-- \/ Yoast SEO plugin. -->","yoast_head_json":{"title":"Colombia busca caminos para extraditar a una excongresista desde Venezuela - ElCanillita.Info","robots":{"index":"index","follow":"follow","max-snippet":"max-snippet:-1","max-image-preview":"max-image-preview:large","max-video-preview":"max-video-preview:-1"},"canonical":"https:\/\/elcanillita.info\/press\/2020\/01\/31\/colombia-busca-caminos-para-extraditar-a-una-excongresista-desde-venezuela\/","og_locale":"es_ES","og_type":"article","og_title":"Colombia busca caminos para extraditar a una excongresista desde Venezuela - ElCanillita.Info","og_description":"Bogota, 31.01.2020 - La captura en territorio venezolano de una excongresista colombiana pr\u00f3fuga de la justicia ha motivado un nuevo enfrentamiento entre el presidente de Colombia, Iv\u00e1n Duque, y el gobierno en disputa de Nicol\u00e1s Maduro, en Venezuela.","og_url":"https:\/\/elcanillita.info\/press\/2020\/01\/31\/colombia-busca-caminos-para-extraditar-a-una-excongresista-desde-venezuela\/","og_site_name":"ElCanillita.Info","article_publisher":"https:\/\/ar-ar.facebook.com\/ElCanillitainfo-114249515285712\/","article_published_time":"2020-01-31T16:48:14+00:00","article_modified_time":"2020-01-31T16:50:25+00:00","author":"SalaStampa.eu, world press service","twitter_card":"summary_large_image","twitter_misc":{"Escrito por":"SalaStampa.eu, world press service","Tiempo de lectura":"2 minutos"},"schema":{"@context":"https:\/\/schema.org","@graph":[{"@type":"Article","@id":"https:\/\/elcanillita.info\/press\/2020\/01\/31\/colombia-busca-caminos-para-extraditar-a-una-excongresista-desde-venezuela\/#article","isPartOf":{"@id":"https:\/\/elcanillita.info\/press\/2020\/01\/31\/colombia-busca-caminos-para-extraditar-a-una-excongresista-desde-venezuela\/"},"author":{"name":"SalaStampa.eu, world press service","@id":"https:\/\/elcanillita.info\/press\/#\/schema\/person\/7fcb79f38045700919f7da6d97e71ba0"},"headline":"Colombia busca caminos para extraditar a una excongresista desde Venezuela","datePublished":"2020-01-31T16:48:14+00:00","dateModified":"2020-01-31T16:50:25+00:00","mainEntityOfPage":{"@id":"https:\/\/elcanillita.info\/press\/2020\/01\/31\/colombia-busca-caminos-para-extraditar-a-una-excongresista-desde-venezuela\/"},"wordCount":492,"publisher":{"@id":"https:\/\/elcanillita.info\/press\/#organization"},"keywords":["Colombia"],"articleSection":["Am\u00e9rica del Sur","Politica","Sociedad"],"inLanguage":"es-AR"},{"@type":"WebPage","@id":"https:\/\/elcanillita.info\/press\/2020\/01\/31\/colombia-busca-caminos-para-extraditar-a-una-excongresista-desde-venezuela\/","url":"https:\/\/elcanillita.info\/press\/2020\/01\/31\/colombia-busca-caminos-para-extraditar-a-una-excongresista-desde-venezuela\/","name":"Colombia busca caminos para extraditar a una excongresista desde Venezuela - ElCanillita.Info","isPartOf":{"@id":"https:\/\/elcanillita.info\/press\/#website"},"datePublished":"2020-01-31T16:48:14+00:00","dateModified":"2020-01-31T16:50:25+00:00","inLanguage":"es-AR","potentialAction":[{"@type":"ReadAction","target":["https:\/\/elcanillita.info\/press\/2020\/01\/31\/colombia-busca-caminos-para-extraditar-a-una-excongresista-desde-venezuela\/"]}]},{"@type":"WebSite","@id":"https:\/\/elcanillita.info\/press\/#website","url":"https:\/\/elcanillita.info\/press\/","name":"ElCanillita.Info","description":"desde los Apeninos a los Andes","publisher":{"@id":"https:\/\/elcanillita.info\/press\/#organization"},"potentialAction":[{"@type":"SearchAction","target":{"@type":"EntryPoint","urlTemplate":"https:\/\/elcanillita.info\/press\/?s={search_term_string}"},"query-input":{"@type":"PropertyValueSpecification","valueRequired":true,"valueName":"search_term_string"}}],"inLanguage":"es-AR"},{"@type":"Organization","@id":"https:\/\/elcanillita.info\/press\/#organization","name":"Guzzo Photos & Graphic Publications","url":"https:\/\/elcanillita.info\/press\/","logo":{"@type":"ImageObject","inLanguage":"es-AR","@id":"https:\/\/elcanillita.info\/press\/#\/schema\/logo\/image\/","url":"https:\/\/elcanillita.info\/press\/images\/2020\/01\/cropped-cropped-cropped-elcanillitainfo.png","contentUrl":"https:\/\/elcanillita.info\/press\/images\/2020\/01\/cropped-cropped-cropped-elcanillitainfo.png","width":460,"height":50,"caption":"Guzzo Photos & Graphic Publications"},"image":{"@id":"https:\/\/elcanillita.info\/press\/#\/schema\/logo\/image\/"},"sameAs":["https:\/\/ar-ar.facebook.com\/ElCanillitainfo-114249515285712\/"]},{"@type":"Person","@id":"https:\/\/elcanillita.info\/press\/#\/schema\/person\/7fcb79f38045700919f7da6d97e71ba0","name":"SalaStampa.eu, world press service","image":{"@type":"ImageObject","inLanguage":"es-AR","@id":"https:\/\/secure.gravatar.com\/avatar\/c2f0e0d515a107624234994507816ca4724c7199cef73fc8bedebf6931d73888?s=96&d=mm&r=g","url":"https:\/\/secure.gravatar.com\/avatar\/c2f0e0d515a107624234994507816ca4724c7199cef73fc8bedebf6931d73888?s=96&d=mm&r=g","contentUrl":"https:\/\/secure.gravatar.com\/avatar\/c2f0e0d515a107624234994507816ca4724c7199cef73fc8bedebf6931d73888?s=96&d=mm&r=g","caption":"SalaStampa.eu, world press service"}}]}},"views":741,"_links":{"self":[{"href":"https:\/\/elcanillita.info\/press\/wp-json\/wp\/v2\/posts\/269","targetHints":{"allow":["GET"]}}],"collection":[{"href":"https:\/\/elcanillita.info\/press\/wp-json\/wp\/v2\/posts"}],"about":[{"href":"https:\/\/elcanillita.info\/press\/wp-json\/wp\/v2\/types\/post"}],"author":[{"embeddable":true,"href":"https:\/\/elcanillita.info\/press\/wp-json\/wp\/v2\/users\/1"}],"replies":[{"embeddable":true,"href":"https:\/\/elcanillita.info\/press\/wp-json\/wp\/v2\/comments?post=269"}],"version-history":[{"count":0,"href":"https:\/\/elcanillita.info\/press\/wp-json\/wp\/v2\/posts\/269\/revisions"}],"wp:attachment":[{"href":"https:\/\/elcanillita.info\/press\/wp-json\/wp\/v2\/media?parent=269"}],"wp:term":[{"taxonomy":"category","embeddable":true,"href":"https:\/\/elcanillita.info\/press\/wp-json\/wp\/v2\/categories?post=269"},{"taxonomy":"post_tag","embeddable":true,"href":"https:\/\/elcanillita.info\/press\/wp-json\/wp\/v2\/tags?post=269"}],"curies":[{"name":"wp","href":"https:\/\/api.w.org\/{rel}","templated":true}]}}