{"id":2617,"date":"2022-07-19T08:12:35","date_gmt":"2022-07-19T11:12:35","guid":{"rendered":"https:\/\/elcanillita.info\/press\/?p=2617"},"modified":"2022-07-19T08:12:37","modified_gmt":"2022-07-19T11:12:37","slug":"europa-atrapada-en-las-garras-de-un-anticiclon-africano","status":"publish","type":"post","link":"https:\/\/elcanillita.info\/press\/2022\/07\/19\/europa-atrapada-en-las-garras-de-un-anticiclon-africano\/","title":{"rendered":"Europa atrapada en las garras de un anticicl\u00f3n africano"},"content":{"rendered":"<div class=\"wp-block-image\">\n<figure class=\"aligncenter\"><img decoding=\"async\" src=\"https:\/\/elcanillita.info\/press\/images\/2022\/07\/calorpg.jpg\" alt=\"\"\/><\/figure>\n<\/div>\n\n\n<p>Mientras la Europa occidental est\u00e1 entre las garras del anticicl\u00f3n africano, en Italia la fase m\u00e1s cr\u00edtica se abrir\u00e1 el mi\u00e9rcoles, cuando nueve ciudades estar\u00e1n bajo alerta roja, es decir, con alto riesgo de olas de calor.<\/p>\n\n\n\n<p>Seg\u00fan un an\u00e1lisis de la UE, el 46% del territorio est\u00e1 en riesgo de sequ\u00eda. Mientras que Europa Verde calcula que durante 21 a\u00f1os en Italia se han quemado 8 millones de hect\u00e1reas, el 26% de la superficie, por incendios, 24.000 hect\u00e1reas s\u00f3lo en los \u00faltimos seis meses.<\/p>\n\n\n\n<p>Ser\u00e1 la semana m\u00e1s calurosa de este a\u00f1o, seg\u00fan el Servicio Meteorologico Nacional. A partir del mi\u00e9rcoles, en Italia las temperaturas ascender\u00e1n de forma continuada y constante con picos de 39-41\u00b0C en ciudades como Mil\u00e1n, Pav\u00eda, Bolonia, Ferrara, Padua y Florencia. Por la noche, al menos hasta las 23 horas, las temperaturas rozar\u00e1n los 30\u00b0C en muchas ciudades del norte de Italia y de la Toscana.<\/p>\n\n\n\n<p>A las previsiones se suma el bolet\u00edn de la ola de calor del Ministerio de Sanidad, que vigila 27 centros italianos. Los puntos rojos aumentan, pasando de cinco el lunes y el martes a nueve el mi\u00e9rcoles 20 de julio: son Bolonia, Bolzano, Brescia, Florencia, G\u00e9nova, Latina, Perugia, Rieti y Roma. A medida que avance el calor, las ciudades con etiqueta naranja tambi\u00e9n aumentar\u00e1n en los pr\u00f3ximos d\u00edas. En el Alto Adige se registr\u00f3 el d\u00eda m\u00e1s caluroso del a\u00f1o con 38 grados, el r\u00e9cord hist\u00f3rico es de 40,1 grados registrado el 11 de agosto de 2003. Pocos d\u00edas atr\u00e1s, el Observatorio Geof\u00edsico de Modena se\u00f1alaba que &#8220;el verano de 2022, que comenz\u00f3 en mayo, es muy similar al de 2003, cuyo calor fue definido como &#8216;Hiper-Extremo'&#8221;.<\/p>\n\n\n\n<p>&#8220;El n\u00facleo m\u00e1s caliente de la masa de aire subtropical est\u00e1 afectando actualmente a los pa\u00edses de Europa occidental&#8221;, observaron los meteor\u00f3logos de Meteo Expert, &#8220;hay alerta roja en Francia y Gran Breta\u00f1a con picos superiores a los 40 grados y posibles nuevos r\u00e9cords&#8221;. En Francia, los incendios han destruido 14.000 hect\u00e1reas en Gironda; tambi\u00e9n se han registrado llamas y evacuaciones en Espa\u00f1a, donde al menos 360 personas han muerto por las altas temperaturas desde que comenz\u00f3 la ola de calor el 10 de julio.<\/p>\n\n\n\n<p>El intenso calor podr\u00eda persistir hasta la pr\u00f3xima semana. Seg\u00fan un informe elaborado por el Centro de Investigaci\u00f3n sobre la Sequ\u00eda en Europa de la Comisi\u00f3n Europea, el 46% del territorio est\u00e1 actualmente expuesto a niveles de alerta relacionados con el d\u00e9ficit de humedad del suelo y el estr\u00e9s de la vegetaci\u00f3n. En Italia, la falta de agua en altura ha provocado el cierre anticipado del refugio de Gonella (3.071 metros), en la vertiente italiana del macizo del Mont Blanc.<\/p>\n\n\n\n<p>En el norte de Cerde\u00f1a, dos incendios afectaron a los equipos de tierra, a los helic\u00f3pteros del Cuerpo Forestal y a un Canadair. Y debido a las abrasadoras temperaturas, la cosecha de tomates se ha adelantado, y Coldiretti pronostica un &#8220;descenso del 11% en la cosecha debido a la sequ\u00eda&#8221;. Con la nueva ola de calor excepcional, los expertos del Ministerio de Sanidad recuerdan a la poblaci\u00f3n que debe evitar la exposici\u00f3n directa al sol durante las horas de m\u00e1s calor, beber agua y comer fruta fresca. Y para proteger a los ni\u00f1os y, sobre todo, a los ancianos, cuyo organismo tiene una capacidad reducida para mantener ciertos par\u00e1metros vitales.<\/p>\n\n\n\n<p>Por \u00faltimo, el calor y el cambio clim\u00e1tico pueden intensificar la formaci\u00f3n de tornados incluso en Italia. Seg\u00fan la investigaci\u00f3n del CNR, las regiones que bordean el mar Tirreno son las que m\u00e1s riesgo corren: el Lacio est\u00e1 en primer lugar, seguido de Apulia y Calabria; pero tambi\u00e9n est\u00e1 el valle del Po. <\/p>\n\n\n\n<p>Por esta raz\u00f3n, explican los investigadores, necesitamos &#8220;un sistema de vigilancia para la previsi\u00f3n operativa de estos fen\u00f3menos intensos&#8221;.<\/p>\n\n\n\n<p><small>Copyright \u00a9 2022 ElCanillita.info \/ PanPress.Eu \/ SalaStampa.Eu \u2013 Derechos Reservados<\/small><\/p>\n","protected":false},"excerpt":{"rendered":"<p>Seg\u00fan los expertos, el intenso calor podr\u00eda persistir hasta la pr\u00f3xima semana, agravando la situaci\u00f3n del agua.<\/p>\n","protected":false},"author":1,"featured_media":2618,"comment_status":"closed","ping_status":"closed","sticky":false,"template":"","format":"standard","meta":{"footnotes":"","_links_to":"","_links_to_target":""},"categories":[70,5,21],"tags":[60],"class_list":["post-2617","post","type-post","status-publish","format-standard","has-post-thumbnail","hentry","category-actualidad","category-europa","category-geo","tag-italia","entry","double"],"yoast_head":"<!-- This site is optimized with the Yoast SEO plugin v27.5 - https:\/\/yoast.com\/product\/yoast-seo-wordpress\/ -->\n<title>Europa atrapada en las garras de un anticicl\u00f3n africano - ElCanillita.Info<\/title>\n<meta name=\"robots\" content=\"index, follow, max-snippet:-1, max-image-preview:large, max-video-preview:-1\" \/>\n<link rel=\"canonical\" href=\"https:\/\/elcanillita.info\/press\/2022\/07\/19\/europa-atrapada-en-las-garras-de-un-anticiclon-africano\/\" \/>\n<meta property=\"og:locale\" content=\"es_ES\" \/>\n<meta property=\"og:type\" content=\"article\" \/>\n<meta property=\"og:title\" content=\"Europa atrapada en las garras de un anticicl\u00f3n africano - ElCanillita.Info\" \/>\n<meta property=\"og:description\" content=\"Seg\u00fan los expertos, el intenso calor podr\u00eda persistir hasta la pr\u00f3xima semana, agravando la situaci\u00f3n del agua.\" \/>\n<meta property=\"og:url\" content=\"https:\/\/elcanillita.info\/press\/2022\/07\/19\/europa-atrapada-en-las-garras-de-un-anticiclon-africano\/\" \/>\n<meta property=\"og:site_name\" content=\"ElCanillita.Info\" \/>\n<meta property=\"article:publisher\" content=\"https:\/\/ar-ar.facebook.com\/ElCanillitainfo-114249515285712\/\" \/>\n<meta property=\"article:published_time\" content=\"2022-07-19T11:12:35+00:00\" \/>\n<meta property=\"article:modified_time\" content=\"2022-07-19T11:12:37+00:00\" \/>\n<meta property=\"og:image\" content=\"https:\/\/elcanillita.info\/press\/images\/2022\/07\/calor-1.jpg\" \/>\n\t<meta property=\"og:image:width\" content=\"600\" \/>\n\t<meta property=\"og:image:height\" content=\"400\" \/>\n\t<meta property=\"og:image:type\" content=\"image\/jpeg\" \/>\n<meta name=\"author\" content=\"SalaStampa.eu, world press service\" \/>\n<meta name=\"twitter:card\" content=\"summary_large_image\" \/>\n<meta name=\"twitter:label1\" content=\"Escrito por\" \/>\n\t<meta name=\"twitter:data1\" content=\"SalaStampa.eu, world press service\" \/>\n\t<meta name=\"twitter:label2\" content=\"Tiempo de lectura\" \/>\n\t<meta name=\"twitter:data2\" content=\"4 minutos\" \/>\n<script type=\"application\/ld+json\" class=\"yoast-schema-graph\">{\"@context\":\"https:\\\/\\\/schema.org\",\"@graph\":[{\"@type\":\"Article\",\"@id\":\"https:\\\/\\\/elcanillita.info\\\/press\\\/2022\\\/07\\\/19\\\/europa-atrapada-en-las-garras-de-un-anticiclon-africano\\\/#article\",\"isPartOf\":{\"@id\":\"https:\\\/\\\/elcanillita.info\\\/press\\\/2022\\\/07\\\/19\\\/europa-atrapada-en-las-garras-de-un-anticiclon-africano\\\/\"},\"author\":{\"name\":\"SalaStampa.eu, world press service\",\"@id\":\"https:\\\/\\\/elcanillita.info\\\/press\\\/#\\\/schema\\\/person\\\/7fcb79f38045700919f7da6d97e71ba0\"},\"headline\":\"Europa atrapada en las garras de un anticicl\u00f3n africano\",\"datePublished\":\"2022-07-19T11:12:35+00:00\",\"dateModified\":\"2022-07-19T11:12:37+00:00\",\"mainEntityOfPage\":{\"@id\":\"https:\\\/\\\/elcanillita.info\\\/press\\\/2022\\\/07\\\/19\\\/europa-atrapada-en-las-garras-de-un-anticiclon-africano\\\/\"},\"wordCount\":695,\"publisher\":{\"@id\":\"https:\\\/\\\/elcanillita.info\\\/press\\\/#organization\"},\"image\":{\"@id\":\"https:\\\/\\\/elcanillita.info\\\/press\\\/2022\\\/07\\\/19\\\/europa-atrapada-en-las-garras-de-un-anticiclon-africano\\\/#primaryimage\"},\"thumbnailUrl\":\"https:\\\/\\\/elcanillita.info\\\/press\\\/images\\\/2022\\\/07\\\/calor-1.jpg\",\"keywords\":[\"Italia\"],\"articleSection\":[\"Actualidad\",\"Europa\",\"Geo\"],\"inLanguage\":\"es-AR\"},{\"@type\":\"WebPage\",\"@id\":\"https:\\\/\\\/elcanillita.info\\\/press\\\/2022\\\/07\\\/19\\\/europa-atrapada-en-las-garras-de-un-anticiclon-africano\\\/\",\"url\":\"https:\\\/\\\/elcanillita.info\\\/press\\\/2022\\\/07\\\/19\\\/europa-atrapada-en-las-garras-de-un-anticiclon-africano\\\/\",\"name\":\"Europa atrapada en las garras de un anticicl\u00f3n africano - ElCanillita.Info\",\"isPartOf\":{\"@id\":\"https:\\\/\\\/elcanillita.info\\\/press\\\/#website\"},\"primaryImageOfPage\":{\"@id\":\"https:\\\/\\\/elcanillita.info\\\/press\\\/2022\\\/07\\\/19\\\/europa-atrapada-en-las-garras-de-un-anticiclon-africano\\\/#primaryimage\"},\"image\":{\"@id\":\"https:\\\/\\\/elcanillita.info\\\/press\\\/2022\\\/07\\\/19\\\/europa-atrapada-en-las-garras-de-un-anticiclon-africano\\\/#primaryimage\"},\"thumbnailUrl\":\"https:\\\/\\\/elcanillita.info\\\/press\\\/images\\\/2022\\\/07\\\/calor-1.jpg\",\"datePublished\":\"2022-07-19T11:12:35+00:00\",\"dateModified\":\"2022-07-19T11:12:37+00:00\",\"inLanguage\":\"es-AR\",\"potentialAction\":[{\"@type\":\"ReadAction\",\"target\":[\"https:\\\/\\\/elcanillita.info\\\/press\\\/2022\\\/07\\\/19\\\/europa-atrapada-en-las-garras-de-un-anticiclon-africano\\\/\"]}]},{\"@type\":\"ImageObject\",\"inLanguage\":\"es-AR\",\"@id\":\"https:\\\/\\\/elcanillita.info\\\/press\\\/2022\\\/07\\\/19\\\/europa-atrapada-en-las-garras-de-un-anticiclon-africano\\\/#primaryimage\",\"url\":\"https:\\\/\\\/elcanillita.info\\\/press\\\/images\\\/2022\\\/07\\\/calor-1.jpg\",\"contentUrl\":\"https:\\\/\\\/elcanillita.info\\\/press\\\/images\\\/2022\\\/07\\\/calor-1.jpg\",\"width\":600,\"height\":400},{\"@type\":\"WebSite\",\"@id\":\"https:\\\/\\\/elcanillita.info\\\/press\\\/#website\",\"url\":\"https:\\\/\\\/elcanillita.info\\\/press\\\/\",\"name\":\"ElCanillita.Info\",\"description\":\"desde los Apeninos a los Andes\",\"publisher\":{\"@id\":\"https:\\\/\\\/elcanillita.info\\\/press\\\/#organization\"},\"potentialAction\":[{\"@type\":\"SearchAction\",\"target\":{\"@type\":\"EntryPoint\",\"urlTemplate\":\"https:\\\/\\\/elcanillita.info\\\/press\\\/?s={search_term_string}\"},\"query-input\":{\"@type\":\"PropertyValueSpecification\",\"valueRequired\":true,\"valueName\":\"search_term_string\"}}],\"inLanguage\":\"es-AR\"},{\"@type\":\"Organization\",\"@id\":\"https:\\\/\\\/elcanillita.info\\\/press\\\/#organization\",\"name\":\"Guzzo Photos & Graphic Publications\",\"url\":\"https:\\\/\\\/elcanillita.info\\\/press\\\/\",\"logo\":{\"@type\":\"ImageObject\",\"inLanguage\":\"es-AR\",\"@id\":\"https:\\\/\\\/elcanillita.info\\\/press\\\/#\\\/schema\\\/logo\\\/image\\\/\",\"url\":\"https:\\\/\\\/elcanillita.info\\\/press\\\/images\\\/2020\\\/01\\\/cropped-cropped-cropped-elcanillitainfo.png\",\"contentUrl\":\"https:\\\/\\\/elcanillita.info\\\/press\\\/images\\\/2020\\\/01\\\/cropped-cropped-cropped-elcanillitainfo.png\",\"width\":460,\"height\":50,\"caption\":\"Guzzo Photos & Graphic Publications\"},\"image\":{\"@id\":\"https:\\\/\\\/elcanillita.info\\\/press\\\/#\\\/schema\\\/logo\\\/image\\\/\"},\"sameAs\":[\"https:\\\/\\\/ar-ar.facebook.com\\\/ElCanillitainfo-114249515285712\\\/\"]},{\"@type\":\"Person\",\"@id\":\"https:\\\/\\\/elcanillita.info\\\/press\\\/#\\\/schema\\\/person\\\/7fcb79f38045700919f7da6d97e71ba0\",\"name\":\"SalaStampa.eu, world press service\",\"image\":{\"@type\":\"ImageObject\",\"inLanguage\":\"es-AR\",\"@id\":\"https:\\\/\\\/secure.gravatar.com\\\/avatar\\\/c2f0e0d515a107624234994507816ca4724c7199cef73fc8bedebf6931d73888?s=96&d=mm&r=g\",\"url\":\"https:\\\/\\\/secure.gravatar.com\\\/avatar\\\/c2f0e0d515a107624234994507816ca4724c7199cef73fc8bedebf6931d73888?s=96&d=mm&r=g\",\"contentUrl\":\"https:\\\/\\\/secure.gravatar.com\\\/avatar\\\/c2f0e0d515a107624234994507816ca4724c7199cef73fc8bedebf6931d73888?s=96&d=mm&r=g\",\"caption\":\"SalaStampa.eu, world press service\"}}]}<\/script>\n<!-- \/ Yoast SEO plugin. -->","yoast_head_json":{"title":"Europa atrapada en las garras de un anticicl\u00f3n africano - ElCanillita.Info","robots":{"index":"index","follow":"follow","max-snippet":"max-snippet:-1","max-image-preview":"max-image-preview:large","max-video-preview":"max-video-preview:-1"},"canonical":"https:\/\/elcanillita.info\/press\/2022\/07\/19\/europa-atrapada-en-las-garras-de-un-anticiclon-africano\/","og_locale":"es_ES","og_type":"article","og_title":"Europa atrapada en las garras de un anticicl\u00f3n africano - ElCanillita.Info","og_description":"Seg\u00fan los expertos, el intenso calor podr\u00eda persistir hasta la pr\u00f3xima semana, agravando la situaci\u00f3n del agua.","og_url":"https:\/\/elcanillita.info\/press\/2022\/07\/19\/europa-atrapada-en-las-garras-de-un-anticiclon-africano\/","og_site_name":"ElCanillita.Info","article_publisher":"https:\/\/ar-ar.facebook.com\/ElCanillitainfo-114249515285712\/","article_published_time":"2022-07-19T11:12:35+00:00","article_modified_time":"2022-07-19T11:12:37+00:00","og_image":[{"width":600,"height":400,"url":"https:\/\/elcanillita.info\/press\/images\/2022\/07\/calor-1.jpg","type":"image\/jpeg"}],"author":"SalaStampa.eu, world press service","twitter_card":"summary_large_image","twitter_misc":{"Escrito por":"SalaStampa.eu, world press service","Tiempo de lectura":"4 minutos"},"schema":{"@context":"https:\/\/schema.org","@graph":[{"@type":"Article","@id":"https:\/\/elcanillita.info\/press\/2022\/07\/19\/europa-atrapada-en-las-garras-de-un-anticiclon-africano\/#article","isPartOf":{"@id":"https:\/\/elcanillita.info\/press\/2022\/07\/19\/europa-atrapada-en-las-garras-de-un-anticiclon-africano\/"},"author":{"name":"SalaStampa.eu, world press service","@id":"https:\/\/elcanillita.info\/press\/#\/schema\/person\/7fcb79f38045700919f7da6d97e71ba0"},"headline":"Europa atrapada en las garras de un anticicl\u00f3n africano","datePublished":"2022-07-19T11:12:35+00:00","dateModified":"2022-07-19T11:12:37+00:00","mainEntityOfPage":{"@id":"https:\/\/elcanillita.info\/press\/2022\/07\/19\/europa-atrapada-en-las-garras-de-un-anticiclon-africano\/"},"wordCount":695,"publisher":{"@id":"https:\/\/elcanillita.info\/press\/#organization"},"image":{"@id":"https:\/\/elcanillita.info\/press\/2022\/07\/19\/europa-atrapada-en-las-garras-de-un-anticiclon-africano\/#primaryimage"},"thumbnailUrl":"https:\/\/elcanillita.info\/press\/images\/2022\/07\/calor-1.jpg","keywords":["Italia"],"articleSection":["Actualidad","Europa","Geo"],"inLanguage":"es-AR"},{"@type":"WebPage","@id":"https:\/\/elcanillita.info\/press\/2022\/07\/19\/europa-atrapada-en-las-garras-de-un-anticiclon-africano\/","url":"https:\/\/elcanillita.info\/press\/2022\/07\/19\/europa-atrapada-en-las-garras-de-un-anticiclon-africano\/","name":"Europa atrapada en las garras de un anticicl\u00f3n africano - ElCanillita.Info","isPartOf":{"@id":"https:\/\/elcanillita.info\/press\/#website"},"primaryImageOfPage":{"@id":"https:\/\/elcanillita.info\/press\/2022\/07\/19\/europa-atrapada-en-las-garras-de-un-anticiclon-africano\/#primaryimage"},"image":{"@id":"https:\/\/elcanillita.info\/press\/2022\/07\/19\/europa-atrapada-en-las-garras-de-un-anticiclon-africano\/#primaryimage"},"thumbnailUrl":"https:\/\/elcanillita.info\/press\/images\/2022\/07\/calor-1.jpg","datePublished":"2022-07-19T11:12:35+00:00","dateModified":"2022-07-19T11:12:37+00:00","inLanguage":"es-AR","potentialAction":[{"@type":"ReadAction","target":["https:\/\/elcanillita.info\/press\/2022\/07\/19\/europa-atrapada-en-las-garras-de-un-anticiclon-africano\/"]}]},{"@type":"ImageObject","inLanguage":"es-AR","@id":"https:\/\/elcanillita.info\/press\/2022\/07\/19\/europa-atrapada-en-las-garras-de-un-anticiclon-africano\/#primaryimage","url":"https:\/\/elcanillita.info\/press\/images\/2022\/07\/calor-1.jpg","contentUrl":"https:\/\/elcanillita.info\/press\/images\/2022\/07\/calor-1.jpg","width":600,"height":400},{"@type":"WebSite","@id":"https:\/\/elcanillita.info\/press\/#website","url":"https:\/\/elcanillita.info\/press\/","name":"ElCanillita.Info","description":"desde los Apeninos a los Andes","publisher":{"@id":"https:\/\/elcanillita.info\/press\/#organization"},"potentialAction":[{"@type":"SearchAction","target":{"@type":"EntryPoint","urlTemplate":"https:\/\/elcanillita.info\/press\/?s={search_term_string}"},"query-input":{"@type":"PropertyValueSpecification","valueRequired":true,"valueName":"search_term_string"}}],"inLanguage":"es-AR"},{"@type":"Organization","@id":"https:\/\/elcanillita.info\/press\/#organization","name":"Guzzo Photos & Graphic Publications","url":"https:\/\/elcanillita.info\/press\/","logo":{"@type":"ImageObject","inLanguage":"es-AR","@id":"https:\/\/elcanillita.info\/press\/#\/schema\/logo\/image\/","url":"https:\/\/elcanillita.info\/press\/images\/2020\/01\/cropped-cropped-cropped-elcanillitainfo.png","contentUrl":"https:\/\/elcanillita.info\/press\/images\/2020\/01\/cropped-cropped-cropped-elcanillitainfo.png","width":460,"height":50,"caption":"Guzzo Photos & Graphic Publications"},"image":{"@id":"https:\/\/elcanillita.info\/press\/#\/schema\/logo\/image\/"},"sameAs":["https:\/\/ar-ar.facebook.com\/ElCanillitainfo-114249515285712\/"]},{"@type":"Person","@id":"https:\/\/elcanillita.info\/press\/#\/schema\/person\/7fcb79f38045700919f7da6d97e71ba0","name":"SalaStampa.eu, world press service","image":{"@type":"ImageObject","inLanguage":"es-AR","@id":"https:\/\/secure.gravatar.com\/avatar\/c2f0e0d515a107624234994507816ca4724c7199cef73fc8bedebf6931d73888?s=96&d=mm&r=g","url":"https:\/\/secure.gravatar.com\/avatar\/c2f0e0d515a107624234994507816ca4724c7199cef73fc8bedebf6931d73888?s=96&d=mm&r=g","contentUrl":"https:\/\/secure.gravatar.com\/avatar\/c2f0e0d515a107624234994507816ca4724c7199cef73fc8bedebf6931d73888?s=96&d=mm&r=g","caption":"SalaStampa.eu, world press service"}}]}},"views":543,"_links":{"self":[{"href":"https:\/\/elcanillita.info\/press\/wp-json\/wp\/v2\/posts\/2617","targetHints":{"allow":["GET"]}}],"collection":[{"href":"https:\/\/elcanillita.info\/press\/wp-json\/wp\/v2\/posts"}],"about":[{"href":"https:\/\/elcanillita.info\/press\/wp-json\/wp\/v2\/types\/post"}],"author":[{"embeddable":true,"href":"https:\/\/elcanillita.info\/press\/wp-json\/wp\/v2\/users\/1"}],"replies":[{"embeddable":true,"href":"https:\/\/elcanillita.info\/press\/wp-json\/wp\/v2\/comments?post=2617"}],"version-history":[{"count":0,"href":"https:\/\/elcanillita.info\/press\/wp-json\/wp\/v2\/posts\/2617\/revisions"}],"wp:featuredmedia":[{"embeddable":true,"href":"https:\/\/elcanillita.info\/press\/wp-json\/wp\/v2\/media\/2618"}],"wp:attachment":[{"href":"https:\/\/elcanillita.info\/press\/wp-json\/wp\/v2\/media?parent=2617"}],"wp:term":[{"taxonomy":"category","embeddable":true,"href":"https:\/\/elcanillita.info\/press\/wp-json\/wp\/v2\/categories?post=2617"},{"taxonomy":"post_tag","embeddable":true,"href":"https:\/\/elcanillita.info\/press\/wp-json\/wp\/v2\/tags?post=2617"}],"curies":[{"name":"wp","href":"https:\/\/api.w.org\/{rel}","templated":true}]}}