{"id":261,"date":"2020-01-31T13:29:57","date_gmt":"2020-01-31T16:29:57","guid":{"rendered":"https:\/\/elcanillita.info\/press\/?p=261"},"modified":"2020-01-31T13:45:46","modified_gmt":"2020-01-31T16:45:46","slug":"guatemala-empresarios-esperan-detalles-sobre-posible-salida-a-puerto-de-el-salvador","status":"publish","type":"post","link":"https:\/\/elcanillita.info\/press\/2020\/01\/31\/guatemala-empresarios-esperan-detalles-sobre-posible-salida-a-puerto-de-el-salvador\/","title":{"rendered":"Guatemala: Empresarios esperan detalles sobre posible salida a puerto de El Salvador"},"content":{"rendered":"\n<p>Ciudad de Guatemala, 31.01.2020 &#8211; El sector empresarial de Guatemala est\u00e1 a la expectativa tras el anuncio del presidente Alejandro Giammattei de conceder a El Salvador un espacio para que el vecino pa\u00eds tenga un puerto en el Atl\u00e1ntico.<\/p>\n\n\n\n<p>El proyecto fue anunciado por Giammattei y el presidente de El Salvador, Nayib Bukele, como parte de una integraci\u00f3n aduanera del Tri\u00e1ngulo Norte, pero no se sabe con certeza cu\u00e1ndo podr\u00eda concretarse.<\/p>\n\n\n\n<p>En su cuenta de Twitter, Giammattei mostr\u00f3 im\u00e1genes de su encuentro con Bukele, que incluy\u00f3 la firma de acuerdos con los que buscan &#8220;la integraci\u00f3n centroamericana&#8221;.<br>\nLas reacciones en Guatemala<\/p>\n\n\n\n<p>Juan Carlos Tefel, presidente del Comit\u00e9 Coordinador de Asociaciones Agr\u00edcolas, Comerciales, Industriales y Financieras (CACIF)&nbsp;dijo&nbsp;que hasta que no se conozcan m\u00e1s detalles y los beneficios de la medida no se puede dar una opini\u00f3n al respecto.<\/p>\n\n\n\n<p>\u201cEl gobierno tiene que dar a conocer la informaci\u00f3n siempre resguardando la legalidad y soberan\u00eda de Guatemala\u201d, expres\u00f3.<\/p>\n\n\n\n<p>Del mismo modo se expres\u00f3 el presidente de la C\u00e1mara del Agro, Nils Leporowski, insistiendo en la falta de detalles: \u201cDesconozco a profundidad el acuerdo del tema del puerto que quieren hacer en el norte de Guatemala, preferir\u00eda abstenerme de hacer un comentario\u201d, declar\u00f3 Leporowski.<\/p>\n\n\n\n<p><strong>El Salvador y Guatemala firman convenio para cielos abiertos <\/strong><br> Las expectativas: Javier Zepeda, director de la C\u00e1mara de industria que tambi\u00e9n aglutina a empresarios guatemaltecos, afirma que este proyecto puede traer beneficios en infraestructura, capacidad y competitividad a Guatemala, que derive en la disminuci\u00f3n de la migraci\u00f3n irregular hacia Estados Unidos.<br><br> \u201cConfiamos en que estos proyectos pueden propiciar el desarrollo econ\u00f3mico de ambos pa\u00edses y que esto a la vez genere mayores oportunidades de empleos formales como la v\u00eda para reducir la pobreza y la migraci\u00f3n\u201d, dijo Zepeda.<\/p>\n\n\n\n<p>Seg\u00fan lo anunciado por ambos mandatarios, en los pr\u00f3ximos d\u00edas se modificar\u00e1n los controles fronterizos para dar libre movilidad entre los dos pa\u00edses a salvadore\u00f1os y guatemaltecos.<\/p>\n\n\n\n<p>A juicio Bukele, la posibilidad de que El Salvador tenga un puerto en la costa atl\u00e1ntica guatemalteca es un importante ofrecimiento para la dinamizaci\u00f3n de la econom\u00eda y la generaci\u00f3n de oportunidades de negocio para el pa\u00eds.<br><br>\n<small>2020 voanoticias \u2013 salastampa.eu, afiliada a la red Broadcasting Board of Governors \u00a9 2020 BBG<\/small><\/p>\n\n\n\n<p><\/p>\n","protected":false},"excerpt":{"rendered":"<p>Ciudad de Guatemala, 31.01.2020 &#8211; El sector empresarial de Guatemala est\u00e1 a la expectativa tras el anuncio del presidente Alejandro Giammattei de conceder a El Salvador un espacio para que el vecino pa\u00eds tenga un puerto en el Atl\u00e1ntico.<\/p>\n","protected":false},"author":1,"featured_media":0,"comment_status":"closed","ping_status":"closed","sticky":false,"template":"","format":"standard","meta":{"footnotes":"","_links_to":"","_links_to_target":""},"categories":[10,20,23],"tags":[33],"class_list":["post-261","post","type-post","status-publish","format-standard","hentry","category-america-central","category-economia","category-politica","tag-guatemala","entry","double"],"yoast_head":"<!-- This site is optimized with the Yoast SEO plugin v27.4 - https:\/\/yoast.com\/product\/yoast-seo-wordpress\/ -->\n<title>Guatemala: Empresarios esperan detalles sobre posible salida a puerto de El Salvador - ElCanillita.Info<\/title>\n<meta name=\"robots\" content=\"index, follow, max-snippet:-1, max-image-preview:large, max-video-preview:-1\" \/>\n<link rel=\"canonical\" href=\"https:\/\/elcanillita.info\/press\/2020\/01\/31\/guatemala-empresarios-esperan-detalles-sobre-posible-salida-a-puerto-de-el-salvador\/\" \/>\n<meta property=\"og:locale\" content=\"es_ES\" \/>\n<meta property=\"og:type\" content=\"article\" \/>\n<meta property=\"og:title\" content=\"Guatemala: Empresarios esperan detalles sobre posible salida a puerto de El Salvador - ElCanillita.Info\" \/>\n<meta property=\"og:description\" content=\"Ciudad de Guatemala, 31.01.2020 - El sector empresarial de Guatemala est\u00e1 a la expectativa tras el anuncio del presidente Alejandro Giammattei de conceder a El Salvador un espacio para que el vecino pa\u00eds tenga un puerto en el Atl\u00e1ntico.\" \/>\n<meta property=\"og:url\" content=\"https:\/\/elcanillita.info\/press\/2020\/01\/31\/guatemala-empresarios-esperan-detalles-sobre-posible-salida-a-puerto-de-el-salvador\/\" \/>\n<meta property=\"og:site_name\" content=\"ElCanillita.Info\" \/>\n<meta property=\"article:publisher\" content=\"https:\/\/ar-ar.facebook.com\/ElCanillitainfo-114249515285712\/\" \/>\n<meta property=\"article:published_time\" content=\"2020-01-31T16:29:57+00:00\" \/>\n<meta property=\"article:modified_time\" content=\"2020-01-31T16:45:46+00:00\" \/>\n<meta name=\"author\" content=\"SalaStampa.eu, world press service\" \/>\n<meta name=\"twitter:card\" content=\"summary_large_image\" \/>\n<meta name=\"twitter:label1\" content=\"Escrito por\" \/>\n\t<meta name=\"twitter:data1\" content=\"SalaStampa.eu, world press service\" \/>\n\t<meta name=\"twitter:label2\" content=\"Tiempo de lectura\" \/>\n\t<meta name=\"twitter:data2\" content=\"2 minutos\" \/>\n<script type=\"application\/ld+json\" class=\"yoast-schema-graph\">{\"@context\":\"https:\\\/\\\/schema.org\",\"@graph\":[{\"@type\":\"Article\",\"@id\":\"https:\\\/\\\/elcanillita.info\\\/press\\\/2020\\\/01\\\/31\\\/guatemala-empresarios-esperan-detalles-sobre-posible-salida-a-puerto-de-el-salvador\\\/#article\",\"isPartOf\":{\"@id\":\"https:\\\/\\\/elcanillita.info\\\/press\\\/2020\\\/01\\\/31\\\/guatemala-empresarios-esperan-detalles-sobre-posible-salida-a-puerto-de-el-salvador\\\/\"},\"author\":{\"name\":\"SalaStampa.eu, world press service\",\"@id\":\"https:\\\/\\\/elcanillita.info\\\/press\\\/#\\\/schema\\\/person\\\/7fcb79f38045700919f7da6d97e71ba0\"},\"headline\":\"Guatemala: Empresarios esperan detalles sobre posible salida a puerto de El Salvador\",\"datePublished\":\"2020-01-31T16:29:57+00:00\",\"dateModified\":\"2020-01-31T16:45:46+00:00\",\"mainEntityOfPage\":{\"@id\":\"https:\\\/\\\/elcanillita.info\\\/press\\\/2020\\\/01\\\/31\\\/guatemala-empresarios-esperan-detalles-sobre-posible-salida-a-puerto-de-el-salvador\\\/\"},\"wordCount\":413,\"publisher\":{\"@id\":\"https:\\\/\\\/elcanillita.info\\\/press\\\/#organization\"},\"keywords\":[\"Guatemala\"],\"articleSection\":[\"Am\u00e9rica Central\",\"Economia\",\"Politica\"],\"inLanguage\":\"es-AR\"},{\"@type\":\"WebPage\",\"@id\":\"https:\\\/\\\/elcanillita.info\\\/press\\\/2020\\\/01\\\/31\\\/guatemala-empresarios-esperan-detalles-sobre-posible-salida-a-puerto-de-el-salvador\\\/\",\"url\":\"https:\\\/\\\/elcanillita.info\\\/press\\\/2020\\\/01\\\/31\\\/guatemala-empresarios-esperan-detalles-sobre-posible-salida-a-puerto-de-el-salvador\\\/\",\"name\":\"Guatemala: Empresarios esperan detalles sobre posible salida a puerto de El Salvador - ElCanillita.Info\",\"isPartOf\":{\"@id\":\"https:\\\/\\\/elcanillita.info\\\/press\\\/#website\"},\"datePublished\":\"2020-01-31T16:29:57+00:00\",\"dateModified\":\"2020-01-31T16:45:46+00:00\",\"inLanguage\":\"es-AR\",\"potentialAction\":[{\"@type\":\"ReadAction\",\"target\":[\"https:\\\/\\\/elcanillita.info\\\/press\\\/2020\\\/01\\\/31\\\/guatemala-empresarios-esperan-detalles-sobre-posible-salida-a-puerto-de-el-salvador\\\/\"]}]},{\"@type\":\"WebSite\",\"@id\":\"https:\\\/\\\/elcanillita.info\\\/press\\\/#website\",\"url\":\"https:\\\/\\\/elcanillita.info\\\/press\\\/\",\"name\":\"ElCanillita.Info\",\"description\":\"desde los Apeninos a los Andes\",\"publisher\":{\"@id\":\"https:\\\/\\\/elcanillita.info\\\/press\\\/#organization\"},\"potentialAction\":[{\"@type\":\"SearchAction\",\"target\":{\"@type\":\"EntryPoint\",\"urlTemplate\":\"https:\\\/\\\/elcanillita.info\\\/press\\\/?s={search_term_string}\"},\"query-input\":{\"@type\":\"PropertyValueSpecification\",\"valueRequired\":true,\"valueName\":\"search_term_string\"}}],\"inLanguage\":\"es-AR\"},{\"@type\":\"Organization\",\"@id\":\"https:\\\/\\\/elcanillita.info\\\/press\\\/#organization\",\"name\":\"Guzzo Photos & Graphic Publications\",\"url\":\"https:\\\/\\\/elcanillita.info\\\/press\\\/\",\"logo\":{\"@type\":\"ImageObject\",\"inLanguage\":\"es-AR\",\"@id\":\"https:\\\/\\\/elcanillita.info\\\/press\\\/#\\\/schema\\\/logo\\\/image\\\/\",\"url\":\"https:\\\/\\\/elcanillita.info\\\/press\\\/images\\\/2020\\\/01\\\/cropped-cropped-cropped-elcanillitainfo.png\",\"contentUrl\":\"https:\\\/\\\/elcanillita.info\\\/press\\\/images\\\/2020\\\/01\\\/cropped-cropped-cropped-elcanillitainfo.png\",\"width\":460,\"height\":50,\"caption\":\"Guzzo Photos & Graphic Publications\"},\"image\":{\"@id\":\"https:\\\/\\\/elcanillita.info\\\/press\\\/#\\\/schema\\\/logo\\\/image\\\/\"},\"sameAs\":[\"https:\\\/\\\/ar-ar.facebook.com\\\/ElCanillitainfo-114249515285712\\\/\"]},{\"@type\":\"Person\",\"@id\":\"https:\\\/\\\/elcanillita.info\\\/press\\\/#\\\/schema\\\/person\\\/7fcb79f38045700919f7da6d97e71ba0\",\"name\":\"SalaStampa.eu, world press service\",\"image\":{\"@type\":\"ImageObject\",\"inLanguage\":\"es-AR\",\"@id\":\"https:\\\/\\\/secure.gravatar.com\\\/avatar\\\/c2f0e0d515a107624234994507816ca4724c7199cef73fc8bedebf6931d73888?s=96&d=mm&r=g\",\"url\":\"https:\\\/\\\/secure.gravatar.com\\\/avatar\\\/c2f0e0d515a107624234994507816ca4724c7199cef73fc8bedebf6931d73888?s=96&d=mm&r=g\",\"contentUrl\":\"https:\\\/\\\/secure.gravatar.com\\\/avatar\\\/c2f0e0d515a107624234994507816ca4724c7199cef73fc8bedebf6931d73888?s=96&d=mm&r=g\",\"caption\":\"SalaStampa.eu, world press service\"}}]}<\/script>\n<!-- \/ Yoast SEO plugin. -->","yoast_head_json":{"title":"Guatemala: Empresarios esperan detalles sobre posible salida a puerto de El Salvador - ElCanillita.Info","robots":{"index":"index","follow":"follow","max-snippet":"max-snippet:-1","max-image-preview":"max-image-preview:large","max-video-preview":"max-video-preview:-1"},"canonical":"https:\/\/elcanillita.info\/press\/2020\/01\/31\/guatemala-empresarios-esperan-detalles-sobre-posible-salida-a-puerto-de-el-salvador\/","og_locale":"es_ES","og_type":"article","og_title":"Guatemala: Empresarios esperan detalles sobre posible salida a puerto de El Salvador - ElCanillita.Info","og_description":"Ciudad de Guatemala, 31.01.2020 - El sector empresarial de Guatemala est\u00e1 a la expectativa tras el anuncio del presidente Alejandro Giammattei de conceder a El Salvador un espacio para que el vecino pa\u00eds tenga un puerto en el Atl\u00e1ntico.","og_url":"https:\/\/elcanillita.info\/press\/2020\/01\/31\/guatemala-empresarios-esperan-detalles-sobre-posible-salida-a-puerto-de-el-salvador\/","og_site_name":"ElCanillita.Info","article_publisher":"https:\/\/ar-ar.facebook.com\/ElCanillitainfo-114249515285712\/","article_published_time":"2020-01-31T16:29:57+00:00","article_modified_time":"2020-01-31T16:45:46+00:00","author":"SalaStampa.eu, world press service","twitter_card":"summary_large_image","twitter_misc":{"Escrito por":"SalaStampa.eu, world press service","Tiempo de lectura":"2 minutos"},"schema":{"@context":"https:\/\/schema.org","@graph":[{"@type":"Article","@id":"https:\/\/elcanillita.info\/press\/2020\/01\/31\/guatemala-empresarios-esperan-detalles-sobre-posible-salida-a-puerto-de-el-salvador\/#article","isPartOf":{"@id":"https:\/\/elcanillita.info\/press\/2020\/01\/31\/guatemala-empresarios-esperan-detalles-sobre-posible-salida-a-puerto-de-el-salvador\/"},"author":{"name":"SalaStampa.eu, world press service","@id":"https:\/\/elcanillita.info\/press\/#\/schema\/person\/7fcb79f38045700919f7da6d97e71ba0"},"headline":"Guatemala: Empresarios esperan detalles sobre posible salida a puerto de El Salvador","datePublished":"2020-01-31T16:29:57+00:00","dateModified":"2020-01-31T16:45:46+00:00","mainEntityOfPage":{"@id":"https:\/\/elcanillita.info\/press\/2020\/01\/31\/guatemala-empresarios-esperan-detalles-sobre-posible-salida-a-puerto-de-el-salvador\/"},"wordCount":413,"publisher":{"@id":"https:\/\/elcanillita.info\/press\/#organization"},"keywords":["Guatemala"],"articleSection":["Am\u00e9rica Central","Economia","Politica"],"inLanguage":"es-AR"},{"@type":"WebPage","@id":"https:\/\/elcanillita.info\/press\/2020\/01\/31\/guatemala-empresarios-esperan-detalles-sobre-posible-salida-a-puerto-de-el-salvador\/","url":"https:\/\/elcanillita.info\/press\/2020\/01\/31\/guatemala-empresarios-esperan-detalles-sobre-posible-salida-a-puerto-de-el-salvador\/","name":"Guatemala: Empresarios esperan detalles sobre posible salida a puerto de El Salvador - ElCanillita.Info","isPartOf":{"@id":"https:\/\/elcanillita.info\/press\/#website"},"datePublished":"2020-01-31T16:29:57+00:00","dateModified":"2020-01-31T16:45:46+00:00","inLanguage":"es-AR","potentialAction":[{"@type":"ReadAction","target":["https:\/\/elcanillita.info\/press\/2020\/01\/31\/guatemala-empresarios-esperan-detalles-sobre-posible-salida-a-puerto-de-el-salvador\/"]}]},{"@type":"WebSite","@id":"https:\/\/elcanillita.info\/press\/#website","url":"https:\/\/elcanillita.info\/press\/","name":"ElCanillita.Info","description":"desde los Apeninos a los Andes","publisher":{"@id":"https:\/\/elcanillita.info\/press\/#organization"},"potentialAction":[{"@type":"SearchAction","target":{"@type":"EntryPoint","urlTemplate":"https:\/\/elcanillita.info\/press\/?s={search_term_string}"},"query-input":{"@type":"PropertyValueSpecification","valueRequired":true,"valueName":"search_term_string"}}],"inLanguage":"es-AR"},{"@type":"Organization","@id":"https:\/\/elcanillita.info\/press\/#organization","name":"Guzzo Photos & Graphic Publications","url":"https:\/\/elcanillita.info\/press\/","logo":{"@type":"ImageObject","inLanguage":"es-AR","@id":"https:\/\/elcanillita.info\/press\/#\/schema\/logo\/image\/","url":"https:\/\/elcanillita.info\/press\/images\/2020\/01\/cropped-cropped-cropped-elcanillitainfo.png","contentUrl":"https:\/\/elcanillita.info\/press\/images\/2020\/01\/cropped-cropped-cropped-elcanillitainfo.png","width":460,"height":50,"caption":"Guzzo Photos & Graphic Publications"},"image":{"@id":"https:\/\/elcanillita.info\/press\/#\/schema\/logo\/image\/"},"sameAs":["https:\/\/ar-ar.facebook.com\/ElCanillitainfo-114249515285712\/"]},{"@type":"Person","@id":"https:\/\/elcanillita.info\/press\/#\/schema\/person\/7fcb79f38045700919f7da6d97e71ba0","name":"SalaStampa.eu, world press service","image":{"@type":"ImageObject","inLanguage":"es-AR","@id":"https:\/\/secure.gravatar.com\/avatar\/c2f0e0d515a107624234994507816ca4724c7199cef73fc8bedebf6931d73888?s=96&d=mm&r=g","url":"https:\/\/secure.gravatar.com\/avatar\/c2f0e0d515a107624234994507816ca4724c7199cef73fc8bedebf6931d73888?s=96&d=mm&r=g","contentUrl":"https:\/\/secure.gravatar.com\/avatar\/c2f0e0d515a107624234994507816ca4724c7199cef73fc8bedebf6931d73888?s=96&d=mm&r=g","caption":"SalaStampa.eu, world press service"}}]}},"views":777,"_links":{"self":[{"href":"https:\/\/elcanillita.info\/press\/wp-json\/wp\/v2\/posts\/261","targetHints":{"allow":["GET"]}}],"collection":[{"href":"https:\/\/elcanillita.info\/press\/wp-json\/wp\/v2\/posts"}],"about":[{"href":"https:\/\/elcanillita.info\/press\/wp-json\/wp\/v2\/types\/post"}],"author":[{"embeddable":true,"href":"https:\/\/elcanillita.info\/press\/wp-json\/wp\/v2\/users\/1"}],"replies":[{"embeddable":true,"href":"https:\/\/elcanillita.info\/press\/wp-json\/wp\/v2\/comments?post=261"}],"version-history":[{"count":0,"href":"https:\/\/elcanillita.info\/press\/wp-json\/wp\/v2\/posts\/261\/revisions"}],"wp:attachment":[{"href":"https:\/\/elcanillita.info\/press\/wp-json\/wp\/v2\/media?parent=261"}],"wp:term":[{"taxonomy":"category","embeddable":true,"href":"https:\/\/elcanillita.info\/press\/wp-json\/wp\/v2\/categories?post=261"},{"taxonomy":"post_tag","embeddable":true,"href":"https:\/\/elcanillita.info\/press\/wp-json\/wp\/v2\/tags?post=261"}],"curies":[{"name":"wp","href":"https:\/\/api.w.org\/{rel}","templated":true}]}}