{"id":2600,"date":"2022-07-16T20:15:55","date_gmt":"2022-07-16T23:15:55","guid":{"rendered":"https:\/\/elcanillita.info\/press\/?p=2600"},"modified":"2022-07-16T20:51:50","modified_gmt":"2022-07-16T23:51:50","slug":"el-proyecto-de-draghi-ha-fracasado","status":"publish","type":"post","link":"https:\/\/elcanillita.info\/press\/2022\/07\/16\/el-proyecto-de-draghi-ha-fracasado\/","title":{"rendered":"El proyecto de Draghi ha fracasado"},"content":{"rendered":"\n<figure class=\"wp-block-image\"><img decoding=\"async\" src=\"https:\/\/elcanillita.info\/press\/images\/2022\/07\/draghi1.jpg\" alt=\"\"\/><\/figure>\n\n\n<p><\/p>\n\n\n<p>Estaba claro que el proyecto de Draghi pretend\u00eda llevar a cabo una transformaci\u00f3n de la econom\u00eda del pa\u00eds. Recibir\u00eda enormes subvenciones de sus vecinos. Un primer ministro tecn\u00f3crata reformar\u00eda su moribunda econom\u00eda. E Italia saldr\u00eda por fin del ciclo de bajo crecimiento y alto endeudamiento en el que se encuentra atrapada desde la creaci\u00f3n del euro a principios de siglo.<\/p>\n\n\n\n<p>Cuando Mario Draghi fue nombrado Primer Ministro en 2020, la Uni\u00f3n Europea se comprometi\u00f3 a destinar enormes sumas para que su econom\u00eda alcanzara por fin los niveles de competitividad de Alemania o Francia. Para ser justos, se trataba de un plan, y si todo hubiera encajado, habr\u00eda al menos una posibilidad de que funcionara.<\/p>\n\n\n\n<p>Pero, suj\u00e9tense. Ahora mismo, se est\u00e1 desmoronando. Draghi est\u00e1 a punto de ser desalojado del poder, y el sistema pol\u00edtico est\u00e1 volviendo al estancamiento de las disputas que lo han asolado durante d\u00e9cadas. La inflaci\u00f3n se est\u00e1 disparando, el crecimiento se ha hundido, los rendimientos de los bonos est\u00e1n subiendo, y con el pa\u00eds casi tan dependiente del gas ruso como Alemania, la situaci\u00f3n va a empeorar mucho en lo que queda de a\u00f1o.<\/p>\n\n\n\n<p>En realidad, la apuesta de Draghi de 200.000 millones de euros ha fracasado. Y a ra\u00edz de ello, los mercados volver\u00e1n a plantear la misma pregunta que se han hecho durante la \u00faltima d\u00e9cada o m\u00e1s. \u00bfPuede este pa\u00eds sobrevivir realmente en una uni\u00f3n monetaria con Alemania, Francia y los Pa\u00edses Bajos?<\/p>\n\n\n\n<p>La pol\u00edtica italiana est\u00e1 a punto de ser tan complicada como la versi\u00f3n argentina (&#8230; quiz\u00e1s no tan disparatada). Este fin de semana, el gobierno de Mario Draghi se tambalea al borde del colapso. El ex presidente del Banco Central Europeo ya ha presentado su dimisi\u00f3n.<\/p>\n\n\n\n<p>Hasta ahora ha sido rechazada por el presidente de Italia. Pero sin una mayor\u00eda en el Parlamento para sus planes de lucha contra la inflaci\u00f3n, y en medio de las demandas de asumir m\u00e1s deuda para subsidiar a los hogares en dificultades, es dif\u00edcil ver c\u00f3mo puede aferrarse mucho m\u00e1s tiempo. En el mejor de los casos, seguir\u00e1 rengueando hasta las elecciones del a\u00f1o que viene, pero s\u00f3lo como un pato rengo, despojado de cualquier poder real.<\/p>\n\n\n\n<p>Es cierto que la pol\u00edtica italiana es a menudo ca\u00f3tica. Pero si se da un paso atr\u00e1s y se observa el panorama general, queda claro que el proyecto de Draghi estaba destinado a lograr una transformaci\u00f3n de la econom\u00eda del pa\u00eds, y a asegurar finalmente su lugar en la moneda \u00fanica. Despu\u00e9s de instalar a Draghi en el poder en febrero del a\u00f1o pasado, la Uni\u00f3n Europea finalmente reuni\u00f3 la voluntad pol\u00edtica para dar al pa\u00eds la ayuda que necesitaba para salir de la trampa de bajo crecimiento y alta deuda en la que ha estado encerrado durante veinte a\u00f1os.<\/p>\n\n\n\n<p>Del enorme Fondo de Recuperaci\u00f3n del Coronavirus, financiado en gran parte por la primera deuda emitida en com\u00fan por la Uni\u00f3n Europea, Italia recibi\u00f3 la mayor parte con diferencia. Recibi\u00f3 220.000 millones de euros, a pesar de que s\u00f3lo es el tercer pa\u00eds de la zona y no fue mucho m\u00e1s afectado por el virus que los dem\u00e1s.<\/p>\n\n\n\n<p>El prop\u00f3sito era claro. Draghi utilizar\u00eda el dinero para reconstruir la econom\u00eda italiana y crear un mayor crecimiento que hiciera manejable su deuda. Es &#8220;el mayor paquete de recuperaci\u00f3n de la historia de la UE e Italia recibe la mayor parte&#8221;, tuite\u00f3 la Presidenta de la UE, Ursula von der Leyen, al cerrar el acuerdo. &#8220;Estamos poniendo la fuerza de nuestra Uni\u00f3n al servicio de la recuperaci\u00f3n de Italia&#8221;.<\/p>\n\n\n\n<p>No era una idea del todo descabellada. A principios de siglo, Italia se encerr\u00f3 en una uni\u00f3n monetaria con Alemania y Francia con un tipo de cambio poco competitivo y una deuda superior al 100 % del PIB. Qued\u00f3 atrapada en una austeridad permanente, matando la posibilidad de reformas y conden\u00e1ndola a un crecimiento lento que s\u00f3lo aumentaba la carga de la deuda. Era el m\u00e1s vicioso de los c\u00edrculos viciosos. Con algo de dinero para jugar, Draghi plane\u00f3 racionalizar un sector p\u00fablico hinchado, invertir en tecnolog\u00eda y desmantelar las barreras a las empresas. \u00bfEl resultado? Italia tendr\u00eda un crecimiento permanentemente mayor, reduciendo constantemente la deuda como porcentaje del PIB.<\/p>\n\n\n\n<p>Y, sin embargo, ahora mismo los resultados son p\u00e9simos. La inflaci\u00f3n se ha disparado, como en todo el continente. El crecimiento se ha estancado, y la recesi\u00f3n parece ahora inevitable a medida que toda la econom\u00eda mundial se ralentiza. Y lo que es peor, Italia es el pa\u00eds, despu\u00e9s de Alemania, que m\u00e1s depende del gas ruso para mantener las luces encendidas (representaba el 40 por ciento de su energ\u00eda antes de que comenzara la guerra de Ucrania).<\/p>\n\n\n\n<p>Si los gasoductos se cortan durante el invierno, como es muy probable, tendr\u00e1 que empezar a racionar la energ\u00eda, e incluso si no lo hacen, los precios m\u00e1s altos de la energ\u00eda acabar\u00e1n con la competitividad de las industrias italianas, que para empezar no estaban en buena forma.<\/p>\n\n\n\n<p>Adem\u00e1s, el aumento de los tipos de inter\u00e9s en Europa, que se espera que el BCE empiece a subir a finales de este mes, har\u00e1 que el coste del servicio de sus enormes deudas sea a\u00fan mayor. Si se suma todo esto, en lugar de embarcarse en una transformaci\u00f3n de su econom\u00eda, Italia est\u00e1 tropezando directamente con otra crisis. La apuesta de 220.000 millones de euros pagada por sus socios en la UE ya ha fracasado.<\/p>\n\n\n\n<p>Italia tiene ahora una deuda mucho m\u00e1s alta como porcentaje del PIB que la que ten\u00eda durante la \u00faltima crisis de la eurozona hace una d\u00e9cada: 150pc contra 125pc. Est\u00e1 atascada con el mismo crecimiento miserable y el mismo sistema pol\u00edtico disfuncional que obstaculiza el crecimiento y bloquea las reformas.<\/p>\n\n\n\n<p>El BCE est\u00e1 a punto de poner en marcha un extra\u00f1o &#8220;mecanismo de protecci\u00f3n de la transmisi\u00f3n&#8221; para evitar que los rendimientos de los bonos italianos suban demasiado. Pero si funciona en la pr\u00e1ctica, o incluso en la teor\u00eda, nadie tiene una idea real, e incluso si lo hace es simplemente tirar m\u00e1s dinero impreso para prevenir una ruptura en la uni\u00f3n monetaria disfuncional de Europa.<\/p>\n\n\n\n<p>En realidad, el plan maestro de Draghi era la \u00faltima oportunidad de Italia para liberarse de sus deudas y poner la econom\u00eda del pa\u00eds de nuevo en marcha. Fue respaldado con enormes sumas de dinero de Bruselas. Ahora que est\u00e1 hecho trizas, los mercados seguir\u00e1n pregunt\u00e1ndose lo mismo que hace una d\u00e9cada. \u00bfPuede este pa\u00eds permanecer en una uni\u00f3n monetaria cuando no funciona? La respuesta la encontraremos en los pr\u00f3ximos turbulentos meses.<\/p>\n\n\n\n<p><small>Copyright \u00a9 2022 ElCanillita.info \/ PanPress.Eu \/ SalaStampa.Eu \u2013 Derechos Reservados<\/small><\/p>\n","protected":false},"excerpt":{"rendered":"<p>Italia est\u00e1 atrapada en un crecimiento miserable y un sistema pol\u00edtico disfuncional que obstaculiza el crecimiento y bloquea las reformas<\/p>\n","protected":false},"author":1,"featured_media":2601,"comment_status":"closed","ping_status":"closed","sticky":false,"template":"","format":"standard","meta":{"footnotes":"","_links_to":"","_links_to_target":""},"categories":[70,20,5],"tags":[60],"class_list":["post-2600","post","type-post","status-publish","format-standard","has-post-thumbnail","hentry","category-actualidad","category-economia","category-europa","tag-italia","entry","double"],"yoast_head":"<!-- This site is optimized with the Yoast SEO plugin v27.5 - https:\/\/yoast.com\/product\/yoast-seo-wordpress\/ -->\n<title>El proyecto de Draghi ha fracasado - ElCanillita.Info<\/title>\n<meta name=\"robots\" content=\"index, follow, max-snippet:-1, max-image-preview:large, max-video-preview:-1\" \/>\n<link rel=\"canonical\" href=\"https:\/\/elcanillita.info\/press\/2022\/07\/16\/el-proyecto-de-draghi-ha-fracasado\/\" \/>\n<meta property=\"og:locale\" content=\"es_ES\" \/>\n<meta property=\"og:type\" content=\"article\" \/>\n<meta property=\"og:title\" content=\"El proyecto de Draghi ha fracasado - ElCanillita.Info\" \/>\n<meta property=\"og:description\" content=\"Italia est\u00e1 atrapada en un crecimiento miserable y un sistema pol\u00edtico disfuncional que obstaculiza el crecimiento y bloquea las reformas\" \/>\n<meta property=\"og:url\" content=\"https:\/\/elcanillita.info\/press\/2022\/07\/16\/el-proyecto-de-draghi-ha-fracasado\/\" \/>\n<meta property=\"og:site_name\" content=\"ElCanillita.Info\" \/>\n<meta property=\"article:publisher\" content=\"https:\/\/ar-ar.facebook.com\/ElCanillitainfo-114249515285712\/\" \/>\n<meta property=\"article:published_time\" content=\"2022-07-16T23:15:55+00:00\" \/>\n<meta property=\"article:modified_time\" content=\"2022-07-16T23:51:50+00:00\" \/>\n<meta property=\"og:image\" content=\"https:\/\/elcanillita.info\/press\/images\/2022\/07\/draghio-1.jpg\" \/>\n\t<meta property=\"og:image:width\" content=\"600\" \/>\n\t<meta property=\"og:image:height\" content=\"400\" \/>\n\t<meta property=\"og:image:type\" content=\"image\/jpeg\" \/>\n<meta name=\"author\" content=\"SalaStampa.eu, world press service\" \/>\n<meta name=\"twitter:card\" content=\"summary_large_image\" \/>\n<meta name=\"twitter:label1\" content=\"Escrito por\" \/>\n\t<meta name=\"twitter:data1\" content=\"SalaStampa.eu, world press service\" \/>\n\t<meta name=\"twitter:label2\" content=\"Tiempo de lectura\" \/>\n\t<meta name=\"twitter:data2\" content=\"6 minutos\" \/>\n<script type=\"application\/ld+json\" class=\"yoast-schema-graph\">{\"@context\":\"https:\\\/\\\/schema.org\",\"@graph\":[{\"@type\":\"Article\",\"@id\":\"https:\\\/\\\/elcanillita.info\\\/press\\\/2022\\\/07\\\/16\\\/el-proyecto-de-draghi-ha-fracasado\\\/#article\",\"isPartOf\":{\"@id\":\"https:\\\/\\\/elcanillita.info\\\/press\\\/2022\\\/07\\\/16\\\/el-proyecto-de-draghi-ha-fracasado\\\/\"},\"author\":{\"name\":\"SalaStampa.eu, world press service\",\"@id\":\"https:\\\/\\\/elcanillita.info\\\/press\\\/#\\\/schema\\\/person\\\/7fcb79f38045700919f7da6d97e71ba0\"},\"headline\":\"El proyecto de Draghi ha fracasado\",\"datePublished\":\"2022-07-16T23:15:55+00:00\",\"dateModified\":\"2022-07-16T23:51:50+00:00\",\"mainEntityOfPage\":{\"@id\":\"https:\\\/\\\/elcanillita.info\\\/press\\\/2022\\\/07\\\/16\\\/el-proyecto-de-draghi-ha-fracasado\\\/\"},\"wordCount\":1206,\"publisher\":{\"@id\":\"https:\\\/\\\/elcanillita.info\\\/press\\\/#organization\"},\"image\":{\"@id\":\"https:\\\/\\\/elcanillita.info\\\/press\\\/2022\\\/07\\\/16\\\/el-proyecto-de-draghi-ha-fracasado\\\/#primaryimage\"},\"thumbnailUrl\":\"https:\\\/\\\/elcanillita.info\\\/press\\\/images\\\/2022\\\/07\\\/draghio-1.jpg\",\"keywords\":[\"Italia\"],\"articleSection\":[\"Actualidad\",\"Economia\",\"Europa\"],\"inLanguage\":\"es-AR\"},{\"@type\":\"WebPage\",\"@id\":\"https:\\\/\\\/elcanillita.info\\\/press\\\/2022\\\/07\\\/16\\\/el-proyecto-de-draghi-ha-fracasado\\\/\",\"url\":\"https:\\\/\\\/elcanillita.info\\\/press\\\/2022\\\/07\\\/16\\\/el-proyecto-de-draghi-ha-fracasado\\\/\",\"name\":\"El proyecto de Draghi ha fracasado - ElCanillita.Info\",\"isPartOf\":{\"@id\":\"https:\\\/\\\/elcanillita.info\\\/press\\\/#website\"},\"primaryImageOfPage\":{\"@id\":\"https:\\\/\\\/elcanillita.info\\\/press\\\/2022\\\/07\\\/16\\\/el-proyecto-de-draghi-ha-fracasado\\\/#primaryimage\"},\"image\":{\"@id\":\"https:\\\/\\\/elcanillita.info\\\/press\\\/2022\\\/07\\\/16\\\/el-proyecto-de-draghi-ha-fracasado\\\/#primaryimage\"},\"thumbnailUrl\":\"https:\\\/\\\/elcanillita.info\\\/press\\\/images\\\/2022\\\/07\\\/draghio-1.jpg\",\"datePublished\":\"2022-07-16T23:15:55+00:00\",\"dateModified\":\"2022-07-16T23:51:50+00:00\",\"inLanguage\":\"es-AR\",\"potentialAction\":[{\"@type\":\"ReadAction\",\"target\":[\"https:\\\/\\\/elcanillita.info\\\/press\\\/2022\\\/07\\\/16\\\/el-proyecto-de-draghi-ha-fracasado\\\/\"]}]},{\"@type\":\"ImageObject\",\"inLanguage\":\"es-AR\",\"@id\":\"https:\\\/\\\/elcanillita.info\\\/press\\\/2022\\\/07\\\/16\\\/el-proyecto-de-draghi-ha-fracasado\\\/#primaryimage\",\"url\":\"https:\\\/\\\/elcanillita.info\\\/press\\\/images\\\/2022\\\/07\\\/draghio-1.jpg\",\"contentUrl\":\"https:\\\/\\\/elcanillita.info\\\/press\\\/images\\\/2022\\\/07\\\/draghio-1.jpg\",\"width\":600,\"height\":400},{\"@type\":\"WebSite\",\"@id\":\"https:\\\/\\\/elcanillita.info\\\/press\\\/#website\",\"url\":\"https:\\\/\\\/elcanillita.info\\\/press\\\/\",\"name\":\"ElCanillita.Info\",\"description\":\"desde los Apeninos a los Andes\",\"publisher\":{\"@id\":\"https:\\\/\\\/elcanillita.info\\\/press\\\/#organization\"},\"potentialAction\":[{\"@type\":\"SearchAction\",\"target\":{\"@type\":\"EntryPoint\",\"urlTemplate\":\"https:\\\/\\\/elcanillita.info\\\/press\\\/?s={search_term_string}\"},\"query-input\":{\"@type\":\"PropertyValueSpecification\",\"valueRequired\":true,\"valueName\":\"search_term_string\"}}],\"inLanguage\":\"es-AR\"},{\"@type\":\"Organization\",\"@id\":\"https:\\\/\\\/elcanillita.info\\\/press\\\/#organization\",\"name\":\"Guzzo Photos & Graphic Publications\",\"url\":\"https:\\\/\\\/elcanillita.info\\\/press\\\/\",\"logo\":{\"@type\":\"ImageObject\",\"inLanguage\":\"es-AR\",\"@id\":\"https:\\\/\\\/elcanillita.info\\\/press\\\/#\\\/schema\\\/logo\\\/image\\\/\",\"url\":\"https:\\\/\\\/elcanillita.info\\\/press\\\/images\\\/2020\\\/01\\\/cropped-cropped-cropped-elcanillitainfo.png\",\"contentUrl\":\"https:\\\/\\\/elcanillita.info\\\/press\\\/images\\\/2020\\\/01\\\/cropped-cropped-cropped-elcanillitainfo.png\",\"width\":460,\"height\":50,\"caption\":\"Guzzo Photos & Graphic Publications\"},\"image\":{\"@id\":\"https:\\\/\\\/elcanillita.info\\\/press\\\/#\\\/schema\\\/logo\\\/image\\\/\"},\"sameAs\":[\"https:\\\/\\\/ar-ar.facebook.com\\\/ElCanillitainfo-114249515285712\\\/\"]},{\"@type\":\"Person\",\"@id\":\"https:\\\/\\\/elcanillita.info\\\/press\\\/#\\\/schema\\\/person\\\/7fcb79f38045700919f7da6d97e71ba0\",\"name\":\"SalaStampa.eu, world press service\",\"image\":{\"@type\":\"ImageObject\",\"inLanguage\":\"es-AR\",\"@id\":\"https:\\\/\\\/secure.gravatar.com\\\/avatar\\\/c2f0e0d515a107624234994507816ca4724c7199cef73fc8bedebf6931d73888?s=96&d=mm&r=g\",\"url\":\"https:\\\/\\\/secure.gravatar.com\\\/avatar\\\/c2f0e0d515a107624234994507816ca4724c7199cef73fc8bedebf6931d73888?s=96&d=mm&r=g\",\"contentUrl\":\"https:\\\/\\\/secure.gravatar.com\\\/avatar\\\/c2f0e0d515a107624234994507816ca4724c7199cef73fc8bedebf6931d73888?s=96&d=mm&r=g\",\"caption\":\"SalaStampa.eu, world press service\"}}]}<\/script>\n<!-- \/ Yoast SEO plugin. -->","yoast_head_json":{"title":"El proyecto de Draghi ha fracasado - ElCanillita.Info","robots":{"index":"index","follow":"follow","max-snippet":"max-snippet:-1","max-image-preview":"max-image-preview:large","max-video-preview":"max-video-preview:-1"},"canonical":"https:\/\/elcanillita.info\/press\/2022\/07\/16\/el-proyecto-de-draghi-ha-fracasado\/","og_locale":"es_ES","og_type":"article","og_title":"El proyecto de Draghi ha fracasado - ElCanillita.Info","og_description":"Italia est\u00e1 atrapada en un crecimiento miserable y un sistema pol\u00edtico disfuncional que obstaculiza el crecimiento y bloquea las reformas","og_url":"https:\/\/elcanillita.info\/press\/2022\/07\/16\/el-proyecto-de-draghi-ha-fracasado\/","og_site_name":"ElCanillita.Info","article_publisher":"https:\/\/ar-ar.facebook.com\/ElCanillitainfo-114249515285712\/","article_published_time":"2022-07-16T23:15:55+00:00","article_modified_time":"2022-07-16T23:51:50+00:00","og_image":[{"width":600,"height":400,"url":"https:\/\/elcanillita.info\/press\/images\/2022\/07\/draghio-1.jpg","type":"image\/jpeg"}],"author":"SalaStampa.eu, world press service","twitter_card":"summary_large_image","twitter_misc":{"Escrito por":"SalaStampa.eu, world press service","Tiempo de lectura":"6 minutos"},"schema":{"@context":"https:\/\/schema.org","@graph":[{"@type":"Article","@id":"https:\/\/elcanillita.info\/press\/2022\/07\/16\/el-proyecto-de-draghi-ha-fracasado\/#article","isPartOf":{"@id":"https:\/\/elcanillita.info\/press\/2022\/07\/16\/el-proyecto-de-draghi-ha-fracasado\/"},"author":{"name":"SalaStampa.eu, world press service","@id":"https:\/\/elcanillita.info\/press\/#\/schema\/person\/7fcb79f38045700919f7da6d97e71ba0"},"headline":"El proyecto de Draghi ha fracasado","datePublished":"2022-07-16T23:15:55+00:00","dateModified":"2022-07-16T23:51:50+00:00","mainEntityOfPage":{"@id":"https:\/\/elcanillita.info\/press\/2022\/07\/16\/el-proyecto-de-draghi-ha-fracasado\/"},"wordCount":1206,"publisher":{"@id":"https:\/\/elcanillita.info\/press\/#organization"},"image":{"@id":"https:\/\/elcanillita.info\/press\/2022\/07\/16\/el-proyecto-de-draghi-ha-fracasado\/#primaryimage"},"thumbnailUrl":"https:\/\/elcanillita.info\/press\/images\/2022\/07\/draghio-1.jpg","keywords":["Italia"],"articleSection":["Actualidad","Economia","Europa"],"inLanguage":"es-AR"},{"@type":"WebPage","@id":"https:\/\/elcanillita.info\/press\/2022\/07\/16\/el-proyecto-de-draghi-ha-fracasado\/","url":"https:\/\/elcanillita.info\/press\/2022\/07\/16\/el-proyecto-de-draghi-ha-fracasado\/","name":"El proyecto de Draghi ha fracasado - ElCanillita.Info","isPartOf":{"@id":"https:\/\/elcanillita.info\/press\/#website"},"primaryImageOfPage":{"@id":"https:\/\/elcanillita.info\/press\/2022\/07\/16\/el-proyecto-de-draghi-ha-fracasado\/#primaryimage"},"image":{"@id":"https:\/\/elcanillita.info\/press\/2022\/07\/16\/el-proyecto-de-draghi-ha-fracasado\/#primaryimage"},"thumbnailUrl":"https:\/\/elcanillita.info\/press\/images\/2022\/07\/draghio-1.jpg","datePublished":"2022-07-16T23:15:55+00:00","dateModified":"2022-07-16T23:51:50+00:00","inLanguage":"es-AR","potentialAction":[{"@type":"ReadAction","target":["https:\/\/elcanillita.info\/press\/2022\/07\/16\/el-proyecto-de-draghi-ha-fracasado\/"]}]},{"@type":"ImageObject","inLanguage":"es-AR","@id":"https:\/\/elcanillita.info\/press\/2022\/07\/16\/el-proyecto-de-draghi-ha-fracasado\/#primaryimage","url":"https:\/\/elcanillita.info\/press\/images\/2022\/07\/draghio-1.jpg","contentUrl":"https:\/\/elcanillita.info\/press\/images\/2022\/07\/draghio-1.jpg","width":600,"height":400},{"@type":"WebSite","@id":"https:\/\/elcanillita.info\/press\/#website","url":"https:\/\/elcanillita.info\/press\/","name":"ElCanillita.Info","description":"desde los Apeninos a los Andes","publisher":{"@id":"https:\/\/elcanillita.info\/press\/#organization"},"potentialAction":[{"@type":"SearchAction","target":{"@type":"EntryPoint","urlTemplate":"https:\/\/elcanillita.info\/press\/?s={search_term_string}"},"query-input":{"@type":"PropertyValueSpecification","valueRequired":true,"valueName":"search_term_string"}}],"inLanguage":"es-AR"},{"@type":"Organization","@id":"https:\/\/elcanillita.info\/press\/#organization","name":"Guzzo Photos & Graphic Publications","url":"https:\/\/elcanillita.info\/press\/","logo":{"@type":"ImageObject","inLanguage":"es-AR","@id":"https:\/\/elcanillita.info\/press\/#\/schema\/logo\/image\/","url":"https:\/\/elcanillita.info\/press\/images\/2020\/01\/cropped-cropped-cropped-elcanillitainfo.png","contentUrl":"https:\/\/elcanillita.info\/press\/images\/2020\/01\/cropped-cropped-cropped-elcanillitainfo.png","width":460,"height":50,"caption":"Guzzo Photos & Graphic Publications"},"image":{"@id":"https:\/\/elcanillita.info\/press\/#\/schema\/logo\/image\/"},"sameAs":["https:\/\/ar-ar.facebook.com\/ElCanillitainfo-114249515285712\/"]},{"@type":"Person","@id":"https:\/\/elcanillita.info\/press\/#\/schema\/person\/7fcb79f38045700919f7da6d97e71ba0","name":"SalaStampa.eu, world press service","image":{"@type":"ImageObject","inLanguage":"es-AR","@id":"https:\/\/secure.gravatar.com\/avatar\/c2f0e0d515a107624234994507816ca4724c7199cef73fc8bedebf6931d73888?s=96&d=mm&r=g","url":"https:\/\/secure.gravatar.com\/avatar\/c2f0e0d515a107624234994507816ca4724c7199cef73fc8bedebf6931d73888?s=96&d=mm&r=g","contentUrl":"https:\/\/secure.gravatar.com\/avatar\/c2f0e0d515a107624234994507816ca4724c7199cef73fc8bedebf6931d73888?s=96&d=mm&r=g","caption":"SalaStampa.eu, world press service"}}]}},"views":487,"_links":{"self":[{"href":"https:\/\/elcanillita.info\/press\/wp-json\/wp\/v2\/posts\/2600","targetHints":{"allow":["GET"]}}],"collection":[{"href":"https:\/\/elcanillita.info\/press\/wp-json\/wp\/v2\/posts"}],"about":[{"href":"https:\/\/elcanillita.info\/press\/wp-json\/wp\/v2\/types\/post"}],"author":[{"embeddable":true,"href":"https:\/\/elcanillita.info\/press\/wp-json\/wp\/v2\/users\/1"}],"replies":[{"embeddable":true,"href":"https:\/\/elcanillita.info\/press\/wp-json\/wp\/v2\/comments?post=2600"}],"version-history":[{"count":0,"href":"https:\/\/elcanillita.info\/press\/wp-json\/wp\/v2\/posts\/2600\/revisions"}],"wp:featuredmedia":[{"embeddable":true,"href":"https:\/\/elcanillita.info\/press\/wp-json\/wp\/v2\/media\/2601"}],"wp:attachment":[{"href":"https:\/\/elcanillita.info\/press\/wp-json\/wp\/v2\/media?parent=2600"}],"wp:term":[{"taxonomy":"category","embeddable":true,"href":"https:\/\/elcanillita.info\/press\/wp-json\/wp\/v2\/categories?post=2600"},{"taxonomy":"post_tag","embeddable":true,"href":"https:\/\/elcanillita.info\/press\/wp-json\/wp\/v2\/tags?post=2600"}],"curies":[{"name":"wp","href":"https:\/\/api.w.org\/{rel}","templated":true}]}}