{"id":259,"date":"2020-01-31T13:07:14","date_gmt":"2020-01-31T16:07:14","guid":{"rendered":"https:\/\/elcanillita.info\/press\/?p=259"},"modified":"2020-01-31T13:07:15","modified_gmt":"2020-01-31T16:07:15","slug":"el-mundo-en-alarma-por-el-coronavirus","status":"publish","type":"post","link":"https:\/\/elcanillita.info\/press\/2020\/01\/31\/el-mundo-en-alarma-por-el-coronavirus\/","title":{"rendered":"El mundo en alarma por el coronavirus"},"content":{"rendered":"\n<p>Pekin, 31.01.2020 &#8211; Las autoridades chinas reiteraron este viernes su confianza en que podr\u00e1n controlar la epidemia de coronavirus que se ha expandido fuera de sus fronteras, a pesar de la declaraci\u00f3n de emergencia global emitida por la Organizaci\u00f3n Mundial de la Salud y las advertencias en muchos pa\u00edses, entre ellos Estados Unidos, de no viajar a China.<\/p>\n\n\n\n<p>Una portavoz de la Canciller\u00eda china dijo que se est\u00e1n tomando \u201clas medidas de prevenci\u00f3n y control m\u00e1s amplias y rigorosas\u201d<\/p>\n\n\n\n<p>\u201cTenemos toda la confianza y la capacidad para ganar esta batalla\u201d, afirm\u00f3 la portavoz.<\/p>\n\n\n\n<p>Ante la emergencia de la OMS y con la cifra de muertos en China que ascendi\u00f3 a 213, Estados Unidos advirti\u00f3 el jueves a sus ciudadanos y a todo su personal no esencial del gobierno que no viajen a China.<\/p>\n\n\n\n<p>Departamento de Estado pide no viajar a China por coronavirus<\/p>\n\n\n\n<p>Los expertos dicen que hay abundante evidencia de que el virus se est\u00e1 extendiendo en China y han notado con preocupaci\u00f3n situaciones en otros pa\u00edses, incluyendo Estados Unidos, Francia, Jap\u00f3n, Alemania, Canad\u00e1 y Vietnam, donde se han dado casos aislados de transmisi\u00f3n de persona a persona.<\/p>\n\n\n\n<p>En Gran Breta\u00f1a, por ejemplo, se confirmaron los dos primeros casos.<\/p>\n\n\n\n<p>Sin embargo, en este marco, los mercados burs\u00e1tiles, que hab\u00edan sufrido p\u00e9rdidas en los \u00faltimos d\u00edas debido a los temores por el coronavirus, se recuperaron ligeramente este viernes despu\u00e9s de que la OMS elogi\u00f3 los esfuerzos de contenci\u00f3n en China.<\/p>\n\n\n\n<p>Primer caso de contagio persona a persona de coronavirus en EE.UU.<\/p>\n\n\n\n<p>El Salvador declar\u00f3 estado de emergencia temporal y &#8220;por un tiempo prudencial&#8221; prohibi\u00f3 la entrada al pa\u00eds de ciudadanos procedentes de China.<br>\nAlgunos datos que debe saber:<\/p>\n\n\n\n<p>\u00bfQu\u00e9 significa la emergencia global declarada por la OMS?<\/p>\n\n\n\n<p>La agencia de salud de la ONU define una emergencia internacional como un &#8220;evento extraordinario&#8221; que constituye un riesgo para otros pa\u00edses y requiere una respuesta internacional coordinada.<\/p>\n\n\n\n<p>La principal raz\u00f3n de esta declaratoria de emergencia no es por lo que est\u00e1 ocurriendo en China sino por lo que sucede en otros pa\u00edses, dijo el director de la OMS, Tedros Adhanom Ghebreyesus.<\/p>\n\n\n\n<p>\u201cNuestra principal preocupaci\u00f3n es el potencial avance de este virus a pa\u00edses con sistemas de salud d\u00e9biles y mal equipados para lidiar con la situaci\u00f3n\u201d, se\u00f1al\u00f3.<\/p>\n\n\n\n<p>El subdirector de la Organizaci\u00f3n Panamericana de la Salud Jarbas Barbosa, explic\u00f3 por medio de su cuenta de Twitter lo que significa la declaraci\u00f3n de emergencia global.<br>\n\u00bfCu\u00e1les son las cifras m\u00e1s recientes de la epidemia?<\/p>\n\n\n\n<p>Las autoridades de salud p\u00fablica de China informaron de 213 muertos y 9.692 casos en su territorio hasta el jueves.<\/p>\n\n\n\n<p>Aunque no ha habido muertes fuera de China, 131 casos se han reportado en 23 pa\u00edses y regiones, los dos m\u00e1s recientes en Gran Breta\u00f1a.<\/p>\n\n\n\n<p>La OMS se\u00f1al\u00f3 el jueves al menos ocho instancias de transmisi\u00f3n entre humanos en cuatro pa\u00edses: Estados Unidos, Alemania, Jap\u00f3n y Vietnam, y Tailandia inform\u00f3 un caso este viernes.<\/p>\n\n\n\n<p>Cuatro cosas que deber\u00edas saber sobre el coronavirus<br>\n\u00bfC\u00f3mo se est\u00e1 luchando contra el virus?<\/p>\n\n\n\n<p>El riesgo que presenta el coronavirus se debe a que es \u201cun virus nuevo\u201d y el cuerpo humano \u201cno tiene defensas\u201d para atacarlo, explic\u00f3 a la Voz de Am\u00e9rica el experto en epidemiolog\u00eda Juan de Llano.<\/p>\n\n\n\n<p>Los s\u00edntomas son muy similares a los de un resfriado com\u00fan: tos, goteo nasal, fiebre, entre otros.<\/p>\n\n\n\n<p>Los investigadores en todo el mundo est\u00e1n luchando para descubrir los secretos de la enfermedad y desarrollar una vacuna.<\/p>\n\n\n\n<p>Las estad\u00edsticas de China reflejan que poco m\u00e1s del 2% de los infectados han muerto, lo que sugiere que el virus es menos mortal que el coronavirus que caus\u00f3 la epidemia conocida por SARS en 2002-2003, que mat\u00f3 a m\u00e1s de 300 personas y cuya tasa de mortalidad fue superior.<br><br>\n<small>2020 voanoticias \u2013 salastampa.eu, afiliada a la red Broadcasting Board of Governors \u00a9 2020 BBG<\/small><\/p>\n\n\n\n<p> <\/p>\n\n\n\n<p><\/p>\n","protected":false},"excerpt":{"rendered":"<p>Pekin, 31.01.2020 &#8211; Las autoridades chinas reiteraron este viernes su confianza en que podr\u00e1n controlar la epidemia de coronavirus que se ha expandido fuera de sus fronteras, a pesar de la declaraci\u00f3n de emergencia global emitida por la Organizaci\u00f3n Mundial de la Salud y las advertencias en muchos pa\u00edses, entre ellos Estados Unidos, de no viajar a China.<\/p>\n","protected":false},"author":1,"featured_media":0,"comment_status":"closed","ping_status":"closed","sticky":false,"template":"","format":"standard","meta":{"footnotes":"","_links_to":"","_links_to_target":""},"categories":[16,24,25],"tags":[55],"class_list":["post-259","post","type-post","status-publish","format-standard","hentry","category-asia","category-ciencia-tecnologia","category-sociedad","tag-china","entry","double"],"yoast_head":"<!-- This site is optimized with the Yoast SEO plugin v27.4 - https:\/\/yoast.com\/product\/yoast-seo-wordpress\/ -->\n<title>El mundo en alarma por el coronavirus - ElCanillita.Info<\/title>\n<meta name=\"robots\" content=\"index, follow, max-snippet:-1, max-image-preview:large, max-video-preview:-1\" \/>\n<link rel=\"canonical\" href=\"https:\/\/elcanillita.info\/press\/2020\/01\/31\/el-mundo-en-alarma-por-el-coronavirus\/\" \/>\n<meta property=\"og:locale\" content=\"es_ES\" \/>\n<meta property=\"og:type\" content=\"article\" \/>\n<meta property=\"og:title\" content=\"El mundo en alarma por el coronavirus - ElCanillita.Info\" \/>\n<meta property=\"og:description\" content=\"Pekin, 31.01.2020 - Las autoridades chinas reiteraron este viernes su confianza en que podr\u00e1n controlar la epidemia de coronavirus que se ha expandido fuera de sus fronteras, a pesar de la declaraci\u00f3n de emergencia global emitida por la Organizaci\u00f3n Mundial de la Salud y las advertencias en muchos pa\u00edses, entre ellos Estados Unidos, de no viajar a China.\" \/>\n<meta property=\"og:url\" content=\"https:\/\/elcanillita.info\/press\/2020\/01\/31\/el-mundo-en-alarma-por-el-coronavirus\/\" \/>\n<meta property=\"og:site_name\" content=\"ElCanillita.Info\" \/>\n<meta property=\"article:publisher\" content=\"https:\/\/ar-ar.facebook.com\/ElCanillitainfo-114249515285712\/\" \/>\n<meta property=\"article:published_time\" content=\"2020-01-31T16:07:14+00:00\" \/>\n<meta property=\"article:modified_time\" content=\"2020-01-31T16:07:15+00:00\" \/>\n<meta name=\"author\" content=\"SalaStampa.eu, world press service\" \/>\n<meta name=\"twitter:card\" content=\"summary_large_image\" \/>\n<meta name=\"twitter:label1\" content=\"Escrito por\" \/>\n\t<meta name=\"twitter:data1\" content=\"SalaStampa.eu, world press service\" \/>\n\t<meta name=\"twitter:label2\" content=\"Tiempo de lectura\" \/>\n\t<meta name=\"twitter:data2\" content=\"3 minutos\" \/>\n<script type=\"application\/ld+json\" class=\"yoast-schema-graph\">{\"@context\":\"https:\\\/\\\/schema.org\",\"@graph\":[{\"@type\":\"Article\",\"@id\":\"https:\\\/\\\/elcanillita.info\\\/press\\\/2020\\\/01\\\/31\\\/el-mundo-en-alarma-por-el-coronavirus\\\/#article\",\"isPartOf\":{\"@id\":\"https:\\\/\\\/elcanillita.info\\\/press\\\/2020\\\/01\\\/31\\\/el-mundo-en-alarma-por-el-coronavirus\\\/\"},\"author\":{\"name\":\"SalaStampa.eu, world press service\",\"@id\":\"https:\\\/\\\/elcanillita.info\\\/press\\\/#\\\/schema\\\/person\\\/7fcb79f38045700919f7da6d97e71ba0\"},\"headline\":\"El mundo en alarma por el coronavirus\",\"datePublished\":\"2020-01-31T16:07:14+00:00\",\"dateModified\":\"2020-01-31T16:07:15+00:00\",\"mainEntityOfPage\":{\"@id\":\"https:\\\/\\\/elcanillita.info\\\/press\\\/2020\\\/01\\\/31\\\/el-mundo-en-alarma-por-el-coronavirus\\\/\"},\"wordCount\":684,\"publisher\":{\"@id\":\"https:\\\/\\\/elcanillita.info\\\/press\\\/#organization\"},\"keywords\":[\"China\"],\"articleSection\":[\"Asia\",\"Ciencia y Tecnologia\",\"Sociedad\"],\"inLanguage\":\"es-AR\"},{\"@type\":\"WebPage\",\"@id\":\"https:\\\/\\\/elcanillita.info\\\/press\\\/2020\\\/01\\\/31\\\/el-mundo-en-alarma-por-el-coronavirus\\\/\",\"url\":\"https:\\\/\\\/elcanillita.info\\\/press\\\/2020\\\/01\\\/31\\\/el-mundo-en-alarma-por-el-coronavirus\\\/\",\"name\":\"El mundo en alarma por el coronavirus - ElCanillita.Info\",\"isPartOf\":{\"@id\":\"https:\\\/\\\/elcanillita.info\\\/press\\\/#website\"},\"datePublished\":\"2020-01-31T16:07:14+00:00\",\"dateModified\":\"2020-01-31T16:07:15+00:00\",\"inLanguage\":\"es-AR\",\"potentialAction\":[{\"@type\":\"ReadAction\",\"target\":[\"https:\\\/\\\/elcanillita.info\\\/press\\\/2020\\\/01\\\/31\\\/el-mundo-en-alarma-por-el-coronavirus\\\/\"]}]},{\"@type\":\"WebSite\",\"@id\":\"https:\\\/\\\/elcanillita.info\\\/press\\\/#website\",\"url\":\"https:\\\/\\\/elcanillita.info\\\/press\\\/\",\"name\":\"ElCanillita.Info\",\"description\":\"desde los Apeninos a los Andes\",\"publisher\":{\"@id\":\"https:\\\/\\\/elcanillita.info\\\/press\\\/#organization\"},\"potentialAction\":[{\"@type\":\"SearchAction\",\"target\":{\"@type\":\"EntryPoint\",\"urlTemplate\":\"https:\\\/\\\/elcanillita.info\\\/press\\\/?s={search_term_string}\"},\"query-input\":{\"@type\":\"PropertyValueSpecification\",\"valueRequired\":true,\"valueName\":\"search_term_string\"}}],\"inLanguage\":\"es-AR\"},{\"@type\":\"Organization\",\"@id\":\"https:\\\/\\\/elcanillita.info\\\/press\\\/#organization\",\"name\":\"Guzzo Photos & Graphic Publications\",\"url\":\"https:\\\/\\\/elcanillita.info\\\/press\\\/\",\"logo\":{\"@type\":\"ImageObject\",\"inLanguage\":\"es-AR\",\"@id\":\"https:\\\/\\\/elcanillita.info\\\/press\\\/#\\\/schema\\\/logo\\\/image\\\/\",\"url\":\"https:\\\/\\\/elcanillita.info\\\/press\\\/images\\\/2020\\\/01\\\/cropped-cropped-cropped-elcanillitainfo.png\",\"contentUrl\":\"https:\\\/\\\/elcanillita.info\\\/press\\\/images\\\/2020\\\/01\\\/cropped-cropped-cropped-elcanillitainfo.png\",\"width\":460,\"height\":50,\"caption\":\"Guzzo Photos & Graphic Publications\"},\"image\":{\"@id\":\"https:\\\/\\\/elcanillita.info\\\/press\\\/#\\\/schema\\\/logo\\\/image\\\/\"},\"sameAs\":[\"https:\\\/\\\/ar-ar.facebook.com\\\/ElCanillitainfo-114249515285712\\\/\"]},{\"@type\":\"Person\",\"@id\":\"https:\\\/\\\/elcanillita.info\\\/press\\\/#\\\/schema\\\/person\\\/7fcb79f38045700919f7da6d97e71ba0\",\"name\":\"SalaStampa.eu, world press service\",\"image\":{\"@type\":\"ImageObject\",\"inLanguage\":\"es-AR\",\"@id\":\"https:\\\/\\\/secure.gravatar.com\\\/avatar\\\/c2f0e0d515a107624234994507816ca4724c7199cef73fc8bedebf6931d73888?s=96&d=mm&r=g\",\"url\":\"https:\\\/\\\/secure.gravatar.com\\\/avatar\\\/c2f0e0d515a107624234994507816ca4724c7199cef73fc8bedebf6931d73888?s=96&d=mm&r=g\",\"contentUrl\":\"https:\\\/\\\/secure.gravatar.com\\\/avatar\\\/c2f0e0d515a107624234994507816ca4724c7199cef73fc8bedebf6931d73888?s=96&d=mm&r=g\",\"caption\":\"SalaStampa.eu, world press service\"}}]}<\/script>\n<!-- \/ Yoast SEO plugin. -->","yoast_head_json":{"title":"El mundo en alarma por el coronavirus - ElCanillita.Info","robots":{"index":"index","follow":"follow","max-snippet":"max-snippet:-1","max-image-preview":"max-image-preview:large","max-video-preview":"max-video-preview:-1"},"canonical":"https:\/\/elcanillita.info\/press\/2020\/01\/31\/el-mundo-en-alarma-por-el-coronavirus\/","og_locale":"es_ES","og_type":"article","og_title":"El mundo en alarma por el coronavirus - ElCanillita.Info","og_description":"Pekin, 31.01.2020 - Las autoridades chinas reiteraron este viernes su confianza en que podr\u00e1n controlar la epidemia de coronavirus que se ha expandido fuera de sus fronteras, a pesar de la declaraci\u00f3n de emergencia global emitida por la Organizaci\u00f3n Mundial de la Salud y las advertencias en muchos pa\u00edses, entre ellos Estados Unidos, de no viajar a China.","og_url":"https:\/\/elcanillita.info\/press\/2020\/01\/31\/el-mundo-en-alarma-por-el-coronavirus\/","og_site_name":"ElCanillita.Info","article_publisher":"https:\/\/ar-ar.facebook.com\/ElCanillitainfo-114249515285712\/","article_published_time":"2020-01-31T16:07:14+00:00","article_modified_time":"2020-01-31T16:07:15+00:00","author":"SalaStampa.eu, world press service","twitter_card":"summary_large_image","twitter_misc":{"Escrito por":"SalaStampa.eu, world press service","Tiempo de lectura":"3 minutos"},"schema":{"@context":"https:\/\/schema.org","@graph":[{"@type":"Article","@id":"https:\/\/elcanillita.info\/press\/2020\/01\/31\/el-mundo-en-alarma-por-el-coronavirus\/#article","isPartOf":{"@id":"https:\/\/elcanillita.info\/press\/2020\/01\/31\/el-mundo-en-alarma-por-el-coronavirus\/"},"author":{"name":"SalaStampa.eu, world press service","@id":"https:\/\/elcanillita.info\/press\/#\/schema\/person\/7fcb79f38045700919f7da6d97e71ba0"},"headline":"El mundo en alarma por el coronavirus","datePublished":"2020-01-31T16:07:14+00:00","dateModified":"2020-01-31T16:07:15+00:00","mainEntityOfPage":{"@id":"https:\/\/elcanillita.info\/press\/2020\/01\/31\/el-mundo-en-alarma-por-el-coronavirus\/"},"wordCount":684,"publisher":{"@id":"https:\/\/elcanillita.info\/press\/#organization"},"keywords":["China"],"articleSection":["Asia","Ciencia y Tecnologia","Sociedad"],"inLanguage":"es-AR"},{"@type":"WebPage","@id":"https:\/\/elcanillita.info\/press\/2020\/01\/31\/el-mundo-en-alarma-por-el-coronavirus\/","url":"https:\/\/elcanillita.info\/press\/2020\/01\/31\/el-mundo-en-alarma-por-el-coronavirus\/","name":"El mundo en alarma por el coronavirus - ElCanillita.Info","isPartOf":{"@id":"https:\/\/elcanillita.info\/press\/#website"},"datePublished":"2020-01-31T16:07:14+00:00","dateModified":"2020-01-31T16:07:15+00:00","inLanguage":"es-AR","potentialAction":[{"@type":"ReadAction","target":["https:\/\/elcanillita.info\/press\/2020\/01\/31\/el-mundo-en-alarma-por-el-coronavirus\/"]}]},{"@type":"WebSite","@id":"https:\/\/elcanillita.info\/press\/#website","url":"https:\/\/elcanillita.info\/press\/","name":"ElCanillita.Info","description":"desde los Apeninos a los Andes","publisher":{"@id":"https:\/\/elcanillita.info\/press\/#organization"},"potentialAction":[{"@type":"SearchAction","target":{"@type":"EntryPoint","urlTemplate":"https:\/\/elcanillita.info\/press\/?s={search_term_string}"},"query-input":{"@type":"PropertyValueSpecification","valueRequired":true,"valueName":"search_term_string"}}],"inLanguage":"es-AR"},{"@type":"Organization","@id":"https:\/\/elcanillita.info\/press\/#organization","name":"Guzzo Photos & Graphic Publications","url":"https:\/\/elcanillita.info\/press\/","logo":{"@type":"ImageObject","inLanguage":"es-AR","@id":"https:\/\/elcanillita.info\/press\/#\/schema\/logo\/image\/","url":"https:\/\/elcanillita.info\/press\/images\/2020\/01\/cropped-cropped-cropped-elcanillitainfo.png","contentUrl":"https:\/\/elcanillita.info\/press\/images\/2020\/01\/cropped-cropped-cropped-elcanillitainfo.png","width":460,"height":50,"caption":"Guzzo Photos & Graphic Publications"},"image":{"@id":"https:\/\/elcanillita.info\/press\/#\/schema\/logo\/image\/"},"sameAs":["https:\/\/ar-ar.facebook.com\/ElCanillitainfo-114249515285712\/"]},{"@type":"Person","@id":"https:\/\/elcanillita.info\/press\/#\/schema\/person\/7fcb79f38045700919f7da6d97e71ba0","name":"SalaStampa.eu, world press service","image":{"@type":"ImageObject","inLanguage":"es-AR","@id":"https:\/\/secure.gravatar.com\/avatar\/c2f0e0d515a107624234994507816ca4724c7199cef73fc8bedebf6931d73888?s=96&d=mm&r=g","url":"https:\/\/secure.gravatar.com\/avatar\/c2f0e0d515a107624234994507816ca4724c7199cef73fc8bedebf6931d73888?s=96&d=mm&r=g","contentUrl":"https:\/\/secure.gravatar.com\/avatar\/c2f0e0d515a107624234994507816ca4724c7199cef73fc8bedebf6931d73888?s=96&d=mm&r=g","caption":"SalaStampa.eu, world press service"}}]}},"views":866,"_links":{"self":[{"href":"https:\/\/elcanillita.info\/press\/wp-json\/wp\/v2\/posts\/259","targetHints":{"allow":["GET"]}}],"collection":[{"href":"https:\/\/elcanillita.info\/press\/wp-json\/wp\/v2\/posts"}],"about":[{"href":"https:\/\/elcanillita.info\/press\/wp-json\/wp\/v2\/types\/post"}],"author":[{"embeddable":true,"href":"https:\/\/elcanillita.info\/press\/wp-json\/wp\/v2\/users\/1"}],"replies":[{"embeddable":true,"href":"https:\/\/elcanillita.info\/press\/wp-json\/wp\/v2\/comments?post=259"}],"version-history":[{"count":0,"href":"https:\/\/elcanillita.info\/press\/wp-json\/wp\/v2\/posts\/259\/revisions"}],"wp:attachment":[{"href":"https:\/\/elcanillita.info\/press\/wp-json\/wp\/v2\/media?parent=259"}],"wp:term":[{"taxonomy":"category","embeddable":true,"href":"https:\/\/elcanillita.info\/press\/wp-json\/wp\/v2\/categories?post=259"},{"taxonomy":"post_tag","embeddable":true,"href":"https:\/\/elcanillita.info\/press\/wp-json\/wp\/v2\/tags?post=259"}],"curies":[{"name":"wp","href":"https:\/\/api.w.org\/{rel}","templated":true}]}}