{"id":258,"date":"2020-01-31T12:57:28","date_gmt":"2020-01-31T15:57:28","guid":{"rendered":"https:\/\/elcanillita.info\/press\/?p=258"},"modified":"2020-02-02T16:47:24","modified_gmt":"2020-02-02T19:47:24","slug":"las-conexiones-de-hezbola-en-america-latina","status":"publish","type":"post","link":"https:\/\/elcanillita.info\/press\/2020\/01\/31\/las-conexiones-de-hezbola-en-america-latina\/","title":{"rendered":"Las conexiones de Hezbol\u00e1 en Am\u00e9rica Latina"},"content":{"rendered":"\n<p>El tres de enero de 2020, mientras el mundo segu\u00eda atento a una posible escalada de tensi\u00f3n en Medio Oriente, tras la la muerte del general Iran\u00ed Qassem Soleimani por un ataque a\u00e9reo de Estados Unidos, a miles de kil\u00f3metros de distancia, en Venezuela, el gobierno en disputa de Nicol\u00e1s Maduro se reafirmaba en su apoyo a Ir\u00e1n.<\/p>\n\n\n\n<p>En un comunicado, el mandatario condenaba el operativo con el que Estados Unidos termin\u00f3 con la vida del hombre m\u00e1s poderoso de la estructura militar iran\u00ed, a la vez que transmit\u00eda sus condolencias al gobierno de Hassan Rohan\u00ed.<\/p>\n\n\n\n<p>Las conexiones pol\u00edticas entre ambos pa\u00edses quedaban selladas una vez m\u00e1s ante los ojos de la comunidad internacional. Pero si ante la luz del mundo ambos pa\u00edses no han dudado en mostrar su afecto mutuo, no sucede lo mismo con las posibles conexiones m\u00e1 all\u00e1 de lo pol\u00edtico o econ\u00f3mico, y que el departamento de Estado de Estados Unidos lleva denunciando insistentemente desde hace a\u00f1os.<\/p>\n\n\n\n<p>Seg\u00fan revel\u00f3 la portavoz del secretario de Estado Mike Pompeo a Venezuela 360, el gobierno en disputa de Nicol\u00e1s Maduro le estar\u00eda dando refugio a integrantes de Hezbol\u00e1 en Venezuela.<\/p>\n\n\n\n<p>A mediados de este mes, era el propio jefe de la diplomacia estadounidense quien aseguraba que el ejecutivo de Maduro ten\u00eda conexiones con el grupo islamista chi\u00edta liban\u00e9s, considerado como una organizaci\u00f3n terrorista por Estados Unidos.<\/p>\n\n\n\n<p>Hezbollah, en la lista Forbe de las m\u00e1s ricas<\/p>\n\n\n\n<p>Conocido como \u201cEl Partido de Dios\u201d, Hezbol\u00e1 fue fundado en el L\u00edbano en el a\u00f1o 1982 como respuesta a la incursi\u00f3n de Israel. Con un brazo armado, y otro pol\u00edtico que cuenta con representaci\u00f3n en el parlamento liban\u00e9s, sus efectivos paramilitares fueron entrenados, organizados y fundados desde un principio por la Guardia Revolucionaria Iran\u00ed.<\/p>\n\n\n\n<p>De acuerdo con el departamento del Tesoro de Estados Unidos, Ir\u00e1n es uno de los principales financiadores de Hezbol\u00e1 con 700 millones de d\u00f3lares al a\u00f1o, que incluyen una partida en armamento militar y apoyo pol\u00edtico.<\/p>\n\n\n\n<p>Seg\u00fan Hugo Ach\u00e1, experto en contraterrorismo y crimen organizado internacional, \u201cHezbol\u00e1 es posiblemente una de las organizaciones que mejor ha comprendido la nueva forma de hacer la guerra. En ese sentido Hezbol\u00e1 ha logrado tal nivel de sofisticaci\u00f3n y presencia a nivel mundial, que puede afirmarse, sin temor a equivocarnos, de que es hoy d\u00eda a la inversa. En vez de ser Ir\u00e1n el valedor econ\u00f3mico de Hezbol\u00e1, es Hezbol\u00e1 y su gran capacidad financiera la que hoy en d\u00eda sostiene en buena medida las actividades iran\u00edes a escala global&#8221;.<\/p>\n\n\n\n<p>Seg\u00fan la revista Forbes, las arcas de Hezbol\u00e1 gozar\u00edan de un estado de salud inmejorable, ubicando al grupo islamista extremista como el m\u00e1s rico del mundo, con una fortuna estimada de 1.100 millones de d\u00f3lares en 2018, por delante del grupo afgano Talib\u00e1n, que contar\u00eda con 800 millones de d\u00f3lares en sus arcas, o de la organizaci\u00f3n palestina Ham\u00e1s, que estar\u00eda en tercer lugar con 700 millones de d\u00f3lares.<\/p>\n\n\n\n<p>De acuerdo a la publicaci\u00f3n, la raz\u00f3n por la cual la milicia-partido Hezbol\u00e1 atesorar\u00eda tales cantidades de dinero ser\u00eda la diversifici\u00f3n de sus fuentes de ingresos, que ir\u00edan desde el sector inmobiliario a grupos que operar\u00edan como organizaciones no gubernamentales para recaudar fondos. Aunque la joya de la corona, asevera Forbes, ser\u00eda la industria de la droga y el dinero que vendr\u00eda de las operaciones de narcotr\u00e1fico en Am\u00e9rica Latina.<\/p>\n\n\n\n<p>\u201cVenezuela el socio ideal\u201d<\/p>\n\n\n\n<p>En su libro de reciente publicaci\u00f3n, Infinitive War, Hugo Ach\u00e1, junto a otros expertos, explican los procesos mediante los cuales organizaciones como Hezbol\u00e1 blanquean dinero gracias a lo que califican como \u201ccircuitos establecidos\u201d. Seg\u00fan Ach\u00e1, gracias a la corrupci\u00f3n en pa\u00edses como Bolivia o Venezuela las transferencias por la venta de droga&nbsp;se hacen de forma no convencional, mezcl\u00e1ndose con contratos formales, lo cual permite que puedas mover dinero y cuentas que pocos sospechar\u00edan\u201d.<\/p>\n\n\n\n<p>En este sentido, prosigue en entrevista con Venezuela 360, \u201cel sistema de blanqueo de capitales desde pa\u00edses del hemisferio occidental comienza con el env\u00edo de droga desde pa\u00edses como Venezuela o Bolivia a Estados Unidos y Europa. Los recursos generados se centralizan digitalmente a trav\u00e9s de operadores financieros de Hezbol\u00e1, que tienen la capacidad de insertarlos en actividades legales a escala global\u201d en forma de acciones en Macao, apartamentos en Brasil o env\u00edos de marcanc\u00eda desde Ucrania, asegura Ach\u00e1.<\/p>\n\n\n\n<p>Pero no solo se beneficiar\u00eda Hezbol\u00e1 de los ingresos por narcotr\u00e1fico con Venezuela y otros pa\u00edses de la regi\u00f3n, sino tambi\u00e9n por la venta del petr\u00f3leo que sale de Venezuela burlando las sanciones impuestas por Estados Unidos. De esta forma, y de acuerdo al autor de Infinitive War, el gobierno en disputa de Nicol\u00e1s Maduro se habr\u00eda convertido en \u201cel socio ideal de Hezbol\u00e1\u201d, ayudando a engrosar a\u00fan m\u00e1s las cuentas de la organizaci\u00f3n chi\u00edta.<\/p>\n\n\n\n<p>\u00bfPero c\u00f3mo funciona el esquema de venta de petr\u00f3leo venezolano?. Seg\u00fan Ach\u00e1, habr\u00edan sido banqueros libaneses los que habr\u00edan convencido a navieras irregulars a llevar a cabo el transporte. \u201cCuando tu ves los intermediarios de la gente que firma los contratos para el shipping (env\u00edo), pertenecen muchos a la \u00e9lite libanesa, y es Hezbol\u00e1 quien mueve los recursos donde quieras llev\u00e1ndose una participaci\u00f3n en comisi\u00f3n por mover el petr\u00f3leo\u201d, asevera.<\/p>\n\n\n\n<p>En agosto de 2019 Estados Unidos sancion\u00f3 al banco con sede en el L\u00edbano, Jammal Trust Bank SAL, y sus subsidiarias, por supuesta facilitaci\u00f3n de actividades financieras de Hezbol\u00e1, seg\u00fan el departamento del Tesoro.<\/p>\n\n\n\n<p>&#8220;Estados Unidos est\u00e1 determinado a cortar el apoyo en el L\u00edbano al grupo terrorista&#8221;, indic\u00f3 el secretario de Estado estadounidense, Mike Pompeo, agregando que \u201cla mala conducta de Jammal Trust socavaba la integridad del sistema financiero liban\u00e9s\u201d.<\/p>\n\n\n\n<p>Por su parte, en 2016, el gobierno liban\u00e9s, en un esfuerzo por cooperar con el departamento del Tesoro de&nbsp;Estados Unidos, implement\u00f3 la ley conocida como Hezbol\u00e1 International Financing Prevention Act que amenazaba con sanciones y cierre de cuentas de individuos sospechosos de financiar a la organizaci\u00f3n.<br><br>\n<small>2020 voanoticias \u2013 salastampa.eu, afiliada a la red Broadcasting Board of Governors \u00a9 2020 BBG<\/small><\/p>\n","protected":false},"excerpt":{"rendered":"<p>El tres de enero de 2020, mientras el mundo segu\u00eda atento a una posible escalada de tensi\u00f3n en Medio Oriente, tras la la muerte del general Iran\u00ed Qassem Soleimani por un ataque a\u00e9reo de Estados Unidos, a miles de kil\u00f3metros de distancia, en Venezuela, el gobierno en disputa de Nicol\u00e1s Maduro se reafirmaba en su apoyo a Ir\u00e1n.<\/p>\n","protected":false},"author":1,"featured_media":0,"comment_status":"closed","ping_status":"closed","sticky":false,"template":"","format":"standard","meta":{"footnotes":"","_links_to":"","_links_to_target":""},"categories":[11,23,25],"tags":[37],"class_list":["post-258","post","type-post","status-publish","format-standard","hentry","category-america-del-sur","category-politica","category-sociedad","tag-venezuela","entry","double"],"yoast_head":"<!-- This site is optimized with the Yoast SEO plugin v27.4 - https:\/\/yoast.com\/product\/yoast-seo-wordpress\/ -->\n<title>Las conexiones de Hezbol\u00e1 en Am\u00e9rica Latina - ElCanillita.Info<\/title>\n<meta name=\"robots\" content=\"index, follow, max-snippet:-1, max-image-preview:large, max-video-preview:-1\" \/>\n<link rel=\"canonical\" href=\"https:\/\/elcanillita.info\/press\/2020\/01\/31\/las-conexiones-de-hezbola-en-america-latina\/\" \/>\n<meta property=\"og:locale\" content=\"es_ES\" \/>\n<meta property=\"og:type\" content=\"article\" \/>\n<meta property=\"og:title\" content=\"Las conexiones de Hezbol\u00e1 en Am\u00e9rica Latina - ElCanillita.Info\" \/>\n<meta property=\"og:description\" content=\"El tres de enero de 2020, mientras el mundo segu\u00eda atento a una posible escalada de tensi\u00f3n en Medio Oriente, tras la la muerte del general Iran\u00ed Qassem Soleimani por un ataque a\u00e9reo de Estados Unidos, a miles de kil\u00f3metros de distancia, en Venezuela, el gobierno en disputa de Nicol\u00e1s Maduro se reafirmaba en su apoyo a Ir\u00e1n.\" \/>\n<meta property=\"og:url\" content=\"https:\/\/elcanillita.info\/press\/2020\/01\/31\/las-conexiones-de-hezbola-en-america-latina\/\" \/>\n<meta property=\"og:site_name\" content=\"ElCanillita.Info\" \/>\n<meta property=\"article:publisher\" content=\"https:\/\/ar-ar.facebook.com\/ElCanillitainfo-114249515285712\/\" \/>\n<meta property=\"article:published_time\" content=\"2020-01-31T15:57:28+00:00\" \/>\n<meta property=\"article:modified_time\" content=\"2020-02-02T19:47:24+00:00\" \/>\n<meta name=\"author\" content=\"SalaStampa.eu, world press service\" \/>\n<meta name=\"twitter:card\" content=\"summary_large_image\" \/>\n<meta name=\"twitter:label1\" content=\"Escrito por\" \/>\n\t<meta name=\"twitter:data1\" content=\"SalaStampa.eu, world press service\" \/>\n\t<meta name=\"twitter:label2\" content=\"Tiempo de lectura\" \/>\n\t<meta name=\"twitter:data2\" content=\"5 minutos\" \/>\n<script type=\"application\/ld+json\" class=\"yoast-schema-graph\">{\"@context\":\"https:\\\/\\\/schema.org\",\"@graph\":[{\"@type\":\"Article\",\"@id\":\"https:\\\/\\\/elcanillita.info\\\/press\\\/2020\\\/01\\\/31\\\/las-conexiones-de-hezbola-en-america-latina\\\/#article\",\"isPartOf\":{\"@id\":\"https:\\\/\\\/elcanillita.info\\\/press\\\/2020\\\/01\\\/31\\\/las-conexiones-de-hezbola-en-america-latina\\\/\"},\"author\":{\"name\":\"SalaStampa.eu, world press service\",\"@id\":\"https:\\\/\\\/elcanillita.info\\\/press\\\/#\\\/schema\\\/person\\\/7fcb79f38045700919f7da6d97e71ba0\"},\"headline\":\"Las conexiones de Hezbol\u00e1 en Am\u00e9rica Latina\",\"datePublished\":\"2020-01-31T15:57:28+00:00\",\"dateModified\":\"2020-02-02T19:47:24+00:00\",\"mainEntityOfPage\":{\"@id\":\"https:\\\/\\\/elcanillita.info\\\/press\\\/2020\\\/01\\\/31\\\/las-conexiones-de-hezbola-en-america-latina\\\/\"},\"wordCount\":1089,\"publisher\":{\"@id\":\"https:\\\/\\\/elcanillita.info\\\/press\\\/#organization\"},\"keywords\":[\"Venezuela\"],\"articleSection\":[\"Am\u00e9rica del Sur\",\"Politica\",\"Sociedad\"],\"inLanguage\":\"es-AR\"},{\"@type\":\"WebPage\",\"@id\":\"https:\\\/\\\/elcanillita.info\\\/press\\\/2020\\\/01\\\/31\\\/las-conexiones-de-hezbola-en-america-latina\\\/\",\"url\":\"https:\\\/\\\/elcanillita.info\\\/press\\\/2020\\\/01\\\/31\\\/las-conexiones-de-hezbola-en-america-latina\\\/\",\"name\":\"Las conexiones de Hezbol\u00e1 en Am\u00e9rica Latina - ElCanillita.Info\",\"isPartOf\":{\"@id\":\"https:\\\/\\\/elcanillita.info\\\/press\\\/#website\"},\"datePublished\":\"2020-01-31T15:57:28+00:00\",\"dateModified\":\"2020-02-02T19:47:24+00:00\",\"inLanguage\":\"es-AR\",\"potentialAction\":[{\"@type\":\"ReadAction\",\"target\":[\"https:\\\/\\\/elcanillita.info\\\/press\\\/2020\\\/01\\\/31\\\/las-conexiones-de-hezbola-en-america-latina\\\/\"]}]},{\"@type\":\"WebSite\",\"@id\":\"https:\\\/\\\/elcanillita.info\\\/press\\\/#website\",\"url\":\"https:\\\/\\\/elcanillita.info\\\/press\\\/\",\"name\":\"ElCanillita.Info\",\"description\":\"desde los Apeninos a los Andes\",\"publisher\":{\"@id\":\"https:\\\/\\\/elcanillita.info\\\/press\\\/#organization\"},\"potentialAction\":[{\"@type\":\"SearchAction\",\"target\":{\"@type\":\"EntryPoint\",\"urlTemplate\":\"https:\\\/\\\/elcanillita.info\\\/press\\\/?s={search_term_string}\"},\"query-input\":{\"@type\":\"PropertyValueSpecification\",\"valueRequired\":true,\"valueName\":\"search_term_string\"}}],\"inLanguage\":\"es-AR\"},{\"@type\":\"Organization\",\"@id\":\"https:\\\/\\\/elcanillita.info\\\/press\\\/#organization\",\"name\":\"Guzzo Photos & Graphic Publications\",\"url\":\"https:\\\/\\\/elcanillita.info\\\/press\\\/\",\"logo\":{\"@type\":\"ImageObject\",\"inLanguage\":\"es-AR\",\"@id\":\"https:\\\/\\\/elcanillita.info\\\/press\\\/#\\\/schema\\\/logo\\\/image\\\/\",\"url\":\"https:\\\/\\\/elcanillita.info\\\/press\\\/images\\\/2020\\\/01\\\/cropped-cropped-cropped-elcanillitainfo.png\",\"contentUrl\":\"https:\\\/\\\/elcanillita.info\\\/press\\\/images\\\/2020\\\/01\\\/cropped-cropped-cropped-elcanillitainfo.png\",\"width\":460,\"height\":50,\"caption\":\"Guzzo Photos & Graphic Publications\"},\"image\":{\"@id\":\"https:\\\/\\\/elcanillita.info\\\/press\\\/#\\\/schema\\\/logo\\\/image\\\/\"},\"sameAs\":[\"https:\\\/\\\/ar-ar.facebook.com\\\/ElCanillitainfo-114249515285712\\\/\"]},{\"@type\":\"Person\",\"@id\":\"https:\\\/\\\/elcanillita.info\\\/press\\\/#\\\/schema\\\/person\\\/7fcb79f38045700919f7da6d97e71ba0\",\"name\":\"SalaStampa.eu, world press service\",\"image\":{\"@type\":\"ImageObject\",\"inLanguage\":\"es-AR\",\"@id\":\"https:\\\/\\\/secure.gravatar.com\\\/avatar\\\/c2f0e0d515a107624234994507816ca4724c7199cef73fc8bedebf6931d73888?s=96&d=mm&r=g\",\"url\":\"https:\\\/\\\/secure.gravatar.com\\\/avatar\\\/c2f0e0d515a107624234994507816ca4724c7199cef73fc8bedebf6931d73888?s=96&d=mm&r=g\",\"contentUrl\":\"https:\\\/\\\/secure.gravatar.com\\\/avatar\\\/c2f0e0d515a107624234994507816ca4724c7199cef73fc8bedebf6931d73888?s=96&d=mm&r=g\",\"caption\":\"SalaStampa.eu, world press service\"}}]}<\/script>\n<!-- \/ Yoast SEO plugin. -->","yoast_head_json":{"title":"Las conexiones de Hezbol\u00e1 en Am\u00e9rica Latina - ElCanillita.Info","robots":{"index":"index","follow":"follow","max-snippet":"max-snippet:-1","max-image-preview":"max-image-preview:large","max-video-preview":"max-video-preview:-1"},"canonical":"https:\/\/elcanillita.info\/press\/2020\/01\/31\/las-conexiones-de-hezbola-en-america-latina\/","og_locale":"es_ES","og_type":"article","og_title":"Las conexiones de Hezbol\u00e1 en Am\u00e9rica Latina - ElCanillita.Info","og_description":"El tres de enero de 2020, mientras el mundo segu\u00eda atento a una posible escalada de tensi\u00f3n en Medio Oriente, tras la la muerte del general Iran\u00ed Qassem Soleimani por un ataque a\u00e9reo de Estados Unidos, a miles de kil\u00f3metros de distancia, en Venezuela, el gobierno en disputa de Nicol\u00e1s Maduro se reafirmaba en su apoyo a Ir\u00e1n.","og_url":"https:\/\/elcanillita.info\/press\/2020\/01\/31\/las-conexiones-de-hezbola-en-america-latina\/","og_site_name":"ElCanillita.Info","article_publisher":"https:\/\/ar-ar.facebook.com\/ElCanillitainfo-114249515285712\/","article_published_time":"2020-01-31T15:57:28+00:00","article_modified_time":"2020-02-02T19:47:24+00:00","author":"SalaStampa.eu, world press service","twitter_card":"summary_large_image","twitter_misc":{"Escrito por":"SalaStampa.eu, world press service","Tiempo de lectura":"5 minutos"},"schema":{"@context":"https:\/\/schema.org","@graph":[{"@type":"Article","@id":"https:\/\/elcanillita.info\/press\/2020\/01\/31\/las-conexiones-de-hezbola-en-america-latina\/#article","isPartOf":{"@id":"https:\/\/elcanillita.info\/press\/2020\/01\/31\/las-conexiones-de-hezbola-en-america-latina\/"},"author":{"name":"SalaStampa.eu, world press service","@id":"https:\/\/elcanillita.info\/press\/#\/schema\/person\/7fcb79f38045700919f7da6d97e71ba0"},"headline":"Las conexiones de Hezbol\u00e1 en Am\u00e9rica Latina","datePublished":"2020-01-31T15:57:28+00:00","dateModified":"2020-02-02T19:47:24+00:00","mainEntityOfPage":{"@id":"https:\/\/elcanillita.info\/press\/2020\/01\/31\/las-conexiones-de-hezbola-en-america-latina\/"},"wordCount":1089,"publisher":{"@id":"https:\/\/elcanillita.info\/press\/#organization"},"keywords":["Venezuela"],"articleSection":["Am\u00e9rica del Sur","Politica","Sociedad"],"inLanguage":"es-AR"},{"@type":"WebPage","@id":"https:\/\/elcanillita.info\/press\/2020\/01\/31\/las-conexiones-de-hezbola-en-america-latina\/","url":"https:\/\/elcanillita.info\/press\/2020\/01\/31\/las-conexiones-de-hezbola-en-america-latina\/","name":"Las conexiones de Hezbol\u00e1 en Am\u00e9rica Latina - ElCanillita.Info","isPartOf":{"@id":"https:\/\/elcanillita.info\/press\/#website"},"datePublished":"2020-01-31T15:57:28+00:00","dateModified":"2020-02-02T19:47:24+00:00","inLanguage":"es-AR","potentialAction":[{"@type":"ReadAction","target":["https:\/\/elcanillita.info\/press\/2020\/01\/31\/las-conexiones-de-hezbola-en-america-latina\/"]}]},{"@type":"WebSite","@id":"https:\/\/elcanillita.info\/press\/#website","url":"https:\/\/elcanillita.info\/press\/","name":"ElCanillita.Info","description":"desde los Apeninos a los Andes","publisher":{"@id":"https:\/\/elcanillita.info\/press\/#organization"},"potentialAction":[{"@type":"SearchAction","target":{"@type":"EntryPoint","urlTemplate":"https:\/\/elcanillita.info\/press\/?s={search_term_string}"},"query-input":{"@type":"PropertyValueSpecification","valueRequired":true,"valueName":"search_term_string"}}],"inLanguage":"es-AR"},{"@type":"Organization","@id":"https:\/\/elcanillita.info\/press\/#organization","name":"Guzzo Photos & Graphic Publications","url":"https:\/\/elcanillita.info\/press\/","logo":{"@type":"ImageObject","inLanguage":"es-AR","@id":"https:\/\/elcanillita.info\/press\/#\/schema\/logo\/image\/","url":"https:\/\/elcanillita.info\/press\/images\/2020\/01\/cropped-cropped-cropped-elcanillitainfo.png","contentUrl":"https:\/\/elcanillita.info\/press\/images\/2020\/01\/cropped-cropped-cropped-elcanillitainfo.png","width":460,"height":50,"caption":"Guzzo Photos & Graphic Publications"},"image":{"@id":"https:\/\/elcanillita.info\/press\/#\/schema\/logo\/image\/"},"sameAs":["https:\/\/ar-ar.facebook.com\/ElCanillitainfo-114249515285712\/"]},{"@type":"Person","@id":"https:\/\/elcanillita.info\/press\/#\/schema\/person\/7fcb79f38045700919f7da6d97e71ba0","name":"SalaStampa.eu, world press service","image":{"@type":"ImageObject","inLanguage":"es-AR","@id":"https:\/\/secure.gravatar.com\/avatar\/c2f0e0d515a107624234994507816ca4724c7199cef73fc8bedebf6931d73888?s=96&d=mm&r=g","url":"https:\/\/secure.gravatar.com\/avatar\/c2f0e0d515a107624234994507816ca4724c7199cef73fc8bedebf6931d73888?s=96&d=mm&r=g","contentUrl":"https:\/\/secure.gravatar.com\/avatar\/c2f0e0d515a107624234994507816ca4724c7199cef73fc8bedebf6931d73888?s=96&d=mm&r=g","caption":"SalaStampa.eu, world press service"}}]}},"views":731,"_links":{"self":[{"href":"https:\/\/elcanillita.info\/press\/wp-json\/wp\/v2\/posts\/258","targetHints":{"allow":["GET"]}}],"collection":[{"href":"https:\/\/elcanillita.info\/press\/wp-json\/wp\/v2\/posts"}],"about":[{"href":"https:\/\/elcanillita.info\/press\/wp-json\/wp\/v2\/types\/post"}],"author":[{"embeddable":true,"href":"https:\/\/elcanillita.info\/press\/wp-json\/wp\/v2\/users\/1"}],"replies":[{"embeddable":true,"href":"https:\/\/elcanillita.info\/press\/wp-json\/wp\/v2\/comments?post=258"}],"version-history":[{"count":0,"href":"https:\/\/elcanillita.info\/press\/wp-json\/wp\/v2\/posts\/258\/revisions"}],"wp:attachment":[{"href":"https:\/\/elcanillita.info\/press\/wp-json\/wp\/v2\/media?parent=258"}],"wp:term":[{"taxonomy":"category","embeddable":true,"href":"https:\/\/elcanillita.info\/press\/wp-json\/wp\/v2\/categories?post=258"},{"taxonomy":"post_tag","embeddable":true,"href":"https:\/\/elcanillita.info\/press\/wp-json\/wp\/v2\/tags?post=258"}],"curies":[{"name":"wp","href":"https:\/\/api.w.org\/{rel}","templated":true}]}}