{"id":2540,"date":"2022-07-04T08:38:24","date_gmt":"2022-07-04T11:38:24","guid":{"rendered":"https:\/\/elcanillita.info\/press\/?p=2540"},"modified":"2022-07-04T16:08:20","modified_gmt":"2022-07-04T19:08:20","slug":"tres-muertos-en-un-centro-comercial-de-copenaghen","status":"publish","type":"post","link":"https:\/\/elcanillita.info\/press\/2022\/07\/04\/tres-muertos-en-un-centro-comercial-de-copenaghen\/","title":{"rendered":"Tres muertos en un centro comercial de Copenaghen"},"content":{"rendered":"\n<figure class=\"wp-block-video aligncenter\"><video controls src=\"http:\/\/elcanillita.info\/press\/images\/2022\/07\/Copenaguen20220794.mp4\"><\/video><\/figure>\n\n\n\n<p><strong>Tres muertos en un centro comercial de copenaghen<\/strong><br><br>Tres personas murieron y varias resultaron heridas, tres de ellas de gravedad, en un tiroteo ocurrido ayer en un centro comercial de Copenhague, anunci\u00f3 la polic\u00eda danesa.<br><br>El joven de 22 a\u00f1os detenido tras el incidente es conocido por la polic\u00eda &#8220;pero s\u00f3lo marginalmente&#8221;, dijo el inspector jefe Soren Thomassen en una rueda de prensa.<br><br>El agresor, armado seg\u00fan los testigos con un rifle de grandes dimensiones, fue detenido sin violencia poco despu\u00e9s de que la polic\u00eda llegara a las inmediaciones del gran centro comercial Fields, situado entre el centro de la ciudad y el aeropuerto de la capital danesa. Los motivos del sospechoso, descrito por la polic\u00eda como un &#8220;dan\u00e9s \u00e9tnico&#8221; de 22 a\u00f1os, siguen sin estar claros. La polic\u00eda lo conoce &#8220;pero s\u00f3lo marginalmente&#8221;, dijo Thomassen: &#8220;No es alguien que conozcamos particularmente&#8221;. Las tres v\u00edctimas son un hombre de unos 40 a\u00f1os y dos j\u00f3venes cuyas edades no se han especificado.<br><br>&#8220;En las redes sociales vemos que la gente escribe que se tratar\u00eda de un motivo racista, pero no puedo decir que tengamos nada que apoye esa hip\u00f3tesis por el momento&#8221;, se\u00f1al\u00f3 el jefe de la investigaci\u00f3n. Por otro lado, la polic\u00eda confirm\u00f3 que est\u00e1 investigando unos v\u00eddeos publicados en Internet en los que se ve al sospechoso apuntando a su sien con una pistola, lo que pondr\u00eda en duda su estado psiqui\u00e1trico. Anteriormente, los investigadores se hab\u00edan negado a descartar un acto de terrorismo.<br><br><small>Copyright \u00a9 2022 ElCanillita.info \/ PanPress.Eu \/ SalaStampa.Eu \u2013 Derechos Reservados<\/small><\/p>\n","protected":false},"excerpt":{"rendered":"<p> La polic\u00eda detuvo a un dan\u00e9s de 22 a\u00f1os. No se descarta el terrorismo<\/p>\n","protected":false},"author":1,"featured_media":2541,"comment_status":"closed","ping_status":"closed","sticky":false,"template":"","format":"standard","meta":{"footnotes":"","_links_to":"","_links_to_target":""},"categories":[70,12,5],"tags":[105],"class_list":["post-2540","post","type-post","status-publish","format-standard","has-post-thumbnail","hentry","category-actualidad","category-audiovisuales","category-europa","tag-dinamarca","entry","double"],"yoast_head":"<!-- This site is optimized with the Yoast SEO plugin v27.4 - https:\/\/yoast.com\/product\/yoast-seo-wordpress\/ -->\n<title>Tres muertos en un centro comercial de Copenaghen - ElCanillita.Info<\/title>\n<meta name=\"robots\" content=\"index, follow, max-snippet:-1, max-image-preview:large, max-video-preview:-1\" \/>\n<link rel=\"canonical\" href=\"https:\/\/elcanillita.info\/press\/2022\/07\/04\/tres-muertos-en-un-centro-comercial-de-copenaghen\/\" \/>\n<meta property=\"og:locale\" content=\"es_ES\" \/>\n<meta property=\"og:type\" content=\"article\" \/>\n<meta property=\"og:title\" content=\"Tres muertos en un centro comercial de Copenaghen - ElCanillita.Info\" \/>\n<meta property=\"og:description\" content=\"La polic\u00eda detuvo a un dan\u00e9s de 22 a\u00f1os. No se descarta el terrorismo\" \/>\n<meta property=\"og:url\" content=\"https:\/\/elcanillita.info\/press\/2022\/07\/04\/tres-muertos-en-un-centro-comercial-de-copenaghen\/\" \/>\n<meta property=\"og:site_name\" content=\"ElCanillita.Info\" \/>\n<meta property=\"article:publisher\" content=\"https:\/\/ar-ar.facebook.com\/ElCanillitainfo-114249515285712\/\" \/>\n<meta property=\"article:published_time\" content=\"2022-07-04T11:38:24+00:00\" \/>\n<meta property=\"article:modified_time\" content=\"2022-07-04T19:08:20+00:00\" \/>\n<meta property=\"og:image\" content=\"https:\/\/elcanillita.info\/press\/images\/2022\/07\/cover.jpg\" \/>\n\t<meta property=\"og:image:width\" content=\"600\" \/>\n\t<meta property=\"og:image:height\" content=\"400\" \/>\n\t<meta property=\"og:image:type\" content=\"image\/jpeg\" \/>\n<meta name=\"author\" content=\"SalaStampa.eu, world press service\" \/>\n<meta name=\"twitter:card\" content=\"summary_large_image\" \/>\n<meta name=\"twitter:label1\" content=\"Escrito por\" \/>\n\t<meta name=\"twitter:data1\" content=\"SalaStampa.eu, world press service\" \/>\n\t<meta name=\"twitter:label2\" content=\"Tiempo de lectura\" \/>\n\t<meta name=\"twitter:data2\" content=\"2 minutos\" \/>\n<script type=\"application\/ld+json\" class=\"yoast-schema-graph\">{\"@context\":\"https:\\\/\\\/schema.org\",\"@graph\":[{\"@type\":\"Article\",\"@id\":\"https:\\\/\\\/elcanillita.info\\\/press\\\/2022\\\/07\\\/04\\\/tres-muertos-en-un-centro-comercial-de-copenaghen\\\/#article\",\"isPartOf\":{\"@id\":\"https:\\\/\\\/elcanillita.info\\\/press\\\/2022\\\/07\\\/04\\\/tres-muertos-en-un-centro-comercial-de-copenaghen\\\/\"},\"author\":{\"name\":\"SalaStampa.eu, world press service\",\"@id\":\"https:\\\/\\\/elcanillita.info\\\/press\\\/#\\\/schema\\\/person\\\/7fcb79f38045700919f7da6d97e71ba0\"},\"headline\":\"Tres muertos en un centro comercial de Copenaghen\",\"datePublished\":\"2022-07-04T11:38:24+00:00\",\"dateModified\":\"2022-07-04T19:08:20+00:00\",\"mainEntityOfPage\":{\"@id\":\"https:\\\/\\\/elcanillita.info\\\/press\\\/2022\\\/07\\\/04\\\/tres-muertos-en-un-centro-comercial-de-copenaghen\\\/\"},\"wordCount\":283,\"publisher\":{\"@id\":\"https:\\\/\\\/elcanillita.info\\\/press\\\/#organization\"},\"image\":{\"@id\":\"https:\\\/\\\/elcanillita.info\\\/press\\\/2022\\\/07\\\/04\\\/tres-muertos-en-un-centro-comercial-de-copenaghen\\\/#primaryimage\"},\"thumbnailUrl\":\"https:\\\/\\\/elcanillita.info\\\/press\\\/images\\\/2022\\\/07\\\/cover.jpg\",\"keywords\":[\"Dinamarca\"],\"articleSection\":[\"Actualidad\",\"audiovisuales\",\"Europa\"],\"inLanguage\":\"es-AR\"},{\"@type\":\"WebPage\",\"@id\":\"https:\\\/\\\/elcanillita.info\\\/press\\\/2022\\\/07\\\/04\\\/tres-muertos-en-un-centro-comercial-de-copenaghen\\\/\",\"url\":\"https:\\\/\\\/elcanillita.info\\\/press\\\/2022\\\/07\\\/04\\\/tres-muertos-en-un-centro-comercial-de-copenaghen\\\/\",\"name\":\"Tres muertos en un centro comercial de Copenaghen - ElCanillita.Info\",\"isPartOf\":{\"@id\":\"https:\\\/\\\/elcanillita.info\\\/press\\\/#website\"},\"primaryImageOfPage\":{\"@id\":\"https:\\\/\\\/elcanillita.info\\\/press\\\/2022\\\/07\\\/04\\\/tres-muertos-en-un-centro-comercial-de-copenaghen\\\/#primaryimage\"},\"image\":{\"@id\":\"https:\\\/\\\/elcanillita.info\\\/press\\\/2022\\\/07\\\/04\\\/tres-muertos-en-un-centro-comercial-de-copenaghen\\\/#primaryimage\"},\"thumbnailUrl\":\"https:\\\/\\\/elcanillita.info\\\/press\\\/images\\\/2022\\\/07\\\/cover.jpg\",\"datePublished\":\"2022-07-04T11:38:24+00:00\",\"dateModified\":\"2022-07-04T19:08:20+00:00\",\"inLanguage\":\"es-AR\",\"potentialAction\":[{\"@type\":\"ReadAction\",\"target\":[\"https:\\\/\\\/elcanillita.info\\\/press\\\/2022\\\/07\\\/04\\\/tres-muertos-en-un-centro-comercial-de-copenaghen\\\/\"]}]},{\"@type\":\"ImageObject\",\"inLanguage\":\"es-AR\",\"@id\":\"https:\\\/\\\/elcanillita.info\\\/press\\\/2022\\\/07\\\/04\\\/tres-muertos-en-un-centro-comercial-de-copenaghen\\\/#primaryimage\",\"url\":\"https:\\\/\\\/elcanillita.info\\\/press\\\/images\\\/2022\\\/07\\\/cover.jpg\",\"contentUrl\":\"https:\\\/\\\/elcanillita.info\\\/press\\\/images\\\/2022\\\/07\\\/cover.jpg\",\"width\":600,\"height\":400},{\"@type\":\"WebSite\",\"@id\":\"https:\\\/\\\/elcanillita.info\\\/press\\\/#website\",\"url\":\"https:\\\/\\\/elcanillita.info\\\/press\\\/\",\"name\":\"ElCanillita.Info\",\"description\":\"desde los Apeninos a los Andes\",\"publisher\":{\"@id\":\"https:\\\/\\\/elcanillita.info\\\/press\\\/#organization\"},\"potentialAction\":[{\"@type\":\"SearchAction\",\"target\":{\"@type\":\"EntryPoint\",\"urlTemplate\":\"https:\\\/\\\/elcanillita.info\\\/press\\\/?s={search_term_string}\"},\"query-input\":{\"@type\":\"PropertyValueSpecification\",\"valueRequired\":true,\"valueName\":\"search_term_string\"}}],\"inLanguage\":\"es-AR\"},{\"@type\":\"Organization\",\"@id\":\"https:\\\/\\\/elcanillita.info\\\/press\\\/#organization\",\"name\":\"Guzzo Photos & Graphic Publications\",\"url\":\"https:\\\/\\\/elcanillita.info\\\/press\\\/\",\"logo\":{\"@type\":\"ImageObject\",\"inLanguage\":\"es-AR\",\"@id\":\"https:\\\/\\\/elcanillita.info\\\/press\\\/#\\\/schema\\\/logo\\\/image\\\/\",\"url\":\"https:\\\/\\\/elcanillita.info\\\/press\\\/images\\\/2020\\\/01\\\/cropped-cropped-cropped-elcanillitainfo.png\",\"contentUrl\":\"https:\\\/\\\/elcanillita.info\\\/press\\\/images\\\/2020\\\/01\\\/cropped-cropped-cropped-elcanillitainfo.png\",\"width\":460,\"height\":50,\"caption\":\"Guzzo Photos & Graphic Publications\"},\"image\":{\"@id\":\"https:\\\/\\\/elcanillita.info\\\/press\\\/#\\\/schema\\\/logo\\\/image\\\/\"},\"sameAs\":[\"https:\\\/\\\/ar-ar.facebook.com\\\/ElCanillitainfo-114249515285712\\\/\"]},{\"@type\":\"Person\",\"@id\":\"https:\\\/\\\/elcanillita.info\\\/press\\\/#\\\/schema\\\/person\\\/7fcb79f38045700919f7da6d97e71ba0\",\"name\":\"SalaStampa.eu, world press service\",\"image\":{\"@type\":\"ImageObject\",\"inLanguage\":\"es-AR\",\"@id\":\"https:\\\/\\\/secure.gravatar.com\\\/avatar\\\/c2f0e0d515a107624234994507816ca4724c7199cef73fc8bedebf6931d73888?s=96&d=mm&r=g\",\"url\":\"https:\\\/\\\/secure.gravatar.com\\\/avatar\\\/c2f0e0d515a107624234994507816ca4724c7199cef73fc8bedebf6931d73888?s=96&d=mm&r=g\",\"contentUrl\":\"https:\\\/\\\/secure.gravatar.com\\\/avatar\\\/c2f0e0d515a107624234994507816ca4724c7199cef73fc8bedebf6931d73888?s=96&d=mm&r=g\",\"caption\":\"SalaStampa.eu, world press service\"}}]}<\/script>\n<!-- \/ Yoast SEO plugin. -->","yoast_head_json":{"title":"Tres muertos en un centro comercial de Copenaghen - ElCanillita.Info","robots":{"index":"index","follow":"follow","max-snippet":"max-snippet:-1","max-image-preview":"max-image-preview:large","max-video-preview":"max-video-preview:-1"},"canonical":"https:\/\/elcanillita.info\/press\/2022\/07\/04\/tres-muertos-en-un-centro-comercial-de-copenaghen\/","og_locale":"es_ES","og_type":"article","og_title":"Tres muertos en un centro comercial de Copenaghen - ElCanillita.Info","og_description":"La polic\u00eda detuvo a un dan\u00e9s de 22 a\u00f1os. No se descarta el terrorismo","og_url":"https:\/\/elcanillita.info\/press\/2022\/07\/04\/tres-muertos-en-un-centro-comercial-de-copenaghen\/","og_site_name":"ElCanillita.Info","article_publisher":"https:\/\/ar-ar.facebook.com\/ElCanillitainfo-114249515285712\/","article_published_time":"2022-07-04T11:38:24+00:00","article_modified_time":"2022-07-04T19:08:20+00:00","og_image":[{"width":600,"height":400,"url":"https:\/\/elcanillita.info\/press\/images\/2022\/07\/cover.jpg","type":"image\/jpeg"}],"author":"SalaStampa.eu, world press service","twitter_card":"summary_large_image","twitter_misc":{"Escrito por":"SalaStampa.eu, world press service","Tiempo de lectura":"2 minutos"},"schema":{"@context":"https:\/\/schema.org","@graph":[{"@type":"Article","@id":"https:\/\/elcanillita.info\/press\/2022\/07\/04\/tres-muertos-en-un-centro-comercial-de-copenaghen\/#article","isPartOf":{"@id":"https:\/\/elcanillita.info\/press\/2022\/07\/04\/tres-muertos-en-un-centro-comercial-de-copenaghen\/"},"author":{"name":"SalaStampa.eu, world press service","@id":"https:\/\/elcanillita.info\/press\/#\/schema\/person\/7fcb79f38045700919f7da6d97e71ba0"},"headline":"Tres muertos en un centro comercial de Copenaghen","datePublished":"2022-07-04T11:38:24+00:00","dateModified":"2022-07-04T19:08:20+00:00","mainEntityOfPage":{"@id":"https:\/\/elcanillita.info\/press\/2022\/07\/04\/tres-muertos-en-un-centro-comercial-de-copenaghen\/"},"wordCount":283,"publisher":{"@id":"https:\/\/elcanillita.info\/press\/#organization"},"image":{"@id":"https:\/\/elcanillita.info\/press\/2022\/07\/04\/tres-muertos-en-un-centro-comercial-de-copenaghen\/#primaryimage"},"thumbnailUrl":"https:\/\/elcanillita.info\/press\/images\/2022\/07\/cover.jpg","keywords":["Dinamarca"],"articleSection":["Actualidad","audiovisuales","Europa"],"inLanguage":"es-AR"},{"@type":"WebPage","@id":"https:\/\/elcanillita.info\/press\/2022\/07\/04\/tres-muertos-en-un-centro-comercial-de-copenaghen\/","url":"https:\/\/elcanillita.info\/press\/2022\/07\/04\/tres-muertos-en-un-centro-comercial-de-copenaghen\/","name":"Tres muertos en un centro comercial de Copenaghen - ElCanillita.Info","isPartOf":{"@id":"https:\/\/elcanillita.info\/press\/#website"},"primaryImageOfPage":{"@id":"https:\/\/elcanillita.info\/press\/2022\/07\/04\/tres-muertos-en-un-centro-comercial-de-copenaghen\/#primaryimage"},"image":{"@id":"https:\/\/elcanillita.info\/press\/2022\/07\/04\/tres-muertos-en-un-centro-comercial-de-copenaghen\/#primaryimage"},"thumbnailUrl":"https:\/\/elcanillita.info\/press\/images\/2022\/07\/cover.jpg","datePublished":"2022-07-04T11:38:24+00:00","dateModified":"2022-07-04T19:08:20+00:00","inLanguage":"es-AR","potentialAction":[{"@type":"ReadAction","target":["https:\/\/elcanillita.info\/press\/2022\/07\/04\/tres-muertos-en-un-centro-comercial-de-copenaghen\/"]}]},{"@type":"ImageObject","inLanguage":"es-AR","@id":"https:\/\/elcanillita.info\/press\/2022\/07\/04\/tres-muertos-en-un-centro-comercial-de-copenaghen\/#primaryimage","url":"https:\/\/elcanillita.info\/press\/images\/2022\/07\/cover.jpg","contentUrl":"https:\/\/elcanillita.info\/press\/images\/2022\/07\/cover.jpg","width":600,"height":400},{"@type":"WebSite","@id":"https:\/\/elcanillita.info\/press\/#website","url":"https:\/\/elcanillita.info\/press\/","name":"ElCanillita.Info","description":"desde los Apeninos a los Andes","publisher":{"@id":"https:\/\/elcanillita.info\/press\/#organization"},"potentialAction":[{"@type":"SearchAction","target":{"@type":"EntryPoint","urlTemplate":"https:\/\/elcanillita.info\/press\/?s={search_term_string}"},"query-input":{"@type":"PropertyValueSpecification","valueRequired":true,"valueName":"search_term_string"}}],"inLanguage":"es-AR"},{"@type":"Organization","@id":"https:\/\/elcanillita.info\/press\/#organization","name":"Guzzo Photos & Graphic Publications","url":"https:\/\/elcanillita.info\/press\/","logo":{"@type":"ImageObject","inLanguage":"es-AR","@id":"https:\/\/elcanillita.info\/press\/#\/schema\/logo\/image\/","url":"https:\/\/elcanillita.info\/press\/images\/2020\/01\/cropped-cropped-cropped-elcanillitainfo.png","contentUrl":"https:\/\/elcanillita.info\/press\/images\/2020\/01\/cropped-cropped-cropped-elcanillitainfo.png","width":460,"height":50,"caption":"Guzzo Photos & Graphic Publications"},"image":{"@id":"https:\/\/elcanillita.info\/press\/#\/schema\/logo\/image\/"},"sameAs":["https:\/\/ar-ar.facebook.com\/ElCanillitainfo-114249515285712\/"]},{"@type":"Person","@id":"https:\/\/elcanillita.info\/press\/#\/schema\/person\/7fcb79f38045700919f7da6d97e71ba0","name":"SalaStampa.eu, world press service","image":{"@type":"ImageObject","inLanguage":"es-AR","@id":"https:\/\/secure.gravatar.com\/avatar\/c2f0e0d515a107624234994507816ca4724c7199cef73fc8bedebf6931d73888?s=96&d=mm&r=g","url":"https:\/\/secure.gravatar.com\/avatar\/c2f0e0d515a107624234994507816ca4724c7199cef73fc8bedebf6931d73888?s=96&d=mm&r=g","contentUrl":"https:\/\/secure.gravatar.com\/avatar\/c2f0e0d515a107624234994507816ca4724c7199cef73fc8bedebf6931d73888?s=96&d=mm&r=g","caption":"SalaStampa.eu, world press service"}}]}},"views":482,"_links":{"self":[{"href":"https:\/\/elcanillita.info\/press\/wp-json\/wp\/v2\/posts\/2540","targetHints":{"allow":["GET"]}}],"collection":[{"href":"https:\/\/elcanillita.info\/press\/wp-json\/wp\/v2\/posts"}],"about":[{"href":"https:\/\/elcanillita.info\/press\/wp-json\/wp\/v2\/types\/post"}],"author":[{"embeddable":true,"href":"https:\/\/elcanillita.info\/press\/wp-json\/wp\/v2\/users\/1"}],"replies":[{"embeddable":true,"href":"https:\/\/elcanillita.info\/press\/wp-json\/wp\/v2\/comments?post=2540"}],"version-history":[{"count":0,"href":"https:\/\/elcanillita.info\/press\/wp-json\/wp\/v2\/posts\/2540\/revisions"}],"wp:featuredmedia":[{"embeddable":true,"href":"https:\/\/elcanillita.info\/press\/wp-json\/wp\/v2\/media\/2541"}],"wp:attachment":[{"href":"https:\/\/elcanillita.info\/press\/wp-json\/wp\/v2\/media?parent=2540"}],"wp:term":[{"taxonomy":"category","embeddable":true,"href":"https:\/\/elcanillita.info\/press\/wp-json\/wp\/v2\/categories?post=2540"},{"taxonomy":"post_tag","embeddable":true,"href":"https:\/\/elcanillita.info\/press\/wp-json\/wp\/v2\/tags?post=2540"}],"curies":[{"name":"wp","href":"https:\/\/api.w.org\/{rel}","templated":true}]}}