{"id":2528,"date":"2022-07-01T06:45:39","date_gmt":"2022-07-01T09:45:39","guid":{"rendered":"https:\/\/elcanillita.info\/press\/?p=2528"},"modified":"2022-07-01T06:48:42","modified_gmt":"2022-07-01T09:48:42","slug":"cctv-capta-el-primero-de-los-dos-ataques-de-misiles-rusos-en-kremenchuk-ucrania-el-28-de-junio","status":"publish","type":"post","link":"https:\/\/elcanillita.info\/press\/2022\/07\/01\/cctv-capta-el-primero-de-los-dos-ataques-de-misiles-rusos-en-kremenchuk-ucrania-el-28-de-junio\/","title":{"rendered":"CCTV capta el primero de los dos ataques de misiles rusos en Kremenchuk, Ucrania, el 28 de junio"},"content":{"rendered":"\n<figure class=\"wp-block-video\"><video controls src=\"http:\/\/elcanillita.info\/press\/images\/2022\/07\/misil.mp4\"><\/video><\/figure>\n\n\n\n<div style=\"width:90%; padding-left:25px; font-size:0.8em; text-align: justify;\">\n<b>\nCCTV capta el primero de los dos ataques de misiles rusos en Kremenchuk<\/b><br>\nComenz\u00f3 como una escena muy alejada de las im\u00e1genes de guerra que han salido de Ucrania desde que comenz\u00f3 la invasi\u00f3n en febrero.<br>\n<br>\nLas im\u00e1genes de las c\u00e1maras de seguridad de Kremenchuk, una ciudad industrial del centro de Ucrania situada por detr\u00e1s y lejos de la l\u00ednea del frente, mostraban a familias paseando por un parque p\u00fablico disfrutando del sol del verano.<br>\n<br> \nSin embargo, su paz se convirti\u00f3 r\u00e1pidamente en p\u00e1nico cuando un misil ruso impact\u00f3 en un centro comercial a media milla de distancia. Los padres se apresuraron a tomar a sus hijos y ponerse a cubierto. Y otro misil no tard\u00f3 en caer en las cercan\u00edas.<br><br>\nVeinte personas murieron en el centro comercial el lunes, en lo que Kiev ha descrito como un ataque dirigido a un centro comercial con 1.000 civiles dentro.<br><br>\nMosc\u00fa afirm\u00f3 que ning\u00fan misil hab\u00eda impactado en el centro comercial. Sin embargo, las im\u00e1genes recientemente publicadas muestran c\u00f3mo un misil antibuque de largo alcance aterriz\u00f3 en el centro comercial Amstor antes de que otro misil impactara en un pol\u00edgono industrial situado a un kil\u00f3metro de distancia.<br><br>\nEl \u00faltimo v\u00eddeo de circuito cerrado de televisi\u00f3n, publicado por Volodymyr Zelensky a \u00faltima hora del martes, ofrece la prueba m\u00e1s clara hasta ahora de un impacto directo en el centro comercial.\n<br<br>\nEn un breve clip con fecha de las 15.51 horas, se puede ver un misil que se eleva en el aire sobre lo que parece ser el centro comercial durante una fracci\u00f3n de segundo antes de que una ardiente explosi\u00f3n ilumine el paisaje y lance los escombros al aire.<br><br>\nEl presidente ucraniano dijo que el v\u00eddeo demostraba que Rusia sab\u00eda cu\u00e1l era su objetivo y acus\u00f3 al Kremlin de intentar &#8220;matar al mayor n\u00famero de personas posible&#8221;.\n<br><br>\nEse mismo d\u00eda, se dirigi\u00f3 al Consejo de Seguridad de la ONU para pedir a los l\u00edderes mundiales que castiguen a Rusia.<br><br>\n&#8220;La persona que llev\u00f3 a cabo este ataque sab\u00eda con certeza que estaba apuntando un misil a un centro comercial ordinario&#8221;, dijo Zelensky, negando la afirmaci\u00f3n de Rusia de que el centro comercial, en la ciudad de Kremenchuk, no estaba en uso.\n<br><br>\nEl mando de las fuerzas a\u00e9reas ucranianas dijo que el centro comercial fue alcanzado por misiles rusos Kh-22 disparados desde bombarderos Tu-22M3 que volaron desde el aer\u00f3dromo de Shaykovka, en la regi\u00f3n rusa de Kaluga, a 190 millas al suroeste de Mosc\u00fa.\n<br><br>\nPavel Luzin, un experto independiente en defensa rusa, declaro a la prensa que tanto el impacto de la explosi\u00f3n que vio en las fotos y los v\u00eddeos del lugar de los hechos, como una captura de pantalla del misil en el aire del v\u00eddeo de CCTV, demuestran que el centro comercial fue alcanzado por el Kh-22, un misil antibuque de largo alcance dise\u00f1ado en la Uni\u00f3n Sovi\u00e9tica.<br><br>\nEl lunes, los medios de comunicaci\u00f3n estatales rusos se dedicaron a dar vueltas las teor\u00edas sobre el atentado en el centro comercial, acusando a los ucranianos de fingir el ataque.<br><br>\nSin embargo, el Ministerio de Defensa ruso no tard\u00f3 en reivindicar la autor\u00eda del ataque a Kremenchuk, pero insisti\u00f3 en que el centro comercial se incendi\u00f3 despu\u00e9s de que un misil impactara en un almac\u00e9n con armas donadas por Occidente.<br><br>\nIgor Konashenkov, portavoz de los militares rusos, dijo el martes que Rusia utiliz\u00f3 &#8220;armas de alta precisi\u00f3n&#8221; para apuntar a los hangares de una f\u00e1brica local que almacenaba municiones y armas frescas que iban a ser enviadas al este de Ucrania, el epicentro de los combates m\u00e1s intensos de la guerra.<br><br>\n&#8220;La munici\u00f3n para el armamento occidental almacenada en el dep\u00f3sito denot\u00f3, provocando un incendio en un centro comercial cercano que no ha estado operativo&#8221;, dijo.<br><br>\nBellingcat, un grupo de investigaci\u00f3n forense, desacredit\u00f3 la afirmaci\u00f3n de Mosc\u00fa de que el centro comercial ardi\u00f3 despu\u00e9s de que la munici\u00f3n almacenada en las cercan\u00edas, en la planta de maquinaria vial de Kremenchuk, explotara.\n<br><br>\nLas im\u00e1genes de drones del centro comercial destruido mostraban claramente su secci\u00f3n central completamente destruida, con el techo del centro comercial aplastado y da\u00f1os consistentes con un ataque de misiles.<br><br>\nLas im\u00e1genes de sat\u00e9lite de la zona publicadas por Bellingcat parec\u00edan mostrar da\u00f1os poco apreciables en la zona entre el centro comercial y el pol\u00edgono industrial situado a un kil\u00f3metro de distancia que fue alcanzado por un segundo ataque.\n<br><br>\nVarios v\u00eddeos de televisi\u00f3n de la zona publicados por los medios de comunicaci\u00f3n locales respaldan la sugerencia de que el centro comercial fue golpeado primero antes de que un segundo misil alcanzara la planta de maquinaria vial de Kremenchuk.\n<br><br>\nEn uno de los v\u00eddeos m\u00e1s impactantes de Kremenchuk, se ve a los residentes en lo que parecen ser unos minutos entre la primera y la segunda explosi\u00f3n.\n<br><br>\nUn v\u00eddeo de CCTV del parque Misky, cercano a la f\u00e1brica, mostraba a un padre de familia que se apresuraba a esconderse detr\u00e1s de un \u00e1rbol mientras nubes de humo gris se elevaban en direcci\u00f3n al centro comercial Amstor. \n<br><br>\nUn segundo m\u00e1s tarde, una potente explosi\u00f3n cerca de la c\u00e1mara sacudi\u00f3 el parque, haciendo llover escombros en el estanque y en el suelo.<br><br>\nOtro v\u00eddeo mostraba a una pareja corriendo por el c\u00e9sped desde lo que pronto ser\u00eda el epicentro de la explosi\u00f3n, antes de que el hombre rodara por el suelo y saltara al agua.<br><br>\nLa grabaci\u00f3n parec\u00eda mostrar el impacto en la f\u00e1brica con c\u00f3digo de tiempo a las 15.59 horas, es decir, ocho minutos despu\u00e9s del v\u00eddeo de CCTV que mostraba un misil impactando en el centro comercial.<br><br>\n<b>Ataque al centro comercial de Kremenchuk<\/b><br>\nLo que deber\u00eda haber sido un d\u00eda normal de compras y disfrute del sol en Kremenchuk fue sustituido por l\u00e1grimas y luto<br><br>\nEn los \u00faltimos cuatro meses de guerra, las fuerzas rusas han destruido un gran n\u00famero de infraestructuras civiles situadas a menudo cerca de centros industriales, lo que ha llevado a los expertos militares a creer que Rusia podr\u00eda no tener armas de alta precisi\u00f3n.<br><br>\nEn un informe diario el mi\u00e9rcoles, el Ministerio de Defensa del Reino Unido sugiri\u00f3 que las fuerzas rusas en Kremenchuk posiblemente estaban apuntando a la planta cercana.<br><br>\n&#8220;La imprecisi\u00f3n de Rusia en la realizaci\u00f3n de ataques de largo alcance ya ha provocado incidentes con v\u00edctimas civiles en masa, como el de la estaci\u00f3n de tren de Kramatorsk el 9 de abril de 2022&#8221;, se afirma en el informe.<br><br>\n&#8220;La escasez de Rusia de armas de ataque de precisi\u00f3n m\u00e1s modernas y las deficiencias profesionales de sus planificadores de objetivos muy probablemente dar\u00e1n lugar a m\u00e1s v\u00edctimas civiles&#8221;.\n <br><br>\n<center><small>Copyright \u00a9 2022 ElCanillita.info \/ PanPress.Eu \/ SalaStampa.Eu \u2013 Derechos Reservados<\/small><\/center>\n<br><br>\n<\/div>\n","protected":false},"excerpt":{"rendered":"<p>La destrucci\u00f3n de otro objetivo civil lleva a los expertos a creer que Mosc\u00fa no pos\u00e9e potencia de fuego de alta precisi\u00f3n.<\/p>\n","protected":false},"author":1,"featured_media":2531,"comment_status":"closed","ping_status":"closed","sticky":false,"template":"","format":"standard","meta":{"footnotes":"","_links_to":"","_links_to_target":""},"categories":[70,12,7,23],"tags":[52],"class_list":["post-2528","post","type-post","status-publish","format-standard","has-post-thumbnail","hentry","category-actualidad","category-audiovisuales","category-eurasia","category-politica","tag-ucrania","entry","double"],"yoast_head":"<!-- This site is optimized with the Yoast SEO plugin v27.4 - https:\/\/yoast.com\/product\/yoast-seo-wordpress\/ -->\n<title>CCTV capta el primero de los dos ataques de misiles rusos en Kremenchuk, Ucrania, el 28 de junio - ElCanillita.Info<\/title>\n<meta name=\"robots\" content=\"index, follow, max-snippet:-1, max-image-preview:large, max-video-preview:-1\" \/>\n<link rel=\"canonical\" href=\"https:\/\/elcanillita.info\/press\/2022\/07\/01\/cctv-capta-el-primero-de-los-dos-ataques-de-misiles-rusos-en-kremenchuk-ucrania-el-28-de-junio\/\" \/>\n<meta property=\"og:locale\" content=\"es_ES\" \/>\n<meta property=\"og:type\" content=\"article\" \/>\n<meta property=\"og:title\" content=\"CCTV capta el primero de los dos ataques de misiles rusos en Kremenchuk, Ucrania, el 28 de junio - ElCanillita.Info\" \/>\n<meta property=\"og:description\" content=\"La destrucci\u00f3n de otro objetivo civil lleva a los expertos a creer que Mosc\u00fa no pos\u00e9e potencia de fuego de alta precisi\u00f3n.\" \/>\n<meta property=\"og:url\" content=\"https:\/\/elcanillita.info\/press\/2022\/07\/01\/cctv-capta-el-primero-de-los-dos-ataques-de-misiles-rusos-en-kremenchuk-ucrania-el-28-de-junio\/\" \/>\n<meta property=\"og:site_name\" content=\"ElCanillita.Info\" \/>\n<meta property=\"article:publisher\" content=\"https:\/\/ar-ar.facebook.com\/ElCanillitainfo-114249515285712\/\" \/>\n<meta property=\"article:published_time\" content=\"2022-07-01T09:45:39+00:00\" \/>\n<meta property=\"article:modified_time\" content=\"2022-07-01T09:48:42+00:00\" \/>\n<meta property=\"og:image\" content=\"https:\/\/elcanillita.info\/press\/images\/2022\/07\/Kremenchuk-1.jpg\" \/>\n\t<meta property=\"og:image:width\" content=\"600\" \/>\n\t<meta property=\"og:image:height\" content=\"400\" \/>\n\t<meta property=\"og:image:type\" content=\"image\/jpeg\" \/>\n<meta name=\"author\" content=\"SalaStampa.eu, world press service\" \/>\n<meta name=\"twitter:card\" content=\"summary_large_image\" \/>\n<meta name=\"twitter:label1\" content=\"Escrito por\" \/>\n\t<meta name=\"twitter:data1\" content=\"SalaStampa.eu, world press service\" \/>\n\t<meta name=\"twitter:label2\" content=\"Tiempo de lectura\" \/>\n\t<meta name=\"twitter:data2\" content=\"6 minutos\" \/>\n<script type=\"application\/ld+json\" class=\"yoast-schema-graph\">{\"@context\":\"https:\\\/\\\/schema.org\",\"@graph\":[{\"@type\":\"Article\",\"@id\":\"https:\\\/\\\/elcanillita.info\\\/press\\\/2022\\\/07\\\/01\\\/cctv-capta-el-primero-de-los-dos-ataques-de-misiles-rusos-en-kremenchuk-ucrania-el-28-de-junio\\\/#article\",\"isPartOf\":{\"@id\":\"https:\\\/\\\/elcanillita.info\\\/press\\\/2022\\\/07\\\/01\\\/cctv-capta-el-primero-de-los-dos-ataques-de-misiles-rusos-en-kremenchuk-ucrania-el-28-de-junio\\\/\"},\"author\":{\"name\":\"SalaStampa.eu, world press service\",\"@id\":\"https:\\\/\\\/elcanillita.info\\\/press\\\/#\\\/schema\\\/person\\\/7fcb79f38045700919f7da6d97e71ba0\"},\"headline\":\"CCTV capta el primero de los dos ataques de misiles rusos en Kremenchuk, Ucrania, el 28 de junio\",\"datePublished\":\"2022-07-01T09:45:39+00:00\",\"dateModified\":\"2022-07-01T09:48:42+00:00\",\"mainEntityOfPage\":{\"@id\":\"https:\\\/\\\/elcanillita.info\\\/press\\\/2022\\\/07\\\/01\\\/cctv-capta-el-primero-de-los-dos-ataques-de-misiles-rusos-en-kremenchuk-ucrania-el-28-de-junio\\\/\"},\"wordCount\":262,\"publisher\":{\"@id\":\"https:\\\/\\\/elcanillita.info\\\/press\\\/#organization\"},\"image\":{\"@id\":\"https:\\\/\\\/elcanillita.info\\\/press\\\/2022\\\/07\\\/01\\\/cctv-capta-el-primero-de-los-dos-ataques-de-misiles-rusos-en-kremenchuk-ucrania-el-28-de-junio\\\/#primaryimage\"},\"thumbnailUrl\":\"https:\\\/\\\/elcanillita.info\\\/press\\\/images\\\/2022\\\/07\\\/Kremenchuk-1.jpg\",\"keywords\":[\"Ucrania\"],\"articleSection\":[\"Actualidad\",\"audiovisuales\",\"Eurasia\",\"Politica\"],\"inLanguage\":\"es-AR\"},{\"@type\":\"WebPage\",\"@id\":\"https:\\\/\\\/elcanillita.info\\\/press\\\/2022\\\/07\\\/01\\\/cctv-capta-el-primero-de-los-dos-ataques-de-misiles-rusos-en-kremenchuk-ucrania-el-28-de-junio\\\/\",\"url\":\"https:\\\/\\\/elcanillita.info\\\/press\\\/2022\\\/07\\\/01\\\/cctv-capta-el-primero-de-los-dos-ataques-de-misiles-rusos-en-kremenchuk-ucrania-el-28-de-junio\\\/\",\"name\":\"CCTV capta el primero de los dos ataques de misiles rusos en Kremenchuk, Ucrania, el 28 de junio - ElCanillita.Info\",\"isPartOf\":{\"@id\":\"https:\\\/\\\/elcanillita.info\\\/press\\\/#website\"},\"primaryImageOfPage\":{\"@id\":\"https:\\\/\\\/elcanillita.info\\\/press\\\/2022\\\/07\\\/01\\\/cctv-capta-el-primero-de-los-dos-ataques-de-misiles-rusos-en-kremenchuk-ucrania-el-28-de-junio\\\/#primaryimage\"},\"image\":{\"@id\":\"https:\\\/\\\/elcanillita.info\\\/press\\\/2022\\\/07\\\/01\\\/cctv-capta-el-primero-de-los-dos-ataques-de-misiles-rusos-en-kremenchuk-ucrania-el-28-de-junio\\\/#primaryimage\"},\"thumbnailUrl\":\"https:\\\/\\\/elcanillita.info\\\/press\\\/images\\\/2022\\\/07\\\/Kremenchuk-1.jpg\",\"datePublished\":\"2022-07-01T09:45:39+00:00\",\"dateModified\":\"2022-07-01T09:48:42+00:00\",\"inLanguage\":\"es-AR\",\"potentialAction\":[{\"@type\":\"ReadAction\",\"target\":[\"https:\\\/\\\/elcanillita.info\\\/press\\\/2022\\\/07\\\/01\\\/cctv-capta-el-primero-de-los-dos-ataques-de-misiles-rusos-en-kremenchuk-ucrania-el-28-de-junio\\\/\"]}]},{\"@type\":\"ImageObject\",\"inLanguage\":\"es-AR\",\"@id\":\"https:\\\/\\\/elcanillita.info\\\/press\\\/2022\\\/07\\\/01\\\/cctv-capta-el-primero-de-los-dos-ataques-de-misiles-rusos-en-kremenchuk-ucrania-el-28-de-junio\\\/#primaryimage\",\"url\":\"https:\\\/\\\/elcanillita.info\\\/press\\\/images\\\/2022\\\/07\\\/Kremenchuk-1.jpg\",\"contentUrl\":\"https:\\\/\\\/elcanillita.info\\\/press\\\/images\\\/2022\\\/07\\\/Kremenchuk-1.jpg\",\"width\":600,\"height\":400},{\"@type\":\"WebSite\",\"@id\":\"https:\\\/\\\/elcanillita.info\\\/press\\\/#website\",\"url\":\"https:\\\/\\\/elcanillita.info\\\/press\\\/\",\"name\":\"ElCanillita.Info\",\"description\":\"desde los Apeninos a los Andes\",\"publisher\":{\"@id\":\"https:\\\/\\\/elcanillita.info\\\/press\\\/#organization\"},\"potentialAction\":[{\"@type\":\"SearchAction\",\"target\":{\"@type\":\"EntryPoint\",\"urlTemplate\":\"https:\\\/\\\/elcanillita.info\\\/press\\\/?s={search_term_string}\"},\"query-input\":{\"@type\":\"PropertyValueSpecification\",\"valueRequired\":true,\"valueName\":\"search_term_string\"}}],\"inLanguage\":\"es-AR\"},{\"@type\":\"Organization\",\"@id\":\"https:\\\/\\\/elcanillita.info\\\/press\\\/#organization\",\"name\":\"Guzzo Photos & Graphic Publications\",\"url\":\"https:\\\/\\\/elcanillita.info\\\/press\\\/\",\"logo\":{\"@type\":\"ImageObject\",\"inLanguage\":\"es-AR\",\"@id\":\"https:\\\/\\\/elcanillita.info\\\/press\\\/#\\\/schema\\\/logo\\\/image\\\/\",\"url\":\"https:\\\/\\\/elcanillita.info\\\/press\\\/images\\\/2020\\\/01\\\/cropped-cropped-cropped-elcanillitainfo.png\",\"contentUrl\":\"https:\\\/\\\/elcanillita.info\\\/press\\\/images\\\/2020\\\/01\\\/cropped-cropped-cropped-elcanillitainfo.png\",\"width\":460,\"height\":50,\"caption\":\"Guzzo Photos & Graphic Publications\"},\"image\":{\"@id\":\"https:\\\/\\\/elcanillita.info\\\/press\\\/#\\\/schema\\\/logo\\\/image\\\/\"},\"sameAs\":[\"https:\\\/\\\/ar-ar.facebook.com\\\/ElCanillitainfo-114249515285712\\\/\"]},{\"@type\":\"Person\",\"@id\":\"https:\\\/\\\/elcanillita.info\\\/press\\\/#\\\/schema\\\/person\\\/7fcb79f38045700919f7da6d97e71ba0\",\"name\":\"SalaStampa.eu, world press service\",\"image\":{\"@type\":\"ImageObject\",\"inLanguage\":\"es-AR\",\"@id\":\"https:\\\/\\\/secure.gravatar.com\\\/avatar\\\/c2f0e0d515a107624234994507816ca4724c7199cef73fc8bedebf6931d73888?s=96&d=mm&r=g\",\"url\":\"https:\\\/\\\/secure.gravatar.com\\\/avatar\\\/c2f0e0d515a107624234994507816ca4724c7199cef73fc8bedebf6931d73888?s=96&d=mm&r=g\",\"contentUrl\":\"https:\\\/\\\/secure.gravatar.com\\\/avatar\\\/c2f0e0d515a107624234994507816ca4724c7199cef73fc8bedebf6931d73888?s=96&d=mm&r=g\",\"caption\":\"SalaStampa.eu, world press service\"}}]}<\/script>\n<!-- \/ Yoast SEO plugin. -->","yoast_head_json":{"title":"CCTV capta el primero de los dos ataques de misiles rusos en Kremenchuk, Ucrania, el 28 de junio - ElCanillita.Info","robots":{"index":"index","follow":"follow","max-snippet":"max-snippet:-1","max-image-preview":"max-image-preview:large","max-video-preview":"max-video-preview:-1"},"canonical":"https:\/\/elcanillita.info\/press\/2022\/07\/01\/cctv-capta-el-primero-de-los-dos-ataques-de-misiles-rusos-en-kremenchuk-ucrania-el-28-de-junio\/","og_locale":"es_ES","og_type":"article","og_title":"CCTV capta el primero de los dos ataques de misiles rusos en Kremenchuk, Ucrania, el 28 de junio - ElCanillita.Info","og_description":"La destrucci\u00f3n de otro objetivo civil lleva a los expertos a creer que Mosc\u00fa no pos\u00e9e potencia de fuego de alta precisi\u00f3n.","og_url":"https:\/\/elcanillita.info\/press\/2022\/07\/01\/cctv-capta-el-primero-de-los-dos-ataques-de-misiles-rusos-en-kremenchuk-ucrania-el-28-de-junio\/","og_site_name":"ElCanillita.Info","article_publisher":"https:\/\/ar-ar.facebook.com\/ElCanillitainfo-114249515285712\/","article_published_time":"2022-07-01T09:45:39+00:00","article_modified_time":"2022-07-01T09:48:42+00:00","og_image":[{"width":600,"height":400,"url":"https:\/\/elcanillita.info\/press\/images\/2022\/07\/Kremenchuk-1.jpg","type":"image\/jpeg"}],"author":"SalaStampa.eu, world press service","twitter_card":"summary_large_image","twitter_misc":{"Escrito por":"SalaStampa.eu, world press service","Tiempo de lectura":"6 minutos"},"schema":{"@context":"https:\/\/schema.org","@graph":[{"@type":"Article","@id":"https:\/\/elcanillita.info\/press\/2022\/07\/01\/cctv-capta-el-primero-de-los-dos-ataques-de-misiles-rusos-en-kremenchuk-ucrania-el-28-de-junio\/#article","isPartOf":{"@id":"https:\/\/elcanillita.info\/press\/2022\/07\/01\/cctv-capta-el-primero-de-los-dos-ataques-de-misiles-rusos-en-kremenchuk-ucrania-el-28-de-junio\/"},"author":{"name":"SalaStampa.eu, world press service","@id":"https:\/\/elcanillita.info\/press\/#\/schema\/person\/7fcb79f38045700919f7da6d97e71ba0"},"headline":"CCTV capta el primero de los dos ataques de misiles rusos en Kremenchuk, Ucrania, el 28 de junio","datePublished":"2022-07-01T09:45:39+00:00","dateModified":"2022-07-01T09:48:42+00:00","mainEntityOfPage":{"@id":"https:\/\/elcanillita.info\/press\/2022\/07\/01\/cctv-capta-el-primero-de-los-dos-ataques-de-misiles-rusos-en-kremenchuk-ucrania-el-28-de-junio\/"},"wordCount":262,"publisher":{"@id":"https:\/\/elcanillita.info\/press\/#organization"},"image":{"@id":"https:\/\/elcanillita.info\/press\/2022\/07\/01\/cctv-capta-el-primero-de-los-dos-ataques-de-misiles-rusos-en-kremenchuk-ucrania-el-28-de-junio\/#primaryimage"},"thumbnailUrl":"https:\/\/elcanillita.info\/press\/images\/2022\/07\/Kremenchuk-1.jpg","keywords":["Ucrania"],"articleSection":["Actualidad","audiovisuales","Eurasia","Politica"],"inLanguage":"es-AR"},{"@type":"WebPage","@id":"https:\/\/elcanillita.info\/press\/2022\/07\/01\/cctv-capta-el-primero-de-los-dos-ataques-de-misiles-rusos-en-kremenchuk-ucrania-el-28-de-junio\/","url":"https:\/\/elcanillita.info\/press\/2022\/07\/01\/cctv-capta-el-primero-de-los-dos-ataques-de-misiles-rusos-en-kremenchuk-ucrania-el-28-de-junio\/","name":"CCTV capta el primero de los dos ataques de misiles rusos en Kremenchuk, Ucrania, el 28 de junio - ElCanillita.Info","isPartOf":{"@id":"https:\/\/elcanillita.info\/press\/#website"},"primaryImageOfPage":{"@id":"https:\/\/elcanillita.info\/press\/2022\/07\/01\/cctv-capta-el-primero-de-los-dos-ataques-de-misiles-rusos-en-kremenchuk-ucrania-el-28-de-junio\/#primaryimage"},"image":{"@id":"https:\/\/elcanillita.info\/press\/2022\/07\/01\/cctv-capta-el-primero-de-los-dos-ataques-de-misiles-rusos-en-kremenchuk-ucrania-el-28-de-junio\/#primaryimage"},"thumbnailUrl":"https:\/\/elcanillita.info\/press\/images\/2022\/07\/Kremenchuk-1.jpg","datePublished":"2022-07-01T09:45:39+00:00","dateModified":"2022-07-01T09:48:42+00:00","inLanguage":"es-AR","potentialAction":[{"@type":"ReadAction","target":["https:\/\/elcanillita.info\/press\/2022\/07\/01\/cctv-capta-el-primero-de-los-dos-ataques-de-misiles-rusos-en-kremenchuk-ucrania-el-28-de-junio\/"]}]},{"@type":"ImageObject","inLanguage":"es-AR","@id":"https:\/\/elcanillita.info\/press\/2022\/07\/01\/cctv-capta-el-primero-de-los-dos-ataques-de-misiles-rusos-en-kremenchuk-ucrania-el-28-de-junio\/#primaryimage","url":"https:\/\/elcanillita.info\/press\/images\/2022\/07\/Kremenchuk-1.jpg","contentUrl":"https:\/\/elcanillita.info\/press\/images\/2022\/07\/Kremenchuk-1.jpg","width":600,"height":400},{"@type":"WebSite","@id":"https:\/\/elcanillita.info\/press\/#website","url":"https:\/\/elcanillita.info\/press\/","name":"ElCanillita.Info","description":"desde los Apeninos a los Andes","publisher":{"@id":"https:\/\/elcanillita.info\/press\/#organization"},"potentialAction":[{"@type":"SearchAction","target":{"@type":"EntryPoint","urlTemplate":"https:\/\/elcanillita.info\/press\/?s={search_term_string}"},"query-input":{"@type":"PropertyValueSpecification","valueRequired":true,"valueName":"search_term_string"}}],"inLanguage":"es-AR"},{"@type":"Organization","@id":"https:\/\/elcanillita.info\/press\/#organization","name":"Guzzo Photos & Graphic Publications","url":"https:\/\/elcanillita.info\/press\/","logo":{"@type":"ImageObject","inLanguage":"es-AR","@id":"https:\/\/elcanillita.info\/press\/#\/schema\/logo\/image\/","url":"https:\/\/elcanillita.info\/press\/images\/2020\/01\/cropped-cropped-cropped-elcanillitainfo.png","contentUrl":"https:\/\/elcanillita.info\/press\/images\/2020\/01\/cropped-cropped-cropped-elcanillitainfo.png","width":460,"height":50,"caption":"Guzzo Photos & Graphic Publications"},"image":{"@id":"https:\/\/elcanillita.info\/press\/#\/schema\/logo\/image\/"},"sameAs":["https:\/\/ar-ar.facebook.com\/ElCanillitainfo-114249515285712\/"]},{"@type":"Person","@id":"https:\/\/elcanillita.info\/press\/#\/schema\/person\/7fcb79f38045700919f7da6d97e71ba0","name":"SalaStampa.eu, world press service","image":{"@type":"ImageObject","inLanguage":"es-AR","@id":"https:\/\/secure.gravatar.com\/avatar\/c2f0e0d515a107624234994507816ca4724c7199cef73fc8bedebf6931d73888?s=96&d=mm&r=g","url":"https:\/\/secure.gravatar.com\/avatar\/c2f0e0d515a107624234994507816ca4724c7199cef73fc8bedebf6931d73888?s=96&d=mm&r=g","contentUrl":"https:\/\/secure.gravatar.com\/avatar\/c2f0e0d515a107624234994507816ca4724c7199cef73fc8bedebf6931d73888?s=96&d=mm&r=g","caption":"SalaStampa.eu, world press service"}}]}},"views":470,"_links":{"self":[{"href":"https:\/\/elcanillita.info\/press\/wp-json\/wp\/v2\/posts\/2528","targetHints":{"allow":["GET"]}}],"collection":[{"href":"https:\/\/elcanillita.info\/press\/wp-json\/wp\/v2\/posts"}],"about":[{"href":"https:\/\/elcanillita.info\/press\/wp-json\/wp\/v2\/types\/post"}],"author":[{"embeddable":true,"href":"https:\/\/elcanillita.info\/press\/wp-json\/wp\/v2\/users\/1"}],"replies":[{"embeddable":true,"href":"https:\/\/elcanillita.info\/press\/wp-json\/wp\/v2\/comments?post=2528"}],"version-history":[{"count":0,"href":"https:\/\/elcanillita.info\/press\/wp-json\/wp\/v2\/posts\/2528\/revisions"}],"wp:featuredmedia":[{"embeddable":true,"href":"https:\/\/elcanillita.info\/press\/wp-json\/wp\/v2\/media\/2531"}],"wp:attachment":[{"href":"https:\/\/elcanillita.info\/press\/wp-json\/wp\/v2\/media?parent=2528"}],"wp:term":[{"taxonomy":"category","embeddable":true,"href":"https:\/\/elcanillita.info\/press\/wp-json\/wp\/v2\/categories?post=2528"},{"taxonomy":"post_tag","embeddable":true,"href":"https:\/\/elcanillita.info\/press\/wp-json\/wp\/v2\/tags?post=2528"}],"curies":[{"name":"wp","href":"https:\/\/api.w.org\/{rel}","templated":true}]}}