{"id":2517,"date":"2022-06-28T07:29:56","date_gmt":"2022-06-28T10:29:56","guid":{"rendered":"https:\/\/elcanillita.info\/press\/?p=2517"},"modified":"2022-06-28T07:29:57","modified_gmt":"2022-06-28T10:29:57","slug":"son-anticuerpos-enloquecidos-la-causa-que-infecta-covid-a-personas-vacunadas","status":"publish","type":"post","link":"https:\/\/elcanillita.info\/press\/2022\/06\/28\/son-anticuerpos-enloquecidos-la-causa-que-infecta-covid-a-personas-vacunadas\/","title":{"rendered":"Son anticuerpos enloquecidos la causa que infecta Covid a personas vacunadas"},"content":{"rendered":"<div class=\"wp-block-image\">\n<figure class=\"aligncenter size-full\"><img loading=\"lazy\" decoding=\"async\" width=\"600\" height=\"357\" src=\"https:\/\/elcanillita.info\/press\/images\/2021\/01\/vacuna_20210129.jpg\" alt=\"\" class=\"wp-image-1383\" srcset=\"https:\/\/elcanillita.info\/press\/images\/2021\/01\/vacuna_20210129.jpg 600w, https:\/\/elcanillita.info\/press\/images\/2021\/01\/vacuna_20210129-300x179.jpg 300w\" sizes=\"auto, (max-width: 600px) 100vw, 600px\" \/><\/figure>\n<\/div>\n\n<p><\/p>\n\n\n<div style=\"width:90%; padding-left:25px; font-size:0.8em; text-align: justify;\">\n<b>\nLos anticuerpos locos son los culpables de encontrar personas de riesgo<\/b><br>\nSe ha resuelto uno de los enigmas m\u00e1s misteriosos relacionados con Covid-19: se ha descubierto por qu\u00e9 algunas personas vacunadas acaban enfermando y desarrollando una grave neumon\u00eda que les lleva a ingresar en cuidados intensivos.\n<br>\n<br>\nAlgunos anticuerpos &#8220;enloquecidos&#8221; (autoanticuerpos), ya presentes antes de la infecci\u00f3n y de la vacunaci\u00f3n, son los culpables de ello y debilitan la respuesta inmunitaria innata contra el virus. As\u00ed lo demuestra un estudio publicado en Science Immunology por un equipo internacional en el que han participado el Asst Spedali Civili de Brescia, el Irccs Policlinico San Matteo de Pav\u00eda, el Irccs Ospedale Bambino Ges\u00f9 de Roma y la Universidad de Roma Tor Vergata.<br>\n<br> \n&#8220;Es la primera vez que se explica por qu\u00e9 algunos vacunados acaban en cuidados intensivos&#8221;, comenta el genetista Giuseppe Novelli, de la Universidad de Roma Tor Vergata, uno de los autores del estudio.<br><br>\n&#8220;El resultado obtenido confirma y ampl\u00eda nuestros estudios anteriores, que hab\u00edan demostrado la presencia de autoanticuerpos capaces de neutralizar altas concentraciones de interfer\u00f3n tipo I en al menos el 10% de las personas no vacunadas con neumon\u00eda cr\u00edtica Covid-19&#8221;. Esto se confirm\u00f3 al estudiar una muestra de 48 pacientes (con edades comprendidas entre los 20 y los 86 a\u00f1os) que hab\u00edan recibido dos dosis de la vacuna de ARNm contra el virus SarsCoV2 y, a pesar de ello, hab\u00edan contra\u00eddo la infecci\u00f3n entre dos semanas y cuatro meses despu\u00e9s, lo que les provoc\u00f3 una neumon\u00eda grave.<br><br>\nEn cada uno de ellos, los investigadores midieron la presencia de autoanticuerpos contra el interfer\u00f3n (Ifn), los niveles de anticuerpos contra el Covid desarrollados como resultado de la vacuna y su capacidad para neutralizar el virus. Los resultados indican que casi todos los pacientes (42 de 48) hab\u00edan desarrollado regularmente anticuerpos contra el Covid-19 gracias a la vacunaci\u00f3n: 10 de ellos, sin embargo, aunque hab\u00edan producido anticuerpos capaces de neutralizar el virus SarsCoV2 (como se demostr\u00f3 en los experimentos con tubos de ensayo), tambi\u00e9n ten\u00edan autoanticuerpos contra el interfer\u00f3n, suficientes para debilitar sus defensas.\n<br><br>\nPor lo tanto, la presencia de autoanticuerpos anti-Ifn subyace a un defecto de respuesta en la inmunidad intr\u00ednseca que realmente super\u00f3 la inmunidad adaptativa normal inducida por la vacunaci\u00f3n&#8221;, se\u00f1ala Novelli. &#8220;Estos datos, combinados con los de estudios anteriores, sugieren por tanto la necesidad de estudiar la presencia de autoanticuerpos anti-Ifn para identificar a los individuos con alto riesgo de padecer la enfermedad de Covid-19.&#8221;\n<br><br>\n<center><small>\u00a9 2022 PanPress.eu \/ SalaStampa.eu \u2013 ElCanillita.info \u2013 Informaci\u00f3n de dominio p\u00fablico<\/small><\/center> \n<br><br>\n<\/div>\n","protected":false},"excerpt":{"rendered":"<p>Se ha resuelto uno de los enigmas m\u00e1s misteriosos relacionados con Covid-19<\/p>\n","protected":false},"author":1,"featured_media":1722,"comment_status":"closed","ping_status":"closed","sticky":false,"template":"","format":"standard","meta":{"footnotes":"","_links_to":"","_links_to_target":""},"categories":[24,78],"tags":[35],"class_list":["post-2517","post","type-post","status-publish","format-standard","has-post-thumbnail","hentry","category-ciencia-tecnologia","category-sanidad","tag-mundo","entry","double"],"yoast_head":"<!-- This site is optimized with the Yoast SEO plugin v27.5 - https:\/\/yoast.com\/product\/yoast-seo-wordpress\/ -->\n<title>Son anticuerpos enloquecidos la causa que infecta Covid a personas vacunadas - ElCanillita.Info<\/title>\n<meta name=\"robots\" content=\"index, follow, max-snippet:-1, max-image-preview:large, max-video-preview:-1\" \/>\n<link rel=\"canonical\" href=\"https:\/\/elcanillita.info\/press\/2022\/06\/28\/son-anticuerpos-enloquecidos-la-causa-que-infecta-covid-a-personas-vacunadas\/\" \/>\n<meta property=\"og:locale\" content=\"es_ES\" \/>\n<meta property=\"og:type\" content=\"article\" \/>\n<meta property=\"og:title\" content=\"Son anticuerpos enloquecidos la causa que infecta Covid a personas vacunadas - ElCanillita.Info\" \/>\n<meta property=\"og:description\" content=\"Se ha resuelto uno de los enigmas m\u00e1s misteriosos relacionados con Covid-19\" \/>\n<meta property=\"og:url\" content=\"https:\/\/elcanillita.info\/press\/2022\/06\/28\/son-anticuerpos-enloquecidos-la-causa-que-infecta-covid-a-personas-vacunadas\/\" \/>\n<meta property=\"og:site_name\" content=\"ElCanillita.Info\" \/>\n<meta property=\"article:publisher\" content=\"https:\/\/ar-ar.facebook.com\/ElCanillitainfo-114249515285712\/\" \/>\n<meta property=\"article:published_time\" content=\"2022-06-28T10:29:56+00:00\" \/>\n<meta property=\"article:modified_time\" content=\"2022-06-28T10:29:57+00:00\" \/>\n<meta property=\"og:image\" content=\"https:\/\/elcanillita.info\/press\/images\/2021\/06\/vacovis.jpg\" \/>\n\t<meta property=\"og:image:width\" content=\"600\" \/>\n\t<meta property=\"og:image:height\" content=\"400\" \/>\n\t<meta property=\"og:image:type\" content=\"image\/jpeg\" \/>\n<meta name=\"author\" content=\"SalaStampa.eu, world press service\" \/>\n<meta name=\"twitter:card\" content=\"summary_large_image\" \/>\n<meta name=\"twitter:label1\" content=\"Escrito por\" \/>\n\t<meta name=\"twitter:data1\" content=\"SalaStampa.eu, world press service\" \/>\n\t<meta name=\"twitter:label2\" content=\"Tiempo de lectura\" \/>\n\t<meta name=\"twitter:data2\" content=\"3 minutos\" \/>\n<script type=\"application\/ld+json\" class=\"yoast-schema-graph\">{\"@context\":\"https:\\\/\\\/schema.org\",\"@graph\":[{\"@type\":\"Article\",\"@id\":\"https:\\\/\\\/elcanillita.info\\\/press\\\/2022\\\/06\\\/28\\\/son-anticuerpos-enloquecidos-la-causa-que-infecta-covid-a-personas-vacunadas\\\/#article\",\"isPartOf\":{\"@id\":\"https:\\\/\\\/elcanillita.info\\\/press\\\/2022\\\/06\\\/28\\\/son-anticuerpos-enloquecidos-la-causa-que-infecta-covid-a-personas-vacunadas\\\/\"},\"author\":{\"name\":\"SalaStampa.eu, world press service\",\"@id\":\"https:\\\/\\\/elcanillita.info\\\/press\\\/#\\\/schema\\\/person\\\/7fcb79f38045700919f7da6d97e71ba0\"},\"headline\":\"Son anticuerpos enloquecidos la causa que infecta Covid a personas vacunadas\",\"datePublished\":\"2022-06-28T10:29:56+00:00\",\"dateModified\":\"2022-06-28T10:29:57+00:00\",\"mainEntityOfPage\":{\"@id\":\"https:\\\/\\\/elcanillita.info\\\/press\\\/2022\\\/06\\\/28\\\/son-anticuerpos-enloquecidos-la-causa-que-infecta-covid-a-personas-vacunadas\\\/\"},\"wordCount\":450,\"publisher\":{\"@id\":\"https:\\\/\\\/elcanillita.info\\\/press\\\/#organization\"},\"image\":{\"@id\":\"https:\\\/\\\/elcanillita.info\\\/press\\\/2022\\\/06\\\/28\\\/son-anticuerpos-enloquecidos-la-causa-que-infecta-covid-a-personas-vacunadas\\\/#primaryimage\"},\"thumbnailUrl\":\"https:\\\/\\\/elcanillita.info\\\/press\\\/images\\\/2021\\\/06\\\/vacovis.jpg\",\"keywords\":[\"MUNDO\"],\"articleSection\":[\"Ciencia y Tecnologia\",\"Sanidad\"],\"inLanguage\":\"es-AR\"},{\"@type\":\"WebPage\",\"@id\":\"https:\\\/\\\/elcanillita.info\\\/press\\\/2022\\\/06\\\/28\\\/son-anticuerpos-enloquecidos-la-causa-que-infecta-covid-a-personas-vacunadas\\\/\",\"url\":\"https:\\\/\\\/elcanillita.info\\\/press\\\/2022\\\/06\\\/28\\\/son-anticuerpos-enloquecidos-la-causa-que-infecta-covid-a-personas-vacunadas\\\/\",\"name\":\"Son anticuerpos enloquecidos la causa que infecta Covid a personas vacunadas - ElCanillita.Info\",\"isPartOf\":{\"@id\":\"https:\\\/\\\/elcanillita.info\\\/press\\\/#website\"},\"primaryImageOfPage\":{\"@id\":\"https:\\\/\\\/elcanillita.info\\\/press\\\/2022\\\/06\\\/28\\\/son-anticuerpos-enloquecidos-la-causa-que-infecta-covid-a-personas-vacunadas\\\/#primaryimage\"},\"image\":{\"@id\":\"https:\\\/\\\/elcanillita.info\\\/press\\\/2022\\\/06\\\/28\\\/son-anticuerpos-enloquecidos-la-causa-que-infecta-covid-a-personas-vacunadas\\\/#primaryimage\"},\"thumbnailUrl\":\"https:\\\/\\\/elcanillita.info\\\/press\\\/images\\\/2021\\\/06\\\/vacovis.jpg\",\"datePublished\":\"2022-06-28T10:29:56+00:00\",\"dateModified\":\"2022-06-28T10:29:57+00:00\",\"inLanguage\":\"es-AR\",\"potentialAction\":[{\"@type\":\"ReadAction\",\"target\":[\"https:\\\/\\\/elcanillita.info\\\/press\\\/2022\\\/06\\\/28\\\/son-anticuerpos-enloquecidos-la-causa-que-infecta-covid-a-personas-vacunadas\\\/\"]}]},{\"@type\":\"ImageObject\",\"inLanguage\":\"es-AR\",\"@id\":\"https:\\\/\\\/elcanillita.info\\\/press\\\/2022\\\/06\\\/28\\\/son-anticuerpos-enloquecidos-la-causa-que-infecta-covid-a-personas-vacunadas\\\/#primaryimage\",\"url\":\"https:\\\/\\\/elcanillita.info\\\/press\\\/images\\\/2021\\\/06\\\/vacovis.jpg\",\"contentUrl\":\"https:\\\/\\\/elcanillita.info\\\/press\\\/images\\\/2021\\\/06\\\/vacovis.jpg\",\"width\":600,\"height\":400},{\"@type\":\"WebSite\",\"@id\":\"https:\\\/\\\/elcanillita.info\\\/press\\\/#website\",\"url\":\"https:\\\/\\\/elcanillita.info\\\/press\\\/\",\"name\":\"ElCanillita.Info\",\"description\":\"desde los Apeninos a los Andes\",\"publisher\":{\"@id\":\"https:\\\/\\\/elcanillita.info\\\/press\\\/#organization\"},\"potentialAction\":[{\"@type\":\"SearchAction\",\"target\":{\"@type\":\"EntryPoint\",\"urlTemplate\":\"https:\\\/\\\/elcanillita.info\\\/press\\\/?s={search_term_string}\"},\"query-input\":{\"@type\":\"PropertyValueSpecification\",\"valueRequired\":true,\"valueName\":\"search_term_string\"}}],\"inLanguage\":\"es-AR\"},{\"@type\":\"Organization\",\"@id\":\"https:\\\/\\\/elcanillita.info\\\/press\\\/#organization\",\"name\":\"Guzzo Photos & Graphic Publications\",\"url\":\"https:\\\/\\\/elcanillita.info\\\/press\\\/\",\"logo\":{\"@type\":\"ImageObject\",\"inLanguage\":\"es-AR\",\"@id\":\"https:\\\/\\\/elcanillita.info\\\/press\\\/#\\\/schema\\\/logo\\\/image\\\/\",\"url\":\"https:\\\/\\\/elcanillita.info\\\/press\\\/images\\\/2020\\\/01\\\/cropped-cropped-cropped-elcanillitainfo.png\",\"contentUrl\":\"https:\\\/\\\/elcanillita.info\\\/press\\\/images\\\/2020\\\/01\\\/cropped-cropped-cropped-elcanillitainfo.png\",\"width\":460,\"height\":50,\"caption\":\"Guzzo Photos & Graphic Publications\"},\"image\":{\"@id\":\"https:\\\/\\\/elcanillita.info\\\/press\\\/#\\\/schema\\\/logo\\\/image\\\/\"},\"sameAs\":[\"https:\\\/\\\/ar-ar.facebook.com\\\/ElCanillitainfo-114249515285712\\\/\"]},{\"@type\":\"Person\",\"@id\":\"https:\\\/\\\/elcanillita.info\\\/press\\\/#\\\/schema\\\/person\\\/7fcb79f38045700919f7da6d97e71ba0\",\"name\":\"SalaStampa.eu, world press service\",\"image\":{\"@type\":\"ImageObject\",\"inLanguage\":\"es-AR\",\"@id\":\"https:\\\/\\\/secure.gravatar.com\\\/avatar\\\/c2f0e0d515a107624234994507816ca4724c7199cef73fc8bedebf6931d73888?s=96&d=mm&r=g\",\"url\":\"https:\\\/\\\/secure.gravatar.com\\\/avatar\\\/c2f0e0d515a107624234994507816ca4724c7199cef73fc8bedebf6931d73888?s=96&d=mm&r=g\",\"contentUrl\":\"https:\\\/\\\/secure.gravatar.com\\\/avatar\\\/c2f0e0d515a107624234994507816ca4724c7199cef73fc8bedebf6931d73888?s=96&d=mm&r=g\",\"caption\":\"SalaStampa.eu, world press service\"}}]}<\/script>\n<!-- \/ Yoast SEO plugin. -->","yoast_head_json":{"title":"Son anticuerpos enloquecidos la causa que infecta Covid a personas vacunadas - ElCanillita.Info","robots":{"index":"index","follow":"follow","max-snippet":"max-snippet:-1","max-image-preview":"max-image-preview:large","max-video-preview":"max-video-preview:-1"},"canonical":"https:\/\/elcanillita.info\/press\/2022\/06\/28\/son-anticuerpos-enloquecidos-la-causa-que-infecta-covid-a-personas-vacunadas\/","og_locale":"es_ES","og_type":"article","og_title":"Son anticuerpos enloquecidos la causa que infecta Covid a personas vacunadas - ElCanillita.Info","og_description":"Se ha resuelto uno de los enigmas m\u00e1s misteriosos relacionados con Covid-19","og_url":"https:\/\/elcanillita.info\/press\/2022\/06\/28\/son-anticuerpos-enloquecidos-la-causa-que-infecta-covid-a-personas-vacunadas\/","og_site_name":"ElCanillita.Info","article_publisher":"https:\/\/ar-ar.facebook.com\/ElCanillitainfo-114249515285712\/","article_published_time":"2022-06-28T10:29:56+00:00","article_modified_time":"2022-06-28T10:29:57+00:00","og_image":[{"width":600,"height":400,"url":"https:\/\/elcanillita.info\/press\/images\/2021\/06\/vacovis.jpg","type":"image\/jpeg"}],"author":"SalaStampa.eu, world press service","twitter_card":"summary_large_image","twitter_misc":{"Escrito por":"SalaStampa.eu, world press service","Tiempo de lectura":"3 minutos"},"schema":{"@context":"https:\/\/schema.org","@graph":[{"@type":"Article","@id":"https:\/\/elcanillita.info\/press\/2022\/06\/28\/son-anticuerpos-enloquecidos-la-causa-que-infecta-covid-a-personas-vacunadas\/#article","isPartOf":{"@id":"https:\/\/elcanillita.info\/press\/2022\/06\/28\/son-anticuerpos-enloquecidos-la-causa-que-infecta-covid-a-personas-vacunadas\/"},"author":{"name":"SalaStampa.eu, world press service","@id":"https:\/\/elcanillita.info\/press\/#\/schema\/person\/7fcb79f38045700919f7da6d97e71ba0"},"headline":"Son anticuerpos enloquecidos la causa que infecta Covid a personas vacunadas","datePublished":"2022-06-28T10:29:56+00:00","dateModified":"2022-06-28T10:29:57+00:00","mainEntityOfPage":{"@id":"https:\/\/elcanillita.info\/press\/2022\/06\/28\/son-anticuerpos-enloquecidos-la-causa-que-infecta-covid-a-personas-vacunadas\/"},"wordCount":450,"publisher":{"@id":"https:\/\/elcanillita.info\/press\/#organization"},"image":{"@id":"https:\/\/elcanillita.info\/press\/2022\/06\/28\/son-anticuerpos-enloquecidos-la-causa-que-infecta-covid-a-personas-vacunadas\/#primaryimage"},"thumbnailUrl":"https:\/\/elcanillita.info\/press\/images\/2021\/06\/vacovis.jpg","keywords":["MUNDO"],"articleSection":["Ciencia y Tecnologia","Sanidad"],"inLanguage":"es-AR"},{"@type":"WebPage","@id":"https:\/\/elcanillita.info\/press\/2022\/06\/28\/son-anticuerpos-enloquecidos-la-causa-que-infecta-covid-a-personas-vacunadas\/","url":"https:\/\/elcanillita.info\/press\/2022\/06\/28\/son-anticuerpos-enloquecidos-la-causa-que-infecta-covid-a-personas-vacunadas\/","name":"Son anticuerpos enloquecidos la causa que infecta Covid a personas vacunadas - ElCanillita.Info","isPartOf":{"@id":"https:\/\/elcanillita.info\/press\/#website"},"primaryImageOfPage":{"@id":"https:\/\/elcanillita.info\/press\/2022\/06\/28\/son-anticuerpos-enloquecidos-la-causa-que-infecta-covid-a-personas-vacunadas\/#primaryimage"},"image":{"@id":"https:\/\/elcanillita.info\/press\/2022\/06\/28\/son-anticuerpos-enloquecidos-la-causa-que-infecta-covid-a-personas-vacunadas\/#primaryimage"},"thumbnailUrl":"https:\/\/elcanillita.info\/press\/images\/2021\/06\/vacovis.jpg","datePublished":"2022-06-28T10:29:56+00:00","dateModified":"2022-06-28T10:29:57+00:00","inLanguage":"es-AR","potentialAction":[{"@type":"ReadAction","target":["https:\/\/elcanillita.info\/press\/2022\/06\/28\/son-anticuerpos-enloquecidos-la-causa-que-infecta-covid-a-personas-vacunadas\/"]}]},{"@type":"ImageObject","inLanguage":"es-AR","@id":"https:\/\/elcanillita.info\/press\/2022\/06\/28\/son-anticuerpos-enloquecidos-la-causa-que-infecta-covid-a-personas-vacunadas\/#primaryimage","url":"https:\/\/elcanillita.info\/press\/images\/2021\/06\/vacovis.jpg","contentUrl":"https:\/\/elcanillita.info\/press\/images\/2021\/06\/vacovis.jpg","width":600,"height":400},{"@type":"WebSite","@id":"https:\/\/elcanillita.info\/press\/#website","url":"https:\/\/elcanillita.info\/press\/","name":"ElCanillita.Info","description":"desde los Apeninos a los Andes","publisher":{"@id":"https:\/\/elcanillita.info\/press\/#organization"},"potentialAction":[{"@type":"SearchAction","target":{"@type":"EntryPoint","urlTemplate":"https:\/\/elcanillita.info\/press\/?s={search_term_string}"},"query-input":{"@type":"PropertyValueSpecification","valueRequired":true,"valueName":"search_term_string"}}],"inLanguage":"es-AR"},{"@type":"Organization","@id":"https:\/\/elcanillita.info\/press\/#organization","name":"Guzzo Photos & Graphic Publications","url":"https:\/\/elcanillita.info\/press\/","logo":{"@type":"ImageObject","inLanguage":"es-AR","@id":"https:\/\/elcanillita.info\/press\/#\/schema\/logo\/image\/","url":"https:\/\/elcanillita.info\/press\/images\/2020\/01\/cropped-cropped-cropped-elcanillitainfo.png","contentUrl":"https:\/\/elcanillita.info\/press\/images\/2020\/01\/cropped-cropped-cropped-elcanillitainfo.png","width":460,"height":50,"caption":"Guzzo Photos & Graphic Publications"},"image":{"@id":"https:\/\/elcanillita.info\/press\/#\/schema\/logo\/image\/"},"sameAs":["https:\/\/ar-ar.facebook.com\/ElCanillitainfo-114249515285712\/"]},{"@type":"Person","@id":"https:\/\/elcanillita.info\/press\/#\/schema\/person\/7fcb79f38045700919f7da6d97e71ba0","name":"SalaStampa.eu, world press service","image":{"@type":"ImageObject","inLanguage":"es-AR","@id":"https:\/\/secure.gravatar.com\/avatar\/c2f0e0d515a107624234994507816ca4724c7199cef73fc8bedebf6931d73888?s=96&d=mm&r=g","url":"https:\/\/secure.gravatar.com\/avatar\/c2f0e0d515a107624234994507816ca4724c7199cef73fc8bedebf6931d73888?s=96&d=mm&r=g","contentUrl":"https:\/\/secure.gravatar.com\/avatar\/c2f0e0d515a107624234994507816ca4724c7199cef73fc8bedebf6931d73888?s=96&d=mm&r=g","caption":"SalaStampa.eu, world press service"}}]}},"views":549,"_links":{"self":[{"href":"https:\/\/elcanillita.info\/press\/wp-json\/wp\/v2\/posts\/2517","targetHints":{"allow":["GET"]}}],"collection":[{"href":"https:\/\/elcanillita.info\/press\/wp-json\/wp\/v2\/posts"}],"about":[{"href":"https:\/\/elcanillita.info\/press\/wp-json\/wp\/v2\/types\/post"}],"author":[{"embeddable":true,"href":"https:\/\/elcanillita.info\/press\/wp-json\/wp\/v2\/users\/1"}],"replies":[{"embeddable":true,"href":"https:\/\/elcanillita.info\/press\/wp-json\/wp\/v2\/comments?post=2517"}],"version-history":[{"count":0,"href":"https:\/\/elcanillita.info\/press\/wp-json\/wp\/v2\/posts\/2517\/revisions"}],"wp:featuredmedia":[{"embeddable":true,"href":"https:\/\/elcanillita.info\/press\/wp-json\/wp\/v2\/media\/1722"}],"wp:attachment":[{"href":"https:\/\/elcanillita.info\/press\/wp-json\/wp\/v2\/media?parent=2517"}],"wp:term":[{"taxonomy":"category","embeddable":true,"href":"https:\/\/elcanillita.info\/press\/wp-json\/wp\/v2\/categories?post=2517"},{"taxonomy":"post_tag","embeddable":true,"href":"https:\/\/elcanillita.info\/press\/wp-json\/wp\/v2\/tags?post=2517"}],"curies":[{"name":"wp","href":"https:\/\/api.w.org\/{rel}","templated":true}]}}