{"id":2500,"date":"2022-06-27T16:22:12","date_gmt":"2022-06-27T19:22:12","guid":{"rendered":"https:\/\/elcanillita.info\/press\/?p=2500"},"modified":"2022-06-28T07:15:20","modified_gmt":"2022-06-28T10:15:20","slug":"mendoza-hoy","status":"publish","type":"post","link":"https:\/\/elcanillita.info\/press\/2022\/06\/27\/mendoza-hoy\/","title":{"rendered":"Mendoza Hoy"},"content":{"rendered":"\n<figure class=\"wp-block-video aligncenter\"><video controls src=\"https:\/\/elcanillita.info\/press\/images\/2022\/06\/Mendoza.mp4\"><\/video><\/figure>\n\n\n\n<div style=\"width:90%; padding-left:25px; font-size:0.8em; text-align: justify;\">\n<b>Mendoza Hoy<\/b><br>\n\u00c9sta obra vial -T\u00fanel de Cacheuta- que permiti\u00f3 unir dos localidades (Cacheuta y Potrerillos), pr\u00f3ximas a la Ciudad de Mendoza, de indudable atractivo tur\u00edstico, posee una singular belleza y hace \u00fanico su recorrido de 420 metros para ingresar al perilago del embalse de Potrerillos, que por dos kilometros permite disfrutar el paisaje lacustre entre las monta\u00f1as que lo rodean, por estos d\u00edas acrecent\u00f3 su belleza.<br>\n<br>\nY es que las primeras nevadas de la temporada 2022, como se aprecia en esta foto, gentileza del Sr. Director de Defensa Civil de la Provincia de Mendoza, Lic. Daniel BURRIEZA, la cubrieron de la caracter\u00edstica p\u00e1tina n\u00edvea, resaltando los contrastes del cuadro que conforman lago, monta\u00f1a y camino de doble v\u00eda. Se trata de uno de los motivos de orgullo tur\u00edstico de la Provincia que atrae cerca de cinco mil paseantes, especialmente los fines de semana. Nota curiosa, la mayor parte del antiguo trazado del camino qued\u00f3 bajo el agua cuando en 1999 comenz\u00f3 el llenado del Dique de Potrerillos, que le dio el nombre al Lago.<br>\n<br> \n<center>\u00a92022 A report in picture by Roberto Uliarte &amp; Lic. Daniel Burrieza for PictureLibrary.Club and ElCanillita.info <br> All Rights Reserved. Reproduction Prohibited<\/center>\n<br><br>\n<\/div>\n","protected":false},"excerpt":{"rendered":"<p>\u00c9sta obra vial, T\u00fanel de Cacheuta, Mendoza &#8211; Argentina, permiti\u00f3 unir dos localidades en una de las cordillera m\u00e1s alta del Mundo: Cacheuta y Potrerillos.<br \/>\nFOTO: Gentileza del Licenciado. Daniel Burrieza <\/p>\n","protected":false},"author":1,"featured_media":2501,"comment_status":"closed","ping_status":"closed","sticky":false,"template":"","format":"standard","meta":{"footnotes":"","_links_to":"","_links_to_target":""},"categories":[21],"tags":[29],"class_list":["post-2500","post","type-post","status-publish","format-standard","has-post-thumbnail","hentry","category-geo","tag-argentina","entry","double"],"yoast_head":"<!-- This site is optimized with the Yoast SEO plugin v27.5 - https:\/\/yoast.com\/product\/yoast-seo-wordpress\/ -->\n<title>Mendoza Hoy - ElCanillita.Info<\/title>\n<meta name=\"robots\" content=\"index, follow, max-snippet:-1, max-image-preview:large, max-video-preview:-1\" \/>\n<link rel=\"canonical\" href=\"https:\/\/elcanillita.info\/press\/2022\/06\/27\/mendoza-hoy\/\" \/>\n<meta property=\"og:locale\" content=\"es_ES\" \/>\n<meta property=\"og:type\" content=\"article\" \/>\n<meta property=\"og:title\" content=\"Mendoza Hoy - ElCanillita.Info\" \/>\n<meta property=\"og:description\" content=\"\u00c9sta obra vial, T\u00fanel de Cacheuta, Mendoza - Argentina, permiti\u00f3 unir dos localidades en una de las cordillera m\u00e1s alta del Mundo: Cacheuta y Potrerillos. FOTO: Gentileza del Licenciado. Daniel Burrieza\" \/>\n<meta property=\"og:url\" content=\"https:\/\/elcanillita.info\/press\/2022\/06\/27\/mendoza-hoy\/\" \/>\n<meta property=\"og:site_name\" content=\"ElCanillita.Info\" \/>\n<meta property=\"article:publisher\" content=\"https:\/\/ar-ar.facebook.com\/ElCanillitainfo-114249515285712\/\" \/>\n<meta property=\"article:published_time\" content=\"2022-06-27T19:22:12+00:00\" \/>\n<meta property=\"article:modified_time\" content=\"2022-06-28T10:15:20+00:00\" \/>\n<meta property=\"og:image\" content=\"https:\/\/elcanillita.info\/press\/images\/2022\/06\/mza-bwcopia.jpg\" \/>\n\t<meta property=\"og:image:width\" content=\"600\" \/>\n\t<meta property=\"og:image:height\" content=\"450\" \/>\n\t<meta property=\"og:image:type\" content=\"image\/jpeg\" \/>\n<meta name=\"author\" content=\"SalaStampa.eu, world press service\" \/>\n<meta name=\"twitter:card\" content=\"summary_large_image\" \/>\n<meta name=\"twitter:label1\" content=\"Escrito por\" \/>\n\t<meta name=\"twitter:data1\" content=\"SalaStampa.eu, world press service\" \/>\n\t<meta name=\"twitter:label2\" content=\"Tiempo de lectura\" \/>\n\t<meta name=\"twitter:data2\" content=\"1 minuto\" \/>\n<script type=\"application\/ld+json\" class=\"yoast-schema-graph\">{\"@context\":\"https:\\\/\\\/schema.org\",\"@graph\":[{\"@type\":\"Article\",\"@id\":\"https:\\\/\\\/elcanillita.info\\\/press\\\/2022\\\/06\\\/27\\\/mendoza-hoy\\\/#article\",\"isPartOf\":{\"@id\":\"https:\\\/\\\/elcanillita.info\\\/press\\\/2022\\\/06\\\/27\\\/mendoza-hoy\\\/\"},\"author\":{\"name\":\"SalaStampa.eu, world press service\",\"@id\":\"https:\\\/\\\/elcanillita.info\\\/press\\\/#\\\/schema\\\/person\\\/7fcb79f38045700919f7da6d97e71ba0\"},\"headline\":\"Mendoza Hoy\",\"datePublished\":\"2022-06-27T19:22:12+00:00\",\"dateModified\":\"2022-06-28T10:15:20+00:00\",\"mainEntityOfPage\":{\"@id\":\"https:\\\/\\\/elcanillita.info\\\/press\\\/2022\\\/06\\\/27\\\/mendoza-hoy\\\/\"},\"wordCount\":207,\"publisher\":{\"@id\":\"https:\\\/\\\/elcanillita.info\\\/press\\\/#organization\"},\"image\":{\"@id\":\"https:\\\/\\\/elcanillita.info\\\/press\\\/2022\\\/06\\\/27\\\/mendoza-hoy\\\/#primaryimage\"},\"thumbnailUrl\":\"https:\\\/\\\/elcanillita.info\\\/press\\\/images\\\/2022\\\/06\\\/mza-bwcopia.jpg\",\"keywords\":[\"Argentina\"],\"articleSection\":[\"Geo\"],\"inLanguage\":\"es-AR\"},{\"@type\":\"WebPage\",\"@id\":\"https:\\\/\\\/elcanillita.info\\\/press\\\/2022\\\/06\\\/27\\\/mendoza-hoy\\\/\",\"url\":\"https:\\\/\\\/elcanillita.info\\\/press\\\/2022\\\/06\\\/27\\\/mendoza-hoy\\\/\",\"name\":\"Mendoza Hoy - ElCanillita.Info\",\"isPartOf\":{\"@id\":\"https:\\\/\\\/elcanillita.info\\\/press\\\/#website\"},\"primaryImageOfPage\":{\"@id\":\"https:\\\/\\\/elcanillita.info\\\/press\\\/2022\\\/06\\\/27\\\/mendoza-hoy\\\/#primaryimage\"},\"image\":{\"@id\":\"https:\\\/\\\/elcanillita.info\\\/press\\\/2022\\\/06\\\/27\\\/mendoza-hoy\\\/#primaryimage\"},\"thumbnailUrl\":\"https:\\\/\\\/elcanillita.info\\\/press\\\/images\\\/2022\\\/06\\\/mza-bwcopia.jpg\",\"datePublished\":\"2022-06-27T19:22:12+00:00\",\"dateModified\":\"2022-06-28T10:15:20+00:00\",\"inLanguage\":\"es-AR\",\"potentialAction\":[{\"@type\":\"ReadAction\",\"target\":[\"https:\\\/\\\/elcanillita.info\\\/press\\\/2022\\\/06\\\/27\\\/mendoza-hoy\\\/\"]}]},{\"@type\":\"ImageObject\",\"inLanguage\":\"es-AR\",\"@id\":\"https:\\\/\\\/elcanillita.info\\\/press\\\/2022\\\/06\\\/27\\\/mendoza-hoy\\\/#primaryimage\",\"url\":\"https:\\\/\\\/elcanillita.info\\\/press\\\/images\\\/2022\\\/06\\\/mza-bwcopia.jpg\",\"contentUrl\":\"https:\\\/\\\/elcanillita.info\\\/press\\\/images\\\/2022\\\/06\\\/mza-bwcopia.jpg\",\"width\":600,\"height\":450},{\"@type\":\"WebSite\",\"@id\":\"https:\\\/\\\/elcanillita.info\\\/press\\\/#website\",\"url\":\"https:\\\/\\\/elcanillita.info\\\/press\\\/\",\"name\":\"ElCanillita.Info\",\"description\":\"desde los Apeninos a los Andes\",\"publisher\":{\"@id\":\"https:\\\/\\\/elcanillita.info\\\/press\\\/#organization\"},\"potentialAction\":[{\"@type\":\"SearchAction\",\"target\":{\"@type\":\"EntryPoint\",\"urlTemplate\":\"https:\\\/\\\/elcanillita.info\\\/press\\\/?s={search_term_string}\"},\"query-input\":{\"@type\":\"PropertyValueSpecification\",\"valueRequired\":true,\"valueName\":\"search_term_string\"}}],\"inLanguage\":\"es-AR\"},{\"@type\":\"Organization\",\"@id\":\"https:\\\/\\\/elcanillita.info\\\/press\\\/#organization\",\"name\":\"Guzzo Photos & Graphic Publications\",\"url\":\"https:\\\/\\\/elcanillita.info\\\/press\\\/\",\"logo\":{\"@type\":\"ImageObject\",\"inLanguage\":\"es-AR\",\"@id\":\"https:\\\/\\\/elcanillita.info\\\/press\\\/#\\\/schema\\\/logo\\\/image\\\/\",\"url\":\"https:\\\/\\\/elcanillita.info\\\/press\\\/images\\\/2020\\\/01\\\/cropped-cropped-cropped-elcanillitainfo.png\",\"contentUrl\":\"https:\\\/\\\/elcanillita.info\\\/press\\\/images\\\/2020\\\/01\\\/cropped-cropped-cropped-elcanillitainfo.png\",\"width\":460,\"height\":50,\"caption\":\"Guzzo Photos & Graphic Publications\"},\"image\":{\"@id\":\"https:\\\/\\\/elcanillita.info\\\/press\\\/#\\\/schema\\\/logo\\\/image\\\/\"},\"sameAs\":[\"https:\\\/\\\/ar-ar.facebook.com\\\/ElCanillitainfo-114249515285712\\\/\"]},{\"@type\":\"Person\",\"@id\":\"https:\\\/\\\/elcanillita.info\\\/press\\\/#\\\/schema\\\/person\\\/7fcb79f38045700919f7da6d97e71ba0\",\"name\":\"SalaStampa.eu, world press service\",\"image\":{\"@type\":\"ImageObject\",\"inLanguage\":\"es-AR\",\"@id\":\"https:\\\/\\\/secure.gravatar.com\\\/avatar\\\/c2f0e0d515a107624234994507816ca4724c7199cef73fc8bedebf6931d73888?s=96&d=mm&r=g\",\"url\":\"https:\\\/\\\/secure.gravatar.com\\\/avatar\\\/c2f0e0d515a107624234994507816ca4724c7199cef73fc8bedebf6931d73888?s=96&d=mm&r=g\",\"contentUrl\":\"https:\\\/\\\/secure.gravatar.com\\\/avatar\\\/c2f0e0d515a107624234994507816ca4724c7199cef73fc8bedebf6931d73888?s=96&d=mm&r=g\",\"caption\":\"SalaStampa.eu, world press service\"}}]}<\/script>\n<!-- \/ Yoast SEO plugin. -->","yoast_head_json":{"title":"Mendoza Hoy - ElCanillita.Info","robots":{"index":"index","follow":"follow","max-snippet":"max-snippet:-1","max-image-preview":"max-image-preview:large","max-video-preview":"max-video-preview:-1"},"canonical":"https:\/\/elcanillita.info\/press\/2022\/06\/27\/mendoza-hoy\/","og_locale":"es_ES","og_type":"article","og_title":"Mendoza Hoy - ElCanillita.Info","og_description":"\u00c9sta obra vial, T\u00fanel de Cacheuta, Mendoza - Argentina, permiti\u00f3 unir dos localidades en una de las cordillera m\u00e1s alta del Mundo: Cacheuta y Potrerillos. FOTO: Gentileza del Licenciado. Daniel Burrieza","og_url":"https:\/\/elcanillita.info\/press\/2022\/06\/27\/mendoza-hoy\/","og_site_name":"ElCanillita.Info","article_publisher":"https:\/\/ar-ar.facebook.com\/ElCanillitainfo-114249515285712\/","article_published_time":"2022-06-27T19:22:12+00:00","article_modified_time":"2022-06-28T10:15:20+00:00","og_image":[{"width":600,"height":450,"url":"https:\/\/elcanillita.info\/press\/images\/2022\/06\/mza-bwcopia.jpg","type":"image\/jpeg"}],"author":"SalaStampa.eu, world press service","twitter_card":"summary_large_image","twitter_misc":{"Escrito por":"SalaStampa.eu, world press service","Tiempo de lectura":"1 minuto"},"schema":{"@context":"https:\/\/schema.org","@graph":[{"@type":"Article","@id":"https:\/\/elcanillita.info\/press\/2022\/06\/27\/mendoza-hoy\/#article","isPartOf":{"@id":"https:\/\/elcanillita.info\/press\/2022\/06\/27\/mendoza-hoy\/"},"author":{"name":"SalaStampa.eu, world press service","@id":"https:\/\/elcanillita.info\/press\/#\/schema\/person\/7fcb79f38045700919f7da6d97e71ba0"},"headline":"Mendoza Hoy","datePublished":"2022-06-27T19:22:12+00:00","dateModified":"2022-06-28T10:15:20+00:00","mainEntityOfPage":{"@id":"https:\/\/elcanillita.info\/press\/2022\/06\/27\/mendoza-hoy\/"},"wordCount":207,"publisher":{"@id":"https:\/\/elcanillita.info\/press\/#organization"},"image":{"@id":"https:\/\/elcanillita.info\/press\/2022\/06\/27\/mendoza-hoy\/#primaryimage"},"thumbnailUrl":"https:\/\/elcanillita.info\/press\/images\/2022\/06\/mza-bwcopia.jpg","keywords":["Argentina"],"articleSection":["Geo"],"inLanguage":"es-AR"},{"@type":"WebPage","@id":"https:\/\/elcanillita.info\/press\/2022\/06\/27\/mendoza-hoy\/","url":"https:\/\/elcanillita.info\/press\/2022\/06\/27\/mendoza-hoy\/","name":"Mendoza Hoy - ElCanillita.Info","isPartOf":{"@id":"https:\/\/elcanillita.info\/press\/#website"},"primaryImageOfPage":{"@id":"https:\/\/elcanillita.info\/press\/2022\/06\/27\/mendoza-hoy\/#primaryimage"},"image":{"@id":"https:\/\/elcanillita.info\/press\/2022\/06\/27\/mendoza-hoy\/#primaryimage"},"thumbnailUrl":"https:\/\/elcanillita.info\/press\/images\/2022\/06\/mza-bwcopia.jpg","datePublished":"2022-06-27T19:22:12+00:00","dateModified":"2022-06-28T10:15:20+00:00","inLanguage":"es-AR","potentialAction":[{"@type":"ReadAction","target":["https:\/\/elcanillita.info\/press\/2022\/06\/27\/mendoza-hoy\/"]}]},{"@type":"ImageObject","inLanguage":"es-AR","@id":"https:\/\/elcanillita.info\/press\/2022\/06\/27\/mendoza-hoy\/#primaryimage","url":"https:\/\/elcanillita.info\/press\/images\/2022\/06\/mza-bwcopia.jpg","contentUrl":"https:\/\/elcanillita.info\/press\/images\/2022\/06\/mza-bwcopia.jpg","width":600,"height":450},{"@type":"WebSite","@id":"https:\/\/elcanillita.info\/press\/#website","url":"https:\/\/elcanillita.info\/press\/","name":"ElCanillita.Info","description":"desde los Apeninos a los Andes","publisher":{"@id":"https:\/\/elcanillita.info\/press\/#organization"},"potentialAction":[{"@type":"SearchAction","target":{"@type":"EntryPoint","urlTemplate":"https:\/\/elcanillita.info\/press\/?s={search_term_string}"},"query-input":{"@type":"PropertyValueSpecification","valueRequired":true,"valueName":"search_term_string"}}],"inLanguage":"es-AR"},{"@type":"Organization","@id":"https:\/\/elcanillita.info\/press\/#organization","name":"Guzzo Photos & Graphic Publications","url":"https:\/\/elcanillita.info\/press\/","logo":{"@type":"ImageObject","inLanguage":"es-AR","@id":"https:\/\/elcanillita.info\/press\/#\/schema\/logo\/image\/","url":"https:\/\/elcanillita.info\/press\/images\/2020\/01\/cropped-cropped-cropped-elcanillitainfo.png","contentUrl":"https:\/\/elcanillita.info\/press\/images\/2020\/01\/cropped-cropped-cropped-elcanillitainfo.png","width":460,"height":50,"caption":"Guzzo Photos & Graphic Publications"},"image":{"@id":"https:\/\/elcanillita.info\/press\/#\/schema\/logo\/image\/"},"sameAs":["https:\/\/ar-ar.facebook.com\/ElCanillitainfo-114249515285712\/"]},{"@type":"Person","@id":"https:\/\/elcanillita.info\/press\/#\/schema\/person\/7fcb79f38045700919f7da6d97e71ba0","name":"SalaStampa.eu, world press service","image":{"@type":"ImageObject","inLanguage":"es-AR","@id":"https:\/\/secure.gravatar.com\/avatar\/c2f0e0d515a107624234994507816ca4724c7199cef73fc8bedebf6931d73888?s=96&d=mm&r=g","url":"https:\/\/secure.gravatar.com\/avatar\/c2f0e0d515a107624234994507816ca4724c7199cef73fc8bedebf6931d73888?s=96&d=mm&r=g","contentUrl":"https:\/\/secure.gravatar.com\/avatar\/c2f0e0d515a107624234994507816ca4724c7199cef73fc8bedebf6931d73888?s=96&d=mm&r=g","caption":"SalaStampa.eu, world press service"}}]}},"views":502,"_links":{"self":[{"href":"https:\/\/elcanillita.info\/press\/wp-json\/wp\/v2\/posts\/2500","targetHints":{"allow":["GET"]}}],"collection":[{"href":"https:\/\/elcanillita.info\/press\/wp-json\/wp\/v2\/posts"}],"about":[{"href":"https:\/\/elcanillita.info\/press\/wp-json\/wp\/v2\/types\/post"}],"author":[{"embeddable":true,"href":"https:\/\/elcanillita.info\/press\/wp-json\/wp\/v2\/users\/1"}],"replies":[{"embeddable":true,"href":"https:\/\/elcanillita.info\/press\/wp-json\/wp\/v2\/comments?post=2500"}],"version-history":[{"count":0,"href":"https:\/\/elcanillita.info\/press\/wp-json\/wp\/v2\/posts\/2500\/revisions"}],"wp:featuredmedia":[{"embeddable":true,"href":"https:\/\/elcanillita.info\/press\/wp-json\/wp\/v2\/media\/2501"}],"wp:attachment":[{"href":"https:\/\/elcanillita.info\/press\/wp-json\/wp\/v2\/media?parent=2500"}],"wp:term":[{"taxonomy":"category","embeddable":true,"href":"https:\/\/elcanillita.info\/press\/wp-json\/wp\/v2\/categories?post=2500"},{"taxonomy":"post_tag","embeddable":true,"href":"https:\/\/elcanillita.info\/press\/wp-json\/wp\/v2\/tags?post=2500"}],"curies":[{"name":"wp","href":"https:\/\/api.w.org\/{rel}","templated":true}]}}