{"id":2493,"date":"2022-06-26T17:54:34","date_gmt":"2022-06-26T20:54:34","guid":{"rendered":"https:\/\/elcanillita.info\/press\/?p=2493"},"modified":"2022-06-26T18:13:47","modified_gmt":"2022-06-26T21:13:47","slug":"dentro-del-vaticano","status":"publish","type":"post","link":"https:\/\/elcanillita.info\/press\/2022\/06\/26\/dentro-del-vaticano\/","title":{"rendered":"Dentro del Vaticano"},"content":{"rendered":"<div class=\"wp-block-image\">\n<figure class=\"aligncenter size-full\"><img loading=\"lazy\" decoding=\"async\" width=\"600\" height=\"600\" src=\"https:\/\/elcanillita.info\/press\/images\/2020\/10\/pieta.jpeg\" alt=\"La piet\u00e0\" class=\"wp-image-1131\" srcset=\"https:\/\/elcanillita.info\/press\/images\/2020\/10\/pieta.jpeg 600w, https:\/\/elcanillita.info\/press\/images\/2020\/10\/pieta-300x300.jpeg 300w, https:\/\/elcanillita.info\/press\/images\/2020\/10\/pieta-150x150.jpeg 150w\" sizes=\"auto, (max-width: 600px) 100vw, 600px\" \/><figcaption>la Piedad argentina<\/figcaption><\/figure>\n<\/div>\n\n\n<p><\/p>\n\n\n\n<div style=\"width:90%; padding-left:25px; font-size:0.8em; text-align: justify;\">\n<b>Instituto de Obras Religiosas y el crac del Banco Ambrosiano<\/b><br>\nMuchos creen que el Banco del Vaticano es una leyenda; despu\u00e9s de todo, la Ciudad del Vaticano es un lugar hist\u00f3rico donde es posible visitar palacios, museos y catedrales, motivo por el cual surge espont\u00e1neo preguntarse&#8230;\u00bfqu\u00e9 hago yo en un banco? \n<br><br>\nPero el Banco de Vaticano existe, ubicado precisamente en el coraz\u00f3n de la Ciudad del Vaticano (my cerca de Porta Sant&#8217;Anna), en una torre cerrada a los forasteros.<br><br>\nOficialmente, el Banco del Vaticano es conocido como IOR, es decir Instituto para las Obras de Religi\u00f3n.  En cualquier caso, la religi\u00f3n tiene poco que ver con el Banco, a menos que se refiera a los cambistas que un tiempo trabajaban en la iglesia.\n<br><br> \nLos cambistas de moneda eran simples empleados que prestaban servicio, para que  los  impuestos del templo pudieran ser pagados, el Banco del Vaticano ha estado implicado en la evasi\u00f3n de impuestos, chanchullos financieros y lavado de oro nazi. El Papa, como \u00fanico accionista del Banco del Vaticano, es uno de los hombres m\u00e1s ricos del mundo y, por asociaci\u00f3n, uno de los menos \u00e9tico.<br><br>\nEl Banco del Vaticano tiene la distinci\u00f3n de ser una de las instituciones financieras privada m\u00e1s reservada del mundo. En realidad sabemos muy poco al respecto, salvo la escasa informaci\u00f3n que deja pasar el  Vaticano.<br><br>\nEl patrimonio del IOR (Banco del Vaticano) es un asunto espinoso lleno de misterio, siempre que se crea al Vaticano. <br><br>\nUna de las autoridades m\u00e1s confiable era el padre Thomas J. Reese, SJ, autor de varios libros sobre la Iglesia cat\u00f3lica, entre ellos best-sellers tales como &#8220;Inside the Vatican&#8221; y &#8220;Arzobispo&#8221;.<br><br>\nBasado en sus entrevistas con miembros del Vaticano, Reese dedica todo el cap\u00edtulo &#8220;Inside the Vatican&#8221; a las finanzas papales. Reese estaba bastante seguro sobre el hecho de quien pose\u00eda el Banco del Vaticano, el IOR es en un cierto sentido el Banco del Papa, por ser el \u00fanico accionista. Es decir que lo posee, lo controla &#8220;<br><br>\nEl 11 Febrero 1887, papa Le\u00f3n XIII costituyo la \u201cCommissione Cardinalizia ad pias causas\u201d, es decir la Comisi\u00f3n para las Organizaciones de Caridad. Y en 1904, por iniciativa del Papa P\u00edo X, pas\u00f3 a llamarse &#8220;Comisi\u00f3n de Cardenales para las Obras de Religi\u00f3n&#8221;.<br><br>\nEn 1941 la Comisi\u00f3n se transform\u00f3 en el Instituto para las Obras Religiosas &#8220;con fines de lucro&#8221; a trav\u00e9s de la emisi\u00f3n de leyes promulgadas con la aprobaci\u00f3n de P\u00edo XII.<br><br>\nEl n\u00facleo central sobre el cual el IOR fue fundado se bas\u00f3 en el capital de la Santa Sede y el excedente de las ganancias que resultara, se confiar\u00eda a la Santa Sede.<br><br>\nRecientemente, el IOR se ha convertido en una fuente de recursos para los fondos operativos del Vaticano y en una plaza financiera de un Estado &#8220;cut out&#8221;, es decir como otros para\u00edsos fiscales ya existentes: Nauru, Macao y la isla Mauricio.<br><br>\nUn Estado \u00abcut out\u00bb es un Estado cuya legislaci\u00f3n pesa sobre el secreto bancario, impidiendo la posibilidad de rastrear o encontrar pistas sobre el or\u00edgen de los fondos financieros que son depositados. Y es el caso de &#8220;Alperin contra el Banco del Vaticano.&#8221;<br><br>\nLa posici\u00f3n p\u00fablica del banco es aquella de haber sido siempre fiel a su estatuto y existe para servir a la Iglesia, como es requerido por el banco, llamado &#8220;quir\u00f3grafo&#8221;, es decir sin garant\u00eda.  El cr\u00e9dito quirografo en el C\u00f3digo Civil italiano, es aquel tipo de cr\u00e9dito que no est\u00e1 asistido de algun tipo de garantia real (pe\u00f1o o hipoteca) o personal (anticresis &#8211; contrato de fianza).<br><br>\nLa Santa Sede es el gobierno oficial,  tanto de la Iglesia Cat\u00f3lica Romana como de la Ciudad del Vaticano, un micro-estado completamente independiente situado muy cerca del r\u00edo T\u00edber en Roma.\n<br><br>\nLa Ciudad del Vaticano es sede de tres instituciones financieras: la Administraci\u00f3n del Patrimonio de la Sede Apost\u00f3lica (APSA), que act\u00faa como el Banco Central del Vaticano, el Ministerio de Econom\u00eda  y el ya mencionado Banco del Vaticano (IOR). <br><br>\nEl Estado del Vaticano &#8211; con una poblaci\u00f3n de s\u00f3lo 800 habitantes y una superficie de 441.000 metros cuadrados &#8211; es la Naci\u00f3n m\u00e1s peque\u00f1a del mundo y quiz\u00e1 tres instituciones financieras tan importante podrian parecer no necesarias, pero la Santa Sede es tambi\u00e9n el gobierno temporal de mil millones de cat\u00f3licos de todo el mundo y, como tal, necesita objetivos que no pueden ser atendidos por los bancos convencionales.\n<br><br>\nEl Banco del Vaticano no es responsable ante el banco central del Vaticano ni ante el Ministerio de Econom\u00eda, de hecho, funciona de forma independiente con tres consejos de administraci\u00f3n: uno formado por cardenales de alto nivel, otro consta de banqueros internacionales que trabajan con los empleados del Banco del Vaticano y finalmente, un Consejo de Administraci\u00f3n a cargo de los asuntos diarios.<br><br>\nEstas estructuras organizativas  asi cerradas, son la norma en la Santa Sede y son \u00fatiles para ocultar las operaciones del Banco.\n<br><br>\nEl IOR funciona como un banquero privado de la Iglesia, ya que se adapta perfectamente a las necesidades de un banco dirigido por el Papa.<br><br>\nA pesar de que es propiedad del papa, el Banco, desde su creaci\u00f3n, ha participado en varias ocasiones en el peor de los esc\u00e1ndalos, corrupci\u00f3n e intriga.\n<br><br>\nBajo feliz auspicio, la apertura del banco en 1941 por orden de P\u00edo XII (tambi\u00e9n llamado el Papa de Hitler), ha proporcionado convenientes sucursales bancarias a los fascistas italianos, la aristocracia y la mafia.<br><br>\nEl Banco del Vaticano dice no tener ning\u00fan documento relacionado con el per\u00edodo de la Segunda Guerra Mundial, de hecho, seg\u00fan el procurador del Banco del Vaticano, Franzo Grande Stevens, el IOR destruye toda la documentaci\u00f3n de cada diez a\u00f1os, una afirmaci\u00f3n que ning\u00fan banquero responsable creer\u00eda.<br><br>\n\nSin embargo, hay otros documentos en los archivos de Alemania y nazis estadounidenses que muestran las transferencias de fondos del Reichsbank a la IOR, y  otro de los bancos suizos IOR controlados por los nazis. Un famoso abogado especializado en reembolsos  del Holocausto ha documentado la transferencia de dinero de las cuentas de las SS a un banco sin nombre romano en septiembre de 1943, justo cuando los aliados se acercaban a la ciudad.<br><br>\nA  fines de los a\u00f1os setenta, el IOR se hab\u00eda convertido en uno de los l\u00edderes de los mercados financieros del mundo.<br><br>\nBajo la tutela del obispo estadounidense Paul Marcinkus, el obispo Paul Hnilica, Licio Gelli, Roberto Calvi y Michele Sindona, el Banco del Vaticano se convirti\u00f3 en una parte integral de varios programas papales y  mafiosos de lavado de dinero, en la que que era dif\u00edcil determinar d\u00f3nde terminaban las operaciones del Vaticano y comenzaban aquellas de la mafia.<br><br>\nEl Banco Ambrosiano de Calvi y muchas empresas ficticias dirigidas por el IOR de Panam\u00e1 y Luxemburgo tom\u00f3 el control del negocio de la banca italiana y se utilizaba como canal subterr\u00e1neo para el flujo de fondos a Europa del Este, en apoyo de la lucha contra la Uni\u00f3n nacional anticomunista. <br><br>\nMarcinkus, jefe de la IOR, fue director del Banco Ambrosiano (en Nassau y las Bahamas), y se pudo comprobar una estrecha relaci\u00f3n personal y bancaria entre Calvi y Marcinkus.<br><br>\nMuchos de los implicados no fueron vinculados solamente a la mafia,  tambi\u00e9n eran miembros de la infame logia mas\u00f3nica P2, con el resultado final de la repartici\u00f3n del dinero de otras personas, entre ellas una transacci\u00f3n de $95.000.000 d\u00f3lares, documentado por el Tribunal Supremo de Irlanda.<br><br>\nTan pronto como los tabulados salieron a la superficie, debido a un error de c\u00e1lculo atribuido a Calvi, las cabezas, literalmente, comenzaron a rodar.<br><br>\nEl imperio bancario Ambrosiano fue desestabilizado por un choque al v\u00e9rtice del poder interno que envolv\u00eda al Banco del Vaticano, a la mafia y al brazo financiero de la orden cat\u00f3lica oscura Opus Dei, sin embargo, decidi\u00f3 no responder por el Banco Ambrosiano y Calvi fue encontrado &#8220;suicida&#8221;, ahorcado bajo el puente Blackfriars en Londres, con algunas piedras escondidas en los bolsillos, una escena llena de simbolismo mas\u00f3nico.<br><br>\n\n<small>\u00a9 2015 \/2022 ElCanillita.Info &#8211; Todos los derechos reservados &#8211; Prohibida la reproducci\u00f3n<br>\nFuente: Archivos de Estado &#8211; SalaStampa.Eu &#8211; Informaci\u00f3n para dominio p\u00fablico<\/small>\n \n <br><br>\n<\/div>\n","protected":false},"excerpt":{"rendered":"<p> Los 4 Evangelistas, obra de Jordaens &#8211; Louvre, 1404<br \/>\nMuchos creen que el Banco del Vaticano es una leyenda. Pero el Banco de Vaticano existe, ubicado precisamente en el coraz\u00f3n de la Ciudad del Vaticano.<\/p>\n","protected":false},"author":1,"featured_media":2494,"comment_status":"closed","ping_status":"closed","sticky":false,"template":"","format":"standard","meta":{"footnotes":"","_links_to":"","_links_to_target":""},"categories":[47,5,25],"tags":[50],"class_list":["post-2493","post","type-post","status-publish","format-standard","has-post-thumbnail","hentry","category-etiologia","category-europa","category-sociedad","tag-ciudad-vaticano","entry","double"],"yoast_head":"<!-- This site is optimized with the Yoast SEO plugin v27.5 - https:\/\/yoast.com\/product\/yoast-seo-wordpress\/ -->\n<title>Dentro del Vaticano - ElCanillita.Info<\/title>\n<meta name=\"robots\" content=\"index, follow, max-snippet:-1, max-image-preview:large, max-video-preview:-1\" \/>\n<link rel=\"canonical\" href=\"https:\/\/elcanillita.info\/press\/2022\/06\/26\/dentro-del-vaticano\/\" \/>\n<meta property=\"og:locale\" content=\"es_ES\" \/>\n<meta property=\"og:type\" content=\"article\" \/>\n<meta property=\"og:title\" content=\"Dentro del Vaticano - ElCanillita.Info\" \/>\n<meta property=\"og:description\" content=\"Los 4 Evangelistas, obra de Jordaens - Louvre, 1404 Muchos creen que el Banco del Vaticano es una leyenda. Pero el Banco de Vaticano existe, ubicado precisamente en el coraz\u00f3n de la Ciudad del Vaticano.\" \/>\n<meta property=\"og:url\" content=\"https:\/\/elcanillita.info\/press\/2022\/06\/26\/dentro-del-vaticano\/\" \/>\n<meta property=\"og:site_name\" content=\"ElCanillita.Info\" \/>\n<meta property=\"article:publisher\" content=\"https:\/\/ar-ar.facebook.com\/ElCanillitainfo-114249515285712\/\" \/>\n<meta property=\"article:published_time\" content=\"2022-06-26T20:54:34+00:00\" \/>\n<meta property=\"article:modified_time\" content=\"2022-06-26T21:13:47+00:00\" \/>\n<meta property=\"og:image\" content=\"https:\/\/elcanillita.info\/press\/images\/2022\/06\/apostoles-1.jpg\" \/>\n\t<meta property=\"og:image:width\" content=\"600\" \/>\n\t<meta property=\"og:image:height\" content=\"400\" \/>\n\t<meta property=\"og:image:type\" content=\"image\/jpeg\" \/>\n<meta name=\"author\" content=\"SalaStampa.eu, world press service\" \/>\n<meta name=\"twitter:card\" content=\"summary_large_image\" \/>\n<meta name=\"twitter:label1\" content=\"Escrito por\" \/>\n\t<meta name=\"twitter:data1\" content=\"SalaStampa.eu, world press service\" \/>\n\t<meta name=\"twitter:label2\" content=\"Tiempo de lectura\" \/>\n\t<meta name=\"twitter:data2\" content=\"7 minutos\" \/>\n<script type=\"application\/ld+json\" class=\"yoast-schema-graph\">{\"@context\":\"https:\\\/\\\/schema.org\",\"@graph\":[{\"@type\":\"Article\",\"@id\":\"https:\\\/\\\/elcanillita.info\\\/press\\\/2022\\\/06\\\/26\\\/dentro-del-vaticano\\\/#article\",\"isPartOf\":{\"@id\":\"https:\\\/\\\/elcanillita.info\\\/press\\\/2022\\\/06\\\/26\\\/dentro-del-vaticano\\\/\"},\"author\":{\"name\":\"SalaStampa.eu, world press service\",\"@id\":\"https:\\\/\\\/elcanillita.info\\\/press\\\/#\\\/schema\\\/person\\\/7fcb79f38045700919f7da6d97e71ba0\"},\"headline\":\"Dentro del Vaticano\",\"datePublished\":\"2022-06-26T20:54:34+00:00\",\"dateModified\":\"2022-06-26T21:13:47+00:00\",\"mainEntityOfPage\":{\"@id\":\"https:\\\/\\\/elcanillita.info\\\/press\\\/2022\\\/06\\\/26\\\/dentro-del-vaticano\\\/\"},\"wordCount\":1429,\"publisher\":{\"@id\":\"https:\\\/\\\/elcanillita.info\\\/press\\\/#organization\"},\"image\":{\"@id\":\"https:\\\/\\\/elcanillita.info\\\/press\\\/2022\\\/06\\\/26\\\/dentro-del-vaticano\\\/#primaryimage\"},\"thumbnailUrl\":\"https:\\\/\\\/elcanillita.info\\\/press\\\/images\\\/2022\\\/06\\\/apostoles-1.jpg\",\"keywords\":[\"Ciudad del Vaticano\"],\"articleSection\":[\"Etiologia\",\"Europa\",\"Sociedad\"],\"inLanguage\":\"es-AR\"},{\"@type\":\"WebPage\",\"@id\":\"https:\\\/\\\/elcanillita.info\\\/press\\\/2022\\\/06\\\/26\\\/dentro-del-vaticano\\\/\",\"url\":\"https:\\\/\\\/elcanillita.info\\\/press\\\/2022\\\/06\\\/26\\\/dentro-del-vaticano\\\/\",\"name\":\"Dentro del Vaticano - ElCanillita.Info\",\"isPartOf\":{\"@id\":\"https:\\\/\\\/elcanillita.info\\\/press\\\/#website\"},\"primaryImageOfPage\":{\"@id\":\"https:\\\/\\\/elcanillita.info\\\/press\\\/2022\\\/06\\\/26\\\/dentro-del-vaticano\\\/#primaryimage\"},\"image\":{\"@id\":\"https:\\\/\\\/elcanillita.info\\\/press\\\/2022\\\/06\\\/26\\\/dentro-del-vaticano\\\/#primaryimage\"},\"thumbnailUrl\":\"https:\\\/\\\/elcanillita.info\\\/press\\\/images\\\/2022\\\/06\\\/apostoles-1.jpg\",\"datePublished\":\"2022-06-26T20:54:34+00:00\",\"dateModified\":\"2022-06-26T21:13:47+00:00\",\"inLanguage\":\"es-AR\",\"potentialAction\":[{\"@type\":\"ReadAction\",\"target\":[\"https:\\\/\\\/elcanillita.info\\\/press\\\/2022\\\/06\\\/26\\\/dentro-del-vaticano\\\/\"]}]},{\"@type\":\"ImageObject\",\"inLanguage\":\"es-AR\",\"@id\":\"https:\\\/\\\/elcanillita.info\\\/press\\\/2022\\\/06\\\/26\\\/dentro-del-vaticano\\\/#primaryimage\",\"url\":\"https:\\\/\\\/elcanillita.info\\\/press\\\/images\\\/2022\\\/06\\\/apostoles-1.jpg\",\"contentUrl\":\"https:\\\/\\\/elcanillita.info\\\/press\\\/images\\\/2022\\\/06\\\/apostoles-1.jpg\",\"width\":600,\"height\":400},{\"@type\":\"WebSite\",\"@id\":\"https:\\\/\\\/elcanillita.info\\\/press\\\/#website\",\"url\":\"https:\\\/\\\/elcanillita.info\\\/press\\\/\",\"name\":\"ElCanillita.Info\",\"description\":\"desde los Apeninos a los Andes\",\"publisher\":{\"@id\":\"https:\\\/\\\/elcanillita.info\\\/press\\\/#organization\"},\"potentialAction\":[{\"@type\":\"SearchAction\",\"target\":{\"@type\":\"EntryPoint\",\"urlTemplate\":\"https:\\\/\\\/elcanillita.info\\\/press\\\/?s={search_term_string}\"},\"query-input\":{\"@type\":\"PropertyValueSpecification\",\"valueRequired\":true,\"valueName\":\"search_term_string\"}}],\"inLanguage\":\"es-AR\"},{\"@type\":\"Organization\",\"@id\":\"https:\\\/\\\/elcanillita.info\\\/press\\\/#organization\",\"name\":\"Guzzo Photos & Graphic Publications\",\"url\":\"https:\\\/\\\/elcanillita.info\\\/press\\\/\",\"logo\":{\"@type\":\"ImageObject\",\"inLanguage\":\"es-AR\",\"@id\":\"https:\\\/\\\/elcanillita.info\\\/press\\\/#\\\/schema\\\/logo\\\/image\\\/\",\"url\":\"https:\\\/\\\/elcanillita.info\\\/press\\\/images\\\/2020\\\/01\\\/cropped-cropped-cropped-elcanillitainfo.png\",\"contentUrl\":\"https:\\\/\\\/elcanillita.info\\\/press\\\/images\\\/2020\\\/01\\\/cropped-cropped-cropped-elcanillitainfo.png\",\"width\":460,\"height\":50,\"caption\":\"Guzzo Photos & Graphic Publications\"},\"image\":{\"@id\":\"https:\\\/\\\/elcanillita.info\\\/press\\\/#\\\/schema\\\/logo\\\/image\\\/\"},\"sameAs\":[\"https:\\\/\\\/ar-ar.facebook.com\\\/ElCanillitainfo-114249515285712\\\/\"]},{\"@type\":\"Person\",\"@id\":\"https:\\\/\\\/elcanillita.info\\\/press\\\/#\\\/schema\\\/person\\\/7fcb79f38045700919f7da6d97e71ba0\",\"name\":\"SalaStampa.eu, world press service\",\"image\":{\"@type\":\"ImageObject\",\"inLanguage\":\"es-AR\",\"@id\":\"https:\\\/\\\/secure.gravatar.com\\\/avatar\\\/c2f0e0d515a107624234994507816ca4724c7199cef73fc8bedebf6931d73888?s=96&d=mm&r=g\",\"url\":\"https:\\\/\\\/secure.gravatar.com\\\/avatar\\\/c2f0e0d515a107624234994507816ca4724c7199cef73fc8bedebf6931d73888?s=96&d=mm&r=g\",\"contentUrl\":\"https:\\\/\\\/secure.gravatar.com\\\/avatar\\\/c2f0e0d515a107624234994507816ca4724c7199cef73fc8bedebf6931d73888?s=96&d=mm&r=g\",\"caption\":\"SalaStampa.eu, world press service\"}}]}<\/script>\n<!-- \/ Yoast SEO plugin. -->","yoast_head_json":{"title":"Dentro del Vaticano - ElCanillita.Info","robots":{"index":"index","follow":"follow","max-snippet":"max-snippet:-1","max-image-preview":"max-image-preview:large","max-video-preview":"max-video-preview:-1"},"canonical":"https:\/\/elcanillita.info\/press\/2022\/06\/26\/dentro-del-vaticano\/","og_locale":"es_ES","og_type":"article","og_title":"Dentro del Vaticano - ElCanillita.Info","og_description":"Los 4 Evangelistas, obra de Jordaens - Louvre, 1404 Muchos creen que el Banco del Vaticano es una leyenda. Pero el Banco de Vaticano existe, ubicado precisamente en el coraz\u00f3n de la Ciudad del Vaticano.","og_url":"https:\/\/elcanillita.info\/press\/2022\/06\/26\/dentro-del-vaticano\/","og_site_name":"ElCanillita.Info","article_publisher":"https:\/\/ar-ar.facebook.com\/ElCanillitainfo-114249515285712\/","article_published_time":"2022-06-26T20:54:34+00:00","article_modified_time":"2022-06-26T21:13:47+00:00","og_image":[{"width":600,"height":400,"url":"https:\/\/elcanillita.info\/press\/images\/2022\/06\/apostoles-1.jpg","type":"image\/jpeg"}],"author":"SalaStampa.eu, world press service","twitter_card":"summary_large_image","twitter_misc":{"Escrito por":"SalaStampa.eu, world press service","Tiempo de lectura":"7 minutos"},"schema":{"@context":"https:\/\/schema.org","@graph":[{"@type":"Article","@id":"https:\/\/elcanillita.info\/press\/2022\/06\/26\/dentro-del-vaticano\/#article","isPartOf":{"@id":"https:\/\/elcanillita.info\/press\/2022\/06\/26\/dentro-del-vaticano\/"},"author":{"name":"SalaStampa.eu, world press service","@id":"https:\/\/elcanillita.info\/press\/#\/schema\/person\/7fcb79f38045700919f7da6d97e71ba0"},"headline":"Dentro del Vaticano","datePublished":"2022-06-26T20:54:34+00:00","dateModified":"2022-06-26T21:13:47+00:00","mainEntityOfPage":{"@id":"https:\/\/elcanillita.info\/press\/2022\/06\/26\/dentro-del-vaticano\/"},"wordCount":1429,"publisher":{"@id":"https:\/\/elcanillita.info\/press\/#organization"},"image":{"@id":"https:\/\/elcanillita.info\/press\/2022\/06\/26\/dentro-del-vaticano\/#primaryimage"},"thumbnailUrl":"https:\/\/elcanillita.info\/press\/images\/2022\/06\/apostoles-1.jpg","keywords":["Ciudad del Vaticano"],"articleSection":["Etiologia","Europa","Sociedad"],"inLanguage":"es-AR"},{"@type":"WebPage","@id":"https:\/\/elcanillita.info\/press\/2022\/06\/26\/dentro-del-vaticano\/","url":"https:\/\/elcanillita.info\/press\/2022\/06\/26\/dentro-del-vaticano\/","name":"Dentro del Vaticano - ElCanillita.Info","isPartOf":{"@id":"https:\/\/elcanillita.info\/press\/#website"},"primaryImageOfPage":{"@id":"https:\/\/elcanillita.info\/press\/2022\/06\/26\/dentro-del-vaticano\/#primaryimage"},"image":{"@id":"https:\/\/elcanillita.info\/press\/2022\/06\/26\/dentro-del-vaticano\/#primaryimage"},"thumbnailUrl":"https:\/\/elcanillita.info\/press\/images\/2022\/06\/apostoles-1.jpg","datePublished":"2022-06-26T20:54:34+00:00","dateModified":"2022-06-26T21:13:47+00:00","inLanguage":"es-AR","potentialAction":[{"@type":"ReadAction","target":["https:\/\/elcanillita.info\/press\/2022\/06\/26\/dentro-del-vaticano\/"]}]},{"@type":"ImageObject","inLanguage":"es-AR","@id":"https:\/\/elcanillita.info\/press\/2022\/06\/26\/dentro-del-vaticano\/#primaryimage","url":"https:\/\/elcanillita.info\/press\/images\/2022\/06\/apostoles-1.jpg","contentUrl":"https:\/\/elcanillita.info\/press\/images\/2022\/06\/apostoles-1.jpg","width":600,"height":400},{"@type":"WebSite","@id":"https:\/\/elcanillita.info\/press\/#website","url":"https:\/\/elcanillita.info\/press\/","name":"ElCanillita.Info","description":"desde los Apeninos a los Andes","publisher":{"@id":"https:\/\/elcanillita.info\/press\/#organization"},"potentialAction":[{"@type":"SearchAction","target":{"@type":"EntryPoint","urlTemplate":"https:\/\/elcanillita.info\/press\/?s={search_term_string}"},"query-input":{"@type":"PropertyValueSpecification","valueRequired":true,"valueName":"search_term_string"}}],"inLanguage":"es-AR"},{"@type":"Organization","@id":"https:\/\/elcanillita.info\/press\/#organization","name":"Guzzo Photos & Graphic Publications","url":"https:\/\/elcanillita.info\/press\/","logo":{"@type":"ImageObject","inLanguage":"es-AR","@id":"https:\/\/elcanillita.info\/press\/#\/schema\/logo\/image\/","url":"https:\/\/elcanillita.info\/press\/images\/2020\/01\/cropped-cropped-cropped-elcanillitainfo.png","contentUrl":"https:\/\/elcanillita.info\/press\/images\/2020\/01\/cropped-cropped-cropped-elcanillitainfo.png","width":460,"height":50,"caption":"Guzzo Photos & Graphic Publications"},"image":{"@id":"https:\/\/elcanillita.info\/press\/#\/schema\/logo\/image\/"},"sameAs":["https:\/\/ar-ar.facebook.com\/ElCanillitainfo-114249515285712\/"]},{"@type":"Person","@id":"https:\/\/elcanillita.info\/press\/#\/schema\/person\/7fcb79f38045700919f7da6d97e71ba0","name":"SalaStampa.eu, world press service","image":{"@type":"ImageObject","inLanguage":"es-AR","@id":"https:\/\/secure.gravatar.com\/avatar\/c2f0e0d515a107624234994507816ca4724c7199cef73fc8bedebf6931d73888?s=96&d=mm&r=g","url":"https:\/\/secure.gravatar.com\/avatar\/c2f0e0d515a107624234994507816ca4724c7199cef73fc8bedebf6931d73888?s=96&d=mm&r=g","contentUrl":"https:\/\/secure.gravatar.com\/avatar\/c2f0e0d515a107624234994507816ca4724c7199cef73fc8bedebf6931d73888?s=96&d=mm&r=g","caption":"SalaStampa.eu, world press service"}}]}},"views":608,"_links":{"self":[{"href":"https:\/\/elcanillita.info\/press\/wp-json\/wp\/v2\/posts\/2493","targetHints":{"allow":["GET"]}}],"collection":[{"href":"https:\/\/elcanillita.info\/press\/wp-json\/wp\/v2\/posts"}],"about":[{"href":"https:\/\/elcanillita.info\/press\/wp-json\/wp\/v2\/types\/post"}],"author":[{"embeddable":true,"href":"https:\/\/elcanillita.info\/press\/wp-json\/wp\/v2\/users\/1"}],"replies":[{"embeddable":true,"href":"https:\/\/elcanillita.info\/press\/wp-json\/wp\/v2\/comments?post=2493"}],"version-history":[{"count":0,"href":"https:\/\/elcanillita.info\/press\/wp-json\/wp\/v2\/posts\/2493\/revisions"}],"wp:featuredmedia":[{"embeddable":true,"href":"https:\/\/elcanillita.info\/press\/wp-json\/wp\/v2\/media\/2494"}],"wp:attachment":[{"href":"https:\/\/elcanillita.info\/press\/wp-json\/wp\/v2\/media?parent=2493"}],"wp:term":[{"taxonomy":"category","embeddable":true,"href":"https:\/\/elcanillita.info\/press\/wp-json\/wp\/v2\/categories?post=2493"},{"taxonomy":"post_tag","embeddable":true,"href":"https:\/\/elcanillita.info\/press\/wp-json\/wp\/v2\/tags?post=2493"}],"curies":[{"name":"wp","href":"https:\/\/api.w.org\/{rel}","templated":true}]}}