{"id":249,"date":"2020-01-30T19:13:23","date_gmt":"2020-01-30T22:13:23","guid":{"rendered":"https:\/\/elcanillita.info\/press\/?p=249"},"modified":"2020-01-30T19:21:03","modified_gmt":"2020-01-30T22:21:03","slug":"canciller-ruso-visitara-venezuela-para-intensificar-cooperacion-bilateral","status":"publish","type":"post","link":"https:\/\/elcanillita.info\/press\/2020\/01\/30\/canciller-ruso-visitara-venezuela-para-intensificar-cooperacion-bilateral\/","title":{"rendered":"Canciller ruso visitar\u00e1 Venezuela para &#8220;intensificar&#8221; cooperaci\u00f3n bilateral"},"content":{"rendered":"\n<p>Mosc\u00fa, 30.01.2020 &#8211; El ministro ruso de Asuntos Exteriores, Sergu\u00e9i Lavrov, visitar\u00e1 la primera semana de febrero Am\u00e9rica Latina en un viaje que comenzar\u00e1 con una parada t\u00e9cnica en Cuba, pasar\u00e1 por M\u00e9xico y terminar\u00e1 en Venezuela.<\/p>\n\n\n\n<p>La informaci\u00f3n se dio a conocer el Ministerio de Asuntos Exteriores de Rusia a trav\u00e9s de su cuenta de Twitter. La primera escala ser\u00e1 el mi\u00e9rcoles 5 de febrero para un encuentro con el Ministro de Relaciones Exteriores de Cuba, Bruno Rodr\u00edguez.<\/p>\n\n\n\n<p>El d\u00eda siguiente, jueves 6 de febrero, estar\u00e1 en M\u00e9xico para una reuni\u00f3n con su contraparte Marcelo Ebrard para intercambiar \u201copiniones sobre la problem\u00e1tica internacional y regional\u201d, afirma la publicaci\u00f3n.<\/p>\n\n\n\n<p>Los beneficios de Rusia y China por apoyar a Maduro<br>\nEl viaje terminar\u00eda el viernes 7 de febrero en Caracas, donde espera ser recibido por el presidente en disputa Nicol\u00e1s Maduro y sostendr\u00e1 reuniones con la vicepresidenta del gobierno en diputa, Delcy Rod\u00edguez, y su canciller, Jorge Arreaza.<br>\nDe acuerdo con la agencia de noticias rusa&nbsp;Sputnik, la portavoz rusa, Mar\u00eda Zaj\u00e1rova,&nbsp;explic\u00f3 en una ruda de prensa que el viaje a la naci\u00f3n sudamericana busca la \u201cintensificaci\u00f3n\u201d de la cooperaci\u00f3n bilateral en \u00e1mbitos como la energ\u00eda, la industria minera, t\u00e9cnica militar, entre otras.<\/p>\n\n\n\n<p>Adem\u00e1s, en la agencia tambi\u00e9n est\u00e1 conversar sobre medidas para hacer frente a las&nbsp;\u201csanciones unilaterales\u201d contra el gobierno en disputa de Venezuela, a quienes apuntan como las culpable de la crisis que atraviesa el pa\u00eds petrolero.<\/p>\n\n\n\n<p>Rusia y Cuba son conocidos aliados del gobierno en disputa de Maduro, situaci\u00f3n que ha hecho m\u00e1s tensa su relaci\u00f3n con EE.UU.<\/p>\n\n\n\n<p>\u00bfPodr\u00eda Canad\u00e1 convencer a Cuba de apoyar un cambio en Venezuela<br><br><small>2020 voanoticias \u2013 salastampa.eu, afiliada a la red Broadcasting Board of Governors \u00a9 2020 BBG<\/small><\/p>\n","protected":false},"excerpt":{"rendered":"<p>Mosc\u00fa, 30.01.2020 &#8211; El ministro ruso de Asuntos Exteriores, Sergu\u00e9i Lavrov, visitar\u00e1 la primera semana de febrero Am\u00e9rica Latina en un viaje que comenzar\u00e1 con una parada t\u00e9cnica en Cuba, pasar\u00e1 por M\u00e9xico y terminar\u00e1 en Venezuela.<\/p>\n","protected":false},"author":1,"featured_media":0,"comment_status":"closed","ping_status":"closed","sticky":false,"template":"","format":"standard","meta":{"footnotes":"","_links_to":"","_links_to_target":""},"categories":[20,7,23],"tags":[49],"class_list":["post-249","post","type-post","status-publish","format-standard","hentry","category-economia","category-eurasia","category-politica","tag-rusia","entry","double"],"yoast_head":"<!-- This site is optimized with the Yoast SEO plugin v27.4 - https:\/\/yoast.com\/product\/yoast-seo-wordpress\/ -->\n<title>Canciller ruso visitar\u00e1 Venezuela para &quot;intensificar&quot; cooperaci\u00f3n bilateral - ElCanillita.Info<\/title>\n<meta name=\"robots\" content=\"index, follow, max-snippet:-1, max-image-preview:large, max-video-preview:-1\" \/>\n<link rel=\"canonical\" href=\"https:\/\/elcanillita.info\/press\/2020\/01\/30\/canciller-ruso-visitara-venezuela-para-intensificar-cooperacion-bilateral\/\" \/>\n<meta property=\"og:locale\" content=\"es_ES\" \/>\n<meta property=\"og:type\" content=\"article\" \/>\n<meta property=\"og:title\" content=\"Canciller ruso visitar\u00e1 Venezuela para &quot;intensificar&quot; cooperaci\u00f3n bilateral - ElCanillita.Info\" \/>\n<meta property=\"og:description\" content=\"Mosc\u00fa, 30.01.2020 - El ministro ruso de Asuntos Exteriores, Sergu\u00e9i Lavrov, visitar\u00e1 la primera semana de febrero Am\u00e9rica Latina en un viaje que comenzar\u00e1 con una parada t\u00e9cnica en Cuba, pasar\u00e1 por M\u00e9xico y terminar\u00e1 en Venezuela.\" \/>\n<meta property=\"og:url\" content=\"https:\/\/elcanillita.info\/press\/2020\/01\/30\/canciller-ruso-visitara-venezuela-para-intensificar-cooperacion-bilateral\/\" \/>\n<meta property=\"og:site_name\" content=\"ElCanillita.Info\" \/>\n<meta property=\"article:publisher\" content=\"https:\/\/ar-ar.facebook.com\/ElCanillitainfo-114249515285712\/\" \/>\n<meta property=\"article:published_time\" content=\"2020-01-30T22:13:23+00:00\" \/>\n<meta property=\"article:modified_time\" content=\"2020-01-30T22:21:03+00:00\" \/>\n<meta name=\"author\" content=\"SalaStampa.eu, world press service\" \/>\n<meta name=\"twitter:card\" content=\"summary_large_image\" \/>\n<meta name=\"twitter:label1\" content=\"Escrito por\" \/>\n\t<meta name=\"twitter:data1\" content=\"SalaStampa.eu, world press service\" \/>\n\t<meta name=\"twitter:label2\" content=\"Tiempo de lectura\" \/>\n\t<meta name=\"twitter:data2\" content=\"2 minutos\" \/>\n<script type=\"application\/ld+json\" class=\"yoast-schema-graph\">{\"@context\":\"https:\\\/\\\/schema.org\",\"@graph\":[{\"@type\":\"Article\",\"@id\":\"https:\\\/\\\/elcanillita.info\\\/press\\\/2020\\\/01\\\/30\\\/canciller-ruso-visitara-venezuela-para-intensificar-cooperacion-bilateral\\\/#article\",\"isPartOf\":{\"@id\":\"https:\\\/\\\/elcanillita.info\\\/press\\\/2020\\\/01\\\/30\\\/canciller-ruso-visitara-venezuela-para-intensificar-cooperacion-bilateral\\\/\"},\"author\":{\"name\":\"SalaStampa.eu, world press service\",\"@id\":\"https:\\\/\\\/elcanillita.info\\\/press\\\/#\\\/schema\\\/person\\\/7fcb79f38045700919f7da6d97e71ba0\"},\"headline\":\"Canciller ruso visitar\u00e1 Venezuela para &#8220;intensificar&#8221; cooperaci\u00f3n bilateral\",\"datePublished\":\"2020-01-30T22:13:23+00:00\",\"dateModified\":\"2020-01-30T22:21:03+00:00\",\"mainEntityOfPage\":{\"@id\":\"https:\\\/\\\/elcanillita.info\\\/press\\\/2020\\\/01\\\/30\\\/canciller-ruso-visitara-venezuela-para-intensificar-cooperacion-bilateral\\\/\"},\"wordCount\":324,\"publisher\":{\"@id\":\"https:\\\/\\\/elcanillita.info\\\/press\\\/#organization\"},\"keywords\":[\"Rusia\"],\"articleSection\":[\"Economia\",\"Eurasia\",\"Politica\"],\"inLanguage\":\"es-AR\"},{\"@type\":\"WebPage\",\"@id\":\"https:\\\/\\\/elcanillita.info\\\/press\\\/2020\\\/01\\\/30\\\/canciller-ruso-visitara-venezuela-para-intensificar-cooperacion-bilateral\\\/\",\"url\":\"https:\\\/\\\/elcanillita.info\\\/press\\\/2020\\\/01\\\/30\\\/canciller-ruso-visitara-venezuela-para-intensificar-cooperacion-bilateral\\\/\",\"name\":\"Canciller ruso visitar\u00e1 Venezuela para \\\"intensificar\\\" cooperaci\u00f3n bilateral - ElCanillita.Info\",\"isPartOf\":{\"@id\":\"https:\\\/\\\/elcanillita.info\\\/press\\\/#website\"},\"datePublished\":\"2020-01-30T22:13:23+00:00\",\"dateModified\":\"2020-01-30T22:21:03+00:00\",\"inLanguage\":\"es-AR\",\"potentialAction\":[{\"@type\":\"ReadAction\",\"target\":[\"https:\\\/\\\/elcanillita.info\\\/press\\\/2020\\\/01\\\/30\\\/canciller-ruso-visitara-venezuela-para-intensificar-cooperacion-bilateral\\\/\"]}]},{\"@type\":\"WebSite\",\"@id\":\"https:\\\/\\\/elcanillita.info\\\/press\\\/#website\",\"url\":\"https:\\\/\\\/elcanillita.info\\\/press\\\/\",\"name\":\"ElCanillita.Info\",\"description\":\"desde los Apeninos a los Andes\",\"publisher\":{\"@id\":\"https:\\\/\\\/elcanillita.info\\\/press\\\/#organization\"},\"potentialAction\":[{\"@type\":\"SearchAction\",\"target\":{\"@type\":\"EntryPoint\",\"urlTemplate\":\"https:\\\/\\\/elcanillita.info\\\/press\\\/?s={search_term_string}\"},\"query-input\":{\"@type\":\"PropertyValueSpecification\",\"valueRequired\":true,\"valueName\":\"search_term_string\"}}],\"inLanguage\":\"es-AR\"},{\"@type\":\"Organization\",\"@id\":\"https:\\\/\\\/elcanillita.info\\\/press\\\/#organization\",\"name\":\"Guzzo Photos & Graphic Publications\",\"url\":\"https:\\\/\\\/elcanillita.info\\\/press\\\/\",\"logo\":{\"@type\":\"ImageObject\",\"inLanguage\":\"es-AR\",\"@id\":\"https:\\\/\\\/elcanillita.info\\\/press\\\/#\\\/schema\\\/logo\\\/image\\\/\",\"url\":\"https:\\\/\\\/elcanillita.info\\\/press\\\/images\\\/2020\\\/01\\\/cropped-cropped-cropped-elcanillitainfo.png\",\"contentUrl\":\"https:\\\/\\\/elcanillita.info\\\/press\\\/images\\\/2020\\\/01\\\/cropped-cropped-cropped-elcanillitainfo.png\",\"width\":460,\"height\":50,\"caption\":\"Guzzo Photos & Graphic Publications\"},\"image\":{\"@id\":\"https:\\\/\\\/elcanillita.info\\\/press\\\/#\\\/schema\\\/logo\\\/image\\\/\"},\"sameAs\":[\"https:\\\/\\\/ar-ar.facebook.com\\\/ElCanillitainfo-114249515285712\\\/\"]},{\"@type\":\"Person\",\"@id\":\"https:\\\/\\\/elcanillita.info\\\/press\\\/#\\\/schema\\\/person\\\/7fcb79f38045700919f7da6d97e71ba0\",\"name\":\"SalaStampa.eu, world press service\",\"image\":{\"@type\":\"ImageObject\",\"inLanguage\":\"es-AR\",\"@id\":\"https:\\\/\\\/secure.gravatar.com\\\/avatar\\\/c2f0e0d515a107624234994507816ca4724c7199cef73fc8bedebf6931d73888?s=96&d=mm&r=g\",\"url\":\"https:\\\/\\\/secure.gravatar.com\\\/avatar\\\/c2f0e0d515a107624234994507816ca4724c7199cef73fc8bedebf6931d73888?s=96&d=mm&r=g\",\"contentUrl\":\"https:\\\/\\\/secure.gravatar.com\\\/avatar\\\/c2f0e0d515a107624234994507816ca4724c7199cef73fc8bedebf6931d73888?s=96&d=mm&r=g\",\"caption\":\"SalaStampa.eu, world press service\"}}]}<\/script>\n<!-- \/ Yoast SEO plugin. -->","yoast_head_json":{"title":"Canciller ruso visitar\u00e1 Venezuela para \"intensificar\" cooperaci\u00f3n bilateral - ElCanillita.Info","robots":{"index":"index","follow":"follow","max-snippet":"max-snippet:-1","max-image-preview":"max-image-preview:large","max-video-preview":"max-video-preview:-1"},"canonical":"https:\/\/elcanillita.info\/press\/2020\/01\/30\/canciller-ruso-visitara-venezuela-para-intensificar-cooperacion-bilateral\/","og_locale":"es_ES","og_type":"article","og_title":"Canciller ruso visitar\u00e1 Venezuela para \"intensificar\" cooperaci\u00f3n bilateral - ElCanillita.Info","og_description":"Mosc\u00fa, 30.01.2020 - El ministro ruso de Asuntos Exteriores, Sergu\u00e9i Lavrov, visitar\u00e1 la primera semana de febrero Am\u00e9rica Latina en un viaje que comenzar\u00e1 con una parada t\u00e9cnica en Cuba, pasar\u00e1 por M\u00e9xico y terminar\u00e1 en Venezuela.","og_url":"https:\/\/elcanillita.info\/press\/2020\/01\/30\/canciller-ruso-visitara-venezuela-para-intensificar-cooperacion-bilateral\/","og_site_name":"ElCanillita.Info","article_publisher":"https:\/\/ar-ar.facebook.com\/ElCanillitainfo-114249515285712\/","article_published_time":"2020-01-30T22:13:23+00:00","article_modified_time":"2020-01-30T22:21:03+00:00","author":"SalaStampa.eu, world press service","twitter_card":"summary_large_image","twitter_misc":{"Escrito por":"SalaStampa.eu, world press service","Tiempo de lectura":"2 minutos"},"schema":{"@context":"https:\/\/schema.org","@graph":[{"@type":"Article","@id":"https:\/\/elcanillita.info\/press\/2020\/01\/30\/canciller-ruso-visitara-venezuela-para-intensificar-cooperacion-bilateral\/#article","isPartOf":{"@id":"https:\/\/elcanillita.info\/press\/2020\/01\/30\/canciller-ruso-visitara-venezuela-para-intensificar-cooperacion-bilateral\/"},"author":{"name":"SalaStampa.eu, world press service","@id":"https:\/\/elcanillita.info\/press\/#\/schema\/person\/7fcb79f38045700919f7da6d97e71ba0"},"headline":"Canciller ruso visitar\u00e1 Venezuela para &#8220;intensificar&#8221; cooperaci\u00f3n bilateral","datePublished":"2020-01-30T22:13:23+00:00","dateModified":"2020-01-30T22:21:03+00:00","mainEntityOfPage":{"@id":"https:\/\/elcanillita.info\/press\/2020\/01\/30\/canciller-ruso-visitara-venezuela-para-intensificar-cooperacion-bilateral\/"},"wordCount":324,"publisher":{"@id":"https:\/\/elcanillita.info\/press\/#organization"},"keywords":["Rusia"],"articleSection":["Economia","Eurasia","Politica"],"inLanguage":"es-AR"},{"@type":"WebPage","@id":"https:\/\/elcanillita.info\/press\/2020\/01\/30\/canciller-ruso-visitara-venezuela-para-intensificar-cooperacion-bilateral\/","url":"https:\/\/elcanillita.info\/press\/2020\/01\/30\/canciller-ruso-visitara-venezuela-para-intensificar-cooperacion-bilateral\/","name":"Canciller ruso visitar\u00e1 Venezuela para \"intensificar\" cooperaci\u00f3n bilateral - ElCanillita.Info","isPartOf":{"@id":"https:\/\/elcanillita.info\/press\/#website"},"datePublished":"2020-01-30T22:13:23+00:00","dateModified":"2020-01-30T22:21:03+00:00","inLanguage":"es-AR","potentialAction":[{"@type":"ReadAction","target":["https:\/\/elcanillita.info\/press\/2020\/01\/30\/canciller-ruso-visitara-venezuela-para-intensificar-cooperacion-bilateral\/"]}]},{"@type":"WebSite","@id":"https:\/\/elcanillita.info\/press\/#website","url":"https:\/\/elcanillita.info\/press\/","name":"ElCanillita.Info","description":"desde los Apeninos a los Andes","publisher":{"@id":"https:\/\/elcanillita.info\/press\/#organization"},"potentialAction":[{"@type":"SearchAction","target":{"@type":"EntryPoint","urlTemplate":"https:\/\/elcanillita.info\/press\/?s={search_term_string}"},"query-input":{"@type":"PropertyValueSpecification","valueRequired":true,"valueName":"search_term_string"}}],"inLanguage":"es-AR"},{"@type":"Organization","@id":"https:\/\/elcanillita.info\/press\/#organization","name":"Guzzo Photos & Graphic Publications","url":"https:\/\/elcanillita.info\/press\/","logo":{"@type":"ImageObject","inLanguage":"es-AR","@id":"https:\/\/elcanillita.info\/press\/#\/schema\/logo\/image\/","url":"https:\/\/elcanillita.info\/press\/images\/2020\/01\/cropped-cropped-cropped-elcanillitainfo.png","contentUrl":"https:\/\/elcanillita.info\/press\/images\/2020\/01\/cropped-cropped-cropped-elcanillitainfo.png","width":460,"height":50,"caption":"Guzzo Photos & Graphic Publications"},"image":{"@id":"https:\/\/elcanillita.info\/press\/#\/schema\/logo\/image\/"},"sameAs":["https:\/\/ar-ar.facebook.com\/ElCanillitainfo-114249515285712\/"]},{"@type":"Person","@id":"https:\/\/elcanillita.info\/press\/#\/schema\/person\/7fcb79f38045700919f7da6d97e71ba0","name":"SalaStampa.eu, world press service","image":{"@type":"ImageObject","inLanguage":"es-AR","@id":"https:\/\/secure.gravatar.com\/avatar\/c2f0e0d515a107624234994507816ca4724c7199cef73fc8bedebf6931d73888?s=96&d=mm&r=g","url":"https:\/\/secure.gravatar.com\/avatar\/c2f0e0d515a107624234994507816ca4724c7199cef73fc8bedebf6931d73888?s=96&d=mm&r=g","contentUrl":"https:\/\/secure.gravatar.com\/avatar\/c2f0e0d515a107624234994507816ca4724c7199cef73fc8bedebf6931d73888?s=96&d=mm&r=g","caption":"SalaStampa.eu, world press service"}}]}},"views":785,"_links":{"self":[{"href":"https:\/\/elcanillita.info\/press\/wp-json\/wp\/v2\/posts\/249","targetHints":{"allow":["GET"]}}],"collection":[{"href":"https:\/\/elcanillita.info\/press\/wp-json\/wp\/v2\/posts"}],"about":[{"href":"https:\/\/elcanillita.info\/press\/wp-json\/wp\/v2\/types\/post"}],"author":[{"embeddable":true,"href":"https:\/\/elcanillita.info\/press\/wp-json\/wp\/v2\/users\/1"}],"replies":[{"embeddable":true,"href":"https:\/\/elcanillita.info\/press\/wp-json\/wp\/v2\/comments?post=249"}],"version-history":[{"count":0,"href":"https:\/\/elcanillita.info\/press\/wp-json\/wp\/v2\/posts\/249\/revisions"}],"wp:attachment":[{"href":"https:\/\/elcanillita.info\/press\/wp-json\/wp\/v2\/media?parent=249"}],"wp:term":[{"taxonomy":"category","embeddable":true,"href":"https:\/\/elcanillita.info\/press\/wp-json\/wp\/v2\/categories?post=249"},{"taxonomy":"post_tag","embeddable":true,"href":"https:\/\/elcanillita.info\/press\/wp-json\/wp\/v2\/tags?post=249"}],"curies":[{"name":"wp","href":"https:\/\/api.w.org\/{rel}","templated":true}]}}