{"id":2485,"date":"2022-06-25T07:14:35","date_gmt":"2022-06-25T10:14:35","guid":{"rendered":"https:\/\/elcanillita.info\/press\/?p=2485"},"modified":"2022-06-25T07:21:41","modified_gmt":"2022-06-25T10:21:41","slug":"pais-cachivache","status":"publish","type":"post","link":"https:\/\/elcanillita.info\/press\/2022\/06\/25\/pais-cachivache\/","title":{"rendered":"Pa\u00eds cachivache"},"content":{"rendered":"<div class=\"wp-block-image\">\n<figure class=\"aligncenter\"><img decoding=\"async\" src=\"https:\/\/elcanillita.info\/press\/images\/2022\/06\/fotomeme.jpg\" alt=\"\"\/><figcaption>Foto meme dedicada al &#8220;gasoducto&#8221; Nestor Kirchner &#8211; Fuente: Hans Weber<\/figcaption><\/figure>\n<\/div>\n\n\n<div style=\"width:90%; padding-left:25px; font-size:0.8em; text-align: justify;\">\n<b>Pa\u00eds cachivache<\/b><br>\n<small>por Enrique Guillermo Avogadro<\/small><br>\n<br>\nEntre el c\u00famulo de disparates, falsedades, tergiversaciones y rotundas mentiras que contuvo la perorata con la que Cristina Fern\u00e1ndez nos volvi\u00f3 a azotar el lunes pasado, hubo una frase que, creo, pas\u00f3 injustamente desapercibida. Me refiero a su sibilina referencia a Manuel Belgrano y al \u00e9xodo juje\u00f1o, es decir, a la retirada que, en 1812, el General orden\u00f3 sobre Tucum\u00e1n, dejando atr\u00e1s tierra arrasada para que los realistas no pudieran abastecerse en su avance. \u00bfHabr\u00e1 sido una sugerencia a su t\u00edtere, al cual cedi\u00f3 la lapicera pero no la tinta, para que haga lo mismo?\n<br>\n<br>\nSin duda, est\u00e1 desesperada por la inminencia de la sentencia en el juicio por el direccionamiento de la obra p\u00fablica a las empresas del testaferro de su marido muerto, L\u00e1zaro B\u00e1ez, destrabado el martes por la bater\u00eda de fallos con los que la Corte Suprema rechaz\u00f3 sus m\u00faltiples e improcedentes recursos. Y no es para menos, ya que en el Instituto Patria, m\u00e1s all\u00e1 de las declamaciones, nadie cree que ella pueda ser una candidata triunfante en las elecciones del a\u00f1o pr\u00f3ximo; por eso, descarto que lo intente, toda vez que resultar perdidosa la dejar\u00eda sin protecci\u00f3n contra las m\u00faltiples \u00f3rdenes de detenci\u00f3n que la afectan.\n<br><br>\nEn el marco de un tejido social destruido, un escenario much\u00edsimo peor que el que precedi\u00f3 a la crisis de 2001 y que se est\u00e1 complicando a una velocidad imprevista, debido a la guerra interna en la que est\u00e1 inmerso el Frente para Todos (ese adefesio que Cristina invent\u00f3 y del cual ahora pretende despegarse sin renunciar a las tremendas cajas del Estado que controla con impericia y corrupci\u00f3n), la falta de gasoil y sus consecuencias sobre el transporte de granos y mercader\u00edas, el creciente d\u00e9ficit fiscal, la imparable inflaci\u00f3n, la escasez de reservas, la incre\u00edble bola de nieve en que se ha convertido el festival de bonos del Tesoro y Leliqs un riesgo-pa\u00eds de 2400 (3200 al final de De la R\u00faa), el pa\u00eds se asoma a una hecatombe. \n<br><br>\nLa situaci\u00f3n internacional y regional merecen un somero an\u00e1lisis, ya que ambas tambi\u00e9n incidir\u00e1n en nuestro futuro. En primer t\u00e9rmino, corresponde decir que lo sucedido en Francia, en Espa\u00f1a, en Chile y en Colombia ratifica que, en los pa\u00edses en los cuales se ejerce el voto en libertad, las enormes diferencias socio-econ\u00f3micas que padecen las sociedades, agudizadas por la pandemia, est\u00e1n derrumbando a los oficialismos sin importar si se trata de reg\u00edmenes de derecha o de izquierda. Todo indica que lo mismo suceder\u00e1 en Brasil, en Gran Breta\u00f1a y hasta en Estados Unidos, en las elecciones de medio t\u00e9rmino de noviembre, en las que Joe Biden corre alto riesgo de perder el escaso control del Congreso del que hoy dispone.\n<br><br>\nEn Europa, la criminal invasi\u00f3n a Ucrania parece transformarse en una guerra prolongada, y hasta es posible que se extienda a los pa\u00edses b\u00e1lticos y a Moldavia, sobre el Mar Negro, con las enormes consecuencias que todo ello ya est\u00e1 produciendo sobre los senderos de los recursos energ\u00e9ticos y alimentarios globales. En el sur de Asia, Corea del Norte sigue amenazando con sus misiles al mundo y China contin\u00faa hostigando a Taiwan, mientras que, asociada a India en la empresa, diluye los efectos de las sanciones occidentales sobre Rusia al comprar sus combustibles.\n<br><br>\nSi esos conflictos se extienden, la base militar que el kirchnerismo regal\u00f3 a Xi Jinping en Neuqu\u00e9n convertir\u00e1 a la Argentina, ya muy sospechosa por su cercan\u00eda con los ayatollas de Ir\u00e1n, en un m\u00e1s que razonable objetivo militar. Y tampoco resultar\u00e1 ajena nuestra ubicaci\u00f3n geogr\u00e1fica en la cercana discusi\u00f3n sobre la Ant\u00e1rtida y el Atl\u00e1ntico sur ni, menos a\u00fan, la vocaci\u00f3n de Alberto y Cristina Fern\u00e1ndez por cortejar rastreramente a los peores y m\u00e1s sanguinarios dictadores del mundo.<br><br>\nEn Am\u00e9rica, una regi\u00f3n que los triunfos de Gabriel Boric y Gustavo Petro est\u00e1n ti\u00f1endo de rosa shocking, que podr\u00eda acentuarse con la probable victoria de Lula da Silva en octubre, la preocupaci\u00f3n cunde aunque, creo, por ahora resulta injustificada. Sus pa\u00edses tienen instituciones s\u00f3lidas y ninguno de estos nuevos presidentes podr\u00e1 hacerse con una mayor\u00eda autom\u00e1tica en sus congresos. Si bien el proyecto de modificaci\u00f3n de la Constituci\u00f3n trasandina merece particular atenci\u00f3n, por sus enormes implicancias sobre la forma del Estado (en realidad, casi su desaparici\u00f3n), no es probable que sea aprobado en el plebiscito previsto para septiembre y, en el pa\u00eds cafetero, m\u00e1s all\u00e1 del pasado guerrillero del nuevo Presidente, no parece que \u00e9ste se encuentre en condiciones de alterar demasiado el rumbo, como tampoco pudieron hacerlo para un lado Pedro Castillo, que todos los d\u00edas est\u00e1 al borde de la destituci\u00f3n en Per\u00fa, ni hacia el otro Guillermo Lasso, con Ecuador incendiado por las protestas ind\u00edgenas. Y tampoco debemos olvidar que Daniel Ortega, Miguel D\u00edaz-Canel y Nicol\u00e1s Maduro sostienen sus tir\u00e1nicos reg\u00edmenes sobre el apoyo irrestricto de las fuerzas armadas, algo que no sucede en Chile, Per\u00fa, Ecuador o  Colombia, pa\u00eds que mantiene una antigua alianza militar con los Estados Unidos.<br><br>\nVolviendo a la Argentina, creo que s\u00f3lo una verdadera cat\u00e1strofe como la que se perfila en el horizonte cercano puede salvarla del terrible destino al cual la condenan los veinte a\u00f1os que el kirchnerismo lleva destruyendo la educaci\u00f3n, colonizando la cultura, e implantando en el fr\u00e1gil car\u00e1cter de la poblaci\u00f3n ese ego\u00edsmo que hace que nadie est\u00e9 dispuesto a sacrificar nada, ni a pagar por lo que las cosas valen, en beneficio de todos. Por eso, porque \u00fanicamente cuando ya no les queda nada por perder, las sociedades consiguen hacer pie en el fondo para impulsarse hacia la superficie y volver a respirar. Conviene recordar dos frases -una de Jorge Luis Borges (los peronistas son incorregibles) y otra de Juan Domingo Per\u00f3n (peronistas son todos)- porque su combinaci\u00f3n puede explicar qu\u00e9 nos sucede hoy como pa\u00eds.\n<br><br> \nBuenos Aires, 25 Junio 2022\n<br><br>\n<small><center>Copyright \u00a9 2022 ElCanillita.info \u2013 Derechos reservados<\/center><\/small>\n<br><br>\n<\/div>\n","protected":false},"excerpt":{"rendered":"<p>Argentina Hoy<br \/>\nLa situaci\u00f3n internacional y regional merecen un somero an\u00e1lisis, ya que ambas tambi\u00e9n incidir\u00e1n en nuestro futuro.<\/p>\n","protected":false},"author":1,"featured_media":2487,"comment_status":"closed","ping_status":"closed","sticky":false,"template":"","format":"standard","meta":{"footnotes":"","_links_to":"","_links_to_target":""},"categories":[11,20,23,25],"tags":[29],"class_list":["post-2485","post","type-post","status-publish","format-standard","has-post-thumbnail","hentry","category-america-del-sur","category-economia","category-politica","category-sociedad","tag-argentina","entry","double"],"yoast_head":"<!-- This site is optimized with the Yoast SEO plugin v27.5 - https:\/\/yoast.com\/product\/yoast-seo-wordpress\/ -->\n<title>Pa\u00eds cachivache - ElCanillita.Info<\/title>\n<meta name=\"robots\" content=\"index, follow, max-snippet:-1, max-image-preview:large, max-video-preview:-1\" \/>\n<link rel=\"canonical\" href=\"https:\/\/elcanillita.info\/press\/2022\/06\/25\/pais-cachivache\/\" \/>\n<meta property=\"og:locale\" content=\"es_ES\" \/>\n<meta property=\"og:type\" content=\"article\" \/>\n<meta property=\"og:title\" content=\"Pa\u00eds cachivache - ElCanillita.Info\" \/>\n<meta property=\"og:description\" content=\"Argentina Hoy La situaci\u00f3n internacional y regional merecen un somero an\u00e1lisis, ya que ambas tambi\u00e9n incidir\u00e1n en nuestro futuro.\" \/>\n<meta property=\"og:url\" content=\"https:\/\/elcanillita.info\/press\/2022\/06\/25\/pais-cachivache\/\" \/>\n<meta property=\"og:site_name\" content=\"ElCanillita.Info\" \/>\n<meta property=\"article:publisher\" content=\"https:\/\/ar-ar.facebook.com\/ElCanillitainfo-114249515285712\/\" \/>\n<meta property=\"article:published_time\" content=\"2022-06-25T10:14:35+00:00\" \/>\n<meta property=\"article:modified_time\" content=\"2022-06-25T10:21:41+00:00\" \/>\n<meta property=\"og:image\" content=\"https:\/\/elcanillita.info\/press\/images\/2022\/06\/fotomeme-1.jpg\" \/>\n\t<meta property=\"og:image:width\" content=\"600\" \/>\n\t<meta property=\"og:image:height\" content=\"400\" \/>\n\t<meta property=\"og:image:type\" content=\"image\/jpeg\" \/>\n<meta name=\"author\" content=\"SalaStampa.eu, world press service\" \/>\n<meta name=\"twitter:card\" content=\"summary_large_image\" \/>\n<meta name=\"twitter:label1\" content=\"Escrito por\" \/>\n\t<meta name=\"twitter:data1\" content=\"SalaStampa.eu, world press service\" \/>\n\t<meta name=\"twitter:label2\" content=\"Tiempo de lectura\" \/>\n\t<meta name=\"twitter:data2\" content=\"5 minutos\" \/>\n<script type=\"application\/ld+json\" class=\"yoast-schema-graph\">{\"@context\":\"https:\\\/\\\/schema.org\",\"@graph\":[{\"@type\":\"Article\",\"@id\":\"https:\\\/\\\/elcanillita.info\\\/press\\\/2022\\\/06\\\/25\\\/pais-cachivache\\\/#article\",\"isPartOf\":{\"@id\":\"https:\\\/\\\/elcanillita.info\\\/press\\\/2022\\\/06\\\/25\\\/pais-cachivache\\\/\"},\"author\":{\"name\":\"SalaStampa.eu, world press service\",\"@id\":\"https:\\\/\\\/elcanillita.info\\\/press\\\/#\\\/schema\\\/person\\\/7fcb79f38045700919f7da6d97e71ba0\"},\"headline\":\"Pa\u00eds cachivache\",\"datePublished\":\"2022-06-25T10:14:35+00:00\",\"dateModified\":\"2022-06-25T10:21:41+00:00\",\"mainEntityOfPage\":{\"@id\":\"https:\\\/\\\/elcanillita.info\\\/press\\\/2022\\\/06\\\/25\\\/pais-cachivache\\\/\"},\"wordCount\":1081,\"publisher\":{\"@id\":\"https:\\\/\\\/elcanillita.info\\\/press\\\/#organization\"},\"image\":{\"@id\":\"https:\\\/\\\/elcanillita.info\\\/press\\\/2022\\\/06\\\/25\\\/pais-cachivache\\\/#primaryimage\"},\"thumbnailUrl\":\"https:\\\/\\\/elcanillita.info\\\/press\\\/images\\\/2022\\\/06\\\/fotomeme-1.jpg\",\"keywords\":[\"Argentina\"],\"articleSection\":[\"Am\u00e9rica del Sur\",\"Economia\",\"Politica\",\"Sociedad\"],\"inLanguage\":\"es-AR\"},{\"@type\":\"WebPage\",\"@id\":\"https:\\\/\\\/elcanillita.info\\\/press\\\/2022\\\/06\\\/25\\\/pais-cachivache\\\/\",\"url\":\"https:\\\/\\\/elcanillita.info\\\/press\\\/2022\\\/06\\\/25\\\/pais-cachivache\\\/\",\"name\":\"Pa\u00eds cachivache - ElCanillita.Info\",\"isPartOf\":{\"@id\":\"https:\\\/\\\/elcanillita.info\\\/press\\\/#website\"},\"primaryImageOfPage\":{\"@id\":\"https:\\\/\\\/elcanillita.info\\\/press\\\/2022\\\/06\\\/25\\\/pais-cachivache\\\/#primaryimage\"},\"image\":{\"@id\":\"https:\\\/\\\/elcanillita.info\\\/press\\\/2022\\\/06\\\/25\\\/pais-cachivache\\\/#primaryimage\"},\"thumbnailUrl\":\"https:\\\/\\\/elcanillita.info\\\/press\\\/images\\\/2022\\\/06\\\/fotomeme-1.jpg\",\"datePublished\":\"2022-06-25T10:14:35+00:00\",\"dateModified\":\"2022-06-25T10:21:41+00:00\",\"inLanguage\":\"es-AR\",\"potentialAction\":[{\"@type\":\"ReadAction\",\"target\":[\"https:\\\/\\\/elcanillita.info\\\/press\\\/2022\\\/06\\\/25\\\/pais-cachivache\\\/\"]}]},{\"@type\":\"ImageObject\",\"inLanguage\":\"es-AR\",\"@id\":\"https:\\\/\\\/elcanillita.info\\\/press\\\/2022\\\/06\\\/25\\\/pais-cachivache\\\/#primaryimage\",\"url\":\"https:\\\/\\\/elcanillita.info\\\/press\\\/images\\\/2022\\\/06\\\/fotomeme-1.jpg\",\"contentUrl\":\"https:\\\/\\\/elcanillita.info\\\/press\\\/images\\\/2022\\\/06\\\/fotomeme-1.jpg\",\"width\":600,\"height\":400},{\"@type\":\"WebSite\",\"@id\":\"https:\\\/\\\/elcanillita.info\\\/press\\\/#website\",\"url\":\"https:\\\/\\\/elcanillita.info\\\/press\\\/\",\"name\":\"ElCanillita.Info\",\"description\":\"desde los Apeninos a los Andes\",\"publisher\":{\"@id\":\"https:\\\/\\\/elcanillita.info\\\/press\\\/#organization\"},\"potentialAction\":[{\"@type\":\"SearchAction\",\"target\":{\"@type\":\"EntryPoint\",\"urlTemplate\":\"https:\\\/\\\/elcanillita.info\\\/press\\\/?s={search_term_string}\"},\"query-input\":{\"@type\":\"PropertyValueSpecification\",\"valueRequired\":true,\"valueName\":\"search_term_string\"}}],\"inLanguage\":\"es-AR\"},{\"@type\":\"Organization\",\"@id\":\"https:\\\/\\\/elcanillita.info\\\/press\\\/#organization\",\"name\":\"Guzzo Photos & Graphic Publications\",\"url\":\"https:\\\/\\\/elcanillita.info\\\/press\\\/\",\"logo\":{\"@type\":\"ImageObject\",\"inLanguage\":\"es-AR\",\"@id\":\"https:\\\/\\\/elcanillita.info\\\/press\\\/#\\\/schema\\\/logo\\\/image\\\/\",\"url\":\"https:\\\/\\\/elcanillita.info\\\/press\\\/images\\\/2020\\\/01\\\/cropped-cropped-cropped-elcanillitainfo.png\",\"contentUrl\":\"https:\\\/\\\/elcanillita.info\\\/press\\\/images\\\/2020\\\/01\\\/cropped-cropped-cropped-elcanillitainfo.png\",\"width\":460,\"height\":50,\"caption\":\"Guzzo Photos & Graphic Publications\"},\"image\":{\"@id\":\"https:\\\/\\\/elcanillita.info\\\/press\\\/#\\\/schema\\\/logo\\\/image\\\/\"},\"sameAs\":[\"https:\\\/\\\/ar-ar.facebook.com\\\/ElCanillitainfo-114249515285712\\\/\"]},{\"@type\":\"Person\",\"@id\":\"https:\\\/\\\/elcanillita.info\\\/press\\\/#\\\/schema\\\/person\\\/7fcb79f38045700919f7da6d97e71ba0\",\"name\":\"SalaStampa.eu, world press service\",\"image\":{\"@type\":\"ImageObject\",\"inLanguage\":\"es-AR\",\"@id\":\"https:\\\/\\\/secure.gravatar.com\\\/avatar\\\/c2f0e0d515a107624234994507816ca4724c7199cef73fc8bedebf6931d73888?s=96&d=mm&r=g\",\"url\":\"https:\\\/\\\/secure.gravatar.com\\\/avatar\\\/c2f0e0d515a107624234994507816ca4724c7199cef73fc8bedebf6931d73888?s=96&d=mm&r=g\",\"contentUrl\":\"https:\\\/\\\/secure.gravatar.com\\\/avatar\\\/c2f0e0d515a107624234994507816ca4724c7199cef73fc8bedebf6931d73888?s=96&d=mm&r=g\",\"caption\":\"SalaStampa.eu, world press service\"}}]}<\/script>\n<!-- \/ Yoast SEO plugin. -->","yoast_head_json":{"title":"Pa\u00eds cachivache - ElCanillita.Info","robots":{"index":"index","follow":"follow","max-snippet":"max-snippet:-1","max-image-preview":"max-image-preview:large","max-video-preview":"max-video-preview:-1"},"canonical":"https:\/\/elcanillita.info\/press\/2022\/06\/25\/pais-cachivache\/","og_locale":"es_ES","og_type":"article","og_title":"Pa\u00eds cachivache - ElCanillita.Info","og_description":"Argentina Hoy La situaci\u00f3n internacional y regional merecen un somero an\u00e1lisis, ya que ambas tambi\u00e9n incidir\u00e1n en nuestro futuro.","og_url":"https:\/\/elcanillita.info\/press\/2022\/06\/25\/pais-cachivache\/","og_site_name":"ElCanillita.Info","article_publisher":"https:\/\/ar-ar.facebook.com\/ElCanillitainfo-114249515285712\/","article_published_time":"2022-06-25T10:14:35+00:00","article_modified_time":"2022-06-25T10:21:41+00:00","og_image":[{"width":600,"height":400,"url":"https:\/\/elcanillita.info\/press\/images\/2022\/06\/fotomeme-1.jpg","type":"image\/jpeg"}],"author":"SalaStampa.eu, world press service","twitter_card":"summary_large_image","twitter_misc":{"Escrito por":"SalaStampa.eu, world press service","Tiempo de lectura":"5 minutos"},"schema":{"@context":"https:\/\/schema.org","@graph":[{"@type":"Article","@id":"https:\/\/elcanillita.info\/press\/2022\/06\/25\/pais-cachivache\/#article","isPartOf":{"@id":"https:\/\/elcanillita.info\/press\/2022\/06\/25\/pais-cachivache\/"},"author":{"name":"SalaStampa.eu, world press service","@id":"https:\/\/elcanillita.info\/press\/#\/schema\/person\/7fcb79f38045700919f7da6d97e71ba0"},"headline":"Pa\u00eds cachivache","datePublished":"2022-06-25T10:14:35+00:00","dateModified":"2022-06-25T10:21:41+00:00","mainEntityOfPage":{"@id":"https:\/\/elcanillita.info\/press\/2022\/06\/25\/pais-cachivache\/"},"wordCount":1081,"publisher":{"@id":"https:\/\/elcanillita.info\/press\/#organization"},"image":{"@id":"https:\/\/elcanillita.info\/press\/2022\/06\/25\/pais-cachivache\/#primaryimage"},"thumbnailUrl":"https:\/\/elcanillita.info\/press\/images\/2022\/06\/fotomeme-1.jpg","keywords":["Argentina"],"articleSection":["Am\u00e9rica del Sur","Economia","Politica","Sociedad"],"inLanguage":"es-AR"},{"@type":"WebPage","@id":"https:\/\/elcanillita.info\/press\/2022\/06\/25\/pais-cachivache\/","url":"https:\/\/elcanillita.info\/press\/2022\/06\/25\/pais-cachivache\/","name":"Pa\u00eds cachivache - ElCanillita.Info","isPartOf":{"@id":"https:\/\/elcanillita.info\/press\/#website"},"primaryImageOfPage":{"@id":"https:\/\/elcanillita.info\/press\/2022\/06\/25\/pais-cachivache\/#primaryimage"},"image":{"@id":"https:\/\/elcanillita.info\/press\/2022\/06\/25\/pais-cachivache\/#primaryimage"},"thumbnailUrl":"https:\/\/elcanillita.info\/press\/images\/2022\/06\/fotomeme-1.jpg","datePublished":"2022-06-25T10:14:35+00:00","dateModified":"2022-06-25T10:21:41+00:00","inLanguage":"es-AR","potentialAction":[{"@type":"ReadAction","target":["https:\/\/elcanillita.info\/press\/2022\/06\/25\/pais-cachivache\/"]}]},{"@type":"ImageObject","inLanguage":"es-AR","@id":"https:\/\/elcanillita.info\/press\/2022\/06\/25\/pais-cachivache\/#primaryimage","url":"https:\/\/elcanillita.info\/press\/images\/2022\/06\/fotomeme-1.jpg","contentUrl":"https:\/\/elcanillita.info\/press\/images\/2022\/06\/fotomeme-1.jpg","width":600,"height":400},{"@type":"WebSite","@id":"https:\/\/elcanillita.info\/press\/#website","url":"https:\/\/elcanillita.info\/press\/","name":"ElCanillita.Info","description":"desde los Apeninos a los Andes","publisher":{"@id":"https:\/\/elcanillita.info\/press\/#organization"},"potentialAction":[{"@type":"SearchAction","target":{"@type":"EntryPoint","urlTemplate":"https:\/\/elcanillita.info\/press\/?s={search_term_string}"},"query-input":{"@type":"PropertyValueSpecification","valueRequired":true,"valueName":"search_term_string"}}],"inLanguage":"es-AR"},{"@type":"Organization","@id":"https:\/\/elcanillita.info\/press\/#organization","name":"Guzzo Photos & Graphic Publications","url":"https:\/\/elcanillita.info\/press\/","logo":{"@type":"ImageObject","inLanguage":"es-AR","@id":"https:\/\/elcanillita.info\/press\/#\/schema\/logo\/image\/","url":"https:\/\/elcanillita.info\/press\/images\/2020\/01\/cropped-cropped-cropped-elcanillitainfo.png","contentUrl":"https:\/\/elcanillita.info\/press\/images\/2020\/01\/cropped-cropped-cropped-elcanillitainfo.png","width":460,"height":50,"caption":"Guzzo Photos & Graphic Publications"},"image":{"@id":"https:\/\/elcanillita.info\/press\/#\/schema\/logo\/image\/"},"sameAs":["https:\/\/ar-ar.facebook.com\/ElCanillitainfo-114249515285712\/"]},{"@type":"Person","@id":"https:\/\/elcanillita.info\/press\/#\/schema\/person\/7fcb79f38045700919f7da6d97e71ba0","name":"SalaStampa.eu, world press service","image":{"@type":"ImageObject","inLanguage":"es-AR","@id":"https:\/\/secure.gravatar.com\/avatar\/c2f0e0d515a107624234994507816ca4724c7199cef73fc8bedebf6931d73888?s=96&d=mm&r=g","url":"https:\/\/secure.gravatar.com\/avatar\/c2f0e0d515a107624234994507816ca4724c7199cef73fc8bedebf6931d73888?s=96&d=mm&r=g","contentUrl":"https:\/\/secure.gravatar.com\/avatar\/c2f0e0d515a107624234994507816ca4724c7199cef73fc8bedebf6931d73888?s=96&d=mm&r=g","caption":"SalaStampa.eu, world press service"}}]}},"views":446,"_links":{"self":[{"href":"https:\/\/elcanillita.info\/press\/wp-json\/wp\/v2\/posts\/2485","targetHints":{"allow":["GET"]}}],"collection":[{"href":"https:\/\/elcanillita.info\/press\/wp-json\/wp\/v2\/posts"}],"about":[{"href":"https:\/\/elcanillita.info\/press\/wp-json\/wp\/v2\/types\/post"}],"author":[{"embeddable":true,"href":"https:\/\/elcanillita.info\/press\/wp-json\/wp\/v2\/users\/1"}],"replies":[{"embeddable":true,"href":"https:\/\/elcanillita.info\/press\/wp-json\/wp\/v2\/comments?post=2485"}],"version-history":[{"count":0,"href":"https:\/\/elcanillita.info\/press\/wp-json\/wp\/v2\/posts\/2485\/revisions"}],"wp:featuredmedia":[{"embeddable":true,"href":"https:\/\/elcanillita.info\/press\/wp-json\/wp\/v2\/media\/2487"}],"wp:attachment":[{"href":"https:\/\/elcanillita.info\/press\/wp-json\/wp\/v2\/media?parent=2485"}],"wp:term":[{"taxonomy":"category","embeddable":true,"href":"https:\/\/elcanillita.info\/press\/wp-json\/wp\/v2\/categories?post=2485"},{"taxonomy":"post_tag","embeddable":true,"href":"https:\/\/elcanillita.info\/press\/wp-json\/wp\/v2\/tags?post=2485"}],"curies":[{"name":"wp","href":"https:\/\/api.w.org\/{rel}","templated":true}]}}