{"id":2458,"date":"2022-05-29T10:48:03","date_gmt":"2022-05-29T13:48:03","guid":{"rendered":"https:\/\/elcanillita.info\/press\/?p=2458"},"modified":"2024-02-26T18:42:14","modified_gmt":"2024-02-26T21:42:14","slug":"descaro-en-china","status":"publish","type":"post","link":"https:\/\/elcanillita.info\/press\/2022\/05\/29\/descaro-en-china\/","title":{"rendered":"Descaro en China"},"content":{"rendered":"<h1><img decoding=\"async\" class=\"aligncenter\" src=\"https:\/\/elcanillita.info\/press\/images\/2022\/05\/barche2.jpg\"><\/h1>\n\n\n<p>La Alta Comisionada de las Naciones Unidas para los Derechos Humanos, Michelle Bachelet, comenz\u00f3 una visita en China.  La sesi\u00f3n de fotos con el principal diplom\u00e1tico de Beijing  pareci\u00f3 confirmar que el gobierno chino utiliza la gira del 23 al 28 de Mayo de la representante, para hacer propaganda y evitar que Bachelet vea la realidad sobre el terreno en la conflictiva Xinjiang y otras \u00e1reas.<\/p>\n\n\n\n<p> Bajo los &#8220;clic&#8221; de las c\u00e1maras fotogr\u00e1ficas, el ministro de Relaciones Exteriores, Wang Yi, entreg\u00f3 a la se\u00f1ora Bachelet &#8220;Extractos de Xi Jinping sobre el respeto y la protecci\u00f3n de los derechos humanos&#8221;, un libro del l\u00edder supremo de China, quien ha reforzado el control del Partido Comunista y ha restringido la expresi\u00f3n y otras libertades en un grado que no se hab\u00eda visto en d\u00e9cadas.<\/p>\n\n\n<p><small><small><b>Hasta aqu\u00ed (Until here)<\/b><\/small>&#8211;<small>\u00a9 2022 SalaStampa.Eu affiliate with USAGM \/ BBG &#8211; Translated in italian and spanich by Guzzo P.&amp; G.P &#8211; Copyright \u00a9 1998-2022, RFA. Reprinted by ElCanillita.Info with the permission of Radio Free Asia, 2025 M St. NW, Suite 300, Washington DC 20036<\/small><\/small><\/p>\n\n\n<div style=\"width:95%; padding-left:25px; font-size:0.8em; text-align: justify;\">\n<b> \n Xi Jinping, se reuni\u00f3 con la Alta Comisionada de las Naciones Unidas para los Derechos Humanos, Michelle Bachelet, en Beijing el 25 de Mayo.<\/b><br>\nXi Jinping dio la bienvenida a la visita de Bachelet a China y, en combinaci\u00f3n con la historia y la cultura chinas, se refiri\u00f3 a los principales temas relacionados con el desarrollo de la causa de los derechos humanos en China y expres\u00f3 la posici\u00f3n de principios del partido y el gobierno chinos de que est\u00e1n comprometidos a salvaguardar y proteger derechos humanos de manera integral. Xi Jinping enfatiz\u00f3 que desde el d\u00eda en que naci\u00f3 el Partido Comunista de China, ha asumido la b\u00fasqueda de la felicidad del pueblo chino y el rejuvenecimiento de la naci\u00f3n china como su misi\u00f3n original, y ha estado luchando por los intereses del pueblo durante m\u00e1s de 100 a\u00f1os.<br><br>El anhelo de las personas por una vida mejor es nuestra meta. Despu\u00e9s de un largo per\u00edodo de arduo trabajo, China se ha embarcado con \u00e9xito en un camino de desarrollo de derechos humanos que se ajusta a la tendencia de los tiempos y se adapta a sus condiciones nacionales. Continuamos desarrollando la democracia popular en todo el proceso, promovemos la protecci\u00f3n de los derechos humanos y el estado de derecho y mantenemos la equidad social y la justicia. El pueblo chino disfruta de derechos democr\u00e1ticos m\u00e1s amplios, plenos y completos. Los derechos humanos del pueblo chino se han garantizado sin precedentes.<br>\n<br>Xi Jinping se\u00f1al\u00f3 que la protecci\u00f3n de los derechos humanos no es la mejor, solo la mejor. China est\u00e1 dispuesta a llevar a cabo activamente el di\u00e1logo y la cooperaci\u00f3n sobre derechos humanos con todas las partes sobre la base de la igualdad y el respeto mutuo, ampliar el consenso, reducir las diferencias, aprender unos de otros y avanzar juntos, a fin de promover conjuntamente la causa internacional de los derechos humanos. y beneficiar a personas de todos los pa\u00edses. Ahora mismo, lo m\u00e1s importante es hacer bien cuatro cosas.<br><br>\n\nUna es adherirse al enfoque centrado en las personas. Debemos tomar los intereses del pueblo como punto de partida y punto final, resolver continuamente los intereses m\u00e1s inmediatos y pr\u00e1cticos del pueblo y luchar para que el pueblo viva una vida feliz. Este es el mayor derecho humano. Que la situaci\u00f3n de los derechos humanos de un pa\u00eds sea buena o no depende de que se protejan los intereses de su pueblo y de que mejore la sensaci\u00f3n de ganancia, felicidad y seguridad de la gente. Este es el criterio m\u00e1s importante para evaluar la situaci\u00f3n de los derechos humanos de un pa\u00eds. Que el pueblo sea verdaderamente due\u00f1o del pa\u00eds y se convierta en el principal part\u00edcipe, promotor y beneficiario del desarrollo de los derechos humanos.<br><br>\nLa segunda es respetar el camino de desarrollo de los derechos humanos de cada pa\u00eds. Los derechos humanos son hist\u00f3ricos, espec\u00edficos y realistas. Los pa\u00edses difieren en sus condiciones nacionales, cultura hist\u00f3rica, sistemas sociales y niveles de desarrollo econ\u00f3mico y social. Es necesario y solo posible explorar un camino para el desarrollo de los derechos humanos que se adapte a las necesidades reales de cada pa\u00eds. situaci\u00f3n y necesidades de las personas. Salirse de la realidad y copiar el modelo de sistema de otros pa\u00edses no solo generar\u00e1 insatisfacci\u00f3n, sino que tambi\u00e9n traer\u00e1 consecuencias catastr\u00f3ficas, al final, es la gente la que sufrir\u00e1. Hay muchos ejemplos de esto, as\u00ed que ten cuidado.\nbr&gt;<br>\nEl tercero es tener en cuenta todo tipo de derechos humanos. La connotaci\u00f3n de los derechos humanos es integral y rica, y debe implementarse de manera integral y promoverse sistem\u00e1ticamente. Para los pa\u00edses en desarrollo, los derechos a la subsistencia y al desarrollo son los derechos humanos primordiales. Debemos esforzarnos por lograr un desarrollo de mayor calidad, m\u00e1s eficiente, m\u00e1s equitativo, m\u00e1s sostenible y m\u00e1s seguro, y brindar una fuerte garant\u00eda para el desarrollo de los derechos humanos.\n<br><br>\nCuarto, fortalecer la gobernanza mundial de los derechos humanos. La promoci\u00f3n y protecci\u00f3n de los derechos humanos es causa de toda la humanidad y requiere el esfuerzo conjunto de todos. Cuando se trata de cuestiones de derechos humanos, no existe un &#8220;Estado ideal&#8221; perfecto, y no hay necesidad de un &#8220;maestro&#8221; que sea arrogante con otros pa\u00edses, y mucho menos que politice e instrumentalice las cuestiones de derechos humanos, adopte un doble rasero e interfiera en los asuntos internos de otros pa\u00edses bajo el pretexto de los derechos humanos. Es necesario acatar los prop\u00f3sitos y principios de la Carta de las Naciones Unidas, llevar adelante los valores comunes de toda la humanidad y promover el desarrollo de la gobernanza mundial de los derechos humanos en una direcci\u00f3n m\u00e1s equitativa, justa, razonable e inclusiva. China continuar\u00e1 apoyando los esfuerzos activos de las Naciones Unidas para promover la causa de los derechos humanos internacionales.\n<br><br>\nBachelet expres\u00f3 su agradecimiento a la parte china por superar las dificultades de la epidemia por acoger mi visita a China. Esta es la primera visita a China del Alto Comisionado de las Naciones Unidas para los Derechos Humanos en 17 a\u00f1os. Creo que esta visita me ayudar\u00e1 mejor. entender China. Admiro los esfuerzos y logros de China para erradicar la pobreza, proteger los derechos humanos y lograr el desarrollo econ\u00f3mico y social. Aprecio el importante papel de China en la salvaguardia del multilateralismo, abordando desaf\u00edos globales como el cambio clim\u00e1tico y promoviendo el desarrollo sostenible global. El ACNUDH est\u00e1 dispuesto a fortalecer la comunicaci\u00f3n con la parte china, explorar la cooperaci\u00f3n y realizar esfuerzos conjuntos para promover el progreso de la causa mundial de los derechos humanos.\n<br><br>\n<small>Ding Xuexiang, Yang Jiechi y Wang Yi (en Guangzhou) asistieron a la reuni\u00f3n.<\/small><br>\n\n<small>Fuente: Red de noticias &#8211; Publicadas en la Embajada de China en Argentina<\/small>\n<br><br>\n<small>2022 \u00a9 Dolores de La Press &#8211; ElCanillia.info &#8211; Derechos Reservados<\/small>\n \n<\/div>\n","protected":false},"excerpt":{"rendered":"<p>China impulsa la &#8216;sinizaci\u00f3n de la religi\u00f3n&#8217; en Xinjiang, apuntando a los uigures<\/p>\n","protected":false},"author":1,"featured_media":2459,"comment_status":"closed","ping_status":"closed","sticky":false,"template":"","format":"standard","meta":{"footnotes":"","_links_to":"","_links_to_target":""},"categories":[70,16,126,23],"tags":[55],"class_list":["post-2458","post","type-post","status-publish","format-standard","has-post-thumbnail","hentry","category-actualidad","category-asia","category-dolores-de-la-press","category-politica","tag-china","entry","double"],"yoast_head":"<!-- This site is optimized with the Yoast SEO plugin v27.5 - https:\/\/yoast.com\/product\/yoast-seo-wordpress\/ -->\n<title>Descaro en China - ElCanillita.Info<\/title>\n<meta name=\"robots\" content=\"index, follow, max-snippet:-1, max-image-preview:large, max-video-preview:-1\" \/>\n<link rel=\"canonical\" href=\"https:\/\/elcanillita.info\/press\/2022\/05\/29\/descaro-en-china\/\" \/>\n<meta property=\"og:locale\" content=\"es_ES\" \/>\n<meta property=\"og:type\" content=\"article\" \/>\n<meta property=\"og:title\" content=\"Descaro en China - ElCanillita.Info\" \/>\n<meta property=\"og:description\" content=\"China impulsa la &#039;sinizaci\u00f3n de la religi\u00f3n&#039; en Xinjiang, apuntando a los uigures\" \/>\n<meta property=\"og:url\" content=\"https:\/\/elcanillita.info\/press\/2022\/05\/29\/descaro-en-china\/\" \/>\n<meta property=\"og:site_name\" content=\"ElCanillita.Info\" \/>\n<meta property=\"article:publisher\" content=\"https:\/\/ar-ar.facebook.com\/ElCanillitainfo-114249515285712\/\" \/>\n<meta property=\"article:published_time\" content=\"2022-05-29T13:48:03+00:00\" \/>\n<meta property=\"article:modified_time\" content=\"2024-02-26T21:42:14+00:00\" \/>\n<meta property=\"og:image\" content=\"https:\/\/elcanillita.info\/press\/images\/2022\/05\/barche1-1.jpg\" \/>\n\t<meta property=\"og:image:width\" content=\"600\" \/>\n\t<meta property=\"og:image:height\" content=\"400\" \/>\n\t<meta property=\"og:image:type\" content=\"image\/jpeg\" \/>\n<meta name=\"author\" content=\"SalaStampa.eu, world press service\" \/>\n<meta name=\"twitter:card\" content=\"summary_large_image\" \/>\n<meta name=\"twitter:label1\" content=\"Escrito por\" \/>\n\t<meta name=\"twitter:data1\" content=\"SalaStampa.eu, world press service\" \/>\n\t<meta name=\"twitter:label2\" content=\"Tiempo de lectura\" \/>\n\t<meta name=\"twitter:data2\" content=\"6 minutos\" \/>\n<script type=\"application\/ld+json\" class=\"yoast-schema-graph\">{\"@context\":\"https:\\\/\\\/schema.org\",\"@graph\":[{\"@type\":\"Article\",\"@id\":\"https:\\\/\\\/elcanillita.info\\\/press\\\/2022\\\/05\\\/29\\\/descaro-en-china\\\/#article\",\"isPartOf\":{\"@id\":\"https:\\\/\\\/elcanillita.info\\\/press\\\/2022\\\/05\\\/29\\\/descaro-en-china\\\/\"},\"author\":{\"name\":\"SalaStampa.eu, world press service\",\"@id\":\"https:\\\/\\\/elcanillita.info\\\/press\\\/#\\\/schema\\\/person\\\/7fcb79f38045700919f7da6d97e71ba0\"},\"headline\":\"Descaro en China\",\"datePublished\":\"2022-05-29T13:48:03+00:00\",\"dateModified\":\"2024-02-26T21:42:14+00:00\",\"mainEntityOfPage\":{\"@id\":\"https:\\\/\\\/elcanillita.info\\\/press\\\/2022\\\/05\\\/29\\\/descaro-en-china\\\/\"},\"wordCount\":1216,\"publisher\":{\"@id\":\"https:\\\/\\\/elcanillita.info\\\/press\\\/#organization\"},\"image\":{\"@id\":\"https:\\\/\\\/elcanillita.info\\\/press\\\/2022\\\/05\\\/29\\\/descaro-en-china\\\/#primaryimage\"},\"thumbnailUrl\":\"https:\\\/\\\/elcanillita.info\\\/press\\\/images\\\/2022\\\/05\\\/barche1-1.jpg\",\"keywords\":[\"China\"],\"articleSection\":[\"Actualidad\",\"Asia\",\"Dolores de La Press\",\"Politica\"],\"inLanguage\":\"es-AR\"},{\"@type\":\"WebPage\",\"@id\":\"https:\\\/\\\/elcanillita.info\\\/press\\\/2022\\\/05\\\/29\\\/descaro-en-china\\\/\",\"url\":\"https:\\\/\\\/elcanillita.info\\\/press\\\/2022\\\/05\\\/29\\\/descaro-en-china\\\/\",\"name\":\"Descaro en China - ElCanillita.Info\",\"isPartOf\":{\"@id\":\"https:\\\/\\\/elcanillita.info\\\/press\\\/#website\"},\"primaryImageOfPage\":{\"@id\":\"https:\\\/\\\/elcanillita.info\\\/press\\\/2022\\\/05\\\/29\\\/descaro-en-china\\\/#primaryimage\"},\"image\":{\"@id\":\"https:\\\/\\\/elcanillita.info\\\/press\\\/2022\\\/05\\\/29\\\/descaro-en-china\\\/#primaryimage\"},\"thumbnailUrl\":\"https:\\\/\\\/elcanillita.info\\\/press\\\/images\\\/2022\\\/05\\\/barche1-1.jpg\",\"datePublished\":\"2022-05-29T13:48:03+00:00\",\"dateModified\":\"2024-02-26T21:42:14+00:00\",\"inLanguage\":\"es-AR\",\"potentialAction\":[{\"@type\":\"ReadAction\",\"target\":[\"https:\\\/\\\/elcanillita.info\\\/press\\\/2022\\\/05\\\/29\\\/descaro-en-china\\\/\"]}]},{\"@type\":\"ImageObject\",\"inLanguage\":\"es-AR\",\"@id\":\"https:\\\/\\\/elcanillita.info\\\/press\\\/2022\\\/05\\\/29\\\/descaro-en-china\\\/#primaryimage\",\"url\":\"https:\\\/\\\/elcanillita.info\\\/press\\\/images\\\/2022\\\/05\\\/barche1-1.jpg\",\"contentUrl\":\"https:\\\/\\\/elcanillita.info\\\/press\\\/images\\\/2022\\\/05\\\/barche1-1.jpg\",\"width\":600,\"height\":400},{\"@type\":\"WebSite\",\"@id\":\"https:\\\/\\\/elcanillita.info\\\/press\\\/#website\",\"url\":\"https:\\\/\\\/elcanillita.info\\\/press\\\/\",\"name\":\"ElCanillita.Info\",\"description\":\"desde los Apeninos a los Andes\",\"publisher\":{\"@id\":\"https:\\\/\\\/elcanillita.info\\\/press\\\/#organization\"},\"potentialAction\":[{\"@type\":\"SearchAction\",\"target\":{\"@type\":\"EntryPoint\",\"urlTemplate\":\"https:\\\/\\\/elcanillita.info\\\/press\\\/?s={search_term_string}\"},\"query-input\":{\"@type\":\"PropertyValueSpecification\",\"valueRequired\":true,\"valueName\":\"search_term_string\"}}],\"inLanguage\":\"es-AR\"},{\"@type\":\"Organization\",\"@id\":\"https:\\\/\\\/elcanillita.info\\\/press\\\/#organization\",\"name\":\"Guzzo Photos & Graphic Publications\",\"url\":\"https:\\\/\\\/elcanillita.info\\\/press\\\/\",\"logo\":{\"@type\":\"ImageObject\",\"inLanguage\":\"es-AR\",\"@id\":\"https:\\\/\\\/elcanillita.info\\\/press\\\/#\\\/schema\\\/logo\\\/image\\\/\",\"url\":\"https:\\\/\\\/elcanillita.info\\\/press\\\/images\\\/2020\\\/01\\\/cropped-cropped-cropped-elcanillitainfo.png\",\"contentUrl\":\"https:\\\/\\\/elcanillita.info\\\/press\\\/images\\\/2020\\\/01\\\/cropped-cropped-cropped-elcanillitainfo.png\",\"width\":460,\"height\":50,\"caption\":\"Guzzo Photos & Graphic Publications\"},\"image\":{\"@id\":\"https:\\\/\\\/elcanillita.info\\\/press\\\/#\\\/schema\\\/logo\\\/image\\\/\"},\"sameAs\":[\"https:\\\/\\\/ar-ar.facebook.com\\\/ElCanillitainfo-114249515285712\\\/\"]},{\"@type\":\"Person\",\"@id\":\"https:\\\/\\\/elcanillita.info\\\/press\\\/#\\\/schema\\\/person\\\/7fcb79f38045700919f7da6d97e71ba0\",\"name\":\"SalaStampa.eu, world press service\",\"image\":{\"@type\":\"ImageObject\",\"inLanguage\":\"es-AR\",\"@id\":\"https:\\\/\\\/secure.gravatar.com\\\/avatar\\\/c2f0e0d515a107624234994507816ca4724c7199cef73fc8bedebf6931d73888?s=96&d=mm&r=g\",\"url\":\"https:\\\/\\\/secure.gravatar.com\\\/avatar\\\/c2f0e0d515a107624234994507816ca4724c7199cef73fc8bedebf6931d73888?s=96&d=mm&r=g\",\"contentUrl\":\"https:\\\/\\\/secure.gravatar.com\\\/avatar\\\/c2f0e0d515a107624234994507816ca4724c7199cef73fc8bedebf6931d73888?s=96&d=mm&r=g\",\"caption\":\"SalaStampa.eu, world press service\"}}]}<\/script>\n<!-- \/ Yoast SEO plugin. -->","yoast_head_json":{"title":"Descaro en China - ElCanillita.Info","robots":{"index":"index","follow":"follow","max-snippet":"max-snippet:-1","max-image-preview":"max-image-preview:large","max-video-preview":"max-video-preview:-1"},"canonical":"https:\/\/elcanillita.info\/press\/2022\/05\/29\/descaro-en-china\/","og_locale":"es_ES","og_type":"article","og_title":"Descaro en China - ElCanillita.Info","og_description":"China impulsa la 'sinizaci\u00f3n de la religi\u00f3n' en Xinjiang, apuntando a los uigures","og_url":"https:\/\/elcanillita.info\/press\/2022\/05\/29\/descaro-en-china\/","og_site_name":"ElCanillita.Info","article_publisher":"https:\/\/ar-ar.facebook.com\/ElCanillitainfo-114249515285712\/","article_published_time":"2022-05-29T13:48:03+00:00","article_modified_time":"2024-02-26T21:42:14+00:00","og_image":[{"width":600,"height":400,"url":"https:\/\/elcanillita.info\/press\/images\/2022\/05\/barche1-1.jpg","type":"image\/jpeg"}],"author":"SalaStampa.eu, world press service","twitter_card":"summary_large_image","twitter_misc":{"Escrito por":"SalaStampa.eu, world press service","Tiempo de lectura":"6 minutos"},"schema":{"@context":"https:\/\/schema.org","@graph":[{"@type":"Article","@id":"https:\/\/elcanillita.info\/press\/2022\/05\/29\/descaro-en-china\/#article","isPartOf":{"@id":"https:\/\/elcanillita.info\/press\/2022\/05\/29\/descaro-en-china\/"},"author":{"name":"SalaStampa.eu, world press service","@id":"https:\/\/elcanillita.info\/press\/#\/schema\/person\/7fcb79f38045700919f7da6d97e71ba0"},"headline":"Descaro en China","datePublished":"2022-05-29T13:48:03+00:00","dateModified":"2024-02-26T21:42:14+00:00","mainEntityOfPage":{"@id":"https:\/\/elcanillita.info\/press\/2022\/05\/29\/descaro-en-china\/"},"wordCount":1216,"publisher":{"@id":"https:\/\/elcanillita.info\/press\/#organization"},"image":{"@id":"https:\/\/elcanillita.info\/press\/2022\/05\/29\/descaro-en-china\/#primaryimage"},"thumbnailUrl":"https:\/\/elcanillita.info\/press\/images\/2022\/05\/barche1-1.jpg","keywords":["China"],"articleSection":["Actualidad","Asia","Dolores de La Press","Politica"],"inLanguage":"es-AR"},{"@type":"WebPage","@id":"https:\/\/elcanillita.info\/press\/2022\/05\/29\/descaro-en-china\/","url":"https:\/\/elcanillita.info\/press\/2022\/05\/29\/descaro-en-china\/","name":"Descaro en China - ElCanillita.Info","isPartOf":{"@id":"https:\/\/elcanillita.info\/press\/#website"},"primaryImageOfPage":{"@id":"https:\/\/elcanillita.info\/press\/2022\/05\/29\/descaro-en-china\/#primaryimage"},"image":{"@id":"https:\/\/elcanillita.info\/press\/2022\/05\/29\/descaro-en-china\/#primaryimage"},"thumbnailUrl":"https:\/\/elcanillita.info\/press\/images\/2022\/05\/barche1-1.jpg","datePublished":"2022-05-29T13:48:03+00:00","dateModified":"2024-02-26T21:42:14+00:00","inLanguage":"es-AR","potentialAction":[{"@type":"ReadAction","target":["https:\/\/elcanillita.info\/press\/2022\/05\/29\/descaro-en-china\/"]}]},{"@type":"ImageObject","inLanguage":"es-AR","@id":"https:\/\/elcanillita.info\/press\/2022\/05\/29\/descaro-en-china\/#primaryimage","url":"https:\/\/elcanillita.info\/press\/images\/2022\/05\/barche1-1.jpg","contentUrl":"https:\/\/elcanillita.info\/press\/images\/2022\/05\/barche1-1.jpg","width":600,"height":400},{"@type":"WebSite","@id":"https:\/\/elcanillita.info\/press\/#website","url":"https:\/\/elcanillita.info\/press\/","name":"ElCanillita.Info","description":"desde los Apeninos a los Andes","publisher":{"@id":"https:\/\/elcanillita.info\/press\/#organization"},"potentialAction":[{"@type":"SearchAction","target":{"@type":"EntryPoint","urlTemplate":"https:\/\/elcanillita.info\/press\/?s={search_term_string}"},"query-input":{"@type":"PropertyValueSpecification","valueRequired":true,"valueName":"search_term_string"}}],"inLanguage":"es-AR"},{"@type":"Organization","@id":"https:\/\/elcanillita.info\/press\/#organization","name":"Guzzo Photos & Graphic Publications","url":"https:\/\/elcanillita.info\/press\/","logo":{"@type":"ImageObject","inLanguage":"es-AR","@id":"https:\/\/elcanillita.info\/press\/#\/schema\/logo\/image\/","url":"https:\/\/elcanillita.info\/press\/images\/2020\/01\/cropped-cropped-cropped-elcanillitainfo.png","contentUrl":"https:\/\/elcanillita.info\/press\/images\/2020\/01\/cropped-cropped-cropped-elcanillitainfo.png","width":460,"height":50,"caption":"Guzzo Photos & Graphic Publications"},"image":{"@id":"https:\/\/elcanillita.info\/press\/#\/schema\/logo\/image\/"},"sameAs":["https:\/\/ar-ar.facebook.com\/ElCanillitainfo-114249515285712\/"]},{"@type":"Person","@id":"https:\/\/elcanillita.info\/press\/#\/schema\/person\/7fcb79f38045700919f7da6d97e71ba0","name":"SalaStampa.eu, world press service","image":{"@type":"ImageObject","inLanguage":"es-AR","@id":"https:\/\/secure.gravatar.com\/avatar\/c2f0e0d515a107624234994507816ca4724c7199cef73fc8bedebf6931d73888?s=96&d=mm&r=g","url":"https:\/\/secure.gravatar.com\/avatar\/c2f0e0d515a107624234994507816ca4724c7199cef73fc8bedebf6931d73888?s=96&d=mm&r=g","contentUrl":"https:\/\/secure.gravatar.com\/avatar\/c2f0e0d515a107624234994507816ca4724c7199cef73fc8bedebf6931d73888?s=96&d=mm&r=g","caption":"SalaStampa.eu, world press service"}}]}},"views":479,"_links":{"self":[{"href":"https:\/\/elcanillita.info\/press\/wp-json\/wp\/v2\/posts\/2458","targetHints":{"allow":["GET"]}}],"collection":[{"href":"https:\/\/elcanillita.info\/press\/wp-json\/wp\/v2\/posts"}],"about":[{"href":"https:\/\/elcanillita.info\/press\/wp-json\/wp\/v2\/types\/post"}],"author":[{"embeddable":true,"href":"https:\/\/elcanillita.info\/press\/wp-json\/wp\/v2\/users\/1"}],"replies":[{"embeddable":true,"href":"https:\/\/elcanillita.info\/press\/wp-json\/wp\/v2\/comments?post=2458"}],"version-history":[{"count":0,"href":"https:\/\/elcanillita.info\/press\/wp-json\/wp\/v2\/posts\/2458\/revisions"}],"wp:featuredmedia":[{"embeddable":true,"href":"https:\/\/elcanillita.info\/press\/wp-json\/wp\/v2\/media\/2459"}],"wp:attachment":[{"href":"https:\/\/elcanillita.info\/press\/wp-json\/wp\/v2\/media?parent=2458"}],"wp:term":[{"taxonomy":"category","embeddable":true,"href":"https:\/\/elcanillita.info\/press\/wp-json\/wp\/v2\/categories?post=2458"},{"taxonomy":"post_tag","embeddable":true,"href":"https:\/\/elcanillita.info\/press\/wp-json\/wp\/v2\/tags?post=2458"}],"curies":[{"name":"wp","href":"https:\/\/api.w.org\/{rel}","templated":true}]}}