{"id":2446,"date":"2022-04-27T01:31:14","date_gmt":"2022-04-27T04:31:14","guid":{"rendered":"https:\/\/elcanillita.info\/press\/?p=2446"},"modified":"2022-04-27T01:31:16","modified_gmt":"2022-04-27T04:31:16","slug":"elon-musk-promete-defender-la-voluntad-del-pueblo-despues-de-que-la-ue-amenazo-con-prohibir-twitter","status":"publish","type":"post","link":"https:\/\/elcanillita.info\/press\/2022\/04\/27\/elon-musk-promete-defender-la-voluntad-del-pueblo-despues-de-que-la-ue-amenazo-con-prohibir-twitter\/","title":{"rendered":"Elon Musk promete defender la &#8220;voluntad del pueblo&#8221; despu\u00e9s de que la UE amenaz\u00f3 con prohibir Twitter"},"content":{"rendered":"\n<div class=\"wp-block-image\"><figure class=\"alignleft size-full\"><img loading=\"lazy\" decoding=\"async\" width=\"600\" height=\"400\" src=\"https:\/\/elcanillita.info\/press\/images\/2022\/04\/musk.jpg\" alt=\"\" class=\"wp-image-2447\" srcset=\"https:\/\/elcanillita.info\/press\/images\/2022\/04\/musk.jpg 600w, https:\/\/elcanillita.info\/press\/images\/2022\/04\/musk-300x200.jpg 300w\" sizes=\"auto, (max-width: 600px) 100vw, 600px\" \/><\/figure><\/div>\n\n\n\n<p>Elon Musk ha provocado una &#8220;reacci\u00f3n extrema de anticuerpos de aquellos que temen la libertad de expresi\u00f3n&#8221; despu\u00e9s de que los reguladores de Bruselas amenazaran con prohibir Twitter si viola las normas de las redes sociales a ra\u00edz de su adquisici\u00f3n de 44.000 millones de d\u00f3lares (35.000 millones de libras).<\/p>\n\n\n\n<p>Thierry Breton, el zar de la econom\u00eda de la Uni\u00f3n Europea, dijo que cualquier empresa que opere en el continente debe cumplir las normas del bloque, por ejemplo, sobre la incitaci\u00f3n al odio. El Sr. Breton dijo que, si es necesario, la UE tomar\u00e1 medidas para obligar a Twitter a hacerlo.<\/p>\n\n\n\n<p>Musk insisti\u00f3 el martes por la noche en que Twitter cumplir\u00e1 las leyes, pero no tomar\u00e1 m\u00e1s medidas para limitar lo que los usuarios pueden escribir.<\/p>\n\n\n\n<p>Dijo: &#8220;Por &#8216;libertad de expresi\u00f3n&#8217; me refiero simplemente a lo que se ajusta a la ley. Estoy en contra de la censura que va m\u00e1s all\u00e1 de la ley. Si la gente quiere menos libertad de expresi\u00f3n, pedir\u00e1 al gobierno que apruebe leyes en ese sentido. Por tanto, ir m\u00e1s all\u00e1 de la ley es contrario a la voluntad del pueblo&#8221;.<\/p>\n\n\n\n<p>Esto se produjo despu\u00e9s de que los pol\u00edticos dem\u00f3cratas atacaran el acuerdo en Estados Unidos y advirtieran de que podr\u00eda anunciar el regreso del ex presidente estadounidense Donald Trump al lugar.<\/p>\n\n\n\n<p>La senadora de Massachusetts, Elizabeth Warren, que ha pedido un impuesto sobre la riqueza, calific\u00f3 la adquisici\u00f3n de &#8220;peligrosa para nuestra democracia&#8221;.<\/p>\n\n\n\n<p>Musk ya se hab\u00eda comprometido a proteger Twitter como una &#8220;plaza digital&#8221; y se describi\u00f3 a s\u00ed mismo como un &#8220;absolutista de la libertad de expresi\u00f3n&#8221;.<\/p>\n\n\n\n<p>Pero su compra apalancada se enfrent\u00f3 a una reacci\u00f3n inmediata por parte de los pol\u00edticos de ambos lados del Atl\u00e1ntico, en medio de la preocupaci\u00f3n de que el multimillonario pudiera empezar a relajar las normas de moderaci\u00f3n de Twitter.<\/p>\n\n\n\n<p>El Sr. Breton dijo: &#8220;Ya sean coches o redes sociales, cualquier empresa que opere en Europa tiene que cumplir nuestras normas. El se\u00f1or Musk lo sabe bien&#8221;.<\/p>\n\n\n\n<p>Las acciones de la empresa de coches el\u00e9ctricos Tesla, de la que Musk es director ejecutivo, cayeron casi un 11%, lo que supuso una p\u00e9rdida de casi 100.000 millones de d\u00f3lares en el valor del fabricante del Modelo 3.<\/p>\n\n\n\n<p>El multimillonario, de 50 a\u00f1os, divide su tiempo entre Tesla, la empresa de cohetes SpaceX, la compa\u00f1\u00eda de chips cerebrales Neuralink y la empresa de construcci\u00f3n de t\u00faneles The Boring Company.<\/p>\n\n\n\n<p>La adquisici\u00f3n de Twitter por parte de Musk le expone a la ola de regulaci\u00f3n de las grandes tecnolog\u00edas que est\u00e1 entrando en vigor en Europa y el Reino Unido, ya que los pol\u00edticos pretenden obligar a las empresas tecnol\u00f3gicas a eliminar las publicaciones &#8220;perjudiciales&#8221;.<\/p>\n\n\n\n<p>Musk ha admitido previamente que sus esfuerzos por salvaguardar la libertad de expresi\u00f3n se mantendr\u00e1n &#8220;dentro de los l\u00edmites de la ley&#8221;.<\/p>\n\n\n\n<p>Uno de los principales retos ser\u00e1 probablemente c\u00f3mo tratar a Trump, que fue expulsado de la plataforma tras los disturbios en el Capitolio de Estados Unidos. Trump ha dicho que no quiere volver a Twitter despu\u00e9s de crear su propia red, Truth Social.<\/p>\n\n\n\n<p>Breton, Comisario de Mercado Interior de la UE, declar\u00f3 al Financial Times que si Twitter &#8220;no cumple con nuestra legislaci\u00f3n, habr\u00e1 sanciones: un 6 por ciento de los ingresos y, si contin\u00faan, se les prohibir\u00e1 operar en Europa&#8221;.<\/p>\n\n\n\n<p><strong>Twitter declin\u00f3 hacer comentarios<\/strong><\/p>\n\n\n\n<p>En Gran Breta\u00f1a, los objetivos declarados por Musk de impulsar la libertad de expresi\u00f3n fueron elogiados por el ministro de Econom\u00eda, Paul Scully, que calific\u00f3 el objetivo de &#8220;noble&#8221;.<\/p>\n\n\n\n<p>A\u00f1adi\u00f3 que Gran Breta\u00f1a &#8220;no detendr\u00e1 a Elon Musk&#8221; en caso de que Twitter no retire las publicaciones ofensivas de usuarios de otros pa\u00edses que incumplan la nueva Ley de Seguridad en L\u00ednea.<\/p>\n\n\n\n<pre class=\"wp-block-code\"><code>Espero que incluso mis peores cr\u00edticos sigan en Twitter, porque eso es lo que significa la libertad de expresi\u00f3n\n- Elon Musk (@elonmusk) 25 de abril de 2022<\/code><\/pre>\n\n\n\n<p>El portavoz del primer ministro Boris Johnson dijo a los periodistas: &#8220;Independientemente de la propiedad, todas las plataformas de medios sociales deben ser responsables y eso incluye proteger a sus usuarios del da\u00f1o en sus sitios&#8221;.<\/p>\n\n\n\n<p>El Partido Laborista dijo que se debe pedir a Twitter que cambie su forma de operar si la plataforma da prioridad a las publicaciones que promueven &#8220;noticias falsas y abusos&#8221;. Lucy Powell, secretaria en la sombra del Departamento de Digital, Cultura, Medios de Comunicaci\u00f3n y Deporte, dijo: &#8220;Musk deber\u00eda rendir cuentas por su modelo de negocio&#8221;.<\/p>\n\n\n\n<p>Los dem\u00f3cratas est\u00e1n especialmente preocupados por el potencial de Twitter para causar agitaci\u00f3n pol\u00edtica antes de las elecciones de mitad de per\u00edodo en noviembre. Se espera que la adquisici\u00f3n dure unos seis meses.<\/p>\n\n\n\n<p>Un portavoz de la Casa Blanca advirti\u00f3 que el presidente Joe Biden estaba &#8220;preocupado por el poder de las plataformas de medios sociales, incluyendo Twitter y otras, para difundir informaci\u00f3n err\u00f3nea&#8221;.<\/p>\n\n\n\n<p>Los funcionarios republicanos acogieron con satisfacci\u00f3n la toma de posesi\u00f3n del Sr. Musk despu\u00e9s de a\u00f1os de quejas de que las cuentas de derecha de Twitter se enfrentaban a prejuicios y prohibiciones en la red social.<\/p>\n\n\n\n<p>Funcionarios de la Casa Blanca dijeron que est\u00e1n siguiendo de cerca el acuerdo, aunque no est\u00e1 claro que el gobierno de EE.UU. tenga motivos para intervenir si lo desea.<\/p>\n\n\n\n<p>El Sr. Musk no es propietario de ninguna empresa de medios de comunicaci\u00f3n en la actualidad, por lo que es muy poco probable que se considere que la operaci\u00f3n ha infringido las normas de competencia.<\/p>\n\n\n\n<p>Los accionistas de Twitter recibir\u00e1n 54,20 d\u00f3lares en efectivo por cada acci\u00f3n que posean. La operaci\u00f3n est\u00e1 sujeta a la votaci\u00f3n de los accionistas y a la aprobaci\u00f3n de los organismos reguladores. La operaci\u00f3n se financia con 25.500 millones de d\u00f3lares de deuda, incluido un pr\u00e9stamo de 12.500 millones de d\u00f3lares con cargo a las acciones de Tesla de Musk, y la promesa de otros 21.000 millones de d\u00f3lares por parte del multimillonario, lo que hace pensar que podr\u00eda verse obligado a vender m\u00e1s acciones para financiar la operaci\u00f3n.<\/p>\n\n\n\n<p>Neil Campling, analista de Mirabaud Equity Research, dijo que el compromiso del Sr. Musk con la libertad de expresi\u00f3n en Twitter estaba &#8220;bien en principio, pero la realidad es muy diferente: los problemas con todas las redes son que est\u00e1n abiertas a la desinformaci\u00f3n, abiertas al abuso, abiertas al sesgo, y son muy dif\u00edciles de controlar&#8221;.<br><br><small>Copyright \u00a9 2022 ElCanillita.info \/ DC24.News \/ SalaStampa.eu <\/small><\/p>\n","protected":false},"excerpt":{"rendered":"<p>El multimillonario se burla de la &#8220;reacci\u00f3n extrema de quienes temen la libertad de expresi\u00f3n&#8221; tras las reacciones por el acuerdo de 44.000 millones de d\u00f3lares<\/p>\n","protected":false},"author":1,"featured_media":2448,"comment_status":"closed","ping_status":"closed","sticky":false,"template":"","format":"standard","meta":{"footnotes":"","_links_to":"","_links_to_target":""},"categories":[70,9,20],"tags":[34],"class_list":["post-2446","post","type-post","status-publish","format-standard","has-post-thumbnail","hentry","category-actualidad","category-america-del-norte","category-economia","tag-estados-unidos","entry","double"],"yoast_head":"<!-- This site is optimized with the Yoast SEO plugin v27.4 - https:\/\/yoast.com\/product\/yoast-seo-wordpress\/ -->\n<title>Elon Musk promete defender la &quot;voluntad del pueblo&quot; despu\u00e9s de que la UE amenaz\u00f3 con prohibir Twitter - ElCanillita.Info<\/title>\n<meta name=\"robots\" content=\"index, follow, max-snippet:-1, max-image-preview:large, max-video-preview:-1\" \/>\n<link rel=\"canonical\" href=\"https:\/\/elcanillita.info\/press\/2022\/04\/27\/elon-musk-promete-defender-la-voluntad-del-pueblo-despues-de-que-la-ue-amenazo-con-prohibir-twitter\/\" \/>\n<meta property=\"og:locale\" content=\"es_ES\" \/>\n<meta property=\"og:type\" content=\"article\" \/>\n<meta property=\"og:title\" content=\"Elon Musk promete defender la &quot;voluntad del pueblo&quot; despu\u00e9s de que la UE amenaz\u00f3 con prohibir Twitter - ElCanillita.Info\" \/>\n<meta property=\"og:description\" content=\"El multimillonario se burla de la &quot;reacci\u00f3n extrema de quienes temen la libertad de expresi\u00f3n&quot; tras las reacciones por el acuerdo de 44.000 millones de d\u00f3lares\" \/>\n<meta property=\"og:url\" content=\"https:\/\/elcanillita.info\/press\/2022\/04\/27\/elon-musk-promete-defender-la-voluntad-del-pueblo-despues-de-que-la-ue-amenazo-con-prohibir-twitter\/\" \/>\n<meta property=\"og:site_name\" content=\"ElCanillita.Info\" \/>\n<meta property=\"article:publisher\" content=\"https:\/\/ar-ar.facebook.com\/ElCanillitainfo-114249515285712\/\" \/>\n<meta property=\"article:published_time\" content=\"2022-04-27T04:31:14+00:00\" \/>\n<meta property=\"article:modified_time\" content=\"2022-04-27T04:31:16+00:00\" \/>\n<meta property=\"og:image\" content=\"https:\/\/elcanillita.info\/press\/images\/2022\/04\/muskcv.jpg\" \/>\n\t<meta property=\"og:image:width\" content=\"600\" \/>\n\t<meta property=\"og:image:height\" content=\"400\" \/>\n\t<meta property=\"og:image:type\" content=\"image\/jpeg\" \/>\n<meta name=\"author\" content=\"SalaStampa.eu, world press service\" \/>\n<meta name=\"twitter:card\" content=\"summary_large_image\" \/>\n<meta name=\"twitter:label1\" content=\"Escrito por\" \/>\n\t<meta name=\"twitter:data1\" content=\"SalaStampa.eu, world press service\" \/>\n\t<meta name=\"twitter:label2\" content=\"Tiempo de lectura\" \/>\n\t<meta name=\"twitter:data2\" content=\"6 minutos\" \/>\n<script type=\"application\/ld+json\" class=\"yoast-schema-graph\">{\"@context\":\"https:\\\/\\\/schema.org\",\"@graph\":[{\"@type\":\"Article\",\"@id\":\"https:\\\/\\\/elcanillita.info\\\/press\\\/2022\\\/04\\\/27\\\/elon-musk-promete-defender-la-voluntad-del-pueblo-despues-de-que-la-ue-amenazo-con-prohibir-twitter\\\/#article\",\"isPartOf\":{\"@id\":\"https:\\\/\\\/elcanillita.info\\\/press\\\/2022\\\/04\\\/27\\\/elon-musk-promete-defender-la-voluntad-del-pueblo-despues-de-que-la-ue-amenazo-con-prohibir-twitter\\\/\"},\"author\":{\"name\":\"SalaStampa.eu, world press service\",\"@id\":\"https:\\\/\\\/elcanillita.info\\\/press\\\/#\\\/schema\\\/person\\\/7fcb79f38045700919f7da6d97e71ba0\"},\"headline\":\"Elon Musk promete defender la &#8220;voluntad del pueblo&#8221; despu\u00e9s de que la UE amenaz\u00f3 con prohibir Twitter\",\"datePublished\":\"2022-04-27T04:31:14+00:00\",\"dateModified\":\"2022-04-27T04:31:16+00:00\",\"mainEntityOfPage\":{\"@id\":\"https:\\\/\\\/elcanillita.info\\\/press\\\/2022\\\/04\\\/27\\\/elon-musk-promete-defender-la-voluntad-del-pueblo-despues-de-que-la-ue-amenazo-con-prohibir-twitter\\\/\"},\"wordCount\":1122,\"publisher\":{\"@id\":\"https:\\\/\\\/elcanillita.info\\\/press\\\/#organization\"},\"image\":{\"@id\":\"https:\\\/\\\/elcanillita.info\\\/press\\\/2022\\\/04\\\/27\\\/elon-musk-promete-defender-la-voluntad-del-pueblo-despues-de-que-la-ue-amenazo-con-prohibir-twitter\\\/#primaryimage\"},\"thumbnailUrl\":\"https:\\\/\\\/elcanillita.info\\\/press\\\/images\\\/2022\\\/04\\\/muskcv.jpg\",\"keywords\":[\"Estados Unidos\"],\"articleSection\":[\"Actualidad\",\"Am\u00e9rica del Norte\",\"Economia\"],\"inLanguage\":\"es-AR\"},{\"@type\":\"WebPage\",\"@id\":\"https:\\\/\\\/elcanillita.info\\\/press\\\/2022\\\/04\\\/27\\\/elon-musk-promete-defender-la-voluntad-del-pueblo-despues-de-que-la-ue-amenazo-con-prohibir-twitter\\\/\",\"url\":\"https:\\\/\\\/elcanillita.info\\\/press\\\/2022\\\/04\\\/27\\\/elon-musk-promete-defender-la-voluntad-del-pueblo-despues-de-que-la-ue-amenazo-con-prohibir-twitter\\\/\",\"name\":\"Elon Musk promete defender la \\\"voluntad del pueblo\\\" despu\u00e9s de que la UE amenaz\u00f3 con prohibir Twitter - ElCanillita.Info\",\"isPartOf\":{\"@id\":\"https:\\\/\\\/elcanillita.info\\\/press\\\/#website\"},\"primaryImageOfPage\":{\"@id\":\"https:\\\/\\\/elcanillita.info\\\/press\\\/2022\\\/04\\\/27\\\/elon-musk-promete-defender-la-voluntad-del-pueblo-despues-de-que-la-ue-amenazo-con-prohibir-twitter\\\/#primaryimage\"},\"image\":{\"@id\":\"https:\\\/\\\/elcanillita.info\\\/press\\\/2022\\\/04\\\/27\\\/elon-musk-promete-defender-la-voluntad-del-pueblo-despues-de-que-la-ue-amenazo-con-prohibir-twitter\\\/#primaryimage\"},\"thumbnailUrl\":\"https:\\\/\\\/elcanillita.info\\\/press\\\/images\\\/2022\\\/04\\\/muskcv.jpg\",\"datePublished\":\"2022-04-27T04:31:14+00:00\",\"dateModified\":\"2022-04-27T04:31:16+00:00\",\"inLanguage\":\"es-AR\",\"potentialAction\":[{\"@type\":\"ReadAction\",\"target\":[\"https:\\\/\\\/elcanillita.info\\\/press\\\/2022\\\/04\\\/27\\\/elon-musk-promete-defender-la-voluntad-del-pueblo-despues-de-que-la-ue-amenazo-con-prohibir-twitter\\\/\"]}]},{\"@type\":\"ImageObject\",\"inLanguage\":\"es-AR\",\"@id\":\"https:\\\/\\\/elcanillita.info\\\/press\\\/2022\\\/04\\\/27\\\/elon-musk-promete-defender-la-voluntad-del-pueblo-despues-de-que-la-ue-amenazo-con-prohibir-twitter\\\/#primaryimage\",\"url\":\"https:\\\/\\\/elcanillita.info\\\/press\\\/images\\\/2022\\\/04\\\/muskcv.jpg\",\"contentUrl\":\"https:\\\/\\\/elcanillita.info\\\/press\\\/images\\\/2022\\\/04\\\/muskcv.jpg\",\"width\":600,\"height\":400},{\"@type\":\"WebSite\",\"@id\":\"https:\\\/\\\/elcanillita.info\\\/press\\\/#website\",\"url\":\"https:\\\/\\\/elcanillita.info\\\/press\\\/\",\"name\":\"ElCanillita.Info\",\"description\":\"desde los Apeninos a los Andes\",\"publisher\":{\"@id\":\"https:\\\/\\\/elcanillita.info\\\/press\\\/#organization\"},\"potentialAction\":[{\"@type\":\"SearchAction\",\"target\":{\"@type\":\"EntryPoint\",\"urlTemplate\":\"https:\\\/\\\/elcanillita.info\\\/press\\\/?s={search_term_string}\"},\"query-input\":{\"@type\":\"PropertyValueSpecification\",\"valueRequired\":true,\"valueName\":\"search_term_string\"}}],\"inLanguage\":\"es-AR\"},{\"@type\":\"Organization\",\"@id\":\"https:\\\/\\\/elcanillita.info\\\/press\\\/#organization\",\"name\":\"Guzzo Photos & Graphic Publications\",\"url\":\"https:\\\/\\\/elcanillita.info\\\/press\\\/\",\"logo\":{\"@type\":\"ImageObject\",\"inLanguage\":\"es-AR\",\"@id\":\"https:\\\/\\\/elcanillita.info\\\/press\\\/#\\\/schema\\\/logo\\\/image\\\/\",\"url\":\"https:\\\/\\\/elcanillita.info\\\/press\\\/images\\\/2020\\\/01\\\/cropped-cropped-cropped-elcanillitainfo.png\",\"contentUrl\":\"https:\\\/\\\/elcanillita.info\\\/press\\\/images\\\/2020\\\/01\\\/cropped-cropped-cropped-elcanillitainfo.png\",\"width\":460,\"height\":50,\"caption\":\"Guzzo Photos & Graphic Publications\"},\"image\":{\"@id\":\"https:\\\/\\\/elcanillita.info\\\/press\\\/#\\\/schema\\\/logo\\\/image\\\/\"},\"sameAs\":[\"https:\\\/\\\/ar-ar.facebook.com\\\/ElCanillitainfo-114249515285712\\\/\"]},{\"@type\":\"Person\",\"@id\":\"https:\\\/\\\/elcanillita.info\\\/press\\\/#\\\/schema\\\/person\\\/7fcb79f38045700919f7da6d97e71ba0\",\"name\":\"SalaStampa.eu, world press service\",\"image\":{\"@type\":\"ImageObject\",\"inLanguage\":\"es-AR\",\"@id\":\"https:\\\/\\\/secure.gravatar.com\\\/avatar\\\/c2f0e0d515a107624234994507816ca4724c7199cef73fc8bedebf6931d73888?s=96&d=mm&r=g\",\"url\":\"https:\\\/\\\/secure.gravatar.com\\\/avatar\\\/c2f0e0d515a107624234994507816ca4724c7199cef73fc8bedebf6931d73888?s=96&d=mm&r=g\",\"contentUrl\":\"https:\\\/\\\/secure.gravatar.com\\\/avatar\\\/c2f0e0d515a107624234994507816ca4724c7199cef73fc8bedebf6931d73888?s=96&d=mm&r=g\",\"caption\":\"SalaStampa.eu, world press service\"}}]}<\/script>\n<!-- \/ Yoast SEO plugin. -->","yoast_head_json":{"title":"Elon Musk promete defender la \"voluntad del pueblo\" despu\u00e9s de que la UE amenaz\u00f3 con prohibir Twitter - ElCanillita.Info","robots":{"index":"index","follow":"follow","max-snippet":"max-snippet:-1","max-image-preview":"max-image-preview:large","max-video-preview":"max-video-preview:-1"},"canonical":"https:\/\/elcanillita.info\/press\/2022\/04\/27\/elon-musk-promete-defender-la-voluntad-del-pueblo-despues-de-que-la-ue-amenazo-con-prohibir-twitter\/","og_locale":"es_ES","og_type":"article","og_title":"Elon Musk promete defender la \"voluntad del pueblo\" despu\u00e9s de que la UE amenaz\u00f3 con prohibir Twitter - ElCanillita.Info","og_description":"El multimillonario se burla de la \"reacci\u00f3n extrema de quienes temen la libertad de expresi\u00f3n\" tras las reacciones por el acuerdo de 44.000 millones de d\u00f3lares","og_url":"https:\/\/elcanillita.info\/press\/2022\/04\/27\/elon-musk-promete-defender-la-voluntad-del-pueblo-despues-de-que-la-ue-amenazo-con-prohibir-twitter\/","og_site_name":"ElCanillita.Info","article_publisher":"https:\/\/ar-ar.facebook.com\/ElCanillitainfo-114249515285712\/","article_published_time":"2022-04-27T04:31:14+00:00","article_modified_time":"2022-04-27T04:31:16+00:00","og_image":[{"width":600,"height":400,"url":"https:\/\/elcanillita.info\/press\/images\/2022\/04\/muskcv.jpg","type":"image\/jpeg"}],"author":"SalaStampa.eu, world press service","twitter_card":"summary_large_image","twitter_misc":{"Escrito por":"SalaStampa.eu, world press service","Tiempo de lectura":"6 minutos"},"schema":{"@context":"https:\/\/schema.org","@graph":[{"@type":"Article","@id":"https:\/\/elcanillita.info\/press\/2022\/04\/27\/elon-musk-promete-defender-la-voluntad-del-pueblo-despues-de-que-la-ue-amenazo-con-prohibir-twitter\/#article","isPartOf":{"@id":"https:\/\/elcanillita.info\/press\/2022\/04\/27\/elon-musk-promete-defender-la-voluntad-del-pueblo-despues-de-que-la-ue-amenazo-con-prohibir-twitter\/"},"author":{"name":"SalaStampa.eu, world press service","@id":"https:\/\/elcanillita.info\/press\/#\/schema\/person\/7fcb79f38045700919f7da6d97e71ba0"},"headline":"Elon Musk promete defender la &#8220;voluntad del pueblo&#8221; despu\u00e9s de que la UE amenaz\u00f3 con prohibir Twitter","datePublished":"2022-04-27T04:31:14+00:00","dateModified":"2022-04-27T04:31:16+00:00","mainEntityOfPage":{"@id":"https:\/\/elcanillita.info\/press\/2022\/04\/27\/elon-musk-promete-defender-la-voluntad-del-pueblo-despues-de-que-la-ue-amenazo-con-prohibir-twitter\/"},"wordCount":1122,"publisher":{"@id":"https:\/\/elcanillita.info\/press\/#organization"},"image":{"@id":"https:\/\/elcanillita.info\/press\/2022\/04\/27\/elon-musk-promete-defender-la-voluntad-del-pueblo-despues-de-que-la-ue-amenazo-con-prohibir-twitter\/#primaryimage"},"thumbnailUrl":"https:\/\/elcanillita.info\/press\/images\/2022\/04\/muskcv.jpg","keywords":["Estados Unidos"],"articleSection":["Actualidad","Am\u00e9rica del Norte","Economia"],"inLanguage":"es-AR"},{"@type":"WebPage","@id":"https:\/\/elcanillita.info\/press\/2022\/04\/27\/elon-musk-promete-defender-la-voluntad-del-pueblo-despues-de-que-la-ue-amenazo-con-prohibir-twitter\/","url":"https:\/\/elcanillita.info\/press\/2022\/04\/27\/elon-musk-promete-defender-la-voluntad-del-pueblo-despues-de-que-la-ue-amenazo-con-prohibir-twitter\/","name":"Elon Musk promete defender la \"voluntad del pueblo\" despu\u00e9s de que la UE amenaz\u00f3 con prohibir Twitter - ElCanillita.Info","isPartOf":{"@id":"https:\/\/elcanillita.info\/press\/#website"},"primaryImageOfPage":{"@id":"https:\/\/elcanillita.info\/press\/2022\/04\/27\/elon-musk-promete-defender-la-voluntad-del-pueblo-despues-de-que-la-ue-amenazo-con-prohibir-twitter\/#primaryimage"},"image":{"@id":"https:\/\/elcanillita.info\/press\/2022\/04\/27\/elon-musk-promete-defender-la-voluntad-del-pueblo-despues-de-que-la-ue-amenazo-con-prohibir-twitter\/#primaryimage"},"thumbnailUrl":"https:\/\/elcanillita.info\/press\/images\/2022\/04\/muskcv.jpg","datePublished":"2022-04-27T04:31:14+00:00","dateModified":"2022-04-27T04:31:16+00:00","inLanguage":"es-AR","potentialAction":[{"@type":"ReadAction","target":["https:\/\/elcanillita.info\/press\/2022\/04\/27\/elon-musk-promete-defender-la-voluntad-del-pueblo-despues-de-que-la-ue-amenazo-con-prohibir-twitter\/"]}]},{"@type":"ImageObject","inLanguage":"es-AR","@id":"https:\/\/elcanillita.info\/press\/2022\/04\/27\/elon-musk-promete-defender-la-voluntad-del-pueblo-despues-de-que-la-ue-amenazo-con-prohibir-twitter\/#primaryimage","url":"https:\/\/elcanillita.info\/press\/images\/2022\/04\/muskcv.jpg","contentUrl":"https:\/\/elcanillita.info\/press\/images\/2022\/04\/muskcv.jpg","width":600,"height":400},{"@type":"WebSite","@id":"https:\/\/elcanillita.info\/press\/#website","url":"https:\/\/elcanillita.info\/press\/","name":"ElCanillita.Info","description":"desde los Apeninos a los Andes","publisher":{"@id":"https:\/\/elcanillita.info\/press\/#organization"},"potentialAction":[{"@type":"SearchAction","target":{"@type":"EntryPoint","urlTemplate":"https:\/\/elcanillita.info\/press\/?s={search_term_string}"},"query-input":{"@type":"PropertyValueSpecification","valueRequired":true,"valueName":"search_term_string"}}],"inLanguage":"es-AR"},{"@type":"Organization","@id":"https:\/\/elcanillita.info\/press\/#organization","name":"Guzzo Photos & Graphic Publications","url":"https:\/\/elcanillita.info\/press\/","logo":{"@type":"ImageObject","inLanguage":"es-AR","@id":"https:\/\/elcanillita.info\/press\/#\/schema\/logo\/image\/","url":"https:\/\/elcanillita.info\/press\/images\/2020\/01\/cropped-cropped-cropped-elcanillitainfo.png","contentUrl":"https:\/\/elcanillita.info\/press\/images\/2020\/01\/cropped-cropped-cropped-elcanillitainfo.png","width":460,"height":50,"caption":"Guzzo Photos & Graphic Publications"},"image":{"@id":"https:\/\/elcanillita.info\/press\/#\/schema\/logo\/image\/"},"sameAs":["https:\/\/ar-ar.facebook.com\/ElCanillitainfo-114249515285712\/"]},{"@type":"Person","@id":"https:\/\/elcanillita.info\/press\/#\/schema\/person\/7fcb79f38045700919f7da6d97e71ba0","name":"SalaStampa.eu, world press service","image":{"@type":"ImageObject","inLanguage":"es-AR","@id":"https:\/\/secure.gravatar.com\/avatar\/c2f0e0d515a107624234994507816ca4724c7199cef73fc8bedebf6931d73888?s=96&d=mm&r=g","url":"https:\/\/secure.gravatar.com\/avatar\/c2f0e0d515a107624234994507816ca4724c7199cef73fc8bedebf6931d73888?s=96&d=mm&r=g","contentUrl":"https:\/\/secure.gravatar.com\/avatar\/c2f0e0d515a107624234994507816ca4724c7199cef73fc8bedebf6931d73888?s=96&d=mm&r=g","caption":"SalaStampa.eu, world press service"}}]}},"views":479,"_links":{"self":[{"href":"https:\/\/elcanillita.info\/press\/wp-json\/wp\/v2\/posts\/2446","targetHints":{"allow":["GET"]}}],"collection":[{"href":"https:\/\/elcanillita.info\/press\/wp-json\/wp\/v2\/posts"}],"about":[{"href":"https:\/\/elcanillita.info\/press\/wp-json\/wp\/v2\/types\/post"}],"author":[{"embeddable":true,"href":"https:\/\/elcanillita.info\/press\/wp-json\/wp\/v2\/users\/1"}],"replies":[{"embeddable":true,"href":"https:\/\/elcanillita.info\/press\/wp-json\/wp\/v2\/comments?post=2446"}],"version-history":[{"count":0,"href":"https:\/\/elcanillita.info\/press\/wp-json\/wp\/v2\/posts\/2446\/revisions"}],"wp:featuredmedia":[{"embeddable":true,"href":"https:\/\/elcanillita.info\/press\/wp-json\/wp\/v2\/media\/2448"}],"wp:attachment":[{"href":"https:\/\/elcanillita.info\/press\/wp-json\/wp\/v2\/media?parent=2446"}],"wp:term":[{"taxonomy":"category","embeddable":true,"href":"https:\/\/elcanillita.info\/press\/wp-json\/wp\/v2\/categories?post=2446"},{"taxonomy":"post_tag","embeddable":true,"href":"https:\/\/elcanillita.info\/press\/wp-json\/wp\/v2\/tags?post=2446"}],"curies":[{"name":"wp","href":"https:\/\/api.w.org\/{rel}","templated":true}]}}