{"id":2439,"date":"2022-04-26T20:43:38","date_gmt":"2022-04-26T23:43:38","guid":{"rendered":"https:\/\/elcanillita.info\/press\/?p=2439"},"modified":"2022-04-26T20:45:14","modified_gmt":"2022-04-26T23:45:14","slug":"que-tiene-emmanuel-macron-en-la-bandeja-de-entrada-de-francia","status":"publish","type":"post","link":"https:\/\/elcanillita.info\/press\/2022\/04\/26\/que-tiene-emmanuel-macron-en-la-bandeja-de-entrada-de-francia\/","title":{"rendered":"\u00bfQu\u00e9 tiene Emmanuel Macron en la bandeja de entrada de Francia?"},"content":{"rendered":"\n<div class=\"wp-block-image\"><figure class=\"alignleft size-full\"><img loading=\"lazy\" decoding=\"async\" width=\"600\" height=\"400\" src=\"https:\/\/elcanillita.info\/press\/images\/2022\/04\/macron.jpg\" alt=\"\" class=\"wp-image-2443\" srcset=\"https:\/\/elcanillita.info\/press\/images\/2022\/04\/macron.jpg 600w, https:\/\/elcanillita.info\/press\/images\/2022\/04\/macron-300x200.jpg 300w\" sizes=\"auto, (max-width: 600px) 100vw, 600px\" \/><figcaption><center>Presidente Emmanuel Macron y Mme.Macron<\/center><\/figcaption><\/figure><\/div>\n\n\n\n<p><br>L<strong>as pol\u00edticas clave de su reelecci\u00f3n como presidente<\/strong><br><br>A ra\u00edz de su sorprendente triunfo como exbanquero de inversi\u00f3n pr\u00e1cticamente desconocido en 2017, Emmanuel Macron prometi\u00f3 &#8220;transformar profundamente&#8221; Francia, apresur\u00e1ndose a aprobar decretos a las pocas semanas de asumir el cargo, entre los que destaca uno que flexibiliza la escler\u00f3tica legislaci\u00f3n laboral del pa\u00eds y elimina parcialmente el impuesto sobre el patrimonio.<\/p>\n\n\n\n<p>Esta vez, sin embargo, se espera que el centrista de 44 a\u00f1os siga una l\u00ednea m\u00e1s cautelosa despu\u00e9s de ganar por un margen mucho menor para presidir un pa\u00eds profundamente dividido que se tambalea por las sucesivas revueltas de los Chalecos Amarillos, los cierres de Covid y la guerra en Ucrania.<\/p>\n\n\n\n<p>Esto es lo que hay en la bandeja de entrada del presidente para su segundo mandato de cinco a\u00f1os:<\/p>\n\n\n\n<p>O<strong>da a Europa<\/strong><\/p>\n\n\n\n<p>Macron ha hecho saber que su primer viaje ser\u00e1 a Berl\u00edn para apuntalar el &#8220;motor franco-alem\u00e1n&#8221; de la pol\u00edtica de la UE, que su rival Marine Le Pen dijo que era &#8220;casi inexistente&#8221;, y para esbozar su visi\u00f3n federalista del &#8220;futuro de Europa&#8221; en un discurso en Estrasburgo el 9 de mayo.<\/p>\n\n\n\n<p>Tras calificar las elecciones como un &#8220;refer\u00e9ndum a favor o en contra de la UE&#8221;, el reci\u00e9n reelegido presidente tratar\u00e1 de consolidar su lugar como el l\u00edder m\u00e1s influyente del bloque desde la salida de Angela Merkel. Tambi\u00e9n espera impulsar sus planes de reforzar la pol\u00edtica de defensa de la UE en los dos \u00faltimos meses del mandato de Francia, que ostenta la presidencia semestral del bloque.<\/p>\n\n\n\n<p>Macron quiere que Europa sea capaz de actuar con independencia de la OTAN y de Washington, y ha apoyado sus planes de poner en com\u00fan la financiaci\u00f3n de la defensa y crear una fuerza de reacci\u00f3n r\u00e1pida de 5.000 efectivos. Macron, abiertamente pro-UE, tambi\u00e9n es probable que impulse una mayor integraci\u00f3n de la UE y ya ha pedido que la eurozona tenga su propio presupuesto y ministro de finanzas.<\/p>\n\n\n\n<p>Macron ha dejado claro que no cerrar\u00e1 las l\u00edneas diplom\u00e1ticas con Vladimir Putin, argumentando que el contacto es necesario para intentar salvar vidas, a pesar de las cr\u00edticas que podr\u00edan interpretarse como un apaciguamiento. <\/p>\n\n\n\n<div class=\"wp-block-image\"><figure class=\"alignleft size-full\"><img loading=\"lazy\" decoding=\"async\" width=\"600\" height=\"374\" src=\"https:\/\/elcanillita.info\/press\/images\/2022\/04\/macronII.jpg\" alt=\"\" class=\"wp-image-2441\" srcset=\"https:\/\/elcanillita.info\/press\/images\/2022\/04\/macronII.jpg 600w, https:\/\/elcanillita.info\/press\/images\/2022\/04\/macronII-300x187.jpg 300w\" sizes=\"auto, (max-width: 600px) 100vw, 600px\" \/><figcaption>Emmanuel Macron se reuni\u00f3 con Vladimir Putin   para mantener conversaciones para encontrar un terreno com\u00fan sobre Ucrania y la OTAN en febrero, justo antes de que comenzara la invasi\u00f3n rusa   <\/figcaption><\/figure><\/div>\n\n\n\n<p class=\"has-text-align-left\"><strong>Enfoque suave,  de la reforma interna<\/strong><\/p>\n\n\n\n<p>En el plano interno, se espera que Macron act\u00fae con cautela en las pr\u00f3ximas semanas, antes de las elecciones legislativas de junio, en las que, seg\u00fan los analistas, podr\u00eda tener dificultades para asegurarse una mayor\u00eda parlamentaria frente a los florecientes sectores de la izquierda dura y los nacionalistas.<\/p>\n\n\n\n<p>En primer lugar, tiene que elegir un nuevo gobierno y un primer ministro, al que prometi\u00f3 la semana pasada que se encargar\u00eda de la &#8220;planificaci\u00f3n medioambiental&#8221;, una concesi\u00f3n a los verdes y a la izquierda dura.<br>El coste de la vida<\/p>\n\n\n\n<p>Con el aumento del coste de la vida como eje central de la campa\u00f1a presidencial, Macron ha prometido apresurarse a adoptar una serie de medidas apaciguadoras para demostrar que no es el arrogante &#8220;presidente de los ricos&#8221; que dicen sus rivales.<\/p>\n\n\n\n<p>Mantendr\u00e1 un tope en los precios del gas y la electricidad y suavizar\u00e1 el aumento de los precios de la gasolina con subvenciones. La semana pasada prometi\u00f3 aprobar antes del verano una &#8220;ley de poder adquisitivo&#8221; especial que indexe las pensiones estatales a la inflaci\u00f3n -que se sit\u00faa en torno al 4%- o que rebaje las cargas sociales de los trabajadores aut\u00f3nomos.<\/p>\n\n\n\n<p>Otro edulcorante ser\u00e1 obligar a las empresas con buenos resultados a pagar un &#8220;dividendo a los empleados&#8221; en forma de acciones o una bonificaci\u00f3n libre de impuestos de hasta 6.000 euros. Tambi\u00e9n ha prometido aumentar el sueldo de los funcionarios y subir las pensiones m\u00ednimas.<br><strong><br>Medio ambiente<\/strong><br>Macron quiere convertir a Francia en el primer gran pa\u00eds que deje de utilizar carb\u00f3n y gas, y se ha comprometido a construir seis nuevas centrales nucleares para a\u00f1adirlas al mix energ\u00e9tico de Francia, que es del 75%, y a potenciar masivamente la energ\u00eda e\u00f3lica y solar en alta mar.<br><strong><br>Reforma de las pensiones<\/strong><br>A continuaci\u00f3n, el Presidente se centrar\u00e1 en la que probablemente sea su reforma m\u00e1s controvertida: elevar la edad oficial de jubilaci\u00f3n de los 62 a los 65 a\u00f1os en 2031. Ya ha prometido un posible margen de maniobra e incluso un refer\u00e9ndum sobre los cambios.<\/p>\n\n\n\n<p>En su primer mandato, su plan de reforma de las pensiones para eliminar los innumerables &#8220;reg\u00edmenes especiales de pensiones&#8221; que permit\u00edan a los ferroviarios y otros trabajadores jubilarse a partir de los 55 a\u00f1os provoc\u00f3 la huelga m\u00e1s larga del sector p\u00fablico desde 1968 y fue desechado.<br><br><strong>Sanidad y educaci\u00f3n<\/strong><br>Dado que los llamados desiertos sanitarios en las zonas rurales de Francia son un tema importante en las elecciones, Macron quiere contratar a otros 50.000 enfermeros y cuidadores para 2027.<\/p>\n\n\n\n<p>Tambi\u00e9n quiere impulsar la formaci\u00f3n profesional, con un aumento del 50% de las pr\u00e1cticas remuneradas. Todas las escuelas ofrecer\u00e1n m\u00e1s actividades deportivas, de modo que todos los ni\u00f1os de 6 a 12 a\u00f1os disfruten de 30 minutos de deporte al d\u00eda a partir de septiembre.<br><\/p>\n\n\n\n<div class=\"wp-block-image\"><figure class=\"alignleft size-full\"><img loading=\"lazy\" decoding=\"async\" width=\"600\" height=\"377\" src=\"https:\/\/elcanillita.info\/press\/images\/2022\/04\/macronIII-1.jpg\" alt=\"\" class=\"wp-image-2442\" srcset=\"https:\/\/elcanillita.info\/press\/images\/2022\/04\/macronIII-1.jpg 600w, https:\/\/elcanillita.info\/press\/images\/2022\/04\/macronIII-1-300x189.jpg 300w\" sizes=\"auto, (max-width: 600px) 100vw, 600px\" \/><figcaption>Un manifestante sostiene un cartel que dice &#8220;ni Le Pen ni Macron&#8221;. &#8220;Solidaridad con todos los refugiados&#8221;<\/figcaption><\/figure><\/div>\n\n\n\n<p class=\"has-text-align-left\"> Macron tambi\u00e9n ha prometido una democracia m\u00e1s participativa, incluyendo lo que llam\u00f3 un &#8220;nuevo gran debate permanente&#8221; -como el que lanz\u00f3 tras la revuelta de los &#8220;chalecos amarillos&#8221; de 2018- para involucrar a los ciudadanos m\u00e1s estrechamente con las decisiones pol\u00edticas locales en particular, en un enfoque resumido por su lema de campa\u00f1a &#8220;Avec Vous&#8221; (Contigo). Queda por ver si su promesa de esa &#8220;renovaci\u00f3n total&#8221; es solo palabrer\u00eda.<br><br><small>Copyright \u00a9 2022 ElCanillita.info \/ DC24.News &#8211; PanPress.eu \/ SalaStampa.eu<\/small><\/p>\n","protected":false},"excerpt":{"rendered":"<p>Los sondeos a pie de urna hab\u00edan pronosticado que se convertir\u00eda en el primer presidente franc\u00e9s en ganar un segundo mandato en 20 a\u00f1os.<\/p>\n","protected":false},"author":1,"featured_media":2443,"comment_status":"closed","ping_status":"closed","sticky":false,"template":"","format":"standard","meta":{"footnotes":"","_links_to":"","_links_to_target":""},"categories":[70,5,23],"tags":[80],"class_list":["post-2439","post","type-post","status-publish","format-standard","has-post-thumbnail","hentry","category-actualidad","category-europa","category-politica","tag-francia","entry","double"],"yoast_head":"<!-- This site is optimized with the Yoast SEO plugin v27.4 - https:\/\/yoast.com\/product\/yoast-seo-wordpress\/ -->\n<title>\u00bfQu\u00e9 tiene Emmanuel Macron en la bandeja de entrada de Francia? - ElCanillita.Info<\/title>\n<meta name=\"robots\" content=\"index, follow, max-snippet:-1, max-image-preview:large, max-video-preview:-1\" \/>\n<link rel=\"canonical\" href=\"https:\/\/elcanillita.info\/press\/2022\/04\/26\/que-tiene-emmanuel-macron-en-la-bandeja-de-entrada-de-francia\/\" \/>\n<meta property=\"og:locale\" content=\"es_ES\" \/>\n<meta property=\"og:type\" content=\"article\" \/>\n<meta property=\"og:title\" content=\"\u00bfQu\u00e9 tiene Emmanuel Macron en la bandeja de entrada de Francia? - ElCanillita.Info\" \/>\n<meta property=\"og:description\" content=\"Los sondeos a pie de urna hab\u00edan pronosticado que se convertir\u00eda en el primer presidente franc\u00e9s en ganar un segundo mandato en 20 a\u00f1os.\" \/>\n<meta property=\"og:url\" content=\"https:\/\/elcanillita.info\/press\/2022\/04\/26\/que-tiene-emmanuel-macron-en-la-bandeja-de-entrada-de-francia\/\" \/>\n<meta property=\"og:site_name\" content=\"ElCanillita.Info\" \/>\n<meta property=\"article:publisher\" content=\"https:\/\/ar-ar.facebook.com\/ElCanillitainfo-114249515285712\/\" \/>\n<meta property=\"article:published_time\" content=\"2022-04-26T23:43:38+00:00\" \/>\n<meta property=\"article:modified_time\" content=\"2022-04-26T23:45:14+00:00\" \/>\n<meta property=\"og:image\" content=\"https:\/\/elcanillita.info\/press\/images\/2022\/04\/macron.jpg\" \/>\n\t<meta property=\"og:image:width\" content=\"600\" \/>\n\t<meta property=\"og:image:height\" content=\"400\" \/>\n\t<meta property=\"og:image:type\" content=\"image\/jpeg\" \/>\n<meta name=\"author\" content=\"SalaStampa.eu, world press service\" \/>\n<meta name=\"twitter:card\" content=\"summary_large_image\" \/>\n<meta name=\"twitter:label1\" content=\"Escrito por\" \/>\n\t<meta name=\"twitter:data1\" content=\"SalaStampa.eu, world press service\" \/>\n\t<meta name=\"twitter:label2\" content=\"Tiempo de lectura\" \/>\n\t<meta name=\"twitter:data2\" content=\"5 minutos\" \/>\n<script type=\"application\/ld+json\" class=\"yoast-schema-graph\">{\"@context\":\"https:\\\/\\\/schema.org\",\"@graph\":[{\"@type\":\"Article\",\"@id\":\"https:\\\/\\\/elcanillita.info\\\/press\\\/2022\\\/04\\\/26\\\/que-tiene-emmanuel-macron-en-la-bandeja-de-entrada-de-francia\\\/#article\",\"isPartOf\":{\"@id\":\"https:\\\/\\\/elcanillita.info\\\/press\\\/2022\\\/04\\\/26\\\/que-tiene-emmanuel-macron-en-la-bandeja-de-entrada-de-francia\\\/\"},\"author\":{\"name\":\"SalaStampa.eu, world press service\",\"@id\":\"https:\\\/\\\/elcanillita.info\\\/press\\\/#\\\/schema\\\/person\\\/7fcb79f38045700919f7da6d97e71ba0\"},\"headline\":\"\u00bfQu\u00e9 tiene Emmanuel Macron en la bandeja de entrada de Francia?\",\"datePublished\":\"2022-04-26T23:43:38+00:00\",\"dateModified\":\"2022-04-26T23:45:14+00:00\",\"mainEntityOfPage\":{\"@id\":\"https:\\\/\\\/elcanillita.info\\\/press\\\/2022\\\/04\\\/26\\\/que-tiene-emmanuel-macron-en-la-bandeja-de-entrada-de-francia\\\/\"},\"wordCount\":1035,\"publisher\":{\"@id\":\"https:\\\/\\\/elcanillita.info\\\/press\\\/#organization\"},\"image\":{\"@id\":\"https:\\\/\\\/elcanillita.info\\\/press\\\/2022\\\/04\\\/26\\\/que-tiene-emmanuel-macron-en-la-bandeja-de-entrada-de-francia\\\/#primaryimage\"},\"thumbnailUrl\":\"https:\\\/\\\/elcanillita.info\\\/press\\\/images\\\/2022\\\/04\\\/macron.jpg\",\"keywords\":[\"Francia\"],\"articleSection\":[\"Actualidad\",\"Europa\",\"Politica\"],\"inLanguage\":\"es-AR\"},{\"@type\":\"WebPage\",\"@id\":\"https:\\\/\\\/elcanillita.info\\\/press\\\/2022\\\/04\\\/26\\\/que-tiene-emmanuel-macron-en-la-bandeja-de-entrada-de-francia\\\/\",\"url\":\"https:\\\/\\\/elcanillita.info\\\/press\\\/2022\\\/04\\\/26\\\/que-tiene-emmanuel-macron-en-la-bandeja-de-entrada-de-francia\\\/\",\"name\":\"\u00bfQu\u00e9 tiene Emmanuel Macron en la bandeja de entrada de Francia? - ElCanillita.Info\",\"isPartOf\":{\"@id\":\"https:\\\/\\\/elcanillita.info\\\/press\\\/#website\"},\"primaryImageOfPage\":{\"@id\":\"https:\\\/\\\/elcanillita.info\\\/press\\\/2022\\\/04\\\/26\\\/que-tiene-emmanuel-macron-en-la-bandeja-de-entrada-de-francia\\\/#primaryimage\"},\"image\":{\"@id\":\"https:\\\/\\\/elcanillita.info\\\/press\\\/2022\\\/04\\\/26\\\/que-tiene-emmanuel-macron-en-la-bandeja-de-entrada-de-francia\\\/#primaryimage\"},\"thumbnailUrl\":\"https:\\\/\\\/elcanillita.info\\\/press\\\/images\\\/2022\\\/04\\\/macron.jpg\",\"datePublished\":\"2022-04-26T23:43:38+00:00\",\"dateModified\":\"2022-04-26T23:45:14+00:00\",\"inLanguage\":\"es-AR\",\"potentialAction\":[{\"@type\":\"ReadAction\",\"target\":[\"https:\\\/\\\/elcanillita.info\\\/press\\\/2022\\\/04\\\/26\\\/que-tiene-emmanuel-macron-en-la-bandeja-de-entrada-de-francia\\\/\"]}]},{\"@type\":\"ImageObject\",\"inLanguage\":\"es-AR\",\"@id\":\"https:\\\/\\\/elcanillita.info\\\/press\\\/2022\\\/04\\\/26\\\/que-tiene-emmanuel-macron-en-la-bandeja-de-entrada-de-francia\\\/#primaryimage\",\"url\":\"https:\\\/\\\/elcanillita.info\\\/press\\\/images\\\/2022\\\/04\\\/macron.jpg\",\"contentUrl\":\"https:\\\/\\\/elcanillita.info\\\/press\\\/images\\\/2022\\\/04\\\/macron.jpg\",\"width\":600,\"height\":400},{\"@type\":\"WebSite\",\"@id\":\"https:\\\/\\\/elcanillita.info\\\/press\\\/#website\",\"url\":\"https:\\\/\\\/elcanillita.info\\\/press\\\/\",\"name\":\"ElCanillita.Info\",\"description\":\"desde los Apeninos a los Andes\",\"publisher\":{\"@id\":\"https:\\\/\\\/elcanillita.info\\\/press\\\/#organization\"},\"potentialAction\":[{\"@type\":\"SearchAction\",\"target\":{\"@type\":\"EntryPoint\",\"urlTemplate\":\"https:\\\/\\\/elcanillita.info\\\/press\\\/?s={search_term_string}\"},\"query-input\":{\"@type\":\"PropertyValueSpecification\",\"valueRequired\":true,\"valueName\":\"search_term_string\"}}],\"inLanguage\":\"es-AR\"},{\"@type\":\"Organization\",\"@id\":\"https:\\\/\\\/elcanillita.info\\\/press\\\/#organization\",\"name\":\"Guzzo Photos & Graphic Publications\",\"url\":\"https:\\\/\\\/elcanillita.info\\\/press\\\/\",\"logo\":{\"@type\":\"ImageObject\",\"inLanguage\":\"es-AR\",\"@id\":\"https:\\\/\\\/elcanillita.info\\\/press\\\/#\\\/schema\\\/logo\\\/image\\\/\",\"url\":\"https:\\\/\\\/elcanillita.info\\\/press\\\/images\\\/2020\\\/01\\\/cropped-cropped-cropped-elcanillitainfo.png\",\"contentUrl\":\"https:\\\/\\\/elcanillita.info\\\/press\\\/images\\\/2020\\\/01\\\/cropped-cropped-cropped-elcanillitainfo.png\",\"width\":460,\"height\":50,\"caption\":\"Guzzo Photos & Graphic Publications\"},\"image\":{\"@id\":\"https:\\\/\\\/elcanillita.info\\\/press\\\/#\\\/schema\\\/logo\\\/image\\\/\"},\"sameAs\":[\"https:\\\/\\\/ar-ar.facebook.com\\\/ElCanillitainfo-114249515285712\\\/\"]},{\"@type\":\"Person\",\"@id\":\"https:\\\/\\\/elcanillita.info\\\/press\\\/#\\\/schema\\\/person\\\/7fcb79f38045700919f7da6d97e71ba0\",\"name\":\"SalaStampa.eu, world press service\",\"image\":{\"@type\":\"ImageObject\",\"inLanguage\":\"es-AR\",\"@id\":\"https:\\\/\\\/secure.gravatar.com\\\/avatar\\\/c2f0e0d515a107624234994507816ca4724c7199cef73fc8bedebf6931d73888?s=96&d=mm&r=g\",\"url\":\"https:\\\/\\\/secure.gravatar.com\\\/avatar\\\/c2f0e0d515a107624234994507816ca4724c7199cef73fc8bedebf6931d73888?s=96&d=mm&r=g\",\"contentUrl\":\"https:\\\/\\\/secure.gravatar.com\\\/avatar\\\/c2f0e0d515a107624234994507816ca4724c7199cef73fc8bedebf6931d73888?s=96&d=mm&r=g\",\"caption\":\"SalaStampa.eu, world press service\"}}]}<\/script>\n<!-- \/ Yoast SEO plugin. -->","yoast_head_json":{"title":"\u00bfQu\u00e9 tiene Emmanuel Macron en la bandeja de entrada de Francia? - ElCanillita.Info","robots":{"index":"index","follow":"follow","max-snippet":"max-snippet:-1","max-image-preview":"max-image-preview:large","max-video-preview":"max-video-preview:-1"},"canonical":"https:\/\/elcanillita.info\/press\/2022\/04\/26\/que-tiene-emmanuel-macron-en-la-bandeja-de-entrada-de-francia\/","og_locale":"es_ES","og_type":"article","og_title":"\u00bfQu\u00e9 tiene Emmanuel Macron en la bandeja de entrada de Francia? - ElCanillita.Info","og_description":"Los sondeos a pie de urna hab\u00edan pronosticado que se convertir\u00eda en el primer presidente franc\u00e9s en ganar un segundo mandato en 20 a\u00f1os.","og_url":"https:\/\/elcanillita.info\/press\/2022\/04\/26\/que-tiene-emmanuel-macron-en-la-bandeja-de-entrada-de-francia\/","og_site_name":"ElCanillita.Info","article_publisher":"https:\/\/ar-ar.facebook.com\/ElCanillitainfo-114249515285712\/","article_published_time":"2022-04-26T23:43:38+00:00","article_modified_time":"2022-04-26T23:45:14+00:00","og_image":[{"width":600,"height":400,"url":"https:\/\/elcanillita.info\/press\/images\/2022\/04\/macron.jpg","type":"image\/jpeg"}],"author":"SalaStampa.eu, world press service","twitter_card":"summary_large_image","twitter_misc":{"Escrito por":"SalaStampa.eu, world press service","Tiempo de lectura":"5 minutos"},"schema":{"@context":"https:\/\/schema.org","@graph":[{"@type":"Article","@id":"https:\/\/elcanillita.info\/press\/2022\/04\/26\/que-tiene-emmanuel-macron-en-la-bandeja-de-entrada-de-francia\/#article","isPartOf":{"@id":"https:\/\/elcanillita.info\/press\/2022\/04\/26\/que-tiene-emmanuel-macron-en-la-bandeja-de-entrada-de-francia\/"},"author":{"name":"SalaStampa.eu, world press service","@id":"https:\/\/elcanillita.info\/press\/#\/schema\/person\/7fcb79f38045700919f7da6d97e71ba0"},"headline":"\u00bfQu\u00e9 tiene Emmanuel Macron en la bandeja de entrada de Francia?","datePublished":"2022-04-26T23:43:38+00:00","dateModified":"2022-04-26T23:45:14+00:00","mainEntityOfPage":{"@id":"https:\/\/elcanillita.info\/press\/2022\/04\/26\/que-tiene-emmanuel-macron-en-la-bandeja-de-entrada-de-francia\/"},"wordCount":1035,"publisher":{"@id":"https:\/\/elcanillita.info\/press\/#organization"},"image":{"@id":"https:\/\/elcanillita.info\/press\/2022\/04\/26\/que-tiene-emmanuel-macron-en-la-bandeja-de-entrada-de-francia\/#primaryimage"},"thumbnailUrl":"https:\/\/elcanillita.info\/press\/images\/2022\/04\/macron.jpg","keywords":["Francia"],"articleSection":["Actualidad","Europa","Politica"],"inLanguage":"es-AR"},{"@type":"WebPage","@id":"https:\/\/elcanillita.info\/press\/2022\/04\/26\/que-tiene-emmanuel-macron-en-la-bandeja-de-entrada-de-francia\/","url":"https:\/\/elcanillita.info\/press\/2022\/04\/26\/que-tiene-emmanuel-macron-en-la-bandeja-de-entrada-de-francia\/","name":"\u00bfQu\u00e9 tiene Emmanuel Macron en la bandeja de entrada de Francia? - ElCanillita.Info","isPartOf":{"@id":"https:\/\/elcanillita.info\/press\/#website"},"primaryImageOfPage":{"@id":"https:\/\/elcanillita.info\/press\/2022\/04\/26\/que-tiene-emmanuel-macron-en-la-bandeja-de-entrada-de-francia\/#primaryimage"},"image":{"@id":"https:\/\/elcanillita.info\/press\/2022\/04\/26\/que-tiene-emmanuel-macron-en-la-bandeja-de-entrada-de-francia\/#primaryimage"},"thumbnailUrl":"https:\/\/elcanillita.info\/press\/images\/2022\/04\/macron.jpg","datePublished":"2022-04-26T23:43:38+00:00","dateModified":"2022-04-26T23:45:14+00:00","inLanguage":"es-AR","potentialAction":[{"@type":"ReadAction","target":["https:\/\/elcanillita.info\/press\/2022\/04\/26\/que-tiene-emmanuel-macron-en-la-bandeja-de-entrada-de-francia\/"]}]},{"@type":"ImageObject","inLanguage":"es-AR","@id":"https:\/\/elcanillita.info\/press\/2022\/04\/26\/que-tiene-emmanuel-macron-en-la-bandeja-de-entrada-de-francia\/#primaryimage","url":"https:\/\/elcanillita.info\/press\/images\/2022\/04\/macron.jpg","contentUrl":"https:\/\/elcanillita.info\/press\/images\/2022\/04\/macron.jpg","width":600,"height":400},{"@type":"WebSite","@id":"https:\/\/elcanillita.info\/press\/#website","url":"https:\/\/elcanillita.info\/press\/","name":"ElCanillita.Info","description":"desde los Apeninos a los Andes","publisher":{"@id":"https:\/\/elcanillita.info\/press\/#organization"},"potentialAction":[{"@type":"SearchAction","target":{"@type":"EntryPoint","urlTemplate":"https:\/\/elcanillita.info\/press\/?s={search_term_string}"},"query-input":{"@type":"PropertyValueSpecification","valueRequired":true,"valueName":"search_term_string"}}],"inLanguage":"es-AR"},{"@type":"Organization","@id":"https:\/\/elcanillita.info\/press\/#organization","name":"Guzzo Photos & Graphic Publications","url":"https:\/\/elcanillita.info\/press\/","logo":{"@type":"ImageObject","inLanguage":"es-AR","@id":"https:\/\/elcanillita.info\/press\/#\/schema\/logo\/image\/","url":"https:\/\/elcanillita.info\/press\/images\/2020\/01\/cropped-cropped-cropped-elcanillitainfo.png","contentUrl":"https:\/\/elcanillita.info\/press\/images\/2020\/01\/cropped-cropped-cropped-elcanillitainfo.png","width":460,"height":50,"caption":"Guzzo Photos & Graphic Publications"},"image":{"@id":"https:\/\/elcanillita.info\/press\/#\/schema\/logo\/image\/"},"sameAs":["https:\/\/ar-ar.facebook.com\/ElCanillitainfo-114249515285712\/"]},{"@type":"Person","@id":"https:\/\/elcanillita.info\/press\/#\/schema\/person\/7fcb79f38045700919f7da6d97e71ba0","name":"SalaStampa.eu, world press service","image":{"@type":"ImageObject","inLanguage":"es-AR","@id":"https:\/\/secure.gravatar.com\/avatar\/c2f0e0d515a107624234994507816ca4724c7199cef73fc8bedebf6931d73888?s=96&d=mm&r=g","url":"https:\/\/secure.gravatar.com\/avatar\/c2f0e0d515a107624234994507816ca4724c7199cef73fc8bedebf6931d73888?s=96&d=mm&r=g","contentUrl":"https:\/\/secure.gravatar.com\/avatar\/c2f0e0d515a107624234994507816ca4724c7199cef73fc8bedebf6931d73888?s=96&d=mm&r=g","caption":"SalaStampa.eu, world press service"}}]}},"views":518,"_links":{"self":[{"href":"https:\/\/elcanillita.info\/press\/wp-json\/wp\/v2\/posts\/2439","targetHints":{"allow":["GET"]}}],"collection":[{"href":"https:\/\/elcanillita.info\/press\/wp-json\/wp\/v2\/posts"}],"about":[{"href":"https:\/\/elcanillita.info\/press\/wp-json\/wp\/v2\/types\/post"}],"author":[{"embeddable":true,"href":"https:\/\/elcanillita.info\/press\/wp-json\/wp\/v2\/users\/1"}],"replies":[{"embeddable":true,"href":"https:\/\/elcanillita.info\/press\/wp-json\/wp\/v2\/comments?post=2439"}],"version-history":[{"count":0,"href":"https:\/\/elcanillita.info\/press\/wp-json\/wp\/v2\/posts\/2439\/revisions"}],"wp:featuredmedia":[{"embeddable":true,"href":"https:\/\/elcanillita.info\/press\/wp-json\/wp\/v2\/media\/2443"}],"wp:attachment":[{"href":"https:\/\/elcanillita.info\/press\/wp-json\/wp\/v2\/media?parent=2439"}],"wp:term":[{"taxonomy":"category","embeddable":true,"href":"https:\/\/elcanillita.info\/press\/wp-json\/wp\/v2\/categories?post=2439"},{"taxonomy":"post_tag","embeddable":true,"href":"https:\/\/elcanillita.info\/press\/wp-json\/wp\/v2\/tags?post=2439"}],"curies":[{"name":"wp","href":"https:\/\/api.w.org\/{rel}","templated":true}]}}