{"id":2407,"date":"2022-04-21T17:08:34","date_gmt":"2022-04-21T20:08:34","guid":{"rendered":"https:\/\/elcanillita.info\/press\/?p=2407"},"modified":"2022-04-21T17:08:35","modified_gmt":"2022-04-21T20:08:35","slug":"la-prueba-de-un-misil-alimenta-los-temores-de-una-guerra-nuclear","status":"publish","type":"post","link":"https:\/\/elcanillita.info\/press\/2022\/04\/21\/la-prueba-de-un-misil-alimenta-los-temores-de-una-guerra-nuclear\/","title":{"rendered":"La prueba de un misil alimenta los temores de una guerra nuclear"},"content":{"rendered":"\n<div class=\"wp-block-image\"><figure class=\"alignleft size-full\"><img loading=\"lazy\" decoding=\"async\" width=\"600\" height=\"400\" src=\"https:\/\/elcanillita.info\/press\/images\/2022\/04\/putin.jpg\" alt=\"\" class=\"wp-image-2409\" srcset=\"https:\/\/elcanillita.info\/press\/images\/2022\/04\/putin.jpg 600w, https:\/\/elcanillita.info\/press\/images\/2022\/04\/putin-300x200.jpg 300w\" sizes=\"auto, (max-width: 600px) 100vw, 600px\" \/><figcaption>Vladimir Putin observa el lanzamiento de prueba del misil Sarmat por videoconferencia en el Kremlin<\/figcaption><\/figure><\/div>\n\n\n\n<p>Desde la comodidad de su despacho en el Kremlin, Vladimir Putin observ\u00f3 la trayectoria de un misil bal\u00edstico intercontinental ruso Sarmat que finalmente se estrell\u00f3 el mi\u00e9rcoles contra un objetivo en la lejana pen\u00ednsula rusa de Kamchatka, a casi 8.000 kil\u00f3metros de distancia.<\/p>\n\n\n\n<p>Tras la primera fase de la guerra en Ucrania, el presidente de la Federaci\u00f3n Rusa se despreocup\u00f3 de los recientes fracasos militares y aplaudi\u00f3 a los ingenieros del arma por sus &#8220;logros en nombre de la patria&#8221;.<\/p>\n\n\n\n<p>En una conferencia telef\u00f3nica con los l\u00edderes militares, incluido el ministro de Defensa, Sergei Shoigu, fue filmado un v\u00eddeo de propaganda del Kremlin mientras el cohete sal\u00eda de un silo subterr\u00e1neo cubierto de nieve.<\/p>\n\n\n\n<p>Era la primera vez que Putin y Shoigu aparec\u00edan juntos en p\u00fablico, despu\u00e9s de que se afirmara que el jefe de Defensa hab\u00eda sido marginado de la supervisi\u00f3n de la guerra en Ucrania.<\/p>\n\n\n\n<p>&#8220;Se trata de un gran y significativo acontecimiento en el desarrollo de sistemas de armas avanzados del ej\u00e9rcito ruso&#8221;, presumi\u00f3 Putin en un discurso dirigido a los observadores occidentales. &#8220;El nuevo complejo tiene las m\u00e1s altas caracter\u00edsticas t\u00e1cticas y t\u00e9cnicas y es capaz de superar todos los medios modernos de defensa antimisiles&#8221;.<\/p>\n\n\n\n<p>El presidente ruso no hab\u00eda ocultado el lanzamiento previsto, del que el Pent\u00e1gono dijo haber sido debidamente notificado.<\/p>\n\n\n\n<p>A la pregunta de si esto estimular\u00eda a EE.UU. a acelerar las pruebas de sus propios misiles bal\u00edsticos intercontinentales, Jen Psaki, portavoz de la Casa Blanca, dijo: &#8220;Eso no es algo que preveamos.<\/p>\n\n\n\n<p>&#8220;El momento y el alcance de las pruebas de misiles de Rusia no influyen en nuestro enfoque para contrarrestar la nueva invasi\u00f3n de Rusia en Ucrania. As\u00ed que fue advertido a trav\u00e9s de un proceso apropiado y el departamento de defensa ha hablado de esto tambi\u00e9n&#8221;.<\/p>\n\n\n\n<p>Los planes para el dise\u00f1o del misil Sarmat -o Satan II-, que no se espera que se despliegue hasta al menos finales de a\u00f1o, se revelaron por primera vez en un foro militar en 2019.<\/p>\n\n\n\n<p>Se dice que es capaz de evadir los sistemas de defensa antimisiles debido a su corta fase inicial de refuerzo, dando a la vigilancia energ\u00e9tica s\u00f3lo una peque\u00f1a ventana para poder rastrearlo.<\/p>\n\n\n\n<p>Es posible que el arma haya sido disparada desde el cosm\u00f3dromo de Plesetsk, que est\u00e1 cerca de la frontera con Finlandia y que se utiliza a menudo en la propaganda del Kremlin, pero podria haber sido lanzado m\u00e1s al este.<\/p>\n\n\n\n<p>Fue dise\u00f1ado con la intenci\u00f3n de sustituir al misil Voevoda de la era sovi\u00e9tica, cuyo nombre en clave era Sat\u00e1n, denominaci\u00f3n dada por los gobiernos occidentales.<\/p>\n\n\n\n<p>El lanzamiento har\u00e1 aumentar la ansiedad de los l\u00edderes mundiales, que temen que un Putin cada vez m\u00e1s desesperado, que ha sufrido numerosos reveses en Ucrania, pueda utilizar un arma nuclear t\u00e1ctica para cambiar las tornas del conflicto.<\/p>\n\n\n\n<p>Al lanzar su invasi\u00f3n de Ucrania el 24 de febrero, hizo referencia a su arsenal de armas nucleares y advirti\u00f3 a Occidente de que cualquier intento de intervenci\u00f3n &#8220;os llevar\u00e1 a consecuencias como nunca hab\u00e9is encontrado en vuestra historia&#8221;.<\/p>\n\n\n\n<p>D\u00edas despu\u00e9s, puso en alerta m\u00e1xima las fuerzas nucleares rusas, cuyo n\u00facleo est\u00e1 compuesto por misiles bal\u00edsticos intercontinentales como el Sarmat.<\/p>\n\n\n\n<p>Los analistas occidentales dijeron que la \u00faltima salva de Putin era muy simb\u00f3lica, pero que demostraba su &#8220;debilidad&#8221;, sus &#8220;inseguridades&#8221; y sus &#8220;frustraciones&#8221; con la guerra en Ucrania.<\/p>\n\n\n\n<p>Sin embargo, los medios de comunicaci\u00f3n afines al Kremlin lo elogiaron como una clara se\u00f1al de que Mosc\u00fa es capaz de &#8220;una represalia aplastante que pondr\u00e1 fin a la historia de cualquier pa\u00eds que haya invadido la seguridad de Rusia y de su pueblo&#8221;.<\/p>\n\n\n\n<p>Justin Crump, de Sibylline, una empresa de inteligencia y riesgo geopol\u00edtico, dijo: &#8220;El hecho es que la ret\u00f3rica nuclear es en realidad m\u00e1s o menos la \u00faltima arma que le queda al Kremlin en este momento, por lo que, en otros sentidos, esta \u00faltima prueba es de hecho una nueva se\u00f1al de debilidad&#8221;.<\/p>\n\n\n\n<p>&#8220;La carta nuclear es la \u00faltima que tiene, pero est\u00e1 apostando a que puede ser un triunfo que ayude a frenar el flujo de apoyo entusiasta a Ucrania, y haga que suecos y finlandeses lo piensen dos veces. En esto, como en tantas otras cosas ocurridas \u00faltimamente, es probable que se equivoque&#8221;.<\/p>\n\n\n\n<p>Jim Townsend, ex subsecretario de Defensa para la pol\u00edtica europea y de la OTAN de Estados Unidos, dijo: &#8220;Este tipo de cosas nunca se hacen por casualidad.<\/p>\n\n\n\n<p>&#8220;Rusia est\u00e1 intentando amedrentar el mundo y dar un peque\u00f1o empuj\u00f3n a todos. No creo que sea una se\u00f1al de que est\u00e9n contemplando utilizar una salva de esas. Creo que es una se\u00f1al de que son grandes y malos. Es una se\u00f1al de su frustraci\u00f3n, una se\u00f1al de su inseguridad, m\u00e1s que una advertencia de que esto va a estar en nuestro futuro&#8221;.<\/p>\n\n\n\n<p><strong>Estados Unidos retras\u00f3 una prueba similar de su misil Minuteman III el mes pasado para evitar aumentar las tensiones con Rusia.<\/strong><\/p>\n\n\n\n<p>&#8220;EE.UU. lo pospuso para que no hubiera malentendidos de la otra parte. Y aqu\u00ed los rusos se adelantan y lo hacen&#8221;, dijo el Sr. Townsend. &#8220;Un disparo como \u00e9ste es una cosa, pero si hay otro planeado de forma consecutiva ser\u00eda una se\u00f1al mucho m\u00e1s amenazante. Creo que esto es algo \u00fanico&#8221;.<\/p>\n\n\n\n<p>Jack Watling, del grupo Royal United Services Institute &#8211; RUSI, dijo que el lanzamiento ten\u00eda m\u00e1s que ver con la postura ante Occidente y el simbolismo del pr\u00f3ximo 9 de Mayo, desfile del D\u00eda de la Victoria, durante el cual Rusia muestra su \u00faltimo armamento.<\/p>\n\n\n\n<p>&#8220;El test del misil bal\u00edstico refleja que los rusos quieren tener algo que mostrar como un logro tecnol\u00f3gico en el per\u00edodo previo al D\u00eda de la Victoria, en un momento en el que gran parte de su tecnolog\u00eda no ha dado los resultados que hubieran deseado en Ucrania&#8221;, a\u00f1adi\u00f3.<br><br><small>Copyright \u00a9 2022 ElCanillita.info &#8211; DC24.News &#8211; PanPress.eu \/ SalaStampa.eu &#8211; Derechos reservados<\/small><\/p>\n","protected":false},"excerpt":{"rendered":"<p>El l\u00edder ruso aclama el arma bal\u00edstica intercontinental &#8220;Sat\u00e1n II&#8221; como un glorioso paso adelante para la &#8220;Madre Patria&#8221;.<\/p>\n","protected":false},"author":1,"featured_media":2408,"comment_status":"closed","ping_status":"closed","sticky":false,"template":"","format":"standard","meta":{"footnotes":"","_links_to":"","_links_to_target":""},"categories":[70,7],"tags":[49],"class_list":["post-2407","post","type-post","status-publish","format-standard","has-post-thumbnail","hentry","category-actualidad","category-eurasia","tag-rusia","entry","double"],"yoast_head":"<!-- This site is optimized with the Yoast SEO plugin v27.4 - https:\/\/yoast.com\/product\/yoast-seo-wordpress\/ -->\n<title>La prueba de un misil alimenta los temores de una guerra nuclear - ElCanillita.Info<\/title>\n<meta name=\"robots\" content=\"index, follow, max-snippet:-1, max-image-preview:large, max-video-preview:-1\" \/>\n<link rel=\"canonical\" href=\"https:\/\/elcanillita.info\/press\/2022\/04\/21\/la-prueba-de-un-misil-alimenta-los-temores-de-una-guerra-nuclear\/\" \/>\n<meta property=\"og:locale\" content=\"es_ES\" \/>\n<meta property=\"og:type\" content=\"article\" \/>\n<meta property=\"og:title\" content=\"La prueba de un misil alimenta los temores de una guerra nuclear - ElCanillita.Info\" \/>\n<meta property=\"og:description\" content=\"El l\u00edder ruso aclama el arma bal\u00edstica intercontinental &quot;Sat\u00e1n II&quot; como un glorioso paso adelante para la &quot;Madre Patria&quot;.\" \/>\n<meta property=\"og:url\" content=\"https:\/\/elcanillita.info\/press\/2022\/04\/21\/la-prueba-de-un-misil-alimenta-los-temores-de-una-guerra-nuclear\/\" \/>\n<meta property=\"og:site_name\" content=\"ElCanillita.Info\" \/>\n<meta property=\"article:publisher\" content=\"https:\/\/ar-ar.facebook.com\/ElCanillitainfo-114249515285712\/\" \/>\n<meta property=\"article:published_time\" content=\"2022-04-21T20:08:34+00:00\" \/>\n<meta property=\"article:modified_time\" content=\"2022-04-21T20:08:35+00:00\" \/>\n<meta property=\"og:image\" content=\"https:\/\/elcanillita.info\/press\/images\/2022\/04\/misil.jpg\" \/>\n\t<meta property=\"og:image:width\" content=\"600\" \/>\n\t<meta property=\"og:image:height\" content=\"400\" \/>\n\t<meta property=\"og:image:type\" content=\"image\/jpeg\" \/>\n<meta name=\"author\" content=\"SalaStampa.eu, world press service\" \/>\n<meta name=\"twitter:card\" content=\"summary_large_image\" \/>\n<meta name=\"twitter:label1\" content=\"Escrito por\" \/>\n\t<meta name=\"twitter:data1\" content=\"SalaStampa.eu, world press service\" \/>\n\t<meta name=\"twitter:label2\" content=\"Tiempo de lectura\" \/>\n\t<meta name=\"twitter:data2\" content=\"5 minutos\" \/>\n<script type=\"application\/ld+json\" class=\"yoast-schema-graph\">{\"@context\":\"https:\\\/\\\/schema.org\",\"@graph\":[{\"@type\":\"Article\",\"@id\":\"https:\\\/\\\/elcanillita.info\\\/press\\\/2022\\\/04\\\/21\\\/la-prueba-de-un-misil-alimenta-los-temores-de-una-guerra-nuclear\\\/#article\",\"isPartOf\":{\"@id\":\"https:\\\/\\\/elcanillita.info\\\/press\\\/2022\\\/04\\\/21\\\/la-prueba-de-un-misil-alimenta-los-temores-de-una-guerra-nuclear\\\/\"},\"author\":{\"name\":\"SalaStampa.eu, world press service\",\"@id\":\"https:\\\/\\\/elcanillita.info\\\/press\\\/#\\\/schema\\\/person\\\/7fcb79f38045700919f7da6d97e71ba0\"},\"headline\":\"La prueba de un misil alimenta los temores de una guerra nuclear\",\"datePublished\":\"2022-04-21T20:08:34+00:00\",\"dateModified\":\"2022-04-21T20:08:35+00:00\",\"mainEntityOfPage\":{\"@id\":\"https:\\\/\\\/elcanillita.info\\\/press\\\/2022\\\/04\\\/21\\\/la-prueba-de-un-misil-alimenta-los-temores-de-una-guerra-nuclear\\\/\"},\"wordCount\":1081,\"publisher\":{\"@id\":\"https:\\\/\\\/elcanillita.info\\\/press\\\/#organization\"},\"image\":{\"@id\":\"https:\\\/\\\/elcanillita.info\\\/press\\\/2022\\\/04\\\/21\\\/la-prueba-de-un-misil-alimenta-los-temores-de-una-guerra-nuclear\\\/#primaryimage\"},\"thumbnailUrl\":\"https:\\\/\\\/elcanillita.info\\\/press\\\/images\\\/2022\\\/04\\\/misil.jpg\",\"keywords\":[\"Rusia\"],\"articleSection\":[\"Actualidad\",\"Eurasia\"],\"inLanguage\":\"es-AR\"},{\"@type\":\"WebPage\",\"@id\":\"https:\\\/\\\/elcanillita.info\\\/press\\\/2022\\\/04\\\/21\\\/la-prueba-de-un-misil-alimenta-los-temores-de-una-guerra-nuclear\\\/\",\"url\":\"https:\\\/\\\/elcanillita.info\\\/press\\\/2022\\\/04\\\/21\\\/la-prueba-de-un-misil-alimenta-los-temores-de-una-guerra-nuclear\\\/\",\"name\":\"La prueba de un misil alimenta los temores de una guerra nuclear - ElCanillita.Info\",\"isPartOf\":{\"@id\":\"https:\\\/\\\/elcanillita.info\\\/press\\\/#website\"},\"primaryImageOfPage\":{\"@id\":\"https:\\\/\\\/elcanillita.info\\\/press\\\/2022\\\/04\\\/21\\\/la-prueba-de-un-misil-alimenta-los-temores-de-una-guerra-nuclear\\\/#primaryimage\"},\"image\":{\"@id\":\"https:\\\/\\\/elcanillita.info\\\/press\\\/2022\\\/04\\\/21\\\/la-prueba-de-un-misil-alimenta-los-temores-de-una-guerra-nuclear\\\/#primaryimage\"},\"thumbnailUrl\":\"https:\\\/\\\/elcanillita.info\\\/press\\\/images\\\/2022\\\/04\\\/misil.jpg\",\"datePublished\":\"2022-04-21T20:08:34+00:00\",\"dateModified\":\"2022-04-21T20:08:35+00:00\",\"inLanguage\":\"es-AR\",\"potentialAction\":[{\"@type\":\"ReadAction\",\"target\":[\"https:\\\/\\\/elcanillita.info\\\/press\\\/2022\\\/04\\\/21\\\/la-prueba-de-un-misil-alimenta-los-temores-de-una-guerra-nuclear\\\/\"]}]},{\"@type\":\"ImageObject\",\"inLanguage\":\"es-AR\",\"@id\":\"https:\\\/\\\/elcanillita.info\\\/press\\\/2022\\\/04\\\/21\\\/la-prueba-de-un-misil-alimenta-los-temores-de-una-guerra-nuclear\\\/#primaryimage\",\"url\":\"https:\\\/\\\/elcanillita.info\\\/press\\\/images\\\/2022\\\/04\\\/misil.jpg\",\"contentUrl\":\"https:\\\/\\\/elcanillita.info\\\/press\\\/images\\\/2022\\\/04\\\/misil.jpg\",\"width\":600,\"height\":400},{\"@type\":\"WebSite\",\"@id\":\"https:\\\/\\\/elcanillita.info\\\/press\\\/#website\",\"url\":\"https:\\\/\\\/elcanillita.info\\\/press\\\/\",\"name\":\"ElCanillita.Info\",\"description\":\"desde los Apeninos a los Andes\",\"publisher\":{\"@id\":\"https:\\\/\\\/elcanillita.info\\\/press\\\/#organization\"},\"potentialAction\":[{\"@type\":\"SearchAction\",\"target\":{\"@type\":\"EntryPoint\",\"urlTemplate\":\"https:\\\/\\\/elcanillita.info\\\/press\\\/?s={search_term_string}\"},\"query-input\":{\"@type\":\"PropertyValueSpecification\",\"valueRequired\":true,\"valueName\":\"search_term_string\"}}],\"inLanguage\":\"es-AR\"},{\"@type\":\"Organization\",\"@id\":\"https:\\\/\\\/elcanillita.info\\\/press\\\/#organization\",\"name\":\"Guzzo Photos & Graphic Publications\",\"url\":\"https:\\\/\\\/elcanillita.info\\\/press\\\/\",\"logo\":{\"@type\":\"ImageObject\",\"inLanguage\":\"es-AR\",\"@id\":\"https:\\\/\\\/elcanillita.info\\\/press\\\/#\\\/schema\\\/logo\\\/image\\\/\",\"url\":\"https:\\\/\\\/elcanillita.info\\\/press\\\/images\\\/2020\\\/01\\\/cropped-cropped-cropped-elcanillitainfo.png\",\"contentUrl\":\"https:\\\/\\\/elcanillita.info\\\/press\\\/images\\\/2020\\\/01\\\/cropped-cropped-cropped-elcanillitainfo.png\",\"width\":460,\"height\":50,\"caption\":\"Guzzo Photos & Graphic Publications\"},\"image\":{\"@id\":\"https:\\\/\\\/elcanillita.info\\\/press\\\/#\\\/schema\\\/logo\\\/image\\\/\"},\"sameAs\":[\"https:\\\/\\\/ar-ar.facebook.com\\\/ElCanillitainfo-114249515285712\\\/\"]},{\"@type\":\"Person\",\"@id\":\"https:\\\/\\\/elcanillita.info\\\/press\\\/#\\\/schema\\\/person\\\/7fcb79f38045700919f7da6d97e71ba0\",\"name\":\"SalaStampa.eu, world press service\",\"image\":{\"@type\":\"ImageObject\",\"inLanguage\":\"es-AR\",\"@id\":\"https:\\\/\\\/secure.gravatar.com\\\/avatar\\\/c2f0e0d515a107624234994507816ca4724c7199cef73fc8bedebf6931d73888?s=96&d=mm&r=g\",\"url\":\"https:\\\/\\\/secure.gravatar.com\\\/avatar\\\/c2f0e0d515a107624234994507816ca4724c7199cef73fc8bedebf6931d73888?s=96&d=mm&r=g\",\"contentUrl\":\"https:\\\/\\\/secure.gravatar.com\\\/avatar\\\/c2f0e0d515a107624234994507816ca4724c7199cef73fc8bedebf6931d73888?s=96&d=mm&r=g\",\"caption\":\"SalaStampa.eu, world press service\"}}]}<\/script>\n<!-- \/ Yoast SEO plugin. -->","yoast_head_json":{"title":"La prueba de un misil alimenta los temores de una guerra nuclear - ElCanillita.Info","robots":{"index":"index","follow":"follow","max-snippet":"max-snippet:-1","max-image-preview":"max-image-preview:large","max-video-preview":"max-video-preview:-1"},"canonical":"https:\/\/elcanillita.info\/press\/2022\/04\/21\/la-prueba-de-un-misil-alimenta-los-temores-de-una-guerra-nuclear\/","og_locale":"es_ES","og_type":"article","og_title":"La prueba de un misil alimenta los temores de una guerra nuclear - ElCanillita.Info","og_description":"El l\u00edder ruso aclama el arma bal\u00edstica intercontinental \"Sat\u00e1n II\" como un glorioso paso adelante para la \"Madre Patria\".","og_url":"https:\/\/elcanillita.info\/press\/2022\/04\/21\/la-prueba-de-un-misil-alimenta-los-temores-de-una-guerra-nuclear\/","og_site_name":"ElCanillita.Info","article_publisher":"https:\/\/ar-ar.facebook.com\/ElCanillitainfo-114249515285712\/","article_published_time":"2022-04-21T20:08:34+00:00","article_modified_time":"2022-04-21T20:08:35+00:00","og_image":[{"width":600,"height":400,"url":"https:\/\/elcanillita.info\/press\/images\/2022\/04\/misil.jpg","type":"image\/jpeg"}],"author":"SalaStampa.eu, world press service","twitter_card":"summary_large_image","twitter_misc":{"Escrito por":"SalaStampa.eu, world press service","Tiempo de lectura":"5 minutos"},"schema":{"@context":"https:\/\/schema.org","@graph":[{"@type":"Article","@id":"https:\/\/elcanillita.info\/press\/2022\/04\/21\/la-prueba-de-un-misil-alimenta-los-temores-de-una-guerra-nuclear\/#article","isPartOf":{"@id":"https:\/\/elcanillita.info\/press\/2022\/04\/21\/la-prueba-de-un-misil-alimenta-los-temores-de-una-guerra-nuclear\/"},"author":{"name":"SalaStampa.eu, world press service","@id":"https:\/\/elcanillita.info\/press\/#\/schema\/person\/7fcb79f38045700919f7da6d97e71ba0"},"headline":"La prueba de un misil alimenta los temores de una guerra nuclear","datePublished":"2022-04-21T20:08:34+00:00","dateModified":"2022-04-21T20:08:35+00:00","mainEntityOfPage":{"@id":"https:\/\/elcanillita.info\/press\/2022\/04\/21\/la-prueba-de-un-misil-alimenta-los-temores-de-una-guerra-nuclear\/"},"wordCount":1081,"publisher":{"@id":"https:\/\/elcanillita.info\/press\/#organization"},"image":{"@id":"https:\/\/elcanillita.info\/press\/2022\/04\/21\/la-prueba-de-un-misil-alimenta-los-temores-de-una-guerra-nuclear\/#primaryimage"},"thumbnailUrl":"https:\/\/elcanillita.info\/press\/images\/2022\/04\/misil.jpg","keywords":["Rusia"],"articleSection":["Actualidad","Eurasia"],"inLanguage":"es-AR"},{"@type":"WebPage","@id":"https:\/\/elcanillita.info\/press\/2022\/04\/21\/la-prueba-de-un-misil-alimenta-los-temores-de-una-guerra-nuclear\/","url":"https:\/\/elcanillita.info\/press\/2022\/04\/21\/la-prueba-de-un-misil-alimenta-los-temores-de-una-guerra-nuclear\/","name":"La prueba de un misil alimenta los temores de una guerra nuclear - ElCanillita.Info","isPartOf":{"@id":"https:\/\/elcanillita.info\/press\/#website"},"primaryImageOfPage":{"@id":"https:\/\/elcanillita.info\/press\/2022\/04\/21\/la-prueba-de-un-misil-alimenta-los-temores-de-una-guerra-nuclear\/#primaryimage"},"image":{"@id":"https:\/\/elcanillita.info\/press\/2022\/04\/21\/la-prueba-de-un-misil-alimenta-los-temores-de-una-guerra-nuclear\/#primaryimage"},"thumbnailUrl":"https:\/\/elcanillita.info\/press\/images\/2022\/04\/misil.jpg","datePublished":"2022-04-21T20:08:34+00:00","dateModified":"2022-04-21T20:08:35+00:00","inLanguage":"es-AR","potentialAction":[{"@type":"ReadAction","target":["https:\/\/elcanillita.info\/press\/2022\/04\/21\/la-prueba-de-un-misil-alimenta-los-temores-de-una-guerra-nuclear\/"]}]},{"@type":"ImageObject","inLanguage":"es-AR","@id":"https:\/\/elcanillita.info\/press\/2022\/04\/21\/la-prueba-de-un-misil-alimenta-los-temores-de-una-guerra-nuclear\/#primaryimage","url":"https:\/\/elcanillita.info\/press\/images\/2022\/04\/misil.jpg","contentUrl":"https:\/\/elcanillita.info\/press\/images\/2022\/04\/misil.jpg","width":600,"height":400},{"@type":"WebSite","@id":"https:\/\/elcanillita.info\/press\/#website","url":"https:\/\/elcanillita.info\/press\/","name":"ElCanillita.Info","description":"desde los Apeninos a los Andes","publisher":{"@id":"https:\/\/elcanillita.info\/press\/#organization"},"potentialAction":[{"@type":"SearchAction","target":{"@type":"EntryPoint","urlTemplate":"https:\/\/elcanillita.info\/press\/?s={search_term_string}"},"query-input":{"@type":"PropertyValueSpecification","valueRequired":true,"valueName":"search_term_string"}}],"inLanguage":"es-AR"},{"@type":"Organization","@id":"https:\/\/elcanillita.info\/press\/#organization","name":"Guzzo Photos & Graphic Publications","url":"https:\/\/elcanillita.info\/press\/","logo":{"@type":"ImageObject","inLanguage":"es-AR","@id":"https:\/\/elcanillita.info\/press\/#\/schema\/logo\/image\/","url":"https:\/\/elcanillita.info\/press\/images\/2020\/01\/cropped-cropped-cropped-elcanillitainfo.png","contentUrl":"https:\/\/elcanillita.info\/press\/images\/2020\/01\/cropped-cropped-cropped-elcanillitainfo.png","width":460,"height":50,"caption":"Guzzo Photos & Graphic Publications"},"image":{"@id":"https:\/\/elcanillita.info\/press\/#\/schema\/logo\/image\/"},"sameAs":["https:\/\/ar-ar.facebook.com\/ElCanillitainfo-114249515285712\/"]},{"@type":"Person","@id":"https:\/\/elcanillita.info\/press\/#\/schema\/person\/7fcb79f38045700919f7da6d97e71ba0","name":"SalaStampa.eu, world press service","image":{"@type":"ImageObject","inLanguage":"es-AR","@id":"https:\/\/secure.gravatar.com\/avatar\/c2f0e0d515a107624234994507816ca4724c7199cef73fc8bedebf6931d73888?s=96&d=mm&r=g","url":"https:\/\/secure.gravatar.com\/avatar\/c2f0e0d515a107624234994507816ca4724c7199cef73fc8bedebf6931d73888?s=96&d=mm&r=g","contentUrl":"https:\/\/secure.gravatar.com\/avatar\/c2f0e0d515a107624234994507816ca4724c7199cef73fc8bedebf6931d73888?s=96&d=mm&r=g","caption":"SalaStampa.eu, world press service"}}]}},"views":460,"_links":{"self":[{"href":"https:\/\/elcanillita.info\/press\/wp-json\/wp\/v2\/posts\/2407","targetHints":{"allow":["GET"]}}],"collection":[{"href":"https:\/\/elcanillita.info\/press\/wp-json\/wp\/v2\/posts"}],"about":[{"href":"https:\/\/elcanillita.info\/press\/wp-json\/wp\/v2\/types\/post"}],"author":[{"embeddable":true,"href":"https:\/\/elcanillita.info\/press\/wp-json\/wp\/v2\/users\/1"}],"replies":[{"embeddable":true,"href":"https:\/\/elcanillita.info\/press\/wp-json\/wp\/v2\/comments?post=2407"}],"version-history":[{"count":0,"href":"https:\/\/elcanillita.info\/press\/wp-json\/wp\/v2\/posts\/2407\/revisions"}],"wp:featuredmedia":[{"embeddable":true,"href":"https:\/\/elcanillita.info\/press\/wp-json\/wp\/v2\/media\/2408"}],"wp:attachment":[{"href":"https:\/\/elcanillita.info\/press\/wp-json\/wp\/v2\/media?parent=2407"}],"wp:term":[{"taxonomy":"category","embeddable":true,"href":"https:\/\/elcanillita.info\/press\/wp-json\/wp\/v2\/categories?post=2407"},{"taxonomy":"post_tag","embeddable":true,"href":"https:\/\/elcanillita.info\/press\/wp-json\/wp\/v2\/tags?post=2407"}],"curies":[{"name":"wp","href":"https:\/\/api.w.org\/{rel}","templated":true}]}}