{"id":2362,"date":"2022-04-09T23:08:02","date_gmt":"2022-04-10T02:08:02","guid":{"rendered":"https:\/\/elcanillita.info\/press\/?p=2362"},"modified":"2022-04-09T23:08:03","modified_gmt":"2022-04-10T02:08:03","slug":"el-general-ruso-que-se-hace-cargo-de-la-campana-de-ucrania-es-el-hombre-que-arraso-las-ciudades-de-siria","status":"publish","type":"post","link":"https:\/\/elcanillita.info\/press\/2022\/04\/09\/el-general-ruso-que-se-hace-cargo-de-la-campana-de-ucrania-es-el-hombre-que-arraso-las-ciudades-de-siria\/","title":{"rendered":"El general ruso que se hace cargo de la campa\u00f1a de Ucrania es el hombre que arras\u00f3 las ciudades de Siria"},"content":{"rendered":"\n<div class=\"wp-block-image\"><figure class=\"alignleft size-full\"><img loading=\"lazy\" decoding=\"async\" width=\"600\" height=\"377\" src=\"https:\/\/elcanillita.info\/press\/images\/2022\/04\/gen.jpg\" alt=\"\" class=\"wp-image-2363\" srcset=\"https:\/\/elcanillita.info\/press\/images\/2022\/04\/gen.jpg 600w, https:\/\/elcanillita.info\/press\/images\/2022\/04\/gen-300x189.jpg 300w\" sizes=\"auto, (max-width: 600px) 100vw, 600px\" \/><figcaption><center>General Alexander Dvornikov <\/center><\/figcaption><\/figure><\/div>\n\n\n\n<p>Un general que bombarde\u00f3 ciudades sirias hasta el suelo ha sido nombrado m\u00e1ximo comandante de Rusia en Ucrania y ya es sospechoso de haber ordenado un ataque con misiles que mat\u00f3 a 50 civiles en una estaci\u00f3n de tren.<\/p>\n\n\n\n<p>Alexander Dvornikov es uno de los generales favoritos de Vladimir Putin y se le ha encomendado la tarea de reorientar la estancada campa\u00f1a militar rusa, pero su nombramiento ha desatado el temor de que la guerra entre ahora en una fase a\u00fan m\u00e1s sangrienta en el Donb\u00e1s.<\/p>\n\n\n\n<p>&#8220;La medida de otorgarle poderes es una se\u00f1al peligrosa de que Putin no tiene intenci\u00f3n de rendirse en Ucrania a corto plazo, sino que podr\u00eda realmente intentar tomar la mayor parte, si no toda, del este de Ucrania&#8221;, dijo Harry Kazianis, un analista militar estadounidense del Centro para el Inter\u00e9s Nacional.<\/p>\n\n\n\n<p>&#8220;Dvornikov es un t\u00e1ctico y estratega inteligente que utilizar\u00e1 t\u00e1cticas de guerra de asedio al igual que se utilizaron en Siria. Mi temor es que Dvornikov tiene \u00f3rdenes de que si no puede tomar el este de Ucrania lo convertir\u00e1 en un Alepo gigante.&#8221;<br><br>El mismo d\u00eda en que se anunci\u00f3 su nombramiento, al menos 52 civiles murieron y m\u00e1s de 100 resultaron heridos en un ataque con misiles rusos contra una estaci\u00f3n de tren repleta de personas que intentaban huir de la regi\u00f3n oriental ucraniana de Donb\u00e1s. Testigos presenciales dijeron que muchos de los muertos eran mujeres y ni\u00f1os.<br><br><\/p>\n\n\n\n<p>El Kremlin ha negado la responsabilidad del ataque, pero ten\u00eda el sello de las t\u00e1cticas utilizadas por el general Dvornikov, que se hizo famoso ordenando implacables bombardeos sobre la ciudad siria de Alepo en 2015 y 2016 que mataron a miles de personas.<\/p>\n\n\n\n<p>&#8220;Este fue un ataque con t\u00e1cticas al estilo de Alepo&#8221;, dijo un analista militar en Mosc\u00fa que declin\u00f3 ser nombrado. &#8220;Dvornikov es conocido como un comandante despiadado y desplegar\u00e1 t\u00e1cticas utilizadas en Siria ahora en Ucrania. Estuvo en Chechenia hace 20 a\u00f1os. Se trata de liberar ciudades reduci\u00e9ndolas a escombros&#8221;.<\/p>\n\n\n\n<div class=\"wp-block-image\"><figure class=\"alignleft size-full\"><img loading=\"lazy\" decoding=\"async\" width=\"600\" height=\"372\" src=\"https:\/\/elcanillita.info\/press\/images\/2022\/04\/alepo.jpg\" alt=\"\" class=\"wp-image-2364\" srcset=\"https:\/\/elcanillita.info\/press\/images\/2022\/04\/alepo.jpg 600w, https:\/\/elcanillita.info\/press\/images\/2022\/04\/alepo-300x186.jpg 300w\" sizes=\"auto, (max-width: 600px) 100vw, 600px\" \/><figcaption><center>Poco qued\u00f3 sin escombros en este suburbio de Alepo, Siria, tras los ataques a\u00e9reos rusos<\/center><\/figcaption><\/figure><\/div>\n\n\n\n<p> Putin esperaba una r\u00e1pida victoria en Ucrania, pero el ej\u00e9rcito ruso se encontr\u00f3 con una resistencia m\u00e1s fuerte de lo esperado y, tras seis semanas de combates, ha sufrido miles de bajas. Ahora ha ordenado a sus fuerzas que se retiren de las afueras de la capital ucraniana, Kiev, y que se concentren en tomar el control de m\u00e1s territorio en el Donb\u00e1s.<\/p>\n\n\n\n<p>Fuentes de inteligencia occidentales han dicho que una de las razones por las que la campa\u00f1a del Kremlin en Ucrania se ha estancado es por su confusa estructura de mando, que se hab\u00eda dividido en tres \u00e1reas de responsabilidad.<\/p>\n\n\n\n<p>Putin espera ahora que, como comandante general, el general Dvornikov instaure una mayor disciplina operativa. El general Dvornikov hab\u00eda estado al mando del distrito militar del sur de Rusia que invadi\u00f3 Ucrania desde Crimea y que ha sido considerado un \u00e9xito relativo.<br><\/p>\n\n\n\n<div class=\"wp-block-image\"><figure class=\"alignleft size-full\"><img loading=\"lazy\" decoding=\"async\" width=\"600\" height=\"375\" src=\"https:\/\/elcanillita.info\/press\/images\/2022\/04\/genput.jpg\" alt=\"\" class=\"wp-image-2365\" srcset=\"https:\/\/elcanillita.info\/press\/images\/2022\/04\/genput.jpg 600w, https:\/\/elcanillita.info\/press\/images\/2022\/04\/genput-300x188.jpg 300w\" sizes=\"auto, (max-width: 600px) 100vw, 600px\" \/><figcaption><center>Vladimir Putin y el general Dvornikov. Sostienen una fotograf\u00eda enmarcada que muestra un edificio en el campo sirio con un mensaje prorruso en la parte superior<\/center><\/figcaption><\/figure><\/div>\n\n\n\n<p>Este corpulento oficial de carrera de 60 a\u00f1os, poco sonriente y con ojos azules p\u00e1lidos, tiene toda la pinta de ser un comandante militar ruso. Es m\u00e1s conocido por liderar la intervenci\u00f3n militar inicial en Siria en 2015, una campa\u00f1a articulada en torno a un feroz bombardeo que mat\u00f3 a unos 2.000 civiles, entre ellos 200 ni\u00f1os.<\/p>\n\n\n\n<p>&#8220;Despu\u00e9s de haber fracasado hasta ahora en Ucrania y haber cometido cr\u00edmenes de guerra, Putin ha nombrado a un nuevo comandante, el general Alexander Dvornikov, con amplia experiencia en la comisi\u00f3n de atroces cr\u00edmenes genocidas contra civiles indefensos en Siria&#8221;, ha declarado la Red de la Revoluci\u00f3n Siria, un grupo vinculado a los rebeldes prooccidentales en Siria.<\/p>\n\n\n\n<p>En los seis meses en que el general Dvornikov dirigi\u00f3 la campa\u00f1a militar rusa en apoyo del l\u00edder sirio Bashar al-Assad, su fuerza a\u00e9rea llev\u00f3 a cabo 9.000 salidas de bombardeo, destruyendo grandes partes de Alepo, Homs y otras ciudades m\u00e1s peque\u00f1as.<\/p>\n\n\n\n<p>Es conocido por haber contribuido a idear una estrategia rusa para doblegar la voluntad de los civiles que viven en ciudades asediadas, atacando deliberadamente infraestructuras b\u00e1sicas como panader\u00edas, hospitales y fuentes de agua.<\/p>\n\n\n\n<p>Para Rusia y el r\u00e9gimen de Assad, el enfoque fue un \u00e9xito. Su campa\u00f1a oblig\u00f3 a los rebeldes respaldados por Occidente y a los extremistas del Estado Isl\u00e1mico a retirarse, &#8220;liberando&#8221; enormes zonas para Assad e impresionando a Putin, que concedi\u00f3 al general Dvornikov la m\u00e1xima medalla militar H\u00e9roe de Rusia cuando regres\u00f3 a Mosc\u00fa.<\/p>\n\n\n\n<p>Mientras tanto, Rusia organiz\u00f3 maniobras de guerra con 1.000 soldados en el enclave b\u00e1ltico de Kaliningrado, situado entre Polonia y Lituania. Mosc\u00fa advirti\u00f3 esta semana contra cualquier posible acci\u00f3n contra ese territorio, diciendo que &#8220;ser\u00eda jugar con fuego&#8221;.<br><br><small>Copyright \u00a9 2022 ElCanillita.info &#8211; DC24.News &#8211; PanPress.eu \/ SalaStampa.eu &#8211; Derechos reservados<\/small><\/p>\n","protected":false},"excerpt":{"rendered":"<p>Se teme que la guerra entre ahora en una fase a\u00fan m\u00e1s sangrienta al asumir el mando Alexander Dvornikov, uno de los generales favoritos de Vladimir Putin.<\/p>\n","protected":false},"author":1,"featured_media":2365,"comment_status":"closed","ping_status":"closed","sticky":false,"template":"","format":"standard","meta":{"footnotes":"","_links_to":"","_links_to_target":""},"categories":[70,7],"tags":[49],"class_list":["post-2362","post","type-post","status-publish","format-standard","has-post-thumbnail","hentry","category-actualidad","category-eurasia","tag-rusia","entry","double"],"yoast_head":"<!-- This site is optimized with the Yoast SEO plugin v27.4 - https:\/\/yoast.com\/product\/yoast-seo-wordpress\/ -->\n<title>El general ruso que se hace cargo de la campa\u00f1a de Ucrania es el hombre que arras\u00f3 las ciudades de Siria - ElCanillita.Info<\/title>\n<meta name=\"robots\" content=\"index, follow, max-snippet:-1, max-image-preview:large, max-video-preview:-1\" \/>\n<link rel=\"canonical\" href=\"https:\/\/elcanillita.info\/press\/2022\/04\/09\/el-general-ruso-que-se-hace-cargo-de-la-campana-de-ucrania-es-el-hombre-que-arraso-las-ciudades-de-siria\/\" \/>\n<meta property=\"og:locale\" content=\"es_ES\" \/>\n<meta property=\"og:type\" content=\"article\" \/>\n<meta property=\"og:title\" content=\"El general ruso que se hace cargo de la campa\u00f1a de Ucrania es el hombre que arras\u00f3 las ciudades de Siria - ElCanillita.Info\" \/>\n<meta property=\"og:description\" content=\"Se teme que la guerra entre ahora en una fase a\u00fan m\u00e1s sangrienta al asumir el mando Alexander Dvornikov, uno de los generales favoritos de Vladimir Putin.\" \/>\n<meta property=\"og:url\" content=\"https:\/\/elcanillita.info\/press\/2022\/04\/09\/el-general-ruso-que-se-hace-cargo-de-la-campana-de-ucrania-es-el-hombre-que-arraso-las-ciudades-de-siria\/\" \/>\n<meta property=\"og:site_name\" content=\"ElCanillita.Info\" \/>\n<meta property=\"article:publisher\" content=\"https:\/\/ar-ar.facebook.com\/ElCanillitainfo-114249515285712\/\" \/>\n<meta property=\"article:published_time\" content=\"2022-04-10T02:08:02+00:00\" \/>\n<meta property=\"article:modified_time\" content=\"2022-04-10T02:08:03+00:00\" \/>\n<meta property=\"og:image\" content=\"https:\/\/elcanillita.info\/press\/images\/2022\/04\/genput.jpg\" \/>\n\t<meta property=\"og:image:width\" content=\"600\" \/>\n\t<meta property=\"og:image:height\" content=\"375\" \/>\n\t<meta property=\"og:image:type\" content=\"image\/jpeg\" \/>\n<meta name=\"author\" content=\"SalaStampa.eu, world press service\" \/>\n<meta name=\"twitter:card\" content=\"summary_large_image\" \/>\n<meta name=\"twitter:label1\" content=\"Escrito por\" \/>\n\t<meta name=\"twitter:data1\" content=\"SalaStampa.eu, world press service\" \/>\n\t<meta name=\"twitter:label2\" content=\"Tiempo de lectura\" \/>\n\t<meta name=\"twitter:data2\" content=\"5 minutos\" \/>\n<script type=\"application\/ld+json\" class=\"yoast-schema-graph\">{\"@context\":\"https:\\\/\\\/schema.org\",\"@graph\":[{\"@type\":\"Article\",\"@id\":\"https:\\\/\\\/elcanillita.info\\\/press\\\/2022\\\/04\\\/09\\\/el-general-ruso-que-se-hace-cargo-de-la-campana-de-ucrania-es-el-hombre-que-arraso-las-ciudades-de-siria\\\/#article\",\"isPartOf\":{\"@id\":\"https:\\\/\\\/elcanillita.info\\\/press\\\/2022\\\/04\\\/09\\\/el-general-ruso-que-se-hace-cargo-de-la-campana-de-ucrania-es-el-hombre-que-arraso-las-ciudades-de-siria\\\/\"},\"author\":{\"name\":\"SalaStampa.eu, world press service\",\"@id\":\"https:\\\/\\\/elcanillita.info\\\/press\\\/#\\\/schema\\\/person\\\/7fcb79f38045700919f7da6d97e71ba0\"},\"headline\":\"El general ruso que se hace cargo de la campa\u00f1a de Ucrania es el hombre que arras\u00f3 las ciudades de Siria\",\"datePublished\":\"2022-04-10T02:08:02+00:00\",\"dateModified\":\"2022-04-10T02:08:03+00:00\",\"mainEntityOfPage\":{\"@id\":\"https:\\\/\\\/elcanillita.info\\\/press\\\/2022\\\/04\\\/09\\\/el-general-ruso-que-se-hace-cargo-de-la-campana-de-ucrania-es-el-hombre-que-arraso-las-ciudades-de-siria\\\/\"},\"wordCount\":884,\"publisher\":{\"@id\":\"https:\\\/\\\/elcanillita.info\\\/press\\\/#organization\"},\"image\":{\"@id\":\"https:\\\/\\\/elcanillita.info\\\/press\\\/2022\\\/04\\\/09\\\/el-general-ruso-que-se-hace-cargo-de-la-campana-de-ucrania-es-el-hombre-que-arraso-las-ciudades-de-siria\\\/#primaryimage\"},\"thumbnailUrl\":\"https:\\\/\\\/elcanillita.info\\\/press\\\/images\\\/2022\\\/04\\\/genput.jpg\",\"keywords\":[\"Rusia\"],\"articleSection\":[\"Actualidad\",\"Eurasia\"],\"inLanguage\":\"es-AR\"},{\"@type\":\"WebPage\",\"@id\":\"https:\\\/\\\/elcanillita.info\\\/press\\\/2022\\\/04\\\/09\\\/el-general-ruso-que-se-hace-cargo-de-la-campana-de-ucrania-es-el-hombre-que-arraso-las-ciudades-de-siria\\\/\",\"url\":\"https:\\\/\\\/elcanillita.info\\\/press\\\/2022\\\/04\\\/09\\\/el-general-ruso-que-se-hace-cargo-de-la-campana-de-ucrania-es-el-hombre-que-arraso-las-ciudades-de-siria\\\/\",\"name\":\"El general ruso que se hace cargo de la campa\u00f1a de Ucrania es el hombre que arras\u00f3 las ciudades de Siria - ElCanillita.Info\",\"isPartOf\":{\"@id\":\"https:\\\/\\\/elcanillita.info\\\/press\\\/#website\"},\"primaryImageOfPage\":{\"@id\":\"https:\\\/\\\/elcanillita.info\\\/press\\\/2022\\\/04\\\/09\\\/el-general-ruso-que-se-hace-cargo-de-la-campana-de-ucrania-es-el-hombre-que-arraso-las-ciudades-de-siria\\\/#primaryimage\"},\"image\":{\"@id\":\"https:\\\/\\\/elcanillita.info\\\/press\\\/2022\\\/04\\\/09\\\/el-general-ruso-que-se-hace-cargo-de-la-campana-de-ucrania-es-el-hombre-que-arraso-las-ciudades-de-siria\\\/#primaryimage\"},\"thumbnailUrl\":\"https:\\\/\\\/elcanillita.info\\\/press\\\/images\\\/2022\\\/04\\\/genput.jpg\",\"datePublished\":\"2022-04-10T02:08:02+00:00\",\"dateModified\":\"2022-04-10T02:08:03+00:00\",\"inLanguage\":\"es-AR\",\"potentialAction\":[{\"@type\":\"ReadAction\",\"target\":[\"https:\\\/\\\/elcanillita.info\\\/press\\\/2022\\\/04\\\/09\\\/el-general-ruso-que-se-hace-cargo-de-la-campana-de-ucrania-es-el-hombre-que-arraso-las-ciudades-de-siria\\\/\"]}]},{\"@type\":\"ImageObject\",\"inLanguage\":\"es-AR\",\"@id\":\"https:\\\/\\\/elcanillita.info\\\/press\\\/2022\\\/04\\\/09\\\/el-general-ruso-que-se-hace-cargo-de-la-campana-de-ucrania-es-el-hombre-que-arraso-las-ciudades-de-siria\\\/#primaryimage\",\"url\":\"https:\\\/\\\/elcanillita.info\\\/press\\\/images\\\/2022\\\/04\\\/genput.jpg\",\"contentUrl\":\"https:\\\/\\\/elcanillita.info\\\/press\\\/images\\\/2022\\\/04\\\/genput.jpg\",\"width\":600,\"height\":375},{\"@type\":\"WebSite\",\"@id\":\"https:\\\/\\\/elcanillita.info\\\/press\\\/#website\",\"url\":\"https:\\\/\\\/elcanillita.info\\\/press\\\/\",\"name\":\"ElCanillita.Info\",\"description\":\"desde los Apeninos a los Andes\",\"publisher\":{\"@id\":\"https:\\\/\\\/elcanillita.info\\\/press\\\/#organization\"},\"potentialAction\":[{\"@type\":\"SearchAction\",\"target\":{\"@type\":\"EntryPoint\",\"urlTemplate\":\"https:\\\/\\\/elcanillita.info\\\/press\\\/?s={search_term_string}\"},\"query-input\":{\"@type\":\"PropertyValueSpecification\",\"valueRequired\":true,\"valueName\":\"search_term_string\"}}],\"inLanguage\":\"es-AR\"},{\"@type\":\"Organization\",\"@id\":\"https:\\\/\\\/elcanillita.info\\\/press\\\/#organization\",\"name\":\"Guzzo Photos & Graphic Publications\",\"url\":\"https:\\\/\\\/elcanillita.info\\\/press\\\/\",\"logo\":{\"@type\":\"ImageObject\",\"inLanguage\":\"es-AR\",\"@id\":\"https:\\\/\\\/elcanillita.info\\\/press\\\/#\\\/schema\\\/logo\\\/image\\\/\",\"url\":\"https:\\\/\\\/elcanillita.info\\\/press\\\/images\\\/2020\\\/01\\\/cropped-cropped-cropped-elcanillitainfo.png\",\"contentUrl\":\"https:\\\/\\\/elcanillita.info\\\/press\\\/images\\\/2020\\\/01\\\/cropped-cropped-cropped-elcanillitainfo.png\",\"width\":460,\"height\":50,\"caption\":\"Guzzo Photos & Graphic Publications\"},\"image\":{\"@id\":\"https:\\\/\\\/elcanillita.info\\\/press\\\/#\\\/schema\\\/logo\\\/image\\\/\"},\"sameAs\":[\"https:\\\/\\\/ar-ar.facebook.com\\\/ElCanillitainfo-114249515285712\\\/\"]},{\"@type\":\"Person\",\"@id\":\"https:\\\/\\\/elcanillita.info\\\/press\\\/#\\\/schema\\\/person\\\/7fcb79f38045700919f7da6d97e71ba0\",\"name\":\"SalaStampa.eu, world press service\",\"image\":{\"@type\":\"ImageObject\",\"inLanguage\":\"es-AR\",\"@id\":\"https:\\\/\\\/secure.gravatar.com\\\/avatar\\\/c2f0e0d515a107624234994507816ca4724c7199cef73fc8bedebf6931d73888?s=96&d=mm&r=g\",\"url\":\"https:\\\/\\\/secure.gravatar.com\\\/avatar\\\/c2f0e0d515a107624234994507816ca4724c7199cef73fc8bedebf6931d73888?s=96&d=mm&r=g\",\"contentUrl\":\"https:\\\/\\\/secure.gravatar.com\\\/avatar\\\/c2f0e0d515a107624234994507816ca4724c7199cef73fc8bedebf6931d73888?s=96&d=mm&r=g\",\"caption\":\"SalaStampa.eu, world press service\"}}]}<\/script>\n<!-- \/ Yoast SEO plugin. -->","yoast_head_json":{"title":"El general ruso que se hace cargo de la campa\u00f1a de Ucrania es el hombre que arras\u00f3 las ciudades de Siria - ElCanillita.Info","robots":{"index":"index","follow":"follow","max-snippet":"max-snippet:-1","max-image-preview":"max-image-preview:large","max-video-preview":"max-video-preview:-1"},"canonical":"https:\/\/elcanillita.info\/press\/2022\/04\/09\/el-general-ruso-que-se-hace-cargo-de-la-campana-de-ucrania-es-el-hombre-que-arraso-las-ciudades-de-siria\/","og_locale":"es_ES","og_type":"article","og_title":"El general ruso que se hace cargo de la campa\u00f1a de Ucrania es el hombre que arras\u00f3 las ciudades de Siria - ElCanillita.Info","og_description":"Se teme que la guerra entre ahora en una fase a\u00fan m\u00e1s sangrienta al asumir el mando Alexander Dvornikov, uno de los generales favoritos de Vladimir Putin.","og_url":"https:\/\/elcanillita.info\/press\/2022\/04\/09\/el-general-ruso-que-se-hace-cargo-de-la-campana-de-ucrania-es-el-hombre-que-arraso-las-ciudades-de-siria\/","og_site_name":"ElCanillita.Info","article_publisher":"https:\/\/ar-ar.facebook.com\/ElCanillitainfo-114249515285712\/","article_published_time":"2022-04-10T02:08:02+00:00","article_modified_time":"2022-04-10T02:08:03+00:00","og_image":[{"width":600,"height":375,"url":"https:\/\/elcanillita.info\/press\/images\/2022\/04\/genput.jpg","type":"image\/jpeg"}],"author":"SalaStampa.eu, world press service","twitter_card":"summary_large_image","twitter_misc":{"Escrito por":"SalaStampa.eu, world press service","Tiempo de lectura":"5 minutos"},"schema":{"@context":"https:\/\/schema.org","@graph":[{"@type":"Article","@id":"https:\/\/elcanillita.info\/press\/2022\/04\/09\/el-general-ruso-que-se-hace-cargo-de-la-campana-de-ucrania-es-el-hombre-que-arraso-las-ciudades-de-siria\/#article","isPartOf":{"@id":"https:\/\/elcanillita.info\/press\/2022\/04\/09\/el-general-ruso-que-se-hace-cargo-de-la-campana-de-ucrania-es-el-hombre-que-arraso-las-ciudades-de-siria\/"},"author":{"name":"SalaStampa.eu, world press service","@id":"https:\/\/elcanillita.info\/press\/#\/schema\/person\/7fcb79f38045700919f7da6d97e71ba0"},"headline":"El general ruso que se hace cargo de la campa\u00f1a de Ucrania es el hombre que arras\u00f3 las ciudades de Siria","datePublished":"2022-04-10T02:08:02+00:00","dateModified":"2022-04-10T02:08:03+00:00","mainEntityOfPage":{"@id":"https:\/\/elcanillita.info\/press\/2022\/04\/09\/el-general-ruso-que-se-hace-cargo-de-la-campana-de-ucrania-es-el-hombre-que-arraso-las-ciudades-de-siria\/"},"wordCount":884,"publisher":{"@id":"https:\/\/elcanillita.info\/press\/#organization"},"image":{"@id":"https:\/\/elcanillita.info\/press\/2022\/04\/09\/el-general-ruso-que-se-hace-cargo-de-la-campana-de-ucrania-es-el-hombre-que-arraso-las-ciudades-de-siria\/#primaryimage"},"thumbnailUrl":"https:\/\/elcanillita.info\/press\/images\/2022\/04\/genput.jpg","keywords":["Rusia"],"articleSection":["Actualidad","Eurasia"],"inLanguage":"es-AR"},{"@type":"WebPage","@id":"https:\/\/elcanillita.info\/press\/2022\/04\/09\/el-general-ruso-que-se-hace-cargo-de-la-campana-de-ucrania-es-el-hombre-que-arraso-las-ciudades-de-siria\/","url":"https:\/\/elcanillita.info\/press\/2022\/04\/09\/el-general-ruso-que-se-hace-cargo-de-la-campana-de-ucrania-es-el-hombre-que-arraso-las-ciudades-de-siria\/","name":"El general ruso que se hace cargo de la campa\u00f1a de Ucrania es el hombre que arras\u00f3 las ciudades de Siria - ElCanillita.Info","isPartOf":{"@id":"https:\/\/elcanillita.info\/press\/#website"},"primaryImageOfPage":{"@id":"https:\/\/elcanillita.info\/press\/2022\/04\/09\/el-general-ruso-que-se-hace-cargo-de-la-campana-de-ucrania-es-el-hombre-que-arraso-las-ciudades-de-siria\/#primaryimage"},"image":{"@id":"https:\/\/elcanillita.info\/press\/2022\/04\/09\/el-general-ruso-que-se-hace-cargo-de-la-campana-de-ucrania-es-el-hombre-que-arraso-las-ciudades-de-siria\/#primaryimage"},"thumbnailUrl":"https:\/\/elcanillita.info\/press\/images\/2022\/04\/genput.jpg","datePublished":"2022-04-10T02:08:02+00:00","dateModified":"2022-04-10T02:08:03+00:00","inLanguage":"es-AR","potentialAction":[{"@type":"ReadAction","target":["https:\/\/elcanillita.info\/press\/2022\/04\/09\/el-general-ruso-que-se-hace-cargo-de-la-campana-de-ucrania-es-el-hombre-que-arraso-las-ciudades-de-siria\/"]}]},{"@type":"ImageObject","inLanguage":"es-AR","@id":"https:\/\/elcanillita.info\/press\/2022\/04\/09\/el-general-ruso-que-se-hace-cargo-de-la-campana-de-ucrania-es-el-hombre-que-arraso-las-ciudades-de-siria\/#primaryimage","url":"https:\/\/elcanillita.info\/press\/images\/2022\/04\/genput.jpg","contentUrl":"https:\/\/elcanillita.info\/press\/images\/2022\/04\/genput.jpg","width":600,"height":375},{"@type":"WebSite","@id":"https:\/\/elcanillita.info\/press\/#website","url":"https:\/\/elcanillita.info\/press\/","name":"ElCanillita.Info","description":"desde los Apeninos a los Andes","publisher":{"@id":"https:\/\/elcanillita.info\/press\/#organization"},"potentialAction":[{"@type":"SearchAction","target":{"@type":"EntryPoint","urlTemplate":"https:\/\/elcanillita.info\/press\/?s={search_term_string}"},"query-input":{"@type":"PropertyValueSpecification","valueRequired":true,"valueName":"search_term_string"}}],"inLanguage":"es-AR"},{"@type":"Organization","@id":"https:\/\/elcanillita.info\/press\/#organization","name":"Guzzo Photos & Graphic Publications","url":"https:\/\/elcanillita.info\/press\/","logo":{"@type":"ImageObject","inLanguage":"es-AR","@id":"https:\/\/elcanillita.info\/press\/#\/schema\/logo\/image\/","url":"https:\/\/elcanillita.info\/press\/images\/2020\/01\/cropped-cropped-cropped-elcanillitainfo.png","contentUrl":"https:\/\/elcanillita.info\/press\/images\/2020\/01\/cropped-cropped-cropped-elcanillitainfo.png","width":460,"height":50,"caption":"Guzzo Photos & Graphic Publications"},"image":{"@id":"https:\/\/elcanillita.info\/press\/#\/schema\/logo\/image\/"},"sameAs":["https:\/\/ar-ar.facebook.com\/ElCanillitainfo-114249515285712\/"]},{"@type":"Person","@id":"https:\/\/elcanillita.info\/press\/#\/schema\/person\/7fcb79f38045700919f7da6d97e71ba0","name":"SalaStampa.eu, world press service","image":{"@type":"ImageObject","inLanguage":"es-AR","@id":"https:\/\/secure.gravatar.com\/avatar\/c2f0e0d515a107624234994507816ca4724c7199cef73fc8bedebf6931d73888?s=96&d=mm&r=g","url":"https:\/\/secure.gravatar.com\/avatar\/c2f0e0d515a107624234994507816ca4724c7199cef73fc8bedebf6931d73888?s=96&d=mm&r=g","contentUrl":"https:\/\/secure.gravatar.com\/avatar\/c2f0e0d515a107624234994507816ca4724c7199cef73fc8bedebf6931d73888?s=96&d=mm&r=g","caption":"SalaStampa.eu, world press service"}}]}},"views":458,"_links":{"self":[{"href":"https:\/\/elcanillita.info\/press\/wp-json\/wp\/v2\/posts\/2362","targetHints":{"allow":["GET"]}}],"collection":[{"href":"https:\/\/elcanillita.info\/press\/wp-json\/wp\/v2\/posts"}],"about":[{"href":"https:\/\/elcanillita.info\/press\/wp-json\/wp\/v2\/types\/post"}],"author":[{"embeddable":true,"href":"https:\/\/elcanillita.info\/press\/wp-json\/wp\/v2\/users\/1"}],"replies":[{"embeddable":true,"href":"https:\/\/elcanillita.info\/press\/wp-json\/wp\/v2\/comments?post=2362"}],"version-history":[{"count":0,"href":"https:\/\/elcanillita.info\/press\/wp-json\/wp\/v2\/posts\/2362\/revisions"}],"wp:featuredmedia":[{"embeddable":true,"href":"https:\/\/elcanillita.info\/press\/wp-json\/wp\/v2\/media\/2365"}],"wp:attachment":[{"href":"https:\/\/elcanillita.info\/press\/wp-json\/wp\/v2\/media?parent=2362"}],"wp:term":[{"taxonomy":"category","embeddable":true,"href":"https:\/\/elcanillita.info\/press\/wp-json\/wp\/v2\/categories?post=2362"},{"taxonomy":"post_tag","embeddable":true,"href":"https:\/\/elcanillita.info\/press\/wp-json\/wp\/v2\/tags?post=2362"}],"curies":[{"name":"wp","href":"https:\/\/api.w.org\/{rel}","templated":true}]}}