{"id":236,"date":"2020-01-30T18:18:42","date_gmt":"2020-01-30T21:18:42","guid":{"rendered":"https:\/\/elcanillita.info\/press\/?p=236"},"modified":"2020-01-30T18:18:45","modified_gmt":"2020-01-30T21:18:45","slug":"pompeo-ee-uu-y-gran-bretana-firmaran-tratado-comercial-este-ano","status":"publish","type":"post","link":"https:\/\/elcanillita.info\/press\/2020\/01\/30\/pompeo-ee-uu-y-gran-bretana-firmaran-tratado-comercial-este-ano\/","title":{"rendered":"Pompeo: EE.UU. y Gran Breta\u00f1a firmar\u00e1n tratado comercial este a\u00f1o"},"content":{"rendered":"\n<p>Londres, 30.01.2020 &#8211; El secretario de Estado de Estados Unidos, Mike Pompeo, y su hom\u00f3logo brit\u00e1nico, Dominic Raab, afirmaron el jueves que un acuerdo comercial entre los dos pa\u00edses pudiera ser completado este a\u00f1o.<\/p>\n\n\n\n<p>Pompeo se encuentra en Londres desde el mi\u00e9rcoles, en medio de la salida de Gran Breta\u00f1a de la Uni\u00f3n Europea, se\u00f1alada para el viernes 31 de enero, para conversaciones sobre un futuro tratado de libre comercio.<\/p>\n\n\n\n<p>&#8220;Tengo plena confianza en que puede lograrse\u201d, dijo Raab a los reporteros. \u201cEstamos muy alineados en nuestros intereses econ\u00f3micos y por supuesto habr\u00e1 asuntos dif\u00edciles\u201d.<\/p>\n\n\n\n<p>Pompeo replic\u00f3: \u201cEstoy de acuerdo\u201d.<\/p>\n\n\n\n<p>El secretario de Estado se\u00f1al\u00f3 que Estados Unidos \u201cintenta poner al Reino Unido en la primera l\u00ednea \u201cde conversaciones comerciales\u201d.<\/p>\n\n\n\n<p>\u201cEste es una relaci\u00f3n hist\u00f3rica entre nuestros pa\u00edses\u201d, a\u00f1adi\u00f3.<\/p>\n\n\n\n<p>Con la salida del Reino Unido de la Uni\u00f3n Europea, la econom\u00eda brit\u00e1nica queda separada del bloque para establecer acuerdos comerciales por separado.<\/p>\n\n\n\n<p>En un mensaje de Twitter, Pompeo dijo que \u00e9l y Raab tuvieron un \u201cfant\u00e1stico intercambio de ideas. Estas conversaciones din\u00e1micas son las que hacen tan fuertes a nuestras relaciones bilaterales y de persona a persona\u201d.<br>\nSin embargo, un tema que separa a Washington y Londres es la empresa de telecomunicaciones china Huawei, a la que Estados Unidos no ve con buenos ojos por sospechas de que puede actuar en coordinaci\u00f3n con el gobierno de Beijing.<\/p>\n\n\n\n<p>El primer ministro brit\u00e1nico, Boris Johnson, otorg\u00f3 a Huawei el martes un rol limitado en las redes m\u00f3viles 5G del Reino Unido, trastornando los esfuerzos de Washington para excluir a la firma en Occidente.<\/p>\n\n\n\n<p>Pompeo, dijo a los reporteros antes de partir hacia Londres que Estados Unidos quiere estar seguro de que su informaci\u00f3n solo pase a trav\u00e9s de redes confiables.<\/p>\n\n\n\n<p>Este jueves, el secretario de Estado volvi\u00f3 a abordar el asunto, diciendo que China es la amenaza central de nuestros tiempos y Estados Unidos y sus aliados deben asegurar que tienen el poder militar y tecnol\u00f3gico para que este siglo sea gobernado por los principios occidentales.<\/p>\n\n\n\n<p>Estados Unidos y Gran Breta\u00f1a chocan sobre Huawei<\/p>\n\n\n\n<p>Sobre Huawei, Pompeo dio que el Reino Unido ha asumido un riesgo al negarse a excluir a la compa\u00f1\u00eda de sus redes 5G, pero Estados Unidos trabajar\u00e1 con Londres para solucionar sus diferencias.<\/p>\n\n\n\n<p>&#8220;Cuando uno permite que la informaci\u00f3n de sus ciudadanos o la informaci\u00f3n de seguridad nacional de sus ciudadanos transiten a trav\u00e9s de una red por la que el Partido Comunista chino tiene un mandato legal para obtenerla, eso crea un riesgo\u201d, se\u00f1al\u00f3 Pompeo.<\/p>\n\n\n\n<p>El secretario de Estado ten\u00eda programado reunirse m\u00e1s tarde este jueves con el primer ministro Boris Johnson, donde probablemente ambos aborden el espinoso tema.<br><br><small>2020 voanoticias \u2013 salastampa.eu, afiliada a la red Broadcasting Board of Governors \u00a9 2020 BBG<\/small><\/p>\n\n\n\n<p><\/p>\n","protected":false},"excerpt":{"rendered":"<p>Londres, 30.01.2020 &#8211; El secretario de Estado de Estados Unidos, Mike Pompeo, y su hom\u00f3logo brit\u00e1nico, Dominic Raab, afirmaron el jueves que un acuerdo comercial entre los dos pa\u00edses pudiera ser completado este a\u00f1o.<\/p>\n","protected":false},"author":1,"featured_media":0,"comment_status":"closed","ping_status":"closed","sticky":false,"template":"","format":"standard","meta":{"footnotes":"","_links_to":"","_links_to_target":""},"categories":[5,23],"tags":[34],"class_list":["post-236","post","type-post","status-publish","format-standard","hentry","category-europa","category-politica","tag-estados-unidos","entry","double"],"yoast_head":"<!-- This site is optimized with the Yoast SEO plugin v27.4 - https:\/\/yoast.com\/product\/yoast-seo-wordpress\/ -->\n<title>Pompeo: EE.UU. y Gran Breta\u00f1a firmar\u00e1n tratado comercial este a\u00f1o - ElCanillita.Info<\/title>\n<meta name=\"robots\" content=\"index, follow, max-snippet:-1, max-image-preview:large, max-video-preview:-1\" \/>\n<link rel=\"canonical\" href=\"https:\/\/elcanillita.info\/press\/2020\/01\/30\/pompeo-ee-uu-y-gran-bretana-firmaran-tratado-comercial-este-ano\/\" \/>\n<meta property=\"og:locale\" content=\"es_ES\" \/>\n<meta property=\"og:type\" content=\"article\" \/>\n<meta property=\"og:title\" content=\"Pompeo: EE.UU. y Gran Breta\u00f1a firmar\u00e1n tratado comercial este a\u00f1o - ElCanillita.Info\" \/>\n<meta property=\"og:description\" content=\"Londres, 30.01.2020 - El secretario de Estado de Estados Unidos, Mike Pompeo, y su hom\u00f3logo brit\u00e1nico, Dominic Raab, afirmaron el jueves que un acuerdo comercial entre los dos pa\u00edses pudiera ser completado este a\u00f1o.\" \/>\n<meta property=\"og:url\" content=\"https:\/\/elcanillita.info\/press\/2020\/01\/30\/pompeo-ee-uu-y-gran-bretana-firmaran-tratado-comercial-este-ano\/\" \/>\n<meta property=\"og:site_name\" content=\"ElCanillita.Info\" \/>\n<meta property=\"article:publisher\" content=\"https:\/\/ar-ar.facebook.com\/ElCanillitainfo-114249515285712\/\" \/>\n<meta property=\"article:published_time\" content=\"2020-01-30T21:18:42+00:00\" \/>\n<meta property=\"article:modified_time\" content=\"2020-01-30T21:18:45+00:00\" \/>\n<meta name=\"author\" content=\"SalaStampa.eu, world press service\" \/>\n<meta name=\"twitter:card\" content=\"summary_large_image\" \/>\n<meta name=\"twitter:label1\" content=\"Escrito por\" \/>\n\t<meta name=\"twitter:data1\" content=\"SalaStampa.eu, world press service\" \/>\n\t<meta name=\"twitter:label2\" content=\"Tiempo de lectura\" \/>\n\t<meta name=\"twitter:data2\" content=\"2 minutos\" \/>\n<script type=\"application\/ld+json\" class=\"yoast-schema-graph\">{\"@context\":\"https:\\\/\\\/schema.org\",\"@graph\":[{\"@type\":\"Article\",\"@id\":\"https:\\\/\\\/elcanillita.info\\\/press\\\/2020\\\/01\\\/30\\\/pompeo-ee-uu-y-gran-bretana-firmaran-tratado-comercial-este-ano\\\/#article\",\"isPartOf\":{\"@id\":\"https:\\\/\\\/elcanillita.info\\\/press\\\/2020\\\/01\\\/30\\\/pompeo-ee-uu-y-gran-bretana-firmaran-tratado-comercial-este-ano\\\/\"},\"author\":{\"name\":\"SalaStampa.eu, world press service\",\"@id\":\"https:\\\/\\\/elcanillita.info\\\/press\\\/#\\\/schema\\\/person\\\/7fcb79f38045700919f7da6d97e71ba0\"},\"headline\":\"Pompeo: EE.UU. y Gran Breta\u00f1a firmar\u00e1n tratado comercial este a\u00f1o\",\"datePublished\":\"2020-01-30T21:18:42+00:00\",\"dateModified\":\"2020-01-30T21:18:45+00:00\",\"mainEntityOfPage\":{\"@id\":\"https:\\\/\\\/elcanillita.info\\\/press\\\/2020\\\/01\\\/30\\\/pompeo-ee-uu-y-gran-bretana-firmaran-tratado-comercial-este-ano\\\/\"},\"wordCount\":501,\"publisher\":{\"@id\":\"https:\\\/\\\/elcanillita.info\\\/press\\\/#organization\"},\"keywords\":[\"Estados Unidos\"],\"articleSection\":[\"Europa\",\"Politica\"],\"inLanguage\":\"es-AR\"},{\"@type\":\"WebPage\",\"@id\":\"https:\\\/\\\/elcanillita.info\\\/press\\\/2020\\\/01\\\/30\\\/pompeo-ee-uu-y-gran-bretana-firmaran-tratado-comercial-este-ano\\\/\",\"url\":\"https:\\\/\\\/elcanillita.info\\\/press\\\/2020\\\/01\\\/30\\\/pompeo-ee-uu-y-gran-bretana-firmaran-tratado-comercial-este-ano\\\/\",\"name\":\"Pompeo: EE.UU. y Gran Breta\u00f1a firmar\u00e1n tratado comercial este a\u00f1o - ElCanillita.Info\",\"isPartOf\":{\"@id\":\"https:\\\/\\\/elcanillita.info\\\/press\\\/#website\"},\"datePublished\":\"2020-01-30T21:18:42+00:00\",\"dateModified\":\"2020-01-30T21:18:45+00:00\",\"inLanguage\":\"es-AR\",\"potentialAction\":[{\"@type\":\"ReadAction\",\"target\":[\"https:\\\/\\\/elcanillita.info\\\/press\\\/2020\\\/01\\\/30\\\/pompeo-ee-uu-y-gran-bretana-firmaran-tratado-comercial-este-ano\\\/\"]}]},{\"@type\":\"WebSite\",\"@id\":\"https:\\\/\\\/elcanillita.info\\\/press\\\/#website\",\"url\":\"https:\\\/\\\/elcanillita.info\\\/press\\\/\",\"name\":\"ElCanillita.Info\",\"description\":\"desde los Apeninos a los Andes\",\"publisher\":{\"@id\":\"https:\\\/\\\/elcanillita.info\\\/press\\\/#organization\"},\"potentialAction\":[{\"@type\":\"SearchAction\",\"target\":{\"@type\":\"EntryPoint\",\"urlTemplate\":\"https:\\\/\\\/elcanillita.info\\\/press\\\/?s={search_term_string}\"},\"query-input\":{\"@type\":\"PropertyValueSpecification\",\"valueRequired\":true,\"valueName\":\"search_term_string\"}}],\"inLanguage\":\"es-AR\"},{\"@type\":\"Organization\",\"@id\":\"https:\\\/\\\/elcanillita.info\\\/press\\\/#organization\",\"name\":\"Guzzo Photos & Graphic Publications\",\"url\":\"https:\\\/\\\/elcanillita.info\\\/press\\\/\",\"logo\":{\"@type\":\"ImageObject\",\"inLanguage\":\"es-AR\",\"@id\":\"https:\\\/\\\/elcanillita.info\\\/press\\\/#\\\/schema\\\/logo\\\/image\\\/\",\"url\":\"https:\\\/\\\/elcanillita.info\\\/press\\\/images\\\/2020\\\/01\\\/cropped-cropped-cropped-elcanillitainfo.png\",\"contentUrl\":\"https:\\\/\\\/elcanillita.info\\\/press\\\/images\\\/2020\\\/01\\\/cropped-cropped-cropped-elcanillitainfo.png\",\"width\":460,\"height\":50,\"caption\":\"Guzzo Photos & Graphic Publications\"},\"image\":{\"@id\":\"https:\\\/\\\/elcanillita.info\\\/press\\\/#\\\/schema\\\/logo\\\/image\\\/\"},\"sameAs\":[\"https:\\\/\\\/ar-ar.facebook.com\\\/ElCanillitainfo-114249515285712\\\/\"]},{\"@type\":\"Person\",\"@id\":\"https:\\\/\\\/elcanillita.info\\\/press\\\/#\\\/schema\\\/person\\\/7fcb79f38045700919f7da6d97e71ba0\",\"name\":\"SalaStampa.eu, world press service\",\"image\":{\"@type\":\"ImageObject\",\"inLanguage\":\"es-AR\",\"@id\":\"https:\\\/\\\/secure.gravatar.com\\\/avatar\\\/c2f0e0d515a107624234994507816ca4724c7199cef73fc8bedebf6931d73888?s=96&d=mm&r=g\",\"url\":\"https:\\\/\\\/secure.gravatar.com\\\/avatar\\\/c2f0e0d515a107624234994507816ca4724c7199cef73fc8bedebf6931d73888?s=96&d=mm&r=g\",\"contentUrl\":\"https:\\\/\\\/secure.gravatar.com\\\/avatar\\\/c2f0e0d515a107624234994507816ca4724c7199cef73fc8bedebf6931d73888?s=96&d=mm&r=g\",\"caption\":\"SalaStampa.eu, world press service\"}}]}<\/script>\n<!-- \/ Yoast SEO plugin. -->","yoast_head_json":{"title":"Pompeo: EE.UU. y Gran Breta\u00f1a firmar\u00e1n tratado comercial este a\u00f1o - ElCanillita.Info","robots":{"index":"index","follow":"follow","max-snippet":"max-snippet:-1","max-image-preview":"max-image-preview:large","max-video-preview":"max-video-preview:-1"},"canonical":"https:\/\/elcanillita.info\/press\/2020\/01\/30\/pompeo-ee-uu-y-gran-bretana-firmaran-tratado-comercial-este-ano\/","og_locale":"es_ES","og_type":"article","og_title":"Pompeo: EE.UU. y Gran Breta\u00f1a firmar\u00e1n tratado comercial este a\u00f1o - ElCanillita.Info","og_description":"Londres, 30.01.2020 - El secretario de Estado de Estados Unidos, Mike Pompeo, y su hom\u00f3logo brit\u00e1nico, Dominic Raab, afirmaron el jueves que un acuerdo comercial entre los dos pa\u00edses pudiera ser completado este a\u00f1o.","og_url":"https:\/\/elcanillita.info\/press\/2020\/01\/30\/pompeo-ee-uu-y-gran-bretana-firmaran-tratado-comercial-este-ano\/","og_site_name":"ElCanillita.Info","article_publisher":"https:\/\/ar-ar.facebook.com\/ElCanillitainfo-114249515285712\/","article_published_time":"2020-01-30T21:18:42+00:00","article_modified_time":"2020-01-30T21:18:45+00:00","author":"SalaStampa.eu, world press service","twitter_card":"summary_large_image","twitter_misc":{"Escrito por":"SalaStampa.eu, world press service","Tiempo de lectura":"2 minutos"},"schema":{"@context":"https:\/\/schema.org","@graph":[{"@type":"Article","@id":"https:\/\/elcanillita.info\/press\/2020\/01\/30\/pompeo-ee-uu-y-gran-bretana-firmaran-tratado-comercial-este-ano\/#article","isPartOf":{"@id":"https:\/\/elcanillita.info\/press\/2020\/01\/30\/pompeo-ee-uu-y-gran-bretana-firmaran-tratado-comercial-este-ano\/"},"author":{"name":"SalaStampa.eu, world press service","@id":"https:\/\/elcanillita.info\/press\/#\/schema\/person\/7fcb79f38045700919f7da6d97e71ba0"},"headline":"Pompeo: EE.UU. y Gran Breta\u00f1a firmar\u00e1n tratado comercial este a\u00f1o","datePublished":"2020-01-30T21:18:42+00:00","dateModified":"2020-01-30T21:18:45+00:00","mainEntityOfPage":{"@id":"https:\/\/elcanillita.info\/press\/2020\/01\/30\/pompeo-ee-uu-y-gran-bretana-firmaran-tratado-comercial-este-ano\/"},"wordCount":501,"publisher":{"@id":"https:\/\/elcanillita.info\/press\/#organization"},"keywords":["Estados Unidos"],"articleSection":["Europa","Politica"],"inLanguage":"es-AR"},{"@type":"WebPage","@id":"https:\/\/elcanillita.info\/press\/2020\/01\/30\/pompeo-ee-uu-y-gran-bretana-firmaran-tratado-comercial-este-ano\/","url":"https:\/\/elcanillita.info\/press\/2020\/01\/30\/pompeo-ee-uu-y-gran-bretana-firmaran-tratado-comercial-este-ano\/","name":"Pompeo: EE.UU. y Gran Breta\u00f1a firmar\u00e1n tratado comercial este a\u00f1o - ElCanillita.Info","isPartOf":{"@id":"https:\/\/elcanillita.info\/press\/#website"},"datePublished":"2020-01-30T21:18:42+00:00","dateModified":"2020-01-30T21:18:45+00:00","inLanguage":"es-AR","potentialAction":[{"@type":"ReadAction","target":["https:\/\/elcanillita.info\/press\/2020\/01\/30\/pompeo-ee-uu-y-gran-bretana-firmaran-tratado-comercial-este-ano\/"]}]},{"@type":"WebSite","@id":"https:\/\/elcanillita.info\/press\/#website","url":"https:\/\/elcanillita.info\/press\/","name":"ElCanillita.Info","description":"desde los Apeninos a los Andes","publisher":{"@id":"https:\/\/elcanillita.info\/press\/#organization"},"potentialAction":[{"@type":"SearchAction","target":{"@type":"EntryPoint","urlTemplate":"https:\/\/elcanillita.info\/press\/?s={search_term_string}"},"query-input":{"@type":"PropertyValueSpecification","valueRequired":true,"valueName":"search_term_string"}}],"inLanguage":"es-AR"},{"@type":"Organization","@id":"https:\/\/elcanillita.info\/press\/#organization","name":"Guzzo Photos & Graphic Publications","url":"https:\/\/elcanillita.info\/press\/","logo":{"@type":"ImageObject","inLanguage":"es-AR","@id":"https:\/\/elcanillita.info\/press\/#\/schema\/logo\/image\/","url":"https:\/\/elcanillita.info\/press\/images\/2020\/01\/cropped-cropped-cropped-elcanillitainfo.png","contentUrl":"https:\/\/elcanillita.info\/press\/images\/2020\/01\/cropped-cropped-cropped-elcanillitainfo.png","width":460,"height":50,"caption":"Guzzo Photos & Graphic Publications"},"image":{"@id":"https:\/\/elcanillita.info\/press\/#\/schema\/logo\/image\/"},"sameAs":["https:\/\/ar-ar.facebook.com\/ElCanillitainfo-114249515285712\/"]},{"@type":"Person","@id":"https:\/\/elcanillita.info\/press\/#\/schema\/person\/7fcb79f38045700919f7da6d97e71ba0","name":"SalaStampa.eu, world press service","image":{"@type":"ImageObject","inLanguage":"es-AR","@id":"https:\/\/secure.gravatar.com\/avatar\/c2f0e0d515a107624234994507816ca4724c7199cef73fc8bedebf6931d73888?s=96&d=mm&r=g","url":"https:\/\/secure.gravatar.com\/avatar\/c2f0e0d515a107624234994507816ca4724c7199cef73fc8bedebf6931d73888?s=96&d=mm&r=g","contentUrl":"https:\/\/secure.gravatar.com\/avatar\/c2f0e0d515a107624234994507816ca4724c7199cef73fc8bedebf6931d73888?s=96&d=mm&r=g","caption":"SalaStampa.eu, world press service"}}]}},"views":620,"_links":{"self":[{"href":"https:\/\/elcanillita.info\/press\/wp-json\/wp\/v2\/posts\/236","targetHints":{"allow":["GET"]}}],"collection":[{"href":"https:\/\/elcanillita.info\/press\/wp-json\/wp\/v2\/posts"}],"about":[{"href":"https:\/\/elcanillita.info\/press\/wp-json\/wp\/v2\/types\/post"}],"author":[{"embeddable":true,"href":"https:\/\/elcanillita.info\/press\/wp-json\/wp\/v2\/users\/1"}],"replies":[{"embeddable":true,"href":"https:\/\/elcanillita.info\/press\/wp-json\/wp\/v2\/comments?post=236"}],"version-history":[{"count":0,"href":"https:\/\/elcanillita.info\/press\/wp-json\/wp\/v2\/posts\/236\/revisions"}],"wp:attachment":[{"href":"https:\/\/elcanillita.info\/press\/wp-json\/wp\/v2\/media?parent=236"}],"wp:term":[{"taxonomy":"category","embeddable":true,"href":"https:\/\/elcanillita.info\/press\/wp-json\/wp\/v2\/categories?post=236"},{"taxonomy":"post_tag","embeddable":true,"href":"https:\/\/elcanillita.info\/press\/wp-json\/wp\/v2\/tags?post=236"}],"curies":[{"name":"wp","href":"https:\/\/api.w.org\/{rel}","templated":true}]}}