{"id":2356,"date":"2022-04-09T19:56:46","date_gmt":"2022-04-09T22:56:46","guid":{"rendered":"https:\/\/elcanillita.info\/press\/?p=2356"},"modified":"2022-04-09T22:25:41","modified_gmt":"2022-04-10T01:25:41","slug":"los-jovenes-de-18-a-24-anos-apoyan-a-marine-le-pen-frente-a-emmanuel-macron","status":"publish","type":"post","link":"https:\/\/elcanillita.info\/press\/2022\/04\/09\/los-jovenes-de-18-a-24-anos-apoyan-a-marine-le-pen-frente-a-emmanuel-macron\/","title":{"rendered":"Los j\u00f3venes de 18 a 24 a\u00f1os apoyan a Marine Le Pen frente a Emmanuel Macron"},"content":{"rendered":"\n<div class=\"wp-block-image\"><figure class=\"alignleft size-full\"><img loading=\"lazy\" decoding=\"async\" width=\"600\" height=\"376\" src=\"https:\/\/elcanillita.info\/press\/images\/2022\/04\/LePen.jpg\" alt=\"\" class=\"wp-image-2357\" srcset=\"https:\/\/elcanillita.info\/press\/images\/2022\/04\/LePen.jpg 600w, https:\/\/elcanillita.info\/press\/images\/2022\/04\/LePen-300x188.jpg 300w\" sizes=\"auto, (max-width: 600px) 100vw, 600px\" \/><\/figure><\/div>\n\n\n\n<p>Marine Le Pen se ha visto reforzada por un sondeo que muestra que la mayor\u00eda de los j\u00f3venes la apoyar\u00edan frente a Emmanuel Macron, mientras Francia se prepara para votar el domingo en la primera ronda de sus elecciones presidenciales.<\/p>\n\n\n\n<p>Hace un mes, Macron parec\u00eda estar seguro de convertirse en el primer l\u00edder franc\u00e9s en ganar la reelecci\u00f3n desde Jacques Chirac en 2002, ya que su popularidad estaba en alza tras su respuesta a la guerra de Ucrania.<\/p>\n\n\n\n<p>Pero los sondeos se han reducido considerablemente en los \u00faltimos quince d\u00edas. Los \u00faltimos pronostican que Macron obtendr\u00e1 alrededor del 27% de los votos en la primera vuelta de las elecciones del domingo, frente a la derechista Le Pen, con un 22%, lo que allana el camino para un cara a cara dentro de dos semanas.<\/p>\n\n\n\n<p>Un sondeo de YouGov realizado la semana pasada muestra que el 56% de las personas de entre 18 y 24 a\u00f1os votar\u00eda por la candidata nacionalista en una segunda vuelta.<\/p>\n\n\n\n<p>Otros sondeos prev\u00e9n que la Sra. Le Pen obtenga el 47% de los votos frente al 53 del Sr. Macron entre la poblaci\u00f3n general, una diferencia mucho m\u00e1s estrecha que cuando la venci\u00f3 c\u00f3modamente en las elecciones de hace cinco a\u00f1os.<\/p>\n\n\n\n<p>Las \u00faltimas cifras son lo suficientemente cercanas como para que Macron advierta un posible terremoto pol\u00edtico si los votantes no le apoyan en masa.<\/p>\n\n\n\n<p>La ola de apoyo juvenil a Le Pen ha sorprendido a muchos, tras una campa\u00f1a que se ha centrado tanto en la crisis del coste de la vida como en su duro posicionamiento sobre la inmigraci\u00f3n, el islam y la identidad francesa.<\/p>\n\n\n\n<p>Aunque se espera que un alto porcentaje de votantes no vote, las encuestas sugieren que los partidarios de Macron, de mayor edad y m\u00e1s ricos, son los m\u00e1s propensos a acudir a las urnas.<br><br>Es la \u00fanica que nos defiende, que har\u00e1 una Francia m\u00e1s segura y m\u00e1s bella, una Francia que ofrece a sus j\u00f3venes un futuro&#8221;, dijo la estudiante de obstetricia Kelly Betesh en uno de los muchos v\u00eddeos de &#8220;Vota a Marine&#8221; publicados en Instagram por veintea\u00f1eros.<\/p>\n\n\n\n<p>La l\u00edder de la Agrupaci\u00f3n Nacional fue asaltada por j\u00f3venes que se hac\u00edan selfies durante una \u00faltima parada de campa\u00f1a en el puerto de Narbona, al suroeste del pa\u00eds.<\/p>\n\n\n\n<p>El voto de los j\u00f3venes est\u00e1 dividido en la primera vuelta, con el polemista de extrema derecha \u00c9ric Zemmour y el incendiario de izquierda Jean-Luc M\u00e9lenchon como candidatos favoritos de los menores de 24 a\u00f1os. Los candidatos de los partidos tradicionales, como Anne Hidalgo, de los socialistas, y Val\u00e9rie P\u00e9cresse, de Les R\u00e9publicains, van a la zaga.<\/p>\n\n\n\n<p>David Quentin, un ingeniero agr\u00edcola de 25 a\u00f1os que ha estado repartiendo folletos de Le Pen, dijo que su mensaje nacionalista estaba atrayendo a los j\u00f3venes votantes alienados.<\/p>\n\n\n\n<p>&#8220;Nuestra generaci\u00f3n ha conocido todo tipo de problemas. Siempre hemos visto la guerra en la televisi\u00f3n. Siempre hemos conocido la crisis econ\u00f3mica y el terrorismo, los problemas medioambientales. Siempre nos ha parecido el fin del mundo. Hemos perdido nuestro punto de referencia, como pa\u00eds&#8221;, declar\u00f3 a la prensa.<\/p>\n\n\n\n<p>El apoyo de los j\u00f3venes, sin embargo, no es necesariamente un factor que juegue a favor de Le Pen.<\/p>\n\n\n\n<p>La alta proporci\u00f3n de votantes que planean no acudir a las urnas, por falta de entusiasmo por alguno de los candidatos, ha a\u00f1adido un plus de imprevisibilidad a estas elecciones.<\/p>\n\n\n\n<p>Los sondeos sugieren que un 31% de los votantes podr\u00eda abstenerse, y de ellos, los m\u00e1s j\u00f3venes son los que m\u00e1s se abstendr\u00e1n.<\/p>\n\n\n\n<p>En el joven barrio parisino de M\u00e9nilmontant, los j\u00f3venes votantes que se alinean en las terrazas de los caf\u00e9s se dividen entre los que apoyan a M\u00e9lenchon y los que no votan.<\/p>\n\n\n\n<p>&#8220;Ir a votar significar\u00eda poner mi fe en un sistema que s\u00e9 que no puede satisfacer mis opciones, as\u00ed que no estoy muy interesado en ello&#8221;, dijo \u00c9tienne Sellier, pasante de 25 a\u00f1os de edad, no se siente tentado por una elecci\u00f3n entre &#8220;la extrema derecha y el horrible candidato justo al lado&#8221;.<\/p>\n\n\n\n<p>Los franceses deber\u00edan tener una clara indicaci\u00f3n de los resultados poco despu\u00e9s del cierre de la votaci\u00f3n a las 20:00 horas, bas\u00e1ndose en recuentos parciales de una muestra representativa de colegios electorales. Los resultados definitivos se esperan a primera hora del lunes.<\/p>\n\n\n\n<p>Macron, un antiguo banquero de inversiones que lleg\u00f3 al poder prometiendo una reorganizaci\u00f3n centrista y proempresarial, insiste en que Francia se ha convertido en un pa\u00eds m\u00e1s din\u00e1mico desde 2017.<\/p>\n\n\n\n<p>El ac\u00e9rrimo proeuropeo defiende su historial de conducci\u00f3n de Francia a trav\u00e9s de la pandemia y argumenta que es el par de manos m\u00e1s seguras en tiempos de guerra.<\/p>\n\n\n\n<p>Pero politologo como Marli\u00e8re opinan que Macron ha cometido un peligroso error al sugerir que estaba demasiado ocupado haciendo su trabajo para debatir con los candidatos rivales.<\/p>\n\n\n\n<p>Su relativa invisibilidad en la campa\u00f1a ha beneficiado a la Sra. Le Pen, cuyos \u00edndices de popularidad no se han visto afectados por su anterior admiraci\u00f3n por Vladimir Putin y por un importante pr\u00e9stamo ruso que su partido a\u00fan est\u00e1 pagando.<br><br><small>Copyright \u00a9 2022 ElCanillita.info \/ DC24.News \/PanPress.eu \/ SalaStampa.eu<\/small><\/p>\n","protected":false},"excerpt":{"rendered":"<p>Los sondeos se han reducido considerablemente en los \u00faltimos quince d\u00edas y la ola de apoyo de los j\u00f3venes a Le Pen ha sorprendido a muchos.<\/p>\n","protected":false},"author":1,"featured_media":2360,"comment_status":"closed","ping_status":"closed","sticky":false,"template":"","format":"standard","meta":{"footnotes":"","_links_to":"","_links_to_target":""},"categories":[5,23],"tags":[],"class_list":["post-2356","post","type-post","status-publish","format-standard","has-post-thumbnail","hentry","category-europa","category-politica","entry","double"],"yoast_head":"<!-- This site is optimized with the Yoast SEO plugin v27.4 - https:\/\/yoast.com\/product\/yoast-seo-wordpress\/ -->\n<title>Los j\u00f3venes de 18 a 24 a\u00f1os apoyan a Marine Le Pen frente a Emmanuel Macron - ElCanillita.Info<\/title>\n<meta name=\"robots\" content=\"index, follow, max-snippet:-1, max-image-preview:large, max-video-preview:-1\" \/>\n<link rel=\"canonical\" href=\"https:\/\/elcanillita.info\/press\/2022\/04\/09\/los-jovenes-de-18-a-24-anos-apoyan-a-marine-le-pen-frente-a-emmanuel-macron\/\" \/>\n<meta property=\"og:locale\" content=\"es_ES\" \/>\n<meta property=\"og:type\" content=\"article\" \/>\n<meta property=\"og:title\" content=\"Los j\u00f3venes de 18 a 24 a\u00f1os apoyan a Marine Le Pen frente a Emmanuel Macron - ElCanillita.Info\" \/>\n<meta property=\"og:description\" content=\"Los sondeos se han reducido considerablemente en los \u00faltimos quince d\u00edas y la ola de apoyo de los j\u00f3venes a Le Pen ha sorprendido a muchos.\" \/>\n<meta property=\"og:url\" content=\"https:\/\/elcanillita.info\/press\/2022\/04\/09\/los-jovenes-de-18-a-24-anos-apoyan-a-marine-le-pen-frente-a-emmanuel-macron\/\" \/>\n<meta property=\"og:site_name\" content=\"ElCanillita.Info\" \/>\n<meta property=\"article:publisher\" content=\"https:\/\/ar-ar.facebook.com\/ElCanillitainfo-114249515285712\/\" \/>\n<meta property=\"article:published_time\" content=\"2022-04-09T22:56:46+00:00\" \/>\n<meta property=\"article:modified_time\" content=\"2022-04-10T01:25:41+00:00\" \/>\n<meta property=\"og:image\" content=\"https:\/\/elcanillita.info\/press\/images\/2022\/04\/macron-1.jpg\" \/>\n\t<meta property=\"og:image:width\" content=\"594\" \/>\n\t<meta property=\"og:image:height\" content=\"366\" \/>\n\t<meta property=\"og:image:type\" content=\"image\/jpeg\" \/>\n<meta name=\"author\" content=\"SalaStampa.eu, world press service\" \/>\n<meta name=\"twitter:card\" content=\"summary_large_image\" \/>\n<meta name=\"twitter:label1\" content=\"Escrito por\" \/>\n\t<meta name=\"twitter:data1\" content=\"SalaStampa.eu, world press service\" \/>\n\t<meta name=\"twitter:label2\" content=\"Tiempo de lectura\" \/>\n\t<meta name=\"twitter:data2\" content=\"5 minutos\" \/>\n<script type=\"application\/ld+json\" class=\"yoast-schema-graph\">{\"@context\":\"https:\\\/\\\/schema.org\",\"@graph\":[{\"@type\":\"Article\",\"@id\":\"https:\\\/\\\/elcanillita.info\\\/press\\\/2022\\\/04\\\/09\\\/los-jovenes-de-18-a-24-anos-apoyan-a-marine-le-pen-frente-a-emmanuel-macron\\\/#article\",\"isPartOf\":{\"@id\":\"https:\\\/\\\/elcanillita.info\\\/press\\\/2022\\\/04\\\/09\\\/los-jovenes-de-18-a-24-anos-apoyan-a-marine-le-pen-frente-a-emmanuel-macron\\\/\"},\"author\":{\"name\":\"SalaStampa.eu, world press service\",\"@id\":\"https:\\\/\\\/elcanillita.info\\\/press\\\/#\\\/schema\\\/person\\\/7fcb79f38045700919f7da6d97e71ba0\"},\"headline\":\"Los j\u00f3venes de 18 a 24 a\u00f1os apoyan a Marine Le Pen frente a Emmanuel Macron\",\"datePublished\":\"2022-04-09T22:56:46+00:00\",\"dateModified\":\"2022-04-10T01:25:41+00:00\",\"mainEntityOfPage\":{\"@id\":\"https:\\\/\\\/elcanillita.info\\\/press\\\/2022\\\/04\\\/09\\\/los-jovenes-de-18-a-24-anos-apoyan-a-marine-le-pen-frente-a-emmanuel-macron\\\/\"},\"wordCount\":927,\"publisher\":{\"@id\":\"https:\\\/\\\/elcanillita.info\\\/press\\\/#organization\"},\"image\":{\"@id\":\"https:\\\/\\\/elcanillita.info\\\/press\\\/2022\\\/04\\\/09\\\/los-jovenes-de-18-a-24-anos-apoyan-a-marine-le-pen-frente-a-emmanuel-macron\\\/#primaryimage\"},\"thumbnailUrl\":\"https:\\\/\\\/elcanillita.info\\\/press\\\/images\\\/2022\\\/04\\\/macron-1.jpg\",\"articleSection\":[\"Europa\",\"Politica\"],\"inLanguage\":\"es-AR\"},{\"@type\":\"WebPage\",\"@id\":\"https:\\\/\\\/elcanillita.info\\\/press\\\/2022\\\/04\\\/09\\\/los-jovenes-de-18-a-24-anos-apoyan-a-marine-le-pen-frente-a-emmanuel-macron\\\/\",\"url\":\"https:\\\/\\\/elcanillita.info\\\/press\\\/2022\\\/04\\\/09\\\/los-jovenes-de-18-a-24-anos-apoyan-a-marine-le-pen-frente-a-emmanuel-macron\\\/\",\"name\":\"Los j\u00f3venes de 18 a 24 a\u00f1os apoyan a Marine Le Pen frente a Emmanuel Macron - ElCanillita.Info\",\"isPartOf\":{\"@id\":\"https:\\\/\\\/elcanillita.info\\\/press\\\/#website\"},\"primaryImageOfPage\":{\"@id\":\"https:\\\/\\\/elcanillita.info\\\/press\\\/2022\\\/04\\\/09\\\/los-jovenes-de-18-a-24-anos-apoyan-a-marine-le-pen-frente-a-emmanuel-macron\\\/#primaryimage\"},\"image\":{\"@id\":\"https:\\\/\\\/elcanillita.info\\\/press\\\/2022\\\/04\\\/09\\\/los-jovenes-de-18-a-24-anos-apoyan-a-marine-le-pen-frente-a-emmanuel-macron\\\/#primaryimage\"},\"thumbnailUrl\":\"https:\\\/\\\/elcanillita.info\\\/press\\\/images\\\/2022\\\/04\\\/macron-1.jpg\",\"datePublished\":\"2022-04-09T22:56:46+00:00\",\"dateModified\":\"2022-04-10T01:25:41+00:00\",\"inLanguage\":\"es-AR\",\"potentialAction\":[{\"@type\":\"ReadAction\",\"target\":[\"https:\\\/\\\/elcanillita.info\\\/press\\\/2022\\\/04\\\/09\\\/los-jovenes-de-18-a-24-anos-apoyan-a-marine-le-pen-frente-a-emmanuel-macron\\\/\"]}]},{\"@type\":\"ImageObject\",\"inLanguage\":\"es-AR\",\"@id\":\"https:\\\/\\\/elcanillita.info\\\/press\\\/2022\\\/04\\\/09\\\/los-jovenes-de-18-a-24-anos-apoyan-a-marine-le-pen-frente-a-emmanuel-macron\\\/#primaryimage\",\"url\":\"https:\\\/\\\/elcanillita.info\\\/press\\\/images\\\/2022\\\/04\\\/macron-1.jpg\",\"contentUrl\":\"https:\\\/\\\/elcanillita.info\\\/press\\\/images\\\/2022\\\/04\\\/macron-1.jpg\",\"width\":594,\"height\":366},{\"@type\":\"WebSite\",\"@id\":\"https:\\\/\\\/elcanillita.info\\\/press\\\/#website\",\"url\":\"https:\\\/\\\/elcanillita.info\\\/press\\\/\",\"name\":\"ElCanillita.Info\",\"description\":\"desde los Apeninos a los Andes\",\"publisher\":{\"@id\":\"https:\\\/\\\/elcanillita.info\\\/press\\\/#organization\"},\"potentialAction\":[{\"@type\":\"SearchAction\",\"target\":{\"@type\":\"EntryPoint\",\"urlTemplate\":\"https:\\\/\\\/elcanillita.info\\\/press\\\/?s={search_term_string}\"},\"query-input\":{\"@type\":\"PropertyValueSpecification\",\"valueRequired\":true,\"valueName\":\"search_term_string\"}}],\"inLanguage\":\"es-AR\"},{\"@type\":\"Organization\",\"@id\":\"https:\\\/\\\/elcanillita.info\\\/press\\\/#organization\",\"name\":\"Guzzo Photos & Graphic Publications\",\"url\":\"https:\\\/\\\/elcanillita.info\\\/press\\\/\",\"logo\":{\"@type\":\"ImageObject\",\"inLanguage\":\"es-AR\",\"@id\":\"https:\\\/\\\/elcanillita.info\\\/press\\\/#\\\/schema\\\/logo\\\/image\\\/\",\"url\":\"https:\\\/\\\/elcanillita.info\\\/press\\\/images\\\/2020\\\/01\\\/cropped-cropped-cropped-elcanillitainfo.png\",\"contentUrl\":\"https:\\\/\\\/elcanillita.info\\\/press\\\/images\\\/2020\\\/01\\\/cropped-cropped-cropped-elcanillitainfo.png\",\"width\":460,\"height\":50,\"caption\":\"Guzzo Photos & Graphic Publications\"},\"image\":{\"@id\":\"https:\\\/\\\/elcanillita.info\\\/press\\\/#\\\/schema\\\/logo\\\/image\\\/\"},\"sameAs\":[\"https:\\\/\\\/ar-ar.facebook.com\\\/ElCanillitainfo-114249515285712\\\/\"]},{\"@type\":\"Person\",\"@id\":\"https:\\\/\\\/elcanillita.info\\\/press\\\/#\\\/schema\\\/person\\\/7fcb79f38045700919f7da6d97e71ba0\",\"name\":\"SalaStampa.eu, world press service\",\"image\":{\"@type\":\"ImageObject\",\"inLanguage\":\"es-AR\",\"@id\":\"https:\\\/\\\/secure.gravatar.com\\\/avatar\\\/c2f0e0d515a107624234994507816ca4724c7199cef73fc8bedebf6931d73888?s=96&d=mm&r=g\",\"url\":\"https:\\\/\\\/secure.gravatar.com\\\/avatar\\\/c2f0e0d515a107624234994507816ca4724c7199cef73fc8bedebf6931d73888?s=96&d=mm&r=g\",\"contentUrl\":\"https:\\\/\\\/secure.gravatar.com\\\/avatar\\\/c2f0e0d515a107624234994507816ca4724c7199cef73fc8bedebf6931d73888?s=96&d=mm&r=g\",\"caption\":\"SalaStampa.eu, world press service\"}}]}<\/script>\n<!-- \/ Yoast SEO plugin. -->","yoast_head_json":{"title":"Los j\u00f3venes de 18 a 24 a\u00f1os apoyan a Marine Le Pen frente a Emmanuel Macron - ElCanillita.Info","robots":{"index":"index","follow":"follow","max-snippet":"max-snippet:-1","max-image-preview":"max-image-preview:large","max-video-preview":"max-video-preview:-1"},"canonical":"https:\/\/elcanillita.info\/press\/2022\/04\/09\/los-jovenes-de-18-a-24-anos-apoyan-a-marine-le-pen-frente-a-emmanuel-macron\/","og_locale":"es_ES","og_type":"article","og_title":"Los j\u00f3venes de 18 a 24 a\u00f1os apoyan a Marine Le Pen frente a Emmanuel Macron - ElCanillita.Info","og_description":"Los sondeos se han reducido considerablemente en los \u00faltimos quince d\u00edas y la ola de apoyo de los j\u00f3venes a Le Pen ha sorprendido a muchos.","og_url":"https:\/\/elcanillita.info\/press\/2022\/04\/09\/los-jovenes-de-18-a-24-anos-apoyan-a-marine-le-pen-frente-a-emmanuel-macron\/","og_site_name":"ElCanillita.Info","article_publisher":"https:\/\/ar-ar.facebook.com\/ElCanillitainfo-114249515285712\/","article_published_time":"2022-04-09T22:56:46+00:00","article_modified_time":"2022-04-10T01:25:41+00:00","og_image":[{"width":594,"height":366,"url":"https:\/\/elcanillita.info\/press\/images\/2022\/04\/macron-1.jpg","type":"image\/jpeg"}],"author":"SalaStampa.eu, world press service","twitter_card":"summary_large_image","twitter_misc":{"Escrito por":"SalaStampa.eu, world press service","Tiempo de lectura":"5 minutos"},"schema":{"@context":"https:\/\/schema.org","@graph":[{"@type":"Article","@id":"https:\/\/elcanillita.info\/press\/2022\/04\/09\/los-jovenes-de-18-a-24-anos-apoyan-a-marine-le-pen-frente-a-emmanuel-macron\/#article","isPartOf":{"@id":"https:\/\/elcanillita.info\/press\/2022\/04\/09\/los-jovenes-de-18-a-24-anos-apoyan-a-marine-le-pen-frente-a-emmanuel-macron\/"},"author":{"name":"SalaStampa.eu, world press service","@id":"https:\/\/elcanillita.info\/press\/#\/schema\/person\/7fcb79f38045700919f7da6d97e71ba0"},"headline":"Los j\u00f3venes de 18 a 24 a\u00f1os apoyan a Marine Le Pen frente a Emmanuel Macron","datePublished":"2022-04-09T22:56:46+00:00","dateModified":"2022-04-10T01:25:41+00:00","mainEntityOfPage":{"@id":"https:\/\/elcanillita.info\/press\/2022\/04\/09\/los-jovenes-de-18-a-24-anos-apoyan-a-marine-le-pen-frente-a-emmanuel-macron\/"},"wordCount":927,"publisher":{"@id":"https:\/\/elcanillita.info\/press\/#organization"},"image":{"@id":"https:\/\/elcanillita.info\/press\/2022\/04\/09\/los-jovenes-de-18-a-24-anos-apoyan-a-marine-le-pen-frente-a-emmanuel-macron\/#primaryimage"},"thumbnailUrl":"https:\/\/elcanillita.info\/press\/images\/2022\/04\/macron-1.jpg","articleSection":["Europa","Politica"],"inLanguage":"es-AR"},{"@type":"WebPage","@id":"https:\/\/elcanillita.info\/press\/2022\/04\/09\/los-jovenes-de-18-a-24-anos-apoyan-a-marine-le-pen-frente-a-emmanuel-macron\/","url":"https:\/\/elcanillita.info\/press\/2022\/04\/09\/los-jovenes-de-18-a-24-anos-apoyan-a-marine-le-pen-frente-a-emmanuel-macron\/","name":"Los j\u00f3venes de 18 a 24 a\u00f1os apoyan a Marine Le Pen frente a Emmanuel Macron - ElCanillita.Info","isPartOf":{"@id":"https:\/\/elcanillita.info\/press\/#website"},"primaryImageOfPage":{"@id":"https:\/\/elcanillita.info\/press\/2022\/04\/09\/los-jovenes-de-18-a-24-anos-apoyan-a-marine-le-pen-frente-a-emmanuel-macron\/#primaryimage"},"image":{"@id":"https:\/\/elcanillita.info\/press\/2022\/04\/09\/los-jovenes-de-18-a-24-anos-apoyan-a-marine-le-pen-frente-a-emmanuel-macron\/#primaryimage"},"thumbnailUrl":"https:\/\/elcanillita.info\/press\/images\/2022\/04\/macron-1.jpg","datePublished":"2022-04-09T22:56:46+00:00","dateModified":"2022-04-10T01:25:41+00:00","inLanguage":"es-AR","potentialAction":[{"@type":"ReadAction","target":["https:\/\/elcanillita.info\/press\/2022\/04\/09\/los-jovenes-de-18-a-24-anos-apoyan-a-marine-le-pen-frente-a-emmanuel-macron\/"]}]},{"@type":"ImageObject","inLanguage":"es-AR","@id":"https:\/\/elcanillita.info\/press\/2022\/04\/09\/los-jovenes-de-18-a-24-anos-apoyan-a-marine-le-pen-frente-a-emmanuel-macron\/#primaryimage","url":"https:\/\/elcanillita.info\/press\/images\/2022\/04\/macron-1.jpg","contentUrl":"https:\/\/elcanillita.info\/press\/images\/2022\/04\/macron-1.jpg","width":594,"height":366},{"@type":"WebSite","@id":"https:\/\/elcanillita.info\/press\/#website","url":"https:\/\/elcanillita.info\/press\/","name":"ElCanillita.Info","description":"desde los Apeninos a los Andes","publisher":{"@id":"https:\/\/elcanillita.info\/press\/#organization"},"potentialAction":[{"@type":"SearchAction","target":{"@type":"EntryPoint","urlTemplate":"https:\/\/elcanillita.info\/press\/?s={search_term_string}"},"query-input":{"@type":"PropertyValueSpecification","valueRequired":true,"valueName":"search_term_string"}}],"inLanguage":"es-AR"},{"@type":"Organization","@id":"https:\/\/elcanillita.info\/press\/#organization","name":"Guzzo Photos & Graphic Publications","url":"https:\/\/elcanillita.info\/press\/","logo":{"@type":"ImageObject","inLanguage":"es-AR","@id":"https:\/\/elcanillita.info\/press\/#\/schema\/logo\/image\/","url":"https:\/\/elcanillita.info\/press\/images\/2020\/01\/cropped-cropped-cropped-elcanillitainfo.png","contentUrl":"https:\/\/elcanillita.info\/press\/images\/2020\/01\/cropped-cropped-cropped-elcanillitainfo.png","width":460,"height":50,"caption":"Guzzo Photos & Graphic Publications"},"image":{"@id":"https:\/\/elcanillita.info\/press\/#\/schema\/logo\/image\/"},"sameAs":["https:\/\/ar-ar.facebook.com\/ElCanillitainfo-114249515285712\/"]},{"@type":"Person","@id":"https:\/\/elcanillita.info\/press\/#\/schema\/person\/7fcb79f38045700919f7da6d97e71ba0","name":"SalaStampa.eu, world press service","image":{"@type":"ImageObject","inLanguage":"es-AR","@id":"https:\/\/secure.gravatar.com\/avatar\/c2f0e0d515a107624234994507816ca4724c7199cef73fc8bedebf6931d73888?s=96&d=mm&r=g","url":"https:\/\/secure.gravatar.com\/avatar\/c2f0e0d515a107624234994507816ca4724c7199cef73fc8bedebf6931d73888?s=96&d=mm&r=g","contentUrl":"https:\/\/secure.gravatar.com\/avatar\/c2f0e0d515a107624234994507816ca4724c7199cef73fc8bedebf6931d73888?s=96&d=mm&r=g","caption":"SalaStampa.eu, world press service"}}]}},"views":420,"_links":{"self":[{"href":"https:\/\/elcanillita.info\/press\/wp-json\/wp\/v2\/posts\/2356","targetHints":{"allow":["GET"]}}],"collection":[{"href":"https:\/\/elcanillita.info\/press\/wp-json\/wp\/v2\/posts"}],"about":[{"href":"https:\/\/elcanillita.info\/press\/wp-json\/wp\/v2\/types\/post"}],"author":[{"embeddable":true,"href":"https:\/\/elcanillita.info\/press\/wp-json\/wp\/v2\/users\/1"}],"replies":[{"embeddable":true,"href":"https:\/\/elcanillita.info\/press\/wp-json\/wp\/v2\/comments?post=2356"}],"version-history":[{"count":0,"href":"https:\/\/elcanillita.info\/press\/wp-json\/wp\/v2\/posts\/2356\/revisions"}],"wp:featuredmedia":[{"embeddable":true,"href":"https:\/\/elcanillita.info\/press\/wp-json\/wp\/v2\/media\/2360"}],"wp:attachment":[{"href":"https:\/\/elcanillita.info\/press\/wp-json\/wp\/v2\/media?parent=2356"}],"wp:term":[{"taxonomy":"category","embeddable":true,"href":"https:\/\/elcanillita.info\/press\/wp-json\/wp\/v2\/categories?post=2356"},{"taxonomy":"post_tag","embeddable":true,"href":"https:\/\/elcanillita.info\/press\/wp-json\/wp\/v2\/tags?post=2356"}],"curies":[{"name":"wp","href":"https:\/\/api.w.org\/{rel}","templated":true}]}}