{"id":2347,"date":"2022-03-31T20:15:14","date_gmt":"2022-03-31T23:15:14","guid":{"rendered":"https:\/\/elcanillita.info\/press\/?p=2347"},"modified":"2022-03-31T20:23:21","modified_gmt":"2022-03-31T23:23:21","slug":"despedidos-y-arrestados","status":"publish","type":"post","link":"https:\/\/elcanillita.info\/press\/2022\/03\/31\/despedidos-y-arrestados\/","title":{"rendered":"Despedidos y arrestados"},"content":{"rendered":"\n<div class=\"wp-block-image\"><figure class=\"alignleft size-full\"><img loading=\"lazy\" decoding=\"async\" width=\"600\" height=\"374\" src=\"https:\/\/elcanillita.info\/press\/images\/2022\/03\/put.jpg\" alt=\"\" class=\"wp-image-2348\" srcset=\"https:\/\/elcanillita.info\/press\/images\/2022\/03\/put.jpg 600w, https:\/\/elcanillita.info\/press\/images\/2022\/03\/put-300x187.jpg 300w\" sizes=\"auto, (max-width: 600px) 100vw, 600px\" \/><\/figure><\/div>\n\n\n\n<p> Se dice que Vladimir Putin arresta sus asesores militares y jefes de inteligencia, descontento con el manejo de la guerra en Ucrania por parte de Rusia.<br><br>Putin se dispuso a capturar Kiev y derrocar a su gobierno a la velocidad del rayo. Pero cinco semanas despu\u00e9s de iniciada la guerra, hay cada vez m\u00e1s pruebas de que el presidente ruso se est\u00e1 volviendo contra sus propios jefes de espionaje y asesores militares a medida que vacila su invasi\u00f3n de Ucrania. Seg\u00fan el director del GCHQ, Sede de Comunicaciones Gubernamentales ubicada en Cheltenham, Inglaterra, sus asesores &#8220;tienen miedo de decirle la verdad&#8221; sobre la campa\u00f1a r\u00e1pidamente vacilante de Rusia en Ucrania.<\/p>\n\n\n\n<p>Sir Jeremy Fleming, director de la agencia de inteligencia, cibern\u00e9tica y seguridad del Reino Unido, us\u00f3 un discurso en Australia para decir que Putin &#8220;sobreestim\u00f3 las habilidades de su ej\u00e9rcito para asegurar una victoria r\u00e1pida&#8221;. Agreg\u00f3 que los soldados rusos desmoralizados se negaban a cumplir \u00f3rdenes, saboteando su propio equipo &#8220;e incluso derribando accidentalmente su propio avi\u00f3n&#8221;. <br><br>Como informan fuentes confiables de prensa presentes, se evidencia baja moral entre los soldados rusos. Mientras tanto, el servicio de seguridad de Ucrania ha afirmado que las tropas rusas comen hasta los perros, porque est\u00e1n &#8220;hartas&#8221; de sus paquetes de raciones.<\/p>\n\n\n\n<p>Hoy temprano, el presidente ucraniano Volodymyr Zelensky dijo que sus fuerzas se est\u00e1n preparando para nuevos ataques rusos en el este del pa\u00eds mientras Mosc\u00fa acumula sus tropas all\u00ed despu\u00e9s de sufrir reveses cerca de Kiev.<br><br>\n<small>Copyright \u00a9 2022 ElCanillita.info \/ PanPress.eu \/ SalaStampa.eu <\/small> <\/p>\n","protected":false},"excerpt":{"rendered":"<p>Vladimir Putin se est\u00e1 volviendo contra sus generales y asesores militares<\/p>\n","protected":false},"author":1,"featured_media":2313,"comment_status":"closed","ping_status":"closed","sticky":false,"template":"","format":"standard","meta":{"footnotes":"","_links_to":"","_links_to_target":""},"categories":[70],"tags":[49],"class_list":["post-2347","post","type-post","status-publish","format-standard","has-post-thumbnail","hentry","category-actualidad","tag-rusia","entry","double"],"yoast_head":"<!-- This site is optimized with the Yoast SEO plugin v27.5 - https:\/\/yoast.com\/product\/yoast-seo-wordpress\/ -->\n<title>Despedidos y arrestados - ElCanillita.Info<\/title>\n<meta name=\"robots\" content=\"index, follow, max-snippet:-1, max-image-preview:large, max-video-preview:-1\" \/>\n<link rel=\"canonical\" href=\"https:\/\/elcanillita.info\/press\/2022\/03\/31\/despedidos-y-arrestados\/\" \/>\n<meta property=\"og:locale\" content=\"es_ES\" \/>\n<meta property=\"og:type\" content=\"article\" \/>\n<meta property=\"og:title\" content=\"Despedidos y arrestados - ElCanillita.Info\" \/>\n<meta property=\"og:description\" content=\"Vladimir Putin se est\u00e1 volviendo contra sus generales y asesores militares\" \/>\n<meta property=\"og:url\" content=\"https:\/\/elcanillita.info\/press\/2022\/03\/31\/despedidos-y-arrestados\/\" \/>\n<meta property=\"og:site_name\" content=\"ElCanillita.Info\" \/>\n<meta property=\"article:publisher\" content=\"https:\/\/ar-ar.facebook.com\/ElCanillitainfo-114249515285712\/\" \/>\n<meta property=\"article:published_time\" content=\"2022-03-31T23:15:14+00:00\" \/>\n<meta property=\"article:modified_time\" content=\"2022-03-31T23:23:21+00:00\" \/>\n<meta property=\"og:image\" content=\"https:\/\/elcanillita.info\/press\/images\/2022\/03\/p1.jpg\" \/>\n\t<meta property=\"og:image:width\" content=\"600\" \/>\n\t<meta property=\"og:image:height\" content=\"400\" \/>\n\t<meta property=\"og:image:type\" content=\"image\/jpeg\" \/>\n<meta name=\"author\" content=\"SalaStampa.eu, world press service\" \/>\n<meta name=\"twitter:card\" content=\"summary_large_image\" \/>\n<meta name=\"twitter:label1\" content=\"Escrito por\" \/>\n\t<meta name=\"twitter:data1\" content=\"SalaStampa.eu, world press service\" \/>\n\t<meta name=\"twitter:label2\" content=\"Tiempo de lectura\" \/>\n\t<meta name=\"twitter:data2\" content=\"2 minutos\" \/>\n<script type=\"application\/ld+json\" class=\"yoast-schema-graph\">{\"@context\":\"https:\\\/\\\/schema.org\",\"@graph\":[{\"@type\":\"Article\",\"@id\":\"https:\\\/\\\/elcanillita.info\\\/press\\\/2022\\\/03\\\/31\\\/despedidos-y-arrestados\\\/#article\",\"isPartOf\":{\"@id\":\"https:\\\/\\\/elcanillita.info\\\/press\\\/2022\\\/03\\\/31\\\/despedidos-y-arrestados\\\/\"},\"author\":{\"name\":\"SalaStampa.eu, world press service\",\"@id\":\"https:\\\/\\\/elcanillita.info\\\/press\\\/#\\\/schema\\\/person\\\/7fcb79f38045700919f7da6d97e71ba0\"},\"headline\":\"Despedidos y arrestados\",\"datePublished\":\"2022-03-31T23:15:14+00:00\",\"dateModified\":\"2022-03-31T23:23:21+00:00\",\"mainEntityOfPage\":{\"@id\":\"https:\\\/\\\/elcanillita.info\\\/press\\\/2022\\\/03\\\/31\\\/despedidos-y-arrestados\\\/\"},\"wordCount\":268,\"publisher\":{\"@id\":\"https:\\\/\\\/elcanillita.info\\\/press\\\/#organization\"},\"image\":{\"@id\":\"https:\\\/\\\/elcanillita.info\\\/press\\\/2022\\\/03\\\/31\\\/despedidos-y-arrestados\\\/#primaryimage\"},\"thumbnailUrl\":\"https:\\\/\\\/elcanillita.info\\\/press\\\/images\\\/2022\\\/03\\\/p1.jpg\",\"keywords\":[\"Rusia\"],\"articleSection\":[\"Actualidad\"],\"inLanguage\":\"es-AR\"},{\"@type\":\"WebPage\",\"@id\":\"https:\\\/\\\/elcanillita.info\\\/press\\\/2022\\\/03\\\/31\\\/despedidos-y-arrestados\\\/\",\"url\":\"https:\\\/\\\/elcanillita.info\\\/press\\\/2022\\\/03\\\/31\\\/despedidos-y-arrestados\\\/\",\"name\":\"Despedidos y arrestados - ElCanillita.Info\",\"isPartOf\":{\"@id\":\"https:\\\/\\\/elcanillita.info\\\/press\\\/#website\"},\"primaryImageOfPage\":{\"@id\":\"https:\\\/\\\/elcanillita.info\\\/press\\\/2022\\\/03\\\/31\\\/despedidos-y-arrestados\\\/#primaryimage\"},\"image\":{\"@id\":\"https:\\\/\\\/elcanillita.info\\\/press\\\/2022\\\/03\\\/31\\\/despedidos-y-arrestados\\\/#primaryimage\"},\"thumbnailUrl\":\"https:\\\/\\\/elcanillita.info\\\/press\\\/images\\\/2022\\\/03\\\/p1.jpg\",\"datePublished\":\"2022-03-31T23:15:14+00:00\",\"dateModified\":\"2022-03-31T23:23:21+00:00\",\"inLanguage\":\"es-AR\",\"potentialAction\":[{\"@type\":\"ReadAction\",\"target\":[\"https:\\\/\\\/elcanillita.info\\\/press\\\/2022\\\/03\\\/31\\\/despedidos-y-arrestados\\\/\"]}]},{\"@type\":\"ImageObject\",\"inLanguage\":\"es-AR\",\"@id\":\"https:\\\/\\\/elcanillita.info\\\/press\\\/2022\\\/03\\\/31\\\/despedidos-y-arrestados\\\/#primaryimage\",\"url\":\"https:\\\/\\\/elcanillita.info\\\/press\\\/images\\\/2022\\\/03\\\/p1.jpg\",\"contentUrl\":\"https:\\\/\\\/elcanillita.info\\\/press\\\/images\\\/2022\\\/03\\\/p1.jpg\",\"width\":600,\"height\":400},{\"@type\":\"WebSite\",\"@id\":\"https:\\\/\\\/elcanillita.info\\\/press\\\/#website\",\"url\":\"https:\\\/\\\/elcanillita.info\\\/press\\\/\",\"name\":\"ElCanillita.Info\",\"description\":\"desde los Apeninos a los Andes\",\"publisher\":{\"@id\":\"https:\\\/\\\/elcanillita.info\\\/press\\\/#organization\"},\"potentialAction\":[{\"@type\":\"SearchAction\",\"target\":{\"@type\":\"EntryPoint\",\"urlTemplate\":\"https:\\\/\\\/elcanillita.info\\\/press\\\/?s={search_term_string}\"},\"query-input\":{\"@type\":\"PropertyValueSpecification\",\"valueRequired\":true,\"valueName\":\"search_term_string\"}}],\"inLanguage\":\"es-AR\"},{\"@type\":\"Organization\",\"@id\":\"https:\\\/\\\/elcanillita.info\\\/press\\\/#organization\",\"name\":\"Guzzo Photos & Graphic Publications\",\"url\":\"https:\\\/\\\/elcanillita.info\\\/press\\\/\",\"logo\":{\"@type\":\"ImageObject\",\"inLanguage\":\"es-AR\",\"@id\":\"https:\\\/\\\/elcanillita.info\\\/press\\\/#\\\/schema\\\/logo\\\/image\\\/\",\"url\":\"https:\\\/\\\/elcanillita.info\\\/press\\\/images\\\/2020\\\/01\\\/cropped-cropped-cropped-elcanillitainfo.png\",\"contentUrl\":\"https:\\\/\\\/elcanillita.info\\\/press\\\/images\\\/2020\\\/01\\\/cropped-cropped-cropped-elcanillitainfo.png\",\"width\":460,\"height\":50,\"caption\":\"Guzzo Photos & Graphic Publications\"},\"image\":{\"@id\":\"https:\\\/\\\/elcanillita.info\\\/press\\\/#\\\/schema\\\/logo\\\/image\\\/\"},\"sameAs\":[\"https:\\\/\\\/ar-ar.facebook.com\\\/ElCanillitainfo-114249515285712\\\/\"]},{\"@type\":\"Person\",\"@id\":\"https:\\\/\\\/elcanillita.info\\\/press\\\/#\\\/schema\\\/person\\\/7fcb79f38045700919f7da6d97e71ba0\",\"name\":\"SalaStampa.eu, world press service\",\"image\":{\"@type\":\"ImageObject\",\"inLanguage\":\"es-AR\",\"@id\":\"https:\\\/\\\/secure.gravatar.com\\\/avatar\\\/c2f0e0d515a107624234994507816ca4724c7199cef73fc8bedebf6931d73888?s=96&d=mm&r=g\",\"url\":\"https:\\\/\\\/secure.gravatar.com\\\/avatar\\\/c2f0e0d515a107624234994507816ca4724c7199cef73fc8bedebf6931d73888?s=96&d=mm&r=g\",\"contentUrl\":\"https:\\\/\\\/secure.gravatar.com\\\/avatar\\\/c2f0e0d515a107624234994507816ca4724c7199cef73fc8bedebf6931d73888?s=96&d=mm&r=g\",\"caption\":\"SalaStampa.eu, world press service\"}}]}<\/script>\n<!-- \/ Yoast SEO plugin. -->","yoast_head_json":{"title":"Despedidos y arrestados - ElCanillita.Info","robots":{"index":"index","follow":"follow","max-snippet":"max-snippet:-1","max-image-preview":"max-image-preview:large","max-video-preview":"max-video-preview:-1"},"canonical":"https:\/\/elcanillita.info\/press\/2022\/03\/31\/despedidos-y-arrestados\/","og_locale":"es_ES","og_type":"article","og_title":"Despedidos y arrestados - ElCanillita.Info","og_description":"Vladimir Putin se est\u00e1 volviendo contra sus generales y asesores militares","og_url":"https:\/\/elcanillita.info\/press\/2022\/03\/31\/despedidos-y-arrestados\/","og_site_name":"ElCanillita.Info","article_publisher":"https:\/\/ar-ar.facebook.com\/ElCanillitainfo-114249515285712\/","article_published_time":"2022-03-31T23:15:14+00:00","article_modified_time":"2022-03-31T23:23:21+00:00","og_image":[{"width":600,"height":400,"url":"https:\/\/elcanillita.info\/press\/images\/2022\/03\/p1.jpg","type":"image\/jpeg"}],"author":"SalaStampa.eu, world press service","twitter_card":"summary_large_image","twitter_misc":{"Escrito por":"SalaStampa.eu, world press service","Tiempo de lectura":"2 minutos"},"schema":{"@context":"https:\/\/schema.org","@graph":[{"@type":"Article","@id":"https:\/\/elcanillita.info\/press\/2022\/03\/31\/despedidos-y-arrestados\/#article","isPartOf":{"@id":"https:\/\/elcanillita.info\/press\/2022\/03\/31\/despedidos-y-arrestados\/"},"author":{"name":"SalaStampa.eu, world press service","@id":"https:\/\/elcanillita.info\/press\/#\/schema\/person\/7fcb79f38045700919f7da6d97e71ba0"},"headline":"Despedidos y arrestados","datePublished":"2022-03-31T23:15:14+00:00","dateModified":"2022-03-31T23:23:21+00:00","mainEntityOfPage":{"@id":"https:\/\/elcanillita.info\/press\/2022\/03\/31\/despedidos-y-arrestados\/"},"wordCount":268,"publisher":{"@id":"https:\/\/elcanillita.info\/press\/#organization"},"image":{"@id":"https:\/\/elcanillita.info\/press\/2022\/03\/31\/despedidos-y-arrestados\/#primaryimage"},"thumbnailUrl":"https:\/\/elcanillita.info\/press\/images\/2022\/03\/p1.jpg","keywords":["Rusia"],"articleSection":["Actualidad"],"inLanguage":"es-AR"},{"@type":"WebPage","@id":"https:\/\/elcanillita.info\/press\/2022\/03\/31\/despedidos-y-arrestados\/","url":"https:\/\/elcanillita.info\/press\/2022\/03\/31\/despedidos-y-arrestados\/","name":"Despedidos y arrestados - ElCanillita.Info","isPartOf":{"@id":"https:\/\/elcanillita.info\/press\/#website"},"primaryImageOfPage":{"@id":"https:\/\/elcanillita.info\/press\/2022\/03\/31\/despedidos-y-arrestados\/#primaryimage"},"image":{"@id":"https:\/\/elcanillita.info\/press\/2022\/03\/31\/despedidos-y-arrestados\/#primaryimage"},"thumbnailUrl":"https:\/\/elcanillita.info\/press\/images\/2022\/03\/p1.jpg","datePublished":"2022-03-31T23:15:14+00:00","dateModified":"2022-03-31T23:23:21+00:00","inLanguage":"es-AR","potentialAction":[{"@type":"ReadAction","target":["https:\/\/elcanillita.info\/press\/2022\/03\/31\/despedidos-y-arrestados\/"]}]},{"@type":"ImageObject","inLanguage":"es-AR","@id":"https:\/\/elcanillita.info\/press\/2022\/03\/31\/despedidos-y-arrestados\/#primaryimage","url":"https:\/\/elcanillita.info\/press\/images\/2022\/03\/p1.jpg","contentUrl":"https:\/\/elcanillita.info\/press\/images\/2022\/03\/p1.jpg","width":600,"height":400},{"@type":"WebSite","@id":"https:\/\/elcanillita.info\/press\/#website","url":"https:\/\/elcanillita.info\/press\/","name":"ElCanillita.Info","description":"desde los Apeninos a los Andes","publisher":{"@id":"https:\/\/elcanillita.info\/press\/#organization"},"potentialAction":[{"@type":"SearchAction","target":{"@type":"EntryPoint","urlTemplate":"https:\/\/elcanillita.info\/press\/?s={search_term_string}"},"query-input":{"@type":"PropertyValueSpecification","valueRequired":true,"valueName":"search_term_string"}}],"inLanguage":"es-AR"},{"@type":"Organization","@id":"https:\/\/elcanillita.info\/press\/#organization","name":"Guzzo Photos & Graphic Publications","url":"https:\/\/elcanillita.info\/press\/","logo":{"@type":"ImageObject","inLanguage":"es-AR","@id":"https:\/\/elcanillita.info\/press\/#\/schema\/logo\/image\/","url":"https:\/\/elcanillita.info\/press\/images\/2020\/01\/cropped-cropped-cropped-elcanillitainfo.png","contentUrl":"https:\/\/elcanillita.info\/press\/images\/2020\/01\/cropped-cropped-cropped-elcanillitainfo.png","width":460,"height":50,"caption":"Guzzo Photos & Graphic Publications"},"image":{"@id":"https:\/\/elcanillita.info\/press\/#\/schema\/logo\/image\/"},"sameAs":["https:\/\/ar-ar.facebook.com\/ElCanillitainfo-114249515285712\/"]},{"@type":"Person","@id":"https:\/\/elcanillita.info\/press\/#\/schema\/person\/7fcb79f38045700919f7da6d97e71ba0","name":"SalaStampa.eu, world press service","image":{"@type":"ImageObject","inLanguage":"es-AR","@id":"https:\/\/secure.gravatar.com\/avatar\/c2f0e0d515a107624234994507816ca4724c7199cef73fc8bedebf6931d73888?s=96&d=mm&r=g","url":"https:\/\/secure.gravatar.com\/avatar\/c2f0e0d515a107624234994507816ca4724c7199cef73fc8bedebf6931d73888?s=96&d=mm&r=g","contentUrl":"https:\/\/secure.gravatar.com\/avatar\/c2f0e0d515a107624234994507816ca4724c7199cef73fc8bedebf6931d73888?s=96&d=mm&r=g","caption":"SalaStampa.eu, world press service"}}]}},"views":465,"_links":{"self":[{"href":"https:\/\/elcanillita.info\/press\/wp-json\/wp\/v2\/posts\/2347","targetHints":{"allow":["GET"]}}],"collection":[{"href":"https:\/\/elcanillita.info\/press\/wp-json\/wp\/v2\/posts"}],"about":[{"href":"https:\/\/elcanillita.info\/press\/wp-json\/wp\/v2\/types\/post"}],"author":[{"embeddable":true,"href":"https:\/\/elcanillita.info\/press\/wp-json\/wp\/v2\/users\/1"}],"replies":[{"embeddable":true,"href":"https:\/\/elcanillita.info\/press\/wp-json\/wp\/v2\/comments?post=2347"}],"version-history":[{"count":0,"href":"https:\/\/elcanillita.info\/press\/wp-json\/wp\/v2\/posts\/2347\/revisions"}],"wp:featuredmedia":[{"embeddable":true,"href":"https:\/\/elcanillita.info\/press\/wp-json\/wp\/v2\/media\/2313"}],"wp:attachment":[{"href":"https:\/\/elcanillita.info\/press\/wp-json\/wp\/v2\/media?parent=2347"}],"wp:term":[{"taxonomy":"category","embeddable":true,"href":"https:\/\/elcanillita.info\/press\/wp-json\/wp\/v2\/categories?post=2347"},{"taxonomy":"post_tag","embeddable":true,"href":"https:\/\/elcanillita.info\/press\/wp-json\/wp\/v2\/tags?post=2347"}],"curies":[{"name":"wp","href":"https:\/\/api.w.org\/{rel}","templated":true}]}}