{"id":2341,"date":"2022-03-23T23:44:23","date_gmt":"2022-03-24T02:44:23","guid":{"rendered":"https:\/\/elcanillita.info\/press\/?p=2341"},"modified":"2022-03-23T23:47:03","modified_gmt":"2022-03-24T02:47:03","slug":"24-marzo-dia-de-hacer-memoria","status":"publish","type":"post","link":"https:\/\/elcanillita.info\/press\/2022\/03\/23\/24-marzo-dia-de-hacer-memoria\/","title":{"rendered":"24 Marzo D\u00eda de hacer memoria"},"content":{"rendered":"\n<figure class=\"wp-block-video\"><video controls src=\"http:\/\/elcanillita.info\/press\/images\/2022\/03\/24 Marzo.mp4\"><\/video><\/figure>\n\n\n\n<p>Fueron 1094 v\u00edctimas asesinadas por los grupos guerrilleros, seg\u00fan los \u00faltimos registros. Acciones que en su mayor\u00eda fueron llevadas a cabo por el ERP.<br>Hugo Gambini public\u00f3 dos listas que, adem\u00e1s de los nombres de \u00ab547 militares, marinos y aeron\u00e1uticos (oficiales, suboficiales y soldados); personal de polic\u00eda, gendarmer\u00eda y de prefectura\u00bb, contiene los de 230 civiles, \u00abpol\u00edticos, empresarios, sindicalistas, funcionarios, diplom\u00e1ticos, jueces, ni\u00f1os y desertores de la guerrilla\u00bb v\u00edctimas de estas organizaciones.<\/p>\n\n\n\n<p>Entre ellas hubo fil\u00f3sofos como Carlos Alberto Sacheri y Jord\u00e1n Bruno Genta; pol\u00edticos en actividad como Roberto Mario Uzal, o ya retirados como Arturo Mor Roig; sindicalistas que actuaban en la CGT como Jos\u00e9 Rucci y Dirck Kloosterman, o que pertenec\u00edan a la CGT de los Argentinos como Atilio Santill\u00e1n.El Ej\u00e9rcito Revolucionario del Pueblo en el n\u00b0 74 del 10 de abril de 1976 de su \u00f3rgano oficial Estrella Roja incluy\u00f3 un &#8220;Parte de Guerra&#8221; fechado el 22 de marzo de 1976 donde da cuenta que ha asesinado a Atilio Santill\u00e1n porque:<\/p>\n\n\n\n<p>&#8220;deshonr\u00f3 la gloriosa tradici\u00f3n de lucha del gremio azucarero poni\u00e9ndose al servicio de la criminal oficialidad del ej\u00e9rcito opresor desde la iniciaci\u00f3n del feroz operativo antiguerrillero en curso\u2026entreg\u00f3 al enemigo numerosaos de los mejores luchadores&#8221;.<\/p>\n\n\n\n<p>Tambi\u00e9n fueron v\u00edctimas empresarios como V\u00edctor Samuelson, H\u00e9ctor Bartolom\u00e9 Minetti, Bernardino Llaneza, Carlos Pulenta, Antonio Do Santos Larangueira, Francisco Soldati, Manuel Mart\u00ednez y Ram\u00f3n Samaniego; empleados como Alberto Abeigon y Ricardo Dur\u00e1n, delegados gremiales como Jos\u00e9 Pedro Chirino; diplom\u00e1ticos extranjeros como los c\u00f3nsules de Paraguay Joaqu\u00edn Waldemar S\u00e1nchez o del Reino Unido Stanley Silvester; funcionarios de empresas del Estado como Francisco Schwer (de YPF); funcionarios civiles como Walter Klein (secretario de Coordinaci\u00f3n y Programaci\u00f3n Econ\u00f3mica), su esposa y jueces como Jorge V. Quiroga. \u200b<\/p>\n\n\n\n<p>A veces adem\u00e1s del objetivo principal hab\u00eda v\u00edctimas que pod\u00edan no tener relaci\u00f3n. Por ejemplo en el asesinato del general Ces\u00e1reo \u00c1ngel Cardozo con una bomba tuvieron heridas su esposa e hijas;\u200b la bomba que mat\u00f3 al comisario Alberto Villar tambi\u00e9n mat\u00f3 a su mujer, en el asesinato del general Jorge Esteban C\u00e1ceres Moni\u00e9 fue muerta a tiros su esposa.\u200b Cuando asesinaron el capit\u00e1n Humberto Viola tambi\u00e9n acribillaron a su hija Mar\u00eda Cristina de 3 a\u00f1os y su otra hija, Mar\u00eda Fernanda, de 5, result\u00f3 gravemente herida; la esposa de Arturo Gay fue muerta en el asalto al Regimiento de Azul, y Paula, la hija de 15 a\u00f1os del almirante Armando Lambruschin, muri\u00f3 al estallar una bomba en su domicilio, hecho que cobr\u00f3 la vida de dos vecinos; \u200bcuando mataron al general Juan Carlos S\u00e1nchez, una bala perdida mat\u00f3 a la se\u00f1ora Cuco de Ayala que atend\u00eda un kiosco en esa esquina.\u200b Y cuando colocaron una bomba en un comedor policial al que raramente acud\u00edan altos oficiales, mataron seis personas que no realizaban tareas policiales en el lugar y a la visitante Josefina Melucci de Cepeda, de 42 a\u00f1os, casada, tres hijos, que hab\u00eda ido a comer con una amiga que tambi\u00e9n muri\u00f3.<\/p>\n\n\n\n<p>En algunos casos sus asesinatos se produjeron en cautiverio, tiempo despu\u00e9s de haber sido secuestrados, como ocurri\u00f3 con Pedro Eugenio Aramburu, Roberto Mois\u00e9s Echegoyen, Jorge Roberto Ibarz\u00e1bal y Oberdan Sallustro, directivo de la Fiat deTorino, Italia. En otros hechos, como el de Argentino del Valle Larrabure, murieron en cautiverio en discutidas las circunstancias.<\/p>\n\n\n\n<p>Un caso especial fue el de Liliana Sof\u00eda Novakovsky, una joven de 25 a\u00f1os secuestrada en 1972 por las Fuerzas Argentinas de Liberaci\u00f3n con la finalidad de obtener fondos para su actividad.<\/p>\n\n\n\n<p>El 14 de febrero de 1975 es asesinado por Montoneros el diputado nacional por Santa Fe del Movimiento de Integraci\u00f3n y Desarrollo, Hip\u00f3lito Acu\u00f1a, mientras estacionaba el auto enfrente de su casa.<\/p>\n\n\n\n<p>En otro caso, el 8 de diciembre de 1975, cuando explot\u00f3 un coche bomba enfrente de la Universidad de Belgrano, que mat\u00f3 a la estudiante Laura Ferrari (18 a\u00f1os). Esta acci\u00f3n no ten\u00eda como objetivo el asesinato de una persona espec\u00edfica. Por ello su madre, Lorenza Ferrari, considera que fue un acto de &#8220;terrorismo puro&#8221;.<\/p>\n\n\n\n<p>El 17 de diciembre de 1975 fue asesinado en un atentado el intendente del Partido de General San Mart\u00edn, Alberto Manuel Campos, seg\u00fan Laura Ehrlich atribuido a Montoneros. En el mismo acto tambi\u00e9n resultaron muertos el Secretario de Hacienda, Carlos Ferr\u00edn, el chofer que los trasladaba, Santiago \u00c1lvarez, y un empleado municipal.<br><br><small><center>\u00a9 2022 A report in picture by Guzzo Photos &amp; Graphic Publications for ElCanillita.Info <\/small><br><small> All Rights Reserved. Reproduction Prohibited<\/center><\/small> <\/p>\n","protected":false},"excerpt":{"rendered":"<p>Fueron 1094 v\u00edctimas asesinadas por los grupos guerrilleros en Argentina, algunos de los cuales actualmente ocupan cargos en el gobierno. <\/p>\n","protected":false},"author":1,"featured_media":2342,"comment_status":"closed","ping_status":"closed","sticky":false,"template":"","format":"standard","meta":{"footnotes":"","_links_to":"","_links_to_target":""},"categories":[70,11,25],"tags":[29],"class_list":["post-2341","post","type-post","status-publish","format-standard","has-post-thumbnail","hentry","category-actualidad","category-america-del-sur","category-sociedad","tag-argentina","entry","double"],"yoast_head":"<!-- This site is optimized with the Yoast SEO plugin v27.5 - https:\/\/yoast.com\/product\/yoast-seo-wordpress\/ -->\n<title>24 Marzo D\u00eda de hacer memoria - ElCanillita.Info<\/title>\n<meta name=\"robots\" content=\"index, follow, max-snippet:-1, max-image-preview:large, max-video-preview:-1\" \/>\n<link rel=\"canonical\" href=\"https:\/\/elcanillita.info\/press\/2022\/03\/23\/24-marzo-dia-de-hacer-memoria\/\" \/>\n<meta property=\"og:locale\" content=\"es_ES\" \/>\n<meta property=\"og:type\" content=\"article\" \/>\n<meta property=\"og:title\" content=\"24 Marzo D\u00eda de hacer memoria - ElCanillita.Info\" \/>\n<meta property=\"og:description\" content=\"Fueron 1094 v\u00edctimas asesinadas por los grupos guerrilleros en Argentina, algunos de los cuales actualmente ocupan cargos en el gobierno.\" \/>\n<meta property=\"og:url\" content=\"https:\/\/elcanillita.info\/press\/2022\/03\/23\/24-marzo-dia-de-hacer-memoria\/\" \/>\n<meta property=\"og:site_name\" content=\"ElCanillita.Info\" \/>\n<meta property=\"article:publisher\" content=\"https:\/\/ar-ar.facebook.com\/ElCanillitainfo-114249515285712\/\" \/>\n<meta property=\"article:published_time\" content=\"2022-03-24T02:44:23+00:00\" \/>\n<meta property=\"article:modified_time\" content=\"2022-03-24T02:47:03+00:00\" \/>\n<meta property=\"og:image\" content=\"https:\/\/elcanillita.info\/press\/images\/2022\/03\/24marzo.jpg\" \/>\n\t<meta property=\"og:image:width\" content=\"600\" \/>\n\t<meta property=\"og:image:height\" content=\"400\" \/>\n\t<meta property=\"og:image:type\" content=\"image\/jpeg\" \/>\n<meta name=\"author\" content=\"SalaStampa.eu, world press service\" \/>\n<meta name=\"twitter:card\" content=\"summary_large_image\" \/>\n<meta name=\"twitter:label1\" content=\"Escrito por\" \/>\n\t<meta name=\"twitter:data1\" content=\"SalaStampa.eu, world press service\" \/>\n\t<meta name=\"twitter:label2\" content=\"Tiempo de lectura\" \/>\n\t<meta name=\"twitter:data2\" content=\"4 minutos\" \/>\n<script type=\"application\/ld+json\" class=\"yoast-schema-graph\">{\"@context\":\"https:\\\/\\\/schema.org\",\"@graph\":[{\"@type\":\"Article\",\"@id\":\"https:\\\/\\\/elcanillita.info\\\/press\\\/2022\\\/03\\\/23\\\/24-marzo-dia-de-hacer-memoria\\\/#article\",\"isPartOf\":{\"@id\":\"https:\\\/\\\/elcanillita.info\\\/press\\\/2022\\\/03\\\/23\\\/24-marzo-dia-de-hacer-memoria\\\/\"},\"author\":{\"name\":\"SalaStampa.eu, world press service\",\"@id\":\"https:\\\/\\\/elcanillita.info\\\/press\\\/#\\\/schema\\\/person\\\/7fcb79f38045700919f7da6d97e71ba0\"},\"headline\":\"24 Marzo D\u00eda de hacer memoria\",\"datePublished\":\"2022-03-24T02:44:23+00:00\",\"dateModified\":\"2022-03-24T02:47:03+00:00\",\"mainEntityOfPage\":{\"@id\":\"https:\\\/\\\/elcanillita.info\\\/press\\\/2022\\\/03\\\/23\\\/24-marzo-dia-de-hacer-memoria\\\/\"},\"wordCount\":788,\"publisher\":{\"@id\":\"https:\\\/\\\/elcanillita.info\\\/press\\\/#organization\"},\"image\":{\"@id\":\"https:\\\/\\\/elcanillita.info\\\/press\\\/2022\\\/03\\\/23\\\/24-marzo-dia-de-hacer-memoria\\\/#primaryimage\"},\"thumbnailUrl\":\"https:\\\/\\\/elcanillita.info\\\/press\\\/images\\\/2022\\\/03\\\/24marzo.jpg\",\"keywords\":[\"Argentina\"],\"articleSection\":[\"Actualidad\",\"Am\u00e9rica del Sur\",\"Sociedad\"],\"inLanguage\":\"es-AR\"},{\"@type\":\"WebPage\",\"@id\":\"https:\\\/\\\/elcanillita.info\\\/press\\\/2022\\\/03\\\/23\\\/24-marzo-dia-de-hacer-memoria\\\/\",\"url\":\"https:\\\/\\\/elcanillita.info\\\/press\\\/2022\\\/03\\\/23\\\/24-marzo-dia-de-hacer-memoria\\\/\",\"name\":\"24 Marzo D\u00eda de hacer memoria - ElCanillita.Info\",\"isPartOf\":{\"@id\":\"https:\\\/\\\/elcanillita.info\\\/press\\\/#website\"},\"primaryImageOfPage\":{\"@id\":\"https:\\\/\\\/elcanillita.info\\\/press\\\/2022\\\/03\\\/23\\\/24-marzo-dia-de-hacer-memoria\\\/#primaryimage\"},\"image\":{\"@id\":\"https:\\\/\\\/elcanillita.info\\\/press\\\/2022\\\/03\\\/23\\\/24-marzo-dia-de-hacer-memoria\\\/#primaryimage\"},\"thumbnailUrl\":\"https:\\\/\\\/elcanillita.info\\\/press\\\/images\\\/2022\\\/03\\\/24marzo.jpg\",\"datePublished\":\"2022-03-24T02:44:23+00:00\",\"dateModified\":\"2022-03-24T02:47:03+00:00\",\"inLanguage\":\"es-AR\",\"potentialAction\":[{\"@type\":\"ReadAction\",\"target\":[\"https:\\\/\\\/elcanillita.info\\\/press\\\/2022\\\/03\\\/23\\\/24-marzo-dia-de-hacer-memoria\\\/\"]}]},{\"@type\":\"ImageObject\",\"inLanguage\":\"es-AR\",\"@id\":\"https:\\\/\\\/elcanillita.info\\\/press\\\/2022\\\/03\\\/23\\\/24-marzo-dia-de-hacer-memoria\\\/#primaryimage\",\"url\":\"https:\\\/\\\/elcanillita.info\\\/press\\\/images\\\/2022\\\/03\\\/24marzo.jpg\",\"contentUrl\":\"https:\\\/\\\/elcanillita.info\\\/press\\\/images\\\/2022\\\/03\\\/24marzo.jpg\",\"width\":600,\"height\":400,\"caption\":\"default\"},{\"@type\":\"WebSite\",\"@id\":\"https:\\\/\\\/elcanillita.info\\\/press\\\/#website\",\"url\":\"https:\\\/\\\/elcanillita.info\\\/press\\\/\",\"name\":\"ElCanillita.Info\",\"description\":\"desde los Apeninos a los Andes\",\"publisher\":{\"@id\":\"https:\\\/\\\/elcanillita.info\\\/press\\\/#organization\"},\"potentialAction\":[{\"@type\":\"SearchAction\",\"target\":{\"@type\":\"EntryPoint\",\"urlTemplate\":\"https:\\\/\\\/elcanillita.info\\\/press\\\/?s={search_term_string}\"},\"query-input\":{\"@type\":\"PropertyValueSpecification\",\"valueRequired\":true,\"valueName\":\"search_term_string\"}}],\"inLanguage\":\"es-AR\"},{\"@type\":\"Organization\",\"@id\":\"https:\\\/\\\/elcanillita.info\\\/press\\\/#organization\",\"name\":\"Guzzo Photos & Graphic Publications\",\"url\":\"https:\\\/\\\/elcanillita.info\\\/press\\\/\",\"logo\":{\"@type\":\"ImageObject\",\"inLanguage\":\"es-AR\",\"@id\":\"https:\\\/\\\/elcanillita.info\\\/press\\\/#\\\/schema\\\/logo\\\/image\\\/\",\"url\":\"https:\\\/\\\/elcanillita.info\\\/press\\\/images\\\/2020\\\/01\\\/cropped-cropped-cropped-elcanillitainfo.png\",\"contentUrl\":\"https:\\\/\\\/elcanillita.info\\\/press\\\/images\\\/2020\\\/01\\\/cropped-cropped-cropped-elcanillitainfo.png\",\"width\":460,\"height\":50,\"caption\":\"Guzzo Photos & Graphic Publications\"},\"image\":{\"@id\":\"https:\\\/\\\/elcanillita.info\\\/press\\\/#\\\/schema\\\/logo\\\/image\\\/\"},\"sameAs\":[\"https:\\\/\\\/ar-ar.facebook.com\\\/ElCanillitainfo-114249515285712\\\/\"]},{\"@type\":\"Person\",\"@id\":\"https:\\\/\\\/elcanillita.info\\\/press\\\/#\\\/schema\\\/person\\\/7fcb79f38045700919f7da6d97e71ba0\",\"name\":\"SalaStampa.eu, world press service\",\"image\":{\"@type\":\"ImageObject\",\"inLanguage\":\"es-AR\",\"@id\":\"https:\\\/\\\/secure.gravatar.com\\\/avatar\\\/c2f0e0d515a107624234994507816ca4724c7199cef73fc8bedebf6931d73888?s=96&d=mm&r=g\",\"url\":\"https:\\\/\\\/secure.gravatar.com\\\/avatar\\\/c2f0e0d515a107624234994507816ca4724c7199cef73fc8bedebf6931d73888?s=96&d=mm&r=g\",\"contentUrl\":\"https:\\\/\\\/secure.gravatar.com\\\/avatar\\\/c2f0e0d515a107624234994507816ca4724c7199cef73fc8bedebf6931d73888?s=96&d=mm&r=g\",\"caption\":\"SalaStampa.eu, world press service\"}}]}<\/script>\n<!-- \/ Yoast SEO plugin. -->","yoast_head_json":{"title":"24 Marzo D\u00eda de hacer memoria - ElCanillita.Info","robots":{"index":"index","follow":"follow","max-snippet":"max-snippet:-1","max-image-preview":"max-image-preview:large","max-video-preview":"max-video-preview:-1"},"canonical":"https:\/\/elcanillita.info\/press\/2022\/03\/23\/24-marzo-dia-de-hacer-memoria\/","og_locale":"es_ES","og_type":"article","og_title":"24 Marzo D\u00eda de hacer memoria - ElCanillita.Info","og_description":"Fueron 1094 v\u00edctimas asesinadas por los grupos guerrilleros en Argentina, algunos de los cuales actualmente ocupan cargos en el gobierno.","og_url":"https:\/\/elcanillita.info\/press\/2022\/03\/23\/24-marzo-dia-de-hacer-memoria\/","og_site_name":"ElCanillita.Info","article_publisher":"https:\/\/ar-ar.facebook.com\/ElCanillitainfo-114249515285712\/","article_published_time":"2022-03-24T02:44:23+00:00","article_modified_time":"2022-03-24T02:47:03+00:00","og_image":[{"width":600,"height":400,"url":"https:\/\/elcanillita.info\/press\/images\/2022\/03\/24marzo.jpg","type":"image\/jpeg"}],"author":"SalaStampa.eu, world press service","twitter_card":"summary_large_image","twitter_misc":{"Escrito por":"SalaStampa.eu, world press service","Tiempo de lectura":"4 minutos"},"schema":{"@context":"https:\/\/schema.org","@graph":[{"@type":"Article","@id":"https:\/\/elcanillita.info\/press\/2022\/03\/23\/24-marzo-dia-de-hacer-memoria\/#article","isPartOf":{"@id":"https:\/\/elcanillita.info\/press\/2022\/03\/23\/24-marzo-dia-de-hacer-memoria\/"},"author":{"name":"SalaStampa.eu, world press service","@id":"https:\/\/elcanillita.info\/press\/#\/schema\/person\/7fcb79f38045700919f7da6d97e71ba0"},"headline":"24 Marzo D\u00eda de hacer memoria","datePublished":"2022-03-24T02:44:23+00:00","dateModified":"2022-03-24T02:47:03+00:00","mainEntityOfPage":{"@id":"https:\/\/elcanillita.info\/press\/2022\/03\/23\/24-marzo-dia-de-hacer-memoria\/"},"wordCount":788,"publisher":{"@id":"https:\/\/elcanillita.info\/press\/#organization"},"image":{"@id":"https:\/\/elcanillita.info\/press\/2022\/03\/23\/24-marzo-dia-de-hacer-memoria\/#primaryimage"},"thumbnailUrl":"https:\/\/elcanillita.info\/press\/images\/2022\/03\/24marzo.jpg","keywords":["Argentina"],"articleSection":["Actualidad","Am\u00e9rica del Sur","Sociedad"],"inLanguage":"es-AR"},{"@type":"WebPage","@id":"https:\/\/elcanillita.info\/press\/2022\/03\/23\/24-marzo-dia-de-hacer-memoria\/","url":"https:\/\/elcanillita.info\/press\/2022\/03\/23\/24-marzo-dia-de-hacer-memoria\/","name":"24 Marzo D\u00eda de hacer memoria - ElCanillita.Info","isPartOf":{"@id":"https:\/\/elcanillita.info\/press\/#website"},"primaryImageOfPage":{"@id":"https:\/\/elcanillita.info\/press\/2022\/03\/23\/24-marzo-dia-de-hacer-memoria\/#primaryimage"},"image":{"@id":"https:\/\/elcanillita.info\/press\/2022\/03\/23\/24-marzo-dia-de-hacer-memoria\/#primaryimage"},"thumbnailUrl":"https:\/\/elcanillita.info\/press\/images\/2022\/03\/24marzo.jpg","datePublished":"2022-03-24T02:44:23+00:00","dateModified":"2022-03-24T02:47:03+00:00","inLanguage":"es-AR","potentialAction":[{"@type":"ReadAction","target":["https:\/\/elcanillita.info\/press\/2022\/03\/23\/24-marzo-dia-de-hacer-memoria\/"]}]},{"@type":"ImageObject","inLanguage":"es-AR","@id":"https:\/\/elcanillita.info\/press\/2022\/03\/23\/24-marzo-dia-de-hacer-memoria\/#primaryimage","url":"https:\/\/elcanillita.info\/press\/images\/2022\/03\/24marzo.jpg","contentUrl":"https:\/\/elcanillita.info\/press\/images\/2022\/03\/24marzo.jpg","width":600,"height":400,"caption":"default"},{"@type":"WebSite","@id":"https:\/\/elcanillita.info\/press\/#website","url":"https:\/\/elcanillita.info\/press\/","name":"ElCanillita.Info","description":"desde los Apeninos a los Andes","publisher":{"@id":"https:\/\/elcanillita.info\/press\/#organization"},"potentialAction":[{"@type":"SearchAction","target":{"@type":"EntryPoint","urlTemplate":"https:\/\/elcanillita.info\/press\/?s={search_term_string}"},"query-input":{"@type":"PropertyValueSpecification","valueRequired":true,"valueName":"search_term_string"}}],"inLanguage":"es-AR"},{"@type":"Organization","@id":"https:\/\/elcanillita.info\/press\/#organization","name":"Guzzo Photos & Graphic Publications","url":"https:\/\/elcanillita.info\/press\/","logo":{"@type":"ImageObject","inLanguage":"es-AR","@id":"https:\/\/elcanillita.info\/press\/#\/schema\/logo\/image\/","url":"https:\/\/elcanillita.info\/press\/images\/2020\/01\/cropped-cropped-cropped-elcanillitainfo.png","contentUrl":"https:\/\/elcanillita.info\/press\/images\/2020\/01\/cropped-cropped-cropped-elcanillitainfo.png","width":460,"height":50,"caption":"Guzzo Photos & Graphic Publications"},"image":{"@id":"https:\/\/elcanillita.info\/press\/#\/schema\/logo\/image\/"},"sameAs":["https:\/\/ar-ar.facebook.com\/ElCanillitainfo-114249515285712\/"]},{"@type":"Person","@id":"https:\/\/elcanillita.info\/press\/#\/schema\/person\/7fcb79f38045700919f7da6d97e71ba0","name":"SalaStampa.eu, world press service","image":{"@type":"ImageObject","inLanguage":"es-AR","@id":"https:\/\/secure.gravatar.com\/avatar\/c2f0e0d515a107624234994507816ca4724c7199cef73fc8bedebf6931d73888?s=96&d=mm&r=g","url":"https:\/\/secure.gravatar.com\/avatar\/c2f0e0d515a107624234994507816ca4724c7199cef73fc8bedebf6931d73888?s=96&d=mm&r=g","contentUrl":"https:\/\/secure.gravatar.com\/avatar\/c2f0e0d515a107624234994507816ca4724c7199cef73fc8bedebf6931d73888?s=96&d=mm&r=g","caption":"SalaStampa.eu, world press service"}}]}},"views":495,"_links":{"self":[{"href":"https:\/\/elcanillita.info\/press\/wp-json\/wp\/v2\/posts\/2341","targetHints":{"allow":["GET"]}}],"collection":[{"href":"https:\/\/elcanillita.info\/press\/wp-json\/wp\/v2\/posts"}],"about":[{"href":"https:\/\/elcanillita.info\/press\/wp-json\/wp\/v2\/types\/post"}],"author":[{"embeddable":true,"href":"https:\/\/elcanillita.info\/press\/wp-json\/wp\/v2\/users\/1"}],"replies":[{"embeddable":true,"href":"https:\/\/elcanillita.info\/press\/wp-json\/wp\/v2\/comments?post=2341"}],"version-history":[{"count":0,"href":"https:\/\/elcanillita.info\/press\/wp-json\/wp\/v2\/posts\/2341\/revisions"}],"wp:featuredmedia":[{"embeddable":true,"href":"https:\/\/elcanillita.info\/press\/wp-json\/wp\/v2\/media\/2342"}],"wp:attachment":[{"href":"https:\/\/elcanillita.info\/press\/wp-json\/wp\/v2\/media?parent=2341"}],"wp:term":[{"taxonomy":"category","embeddable":true,"href":"https:\/\/elcanillita.info\/press\/wp-json\/wp\/v2\/categories?post=2341"},{"taxonomy":"post_tag","embeddable":true,"href":"https:\/\/elcanillita.info\/press\/wp-json\/wp\/v2\/tags?post=2341"}],"curies":[{"name":"wp","href":"https:\/\/api.w.org\/{rel}","templated":true}]}}