{"id":234,"date":"2020-01-30T18:05:10","date_gmt":"2020-01-30T21:05:10","guid":{"rendered":"https:\/\/elcanillita.info\/press\/?p=234"},"modified":"2020-01-30T18:05:13","modified_gmt":"2020-01-30T21:05:13","slug":"morales-busca-ser-candidato-a-senador-o-diputado-en-bolivia","status":"publish","type":"post","link":"https:\/\/elcanillita.info\/press\/2020\/01\/30\/morales-busca-ser-candidato-a-senador-o-diputado-en-bolivia\/","title":{"rendered":"Morales busca ser candidato a senador o diputado en Bolivia"},"content":{"rendered":"\n<p>Argentina, 30.01.2020 &#8211; El expresidente Evo Morales busca habilitarse para ser candidato a senador o diputado en las elecciones que se realizar\u00e1n en Bolivia el pr\u00f3ximo 3 de mayo.<\/p>\n\n\n\n<p>Morales est\u00e1 actualmente refugiado en Argentina, pero seg\u00fan se dio a conocer el mi\u00e9rcoles, se las ingeni\u00f3 para hacer llegar un poder legal a su exviceministro de Seguridad, Wilfredo Ch\u00e1vez, y a su antigua jefa de gabinete, Patricia Hermosa.<\/p>\n\n\n\n<p>Un funcionario de la canciller\u00eda que pidi\u00f3 no ser identificado por no estar autorizado a hablar con la prensa lo confirm\u00f3 a The Associated Press.<\/p>\n\n\n\n<p>El documento, que gener\u00f3 gran revuelo tras filtrarse en redes sociales, fue tramitado en el municipio argentino de La Matanza, seg\u00fan agreg\u00f3 el funcionario, y permitir\u00eda que los antiguos funcionarios de Morales lo inscriban para participar en la contienda a s\u00f3lo cinco d\u00edas de que se cierren las listas de postulantes en el Tribunal Supremo Electoral.<\/p>\n\n\n\n<p>Omar Aguilar, senador por el Movimiento Al Socialismo (MAS), el partido de Morales, dijo a la AP que el exmandatario tiene todo el derecho a ser candidato y que seguramente lo propondr\u00edan en la regi\u00f3n central de Cochabamba.<\/p>\n\n\n\n<p>\u201c\u00c9l no tiene ninguna sentencia y el fraude en las pasadas elecciones fue ocasionado por autoridades del pasado Tribunal Supremo Electoral, por eso las cambiamos\u201d, asegur\u00f3, aunque explic\u00f3 que el tribunal actual deber\u00eda definir si Morales cumple o no con los requisitos.<\/p>\n\n\n\n<p>Jeanine \u00c1\u00f1ez hace oficial su candidatura a la presidencia de Bolivia<\/p>\n\n\n\n<p>M\u00e1s tarde, un miembro de la comisi\u00f3n de prensa de Morales en Argentina &#8211;que pidi\u00f3 no usar su nombre por no estar autorizado a hablar con medios&#8211; dijo a la AP que el expresidente \u201cse ha sentido honrado de ser considerado por las bases de nuestro partido, pero no hay ninguna decisi\u00f3n ni invitaci\u00f3n oficial. Por lo que sabemos, a\u00fan se discuten las candidaturas\u201d.<\/p>\n\n\n\n<p>La situaci\u00f3n tambi\u00e9n gener\u00f3 cr\u00edticas. El diputado opositor Gonzalo Barrientos dijo a una televisora local que Morales busca conseguir inmunidad ante las denuncias que tiene.<\/p>\n\n\n\n<p>El exgobernante ha sido acusado de terrorismo, sedici\u00f3n y de haber cometido actos de corrupci\u00f3n &#8212; imputaciones que ha rechazado&#8211; y afronta una orden de captura.<\/p>\n\n\n\n<p>Bolivia ir\u00e1 a elecciones despu\u00e9s de una convulsi\u00f3n por irregularidades en el conteo de votos en las pasadas elecciones.<\/p>\n\n\n\n<p>Morales se declar\u00f3 ganador y luego renunci\u00f3 y se fue asilado a M\u00e9xico. Posteriormente lleg\u00f3 a Argentina, donde ejerce de jefe de campa\u00f1a de sus postulantes. Como candidato presidencial eligi\u00f3 al exministro de Econom\u00eda, Luis Arce Catacora, y al excanciller de origen aymara, David Choquehuanca, como candidato a vicepresidente.<br><br><small>2020 voanoticias \u2013 salastampa.eu, afiliada a la red Broadcasting Board of Governors \u00a9 2020 BBG<\/small><\/p>\n\n\n\n<p><\/p>\n","protected":false},"excerpt":{"rendered":"<p>Argentina, 30.01.2020 &#8211; El expresidente Evo Morales busca habilitarse para ser candidato a senador o diputado en las elecciones que se realizar\u00e1n en Bolivia el pr\u00f3ximo 3 de mayo.<\/p>\n","protected":false},"author":1,"featured_media":0,"comment_status":"closed","ping_status":"closed","sticky":false,"template":"","format":"standard","meta":{"footnotes":"","_links_to":"","_links_to_target":""},"categories":[11,23,25],"tags":[29],"class_list":["post-234","post","type-post","status-publish","format-standard","hentry","category-america-del-sur","category-politica","category-sociedad","tag-argentina","entry","double"],"yoast_head":"<!-- This site is optimized with the Yoast SEO plugin v27.4 - https:\/\/yoast.com\/product\/yoast-seo-wordpress\/ -->\n<title>Morales busca ser candidato a senador o diputado en Bolivia - ElCanillita.Info<\/title>\n<meta name=\"robots\" content=\"index, follow, max-snippet:-1, max-image-preview:large, max-video-preview:-1\" \/>\n<link rel=\"canonical\" href=\"https:\/\/elcanillita.info\/press\/2020\/01\/30\/morales-busca-ser-candidato-a-senador-o-diputado-en-bolivia\/\" \/>\n<meta property=\"og:locale\" content=\"es_ES\" \/>\n<meta property=\"og:type\" content=\"article\" \/>\n<meta property=\"og:title\" content=\"Morales busca ser candidato a senador o diputado en Bolivia - ElCanillita.Info\" \/>\n<meta property=\"og:description\" content=\"Argentina, 30.01.2020 - El expresidente Evo Morales busca habilitarse para ser candidato a senador o diputado en las elecciones que se realizar\u00e1n en Bolivia el pr\u00f3ximo 3 de mayo.\" \/>\n<meta property=\"og:url\" content=\"https:\/\/elcanillita.info\/press\/2020\/01\/30\/morales-busca-ser-candidato-a-senador-o-diputado-en-bolivia\/\" \/>\n<meta property=\"og:site_name\" content=\"ElCanillita.Info\" \/>\n<meta property=\"article:publisher\" content=\"https:\/\/ar-ar.facebook.com\/ElCanillitainfo-114249515285712\/\" \/>\n<meta property=\"article:published_time\" content=\"2020-01-30T21:05:10+00:00\" \/>\n<meta property=\"article:modified_time\" content=\"2020-01-30T21:05:13+00:00\" \/>\n<meta name=\"author\" content=\"SalaStampa.eu, world press service\" \/>\n<meta name=\"twitter:card\" content=\"summary_large_image\" \/>\n<meta name=\"twitter:label1\" content=\"Escrito por\" \/>\n\t<meta name=\"twitter:data1\" content=\"SalaStampa.eu, world press service\" \/>\n\t<meta name=\"twitter:label2\" content=\"Tiempo de lectura\" \/>\n\t<meta name=\"twitter:data2\" content=\"2 minutos\" \/>\n<script type=\"application\/ld+json\" class=\"yoast-schema-graph\">{\"@context\":\"https:\\\/\\\/schema.org\",\"@graph\":[{\"@type\":\"Article\",\"@id\":\"https:\\\/\\\/elcanillita.info\\\/press\\\/2020\\\/01\\\/30\\\/morales-busca-ser-candidato-a-senador-o-diputado-en-bolivia\\\/#article\",\"isPartOf\":{\"@id\":\"https:\\\/\\\/elcanillita.info\\\/press\\\/2020\\\/01\\\/30\\\/morales-busca-ser-candidato-a-senador-o-diputado-en-bolivia\\\/\"},\"author\":{\"name\":\"SalaStampa.eu, world press service\",\"@id\":\"https:\\\/\\\/elcanillita.info\\\/press\\\/#\\\/schema\\\/person\\\/7fcb79f38045700919f7da6d97e71ba0\"},\"headline\":\"Morales busca ser candidato a senador o diputado en Bolivia\",\"datePublished\":\"2020-01-30T21:05:10+00:00\",\"dateModified\":\"2020-01-30T21:05:13+00:00\",\"mainEntityOfPage\":{\"@id\":\"https:\\\/\\\/elcanillita.info\\\/press\\\/2020\\\/01\\\/30\\\/morales-busca-ser-candidato-a-senador-o-diputado-en-bolivia\\\/\"},\"wordCount\":471,\"publisher\":{\"@id\":\"https:\\\/\\\/elcanillita.info\\\/press\\\/#organization\"},\"keywords\":[\"Argentina\"],\"articleSection\":[\"Am\u00e9rica del Sur\",\"Politica\",\"Sociedad\"],\"inLanguage\":\"es-AR\"},{\"@type\":\"WebPage\",\"@id\":\"https:\\\/\\\/elcanillita.info\\\/press\\\/2020\\\/01\\\/30\\\/morales-busca-ser-candidato-a-senador-o-diputado-en-bolivia\\\/\",\"url\":\"https:\\\/\\\/elcanillita.info\\\/press\\\/2020\\\/01\\\/30\\\/morales-busca-ser-candidato-a-senador-o-diputado-en-bolivia\\\/\",\"name\":\"Morales busca ser candidato a senador o diputado en Bolivia - ElCanillita.Info\",\"isPartOf\":{\"@id\":\"https:\\\/\\\/elcanillita.info\\\/press\\\/#website\"},\"datePublished\":\"2020-01-30T21:05:10+00:00\",\"dateModified\":\"2020-01-30T21:05:13+00:00\",\"inLanguage\":\"es-AR\",\"potentialAction\":[{\"@type\":\"ReadAction\",\"target\":[\"https:\\\/\\\/elcanillita.info\\\/press\\\/2020\\\/01\\\/30\\\/morales-busca-ser-candidato-a-senador-o-diputado-en-bolivia\\\/\"]}]},{\"@type\":\"WebSite\",\"@id\":\"https:\\\/\\\/elcanillita.info\\\/press\\\/#website\",\"url\":\"https:\\\/\\\/elcanillita.info\\\/press\\\/\",\"name\":\"ElCanillita.Info\",\"description\":\"desde los Apeninos a los Andes\",\"publisher\":{\"@id\":\"https:\\\/\\\/elcanillita.info\\\/press\\\/#organization\"},\"potentialAction\":[{\"@type\":\"SearchAction\",\"target\":{\"@type\":\"EntryPoint\",\"urlTemplate\":\"https:\\\/\\\/elcanillita.info\\\/press\\\/?s={search_term_string}\"},\"query-input\":{\"@type\":\"PropertyValueSpecification\",\"valueRequired\":true,\"valueName\":\"search_term_string\"}}],\"inLanguage\":\"es-AR\"},{\"@type\":\"Organization\",\"@id\":\"https:\\\/\\\/elcanillita.info\\\/press\\\/#organization\",\"name\":\"Guzzo Photos & Graphic Publications\",\"url\":\"https:\\\/\\\/elcanillita.info\\\/press\\\/\",\"logo\":{\"@type\":\"ImageObject\",\"inLanguage\":\"es-AR\",\"@id\":\"https:\\\/\\\/elcanillita.info\\\/press\\\/#\\\/schema\\\/logo\\\/image\\\/\",\"url\":\"https:\\\/\\\/elcanillita.info\\\/press\\\/images\\\/2020\\\/01\\\/cropped-cropped-cropped-elcanillitainfo.png\",\"contentUrl\":\"https:\\\/\\\/elcanillita.info\\\/press\\\/images\\\/2020\\\/01\\\/cropped-cropped-cropped-elcanillitainfo.png\",\"width\":460,\"height\":50,\"caption\":\"Guzzo Photos & Graphic Publications\"},\"image\":{\"@id\":\"https:\\\/\\\/elcanillita.info\\\/press\\\/#\\\/schema\\\/logo\\\/image\\\/\"},\"sameAs\":[\"https:\\\/\\\/ar-ar.facebook.com\\\/ElCanillitainfo-114249515285712\\\/\"]},{\"@type\":\"Person\",\"@id\":\"https:\\\/\\\/elcanillita.info\\\/press\\\/#\\\/schema\\\/person\\\/7fcb79f38045700919f7da6d97e71ba0\",\"name\":\"SalaStampa.eu, world press service\",\"image\":{\"@type\":\"ImageObject\",\"inLanguage\":\"es-AR\",\"@id\":\"https:\\\/\\\/secure.gravatar.com\\\/avatar\\\/c2f0e0d515a107624234994507816ca4724c7199cef73fc8bedebf6931d73888?s=96&d=mm&r=g\",\"url\":\"https:\\\/\\\/secure.gravatar.com\\\/avatar\\\/c2f0e0d515a107624234994507816ca4724c7199cef73fc8bedebf6931d73888?s=96&d=mm&r=g\",\"contentUrl\":\"https:\\\/\\\/secure.gravatar.com\\\/avatar\\\/c2f0e0d515a107624234994507816ca4724c7199cef73fc8bedebf6931d73888?s=96&d=mm&r=g\",\"caption\":\"SalaStampa.eu, world press service\"}}]}<\/script>\n<!-- \/ Yoast SEO plugin. -->","yoast_head_json":{"title":"Morales busca ser candidato a senador o diputado en Bolivia - ElCanillita.Info","robots":{"index":"index","follow":"follow","max-snippet":"max-snippet:-1","max-image-preview":"max-image-preview:large","max-video-preview":"max-video-preview:-1"},"canonical":"https:\/\/elcanillita.info\/press\/2020\/01\/30\/morales-busca-ser-candidato-a-senador-o-diputado-en-bolivia\/","og_locale":"es_ES","og_type":"article","og_title":"Morales busca ser candidato a senador o diputado en Bolivia - ElCanillita.Info","og_description":"Argentina, 30.01.2020 - El expresidente Evo Morales busca habilitarse para ser candidato a senador o diputado en las elecciones que se realizar\u00e1n en Bolivia el pr\u00f3ximo 3 de mayo.","og_url":"https:\/\/elcanillita.info\/press\/2020\/01\/30\/morales-busca-ser-candidato-a-senador-o-diputado-en-bolivia\/","og_site_name":"ElCanillita.Info","article_publisher":"https:\/\/ar-ar.facebook.com\/ElCanillitainfo-114249515285712\/","article_published_time":"2020-01-30T21:05:10+00:00","article_modified_time":"2020-01-30T21:05:13+00:00","author":"SalaStampa.eu, world press service","twitter_card":"summary_large_image","twitter_misc":{"Escrito por":"SalaStampa.eu, world press service","Tiempo de lectura":"2 minutos"},"schema":{"@context":"https:\/\/schema.org","@graph":[{"@type":"Article","@id":"https:\/\/elcanillita.info\/press\/2020\/01\/30\/morales-busca-ser-candidato-a-senador-o-diputado-en-bolivia\/#article","isPartOf":{"@id":"https:\/\/elcanillita.info\/press\/2020\/01\/30\/morales-busca-ser-candidato-a-senador-o-diputado-en-bolivia\/"},"author":{"name":"SalaStampa.eu, world press service","@id":"https:\/\/elcanillita.info\/press\/#\/schema\/person\/7fcb79f38045700919f7da6d97e71ba0"},"headline":"Morales busca ser candidato a senador o diputado en Bolivia","datePublished":"2020-01-30T21:05:10+00:00","dateModified":"2020-01-30T21:05:13+00:00","mainEntityOfPage":{"@id":"https:\/\/elcanillita.info\/press\/2020\/01\/30\/morales-busca-ser-candidato-a-senador-o-diputado-en-bolivia\/"},"wordCount":471,"publisher":{"@id":"https:\/\/elcanillita.info\/press\/#organization"},"keywords":["Argentina"],"articleSection":["Am\u00e9rica del Sur","Politica","Sociedad"],"inLanguage":"es-AR"},{"@type":"WebPage","@id":"https:\/\/elcanillita.info\/press\/2020\/01\/30\/morales-busca-ser-candidato-a-senador-o-diputado-en-bolivia\/","url":"https:\/\/elcanillita.info\/press\/2020\/01\/30\/morales-busca-ser-candidato-a-senador-o-diputado-en-bolivia\/","name":"Morales busca ser candidato a senador o diputado en Bolivia - ElCanillita.Info","isPartOf":{"@id":"https:\/\/elcanillita.info\/press\/#website"},"datePublished":"2020-01-30T21:05:10+00:00","dateModified":"2020-01-30T21:05:13+00:00","inLanguage":"es-AR","potentialAction":[{"@type":"ReadAction","target":["https:\/\/elcanillita.info\/press\/2020\/01\/30\/morales-busca-ser-candidato-a-senador-o-diputado-en-bolivia\/"]}]},{"@type":"WebSite","@id":"https:\/\/elcanillita.info\/press\/#website","url":"https:\/\/elcanillita.info\/press\/","name":"ElCanillita.Info","description":"desde los Apeninos a los Andes","publisher":{"@id":"https:\/\/elcanillita.info\/press\/#organization"},"potentialAction":[{"@type":"SearchAction","target":{"@type":"EntryPoint","urlTemplate":"https:\/\/elcanillita.info\/press\/?s={search_term_string}"},"query-input":{"@type":"PropertyValueSpecification","valueRequired":true,"valueName":"search_term_string"}}],"inLanguage":"es-AR"},{"@type":"Organization","@id":"https:\/\/elcanillita.info\/press\/#organization","name":"Guzzo Photos & Graphic Publications","url":"https:\/\/elcanillita.info\/press\/","logo":{"@type":"ImageObject","inLanguage":"es-AR","@id":"https:\/\/elcanillita.info\/press\/#\/schema\/logo\/image\/","url":"https:\/\/elcanillita.info\/press\/images\/2020\/01\/cropped-cropped-cropped-elcanillitainfo.png","contentUrl":"https:\/\/elcanillita.info\/press\/images\/2020\/01\/cropped-cropped-cropped-elcanillitainfo.png","width":460,"height":50,"caption":"Guzzo Photos & Graphic Publications"},"image":{"@id":"https:\/\/elcanillita.info\/press\/#\/schema\/logo\/image\/"},"sameAs":["https:\/\/ar-ar.facebook.com\/ElCanillitainfo-114249515285712\/"]},{"@type":"Person","@id":"https:\/\/elcanillita.info\/press\/#\/schema\/person\/7fcb79f38045700919f7da6d97e71ba0","name":"SalaStampa.eu, world press service","image":{"@type":"ImageObject","inLanguage":"es-AR","@id":"https:\/\/secure.gravatar.com\/avatar\/c2f0e0d515a107624234994507816ca4724c7199cef73fc8bedebf6931d73888?s=96&d=mm&r=g","url":"https:\/\/secure.gravatar.com\/avatar\/c2f0e0d515a107624234994507816ca4724c7199cef73fc8bedebf6931d73888?s=96&d=mm&r=g","contentUrl":"https:\/\/secure.gravatar.com\/avatar\/c2f0e0d515a107624234994507816ca4724c7199cef73fc8bedebf6931d73888?s=96&d=mm&r=g","caption":"SalaStampa.eu, world press service"}}]}},"views":756,"_links":{"self":[{"href":"https:\/\/elcanillita.info\/press\/wp-json\/wp\/v2\/posts\/234","targetHints":{"allow":["GET"]}}],"collection":[{"href":"https:\/\/elcanillita.info\/press\/wp-json\/wp\/v2\/posts"}],"about":[{"href":"https:\/\/elcanillita.info\/press\/wp-json\/wp\/v2\/types\/post"}],"author":[{"embeddable":true,"href":"https:\/\/elcanillita.info\/press\/wp-json\/wp\/v2\/users\/1"}],"replies":[{"embeddable":true,"href":"https:\/\/elcanillita.info\/press\/wp-json\/wp\/v2\/comments?post=234"}],"version-history":[{"count":0,"href":"https:\/\/elcanillita.info\/press\/wp-json\/wp\/v2\/posts\/234\/revisions"}],"wp:attachment":[{"href":"https:\/\/elcanillita.info\/press\/wp-json\/wp\/v2\/media?parent=234"}],"wp:term":[{"taxonomy":"category","embeddable":true,"href":"https:\/\/elcanillita.info\/press\/wp-json\/wp\/v2\/categories?post=234"},{"taxonomy":"post_tag","embeddable":true,"href":"https:\/\/elcanillita.info\/press\/wp-json\/wp\/v2\/tags?post=234"}],"curies":[{"name":"wp","href":"https:\/\/api.w.org\/{rel}","templated":true}]}}