{"id":2335,"date":"2022-03-22T09:58:15","date_gmt":"2022-03-22T12:58:15","guid":{"rendered":"https:\/\/elcanillita.info\/press\/?p=2335"},"modified":"2022-03-23T14:14:46","modified_gmt":"2022-03-23T17:14:46","slug":"el-superyate-de-vladimir-putin-se-enfrenta-a-la-incautacion-en-un-puerto-italiano","status":"publish","type":"post","link":"https:\/\/elcanillita.info\/press\/2022\/03\/22\/el-superyate-de-vladimir-putin-se-enfrenta-a-la-incautacion-en-un-puerto-italiano\/","title":{"rendered":"El &#8220;superyate de Vladimir Putin&#8221; se enfrenta a la incautaci\u00f3n en un puerto italiano"},"content":{"rendered":"\n<figure class=\"wp-block-video\"><video controls src=\"https:\/\/blogdiario.info\/magazine\/images\/2022\/03\/PutinY.mp4\"><\/video><\/figure>\n\n\n\n<p>El Scheherazade est\u00e1 siendo reparado y mantenido en un puerto de Italia, y se dice que es el yate m\u00e1s caro del mundo cuyo propietario no ha sido identificado<\/p>\n\n\n\n<p>Se ha instado a Italia a confiscar un superyate supuestamente propiedad de Vladimir Putin tras una investigaci\u00f3n realizada por la unidad anticorrupci\u00f3n de Alexei Navalny, l\u00edder de la oposici\u00f3n rusa encarcelado.<\/p>\n\n\n\n<p>El equipo de Navalny dijo que el yate, de 590 millones de euros, estaba atendido por oficiales del Servicio Federal de Seguridad ruso (FSO).<\/p>\n\n\n\n<p>Los socios del Sr. Navalny han exigido que las autoridades italianas confisquen la embarcaci\u00f3n de 139 metros, que tiene una piscina con un techo retr\u00e1ctil que se convierte en una pista de baile de discoteca.<\/p>\n\n\n\n<p>La petici\u00f3n de confiscaci\u00f3n del superyate se produce mientras la guerra de Rusia con Ucrania sigue estancada. Ucrania ha rechazado un ultim\u00e1tum del Kremlin para que entregue Mariupol o las autoridades locales se enfrentar\u00e1n a &#8220;tribunales militares&#8221;, lo que probablemente infringir\u00eda la Convenci\u00f3n de Ginebra.<\/p>\n\n\n<p><iframe loading=\"lazy\" style=\"border: none;\" title=\"Streets\" src=\"https:\/\/api.mapbox.com\/styles\/v1\/salastampaeu\/cl11wze86002714pbd1vrabbx.html?title=false&amp;access_token=pk.eyJ1Ijoic2FsYXN0YW1wYWV1IiwiYSI6ImNsMTF3Y3FvejA1c3AzZHA0aWV6NGFqdjUifQ.z385s0WLWASA8ssx22TwUw&amp;zoomwheel=false#10.53\/47.0916\/37.6149\" width=\"100%\" height=\"400px\"><\/iframe><\/p>\n\n\n<p>Vlodymyr Zelensky, el presidente ucraniano, dijo que &#8220;Ucrania no puede cumplir el ultim\u00e1tum de Rusia&#8221; y que cualquier &#8220;compromiso&#8221; de acuerdo de paz se someter\u00eda a refer\u00e9ndum.<\/p>\n\n\n\n<p>Los l\u00edderes de Estados Unidos, Reino Unido, Francia, Alemania e Italia debatieron el lunes la escalada de la crisis en medio de las advertencias de los servicios de inteligencia estadounidenses de que el Kremlin estaba cambiando de t\u00e1ctica para bombardear a Ucrania hasta someterla.<\/p>\n\n\n\n<p>En un comunicado, Downing Street dijo que los l\u00edderes seguir\u00e1n apoyando a Ucrania &#8220;militarmente&#8221; y &#8220;aumentando la presi\u00f3n sobre Rusia para que detenga su invasi\u00f3n no provocada&#8221;. El Pent\u00e1gono acus\u00f3 a las fuerzas rusas de cometer cr\u00edmenes de guerra y estaba &#8220;ayudando a recopilar pruebas de ello&#8221;.<\/p>\n\n\n\n<p>Las zonas residenciales de Odesa, en el Mar Negro, fueron bombardeadas por primera vez. En Kherson, la \u00fanica ciudad bajo control ruso, las tropas rusas dispararon contra los manifestantes.<\/p>\n\n\n\n<p>Un peri\u00f3dico ruso revel\u00f3 inadvertidamente que casi 10.000 soldados rusos han muerto y otros 16.000 han resultado heridos. Anteriormente, los militares rusos s\u00f3lo hab\u00edan admitido que hab\u00edan muerto 500 soldados desde el inicio de la invasi\u00f3n.<\/p>\n\n\n\n<div class=\"wp-block-image\"><figure class=\"alignleft size-full\"><img loading=\"lazy\" decoding=\"async\" width=\"600\" height=\"376\" src=\"https:\/\/elcanillita.info\/press\/images\/2022\/03\/yp.jpg\" alt=\"\" class=\"wp-image-2336\" srcset=\"https:\/\/elcanillita.info\/press\/images\/2022\/03\/yp.jpg 600w, https:\/\/elcanillita.info\/press\/images\/2022\/03\/yp-300x188.jpg 300w\" sizes=\"auto, (max-width: 600px) 100vw, 600px\" \/><figcaption><center><small>Scheherezade, uno de los superyates m\u00e1s grandes y caros del mundo<\/small><\/center><\/figcaption><\/figure><\/div>\n\n\n\n<p>El Scheherazade, que navega bajo pabell\u00f3n de las Islas Caim\u00e1n, fue botado en 2020 y est\u00e1 registrado a nombre de una empresa llamada Bielor Assets Ltd, domiciliada en las Islas Marshall, pero su verdadero propietario permanece en secreto.<br><\/p>\n\n\n\n<p>El martes se espera que Navalny escuche el veredicto de la \u00faltima causa penal contra \u00e9l, en la que los fiscales piden 13 a\u00f1os de prisi\u00f3n en una colonia penal de m\u00e1xima seguridad por presunto fraude y desacato al tribunal.<\/p>\n\n\n\n<p>En una publicaci\u00f3n en las redes sociales, Maria Pevchikh, que trabaja para la Fundaci\u00f3n Anticorrupci\u00f3n de Navalny, dijo: &#8220;Llevamos m\u00e1s de una d\u00e9cada investigando la corrupci\u00f3n de Putin, y hay una cosa que sabemos con certeza: Putin nunca tiene activos a su nombre&#8221;.<\/p>\n\n\n\n<p>&#8220;Una docena de guardias y sirvientes personales de Putin mantienen constantemente uno de los yates m\u00e1s grandes del mundo, atracado en un puerto italiano. Creemos que esto es una prueba suficientemente s\u00f3lida de que Scheherezade pertenece al propio Putin y debe ser incautado inmediatamente&#8221;.<br><br> Leonid Volkov, un estrecho colaborador del Sr. Navalny, dijo: &#8220;Encontramos otros 700 millones de d\u00f3lares que Putin rob\u00f3 a los rusos: el yate, por el que ahora mueren soldados rusos&#8221;.<\/p>\n\n\n\n<p>El equipo de Navalny public\u00f3 la lista de la tripulaci\u00f3n que, seg\u00fan ellos, muestra que todos los empleados del barco, excepto el capit\u00e1n, son de nacionalidad rusa. Dijeron que pudieron cotejar los datos personales de las personas de la lista con un elenco de vuelos filtrado.<\/p>\n\n\n\n<p>Utilizando los datos personales, los investigadores afirmaron haber identificado a muchos de los miembros de la tripulaci\u00f3n como oficiales empleados por el FSO, que proporciona un servicio de seguridad personal a Putin. Alrededor de la mitad de los 23 miembros de la lista estaban vinculados a la FSO, seg\u00fan los investigadores.<\/p>\n\n\n\n<p>El elenco de los vuelos, seg\u00fan el equipo de Navalny, muestran a los miembros de la tripulaci\u00f3n viajando juntos a Mil\u00e1n, el aeropuerto principal m\u00e1s cercano a la base del yate en Marina di Carrara.<\/p>\n\n\n\n<p>Los investigadores dijeron que una docena de esos tripulantes, est\u00e1n registrados en la direcci\u00f3n oficial de la unidad del Kremlin que proporciona seguridad a Putin en su residencia del Mar Negro, cerca de Sochi. El equipo tambi\u00e9n dijo que hab\u00eda hablado con uno de los miembros de la tripulaci\u00f3n del yate, que hab\u00eda confirmado que era la embarcaci\u00f3n de Putin.<\/p>\n\n\n\n<p>Seg\u00fan el New York Times, el Scheherazade hizo una &#8220;breve incursi\u00f3n&#8221; en el Mar Rojo en septiembre de 2020 y dos viajes al centro tur\u00edstico de verano ruso de Sochi en ese a\u00f1o y de nuevo el a\u00f1o pasado.<\/p>\n\n\n\n<p>El New York Times dijo que hab\u00eda hablado con un antiguo miembro de la tripulaci\u00f3n y manifest\u00f3 que sus compa\u00f1eros lo llamaban &#8220;el yate de Putin&#8221;.<\/p>\n\n\n\n<p>El ex miembro de la tripulaci\u00f3n tambi\u00e9n afirm\u00f3 que el yate estaba tripulado por un equipo internacional durante los periodos en los que no hab\u00eda un jefe, pero que durante los periodos en los que s\u00ed estaba, la tripulaci\u00f3n era sustituida por &#8220;un equipo totalmente ruso&#8221;. El New York Times aleg\u00f3 que la tripulaci\u00f3n extranjera fue despedida antes de un viaje al Mar Negro en 2020.<\/p>\n\n\n\n<p>Seg\u00fan los investigadores de Navalny, examinaron los datos de los pasaportes de los miembros de la tripulaci\u00f3n con aquellos filtrados de los viajes a\u00e9reos, afirmando que la tripulaci\u00f3n vol\u00f3 a Italia &#8220;como si estuviera cubriendo turnos de guardia&#8221;.<\/p>\n\n\n\n<p>Afirmaron que un miembro principal de la tripulaci\u00f3n estaba &#8220;registrado en los tel\u00e9fonos de varias personas como &#8220;Sergey FSO&#8221; -una supuesta referencia al servicio de seguridad del Estado- y su direcci\u00f3n estaba registrada en la base del FSO en Sochi&#8221;. La investigaci\u00f3n afirm\u00f3 que &#8220;algunos otros miembros de la tripulaci\u00f3n est\u00e1n registrados en la misma direcci\u00f3n&#8221;.<\/p>\n\n\n\n<p>La Sra. Pevchikh dijo: &#8220;S\u00f3lo en las dos primeras hojas de la lista de la tripulaci\u00f3n, vemos a 23 personas, de las cuales casi la mitad est\u00e1n relacionadas con el FSO. No podemos pensar en una prueba mejor de que este yate pertenece a Putin. Incluso en Italia, a miles de kil\u00f3metros de Mosc\u00fa, emplea a personas que figuran oficialmente como guardias de seguridad y personal de Putin&#8221;.<\/p>\n\n\n\n<p>Guy Bennett-Pearce, el capit\u00e1n del yate, declar\u00f3 al New York Times a principios de este mes que no cre\u00eda que Putin fuera su propietario. Dijo: &#8220;Nunca lo he visto. Nunca le he conocido&#8221;.<\/p>\n\n\n\n<p>El Sr. Bennett-Pearce no descart\u00f3 que el propietario del yate fuera un ciudadano ruso, pero dijo que un &#8220;acuerdo herm\u00e9tico de no divulgaci\u00f3n&#8221; le imped\u00eda decir m\u00e1s. A\u00f1adi\u00f3, sin embargo, que el propietario no figuraba en ninguna lista de sanciones.<\/p>\n\n\n\n<p>Dijo que las autoridades italianas hab\u00edan abordado el yate a principios de marzo tras la invasi\u00f3n rusa de Ucrania y que se hab\u00eda entregado la documentaci\u00f3n pertinente. Tambi\u00e9n envi\u00f3 al New York Times un mensaje en el que dec\u00eda: &#8220;No me cabe la menor duda de que con esto el barco quedar\u00e1 libre de todos los rumores y especulaciones negativas&#8221;.<\/p>\n\n\n\n<div class=\"wp-block-image\"><figure class=\"alignleft size-full\"><img loading=\"lazy\" decoding=\"async\" width=\"600\" height=\"373\" src=\"https:\/\/elcanillita.info\/press\/images\/2022\/03\/ypt.jpg\" alt=\"\" class=\"wp-image-2337\" srcset=\"https:\/\/elcanillita.info\/press\/images\/2022\/03\/ypt.jpg 600w, https:\/\/elcanillita.info\/press\/images\/2022\/03\/ypt-300x187.jpg 300w\" sizes=\"auto, (max-width: 600px) 100vw, 600px\" \/><figcaption><center><small>El yate tiene seis cubiertas, incluidas dos zonas de aterrizaje para helic\u00f3pteros Cr\u00e9dito: Tom van Oossanen<\/small><\/center><\/figcaption><\/figure><\/div>\n\n\n\n<p>El yate tiene seis cubiertas, incluidas dos zonas de aterrizaje para helic\u00f3pteros, as\u00ed como su propio espacio, sauna y gimnasio. Tiene accesorios chapados en oro en los ba\u00f1os. Cuando atrac\u00f3 por primera vez en Italia, los trabajadores levantaron una barrera met\u00e1lica para ocultar parcialmente el yate de la vista, y tambi\u00e9n cubrieron la placa del nombre.<\/p>\n\n\n\n<p>El nombre de Scheherazade procede de la narradora de los cuentos \u00e1rabes Las mil y una noches y es tambi\u00e9n el nombre de una sinfon\u00eda del compositor ruso Rimsky-Korsakov.<\/p>\n\n\n\n<p>Las autoridades de varios pa\u00edses de la Uni\u00f3n Europea han comenzado a confiscar yates pertenecientes a oligarcas rusos para cumplir con las sanciones. Las autoridades francesas incautaron un yate que se cree que es propiedad de Igor Sechin, un aliado clave de Putin, mientras que los yates de dos oligarcas que figuran en las listas de sanciones fueron retenidos por funcionarios italianos.<\/p>\n\n\n\n<p>La Agencia Nacional del Crimen del Reino Unido ha creado una unidad de &#8220;cleptocracia&#8221; para identificar y congelar los activos de Putin y todos sus asociados.<\/p>\n\n\n\n<p>Putin se ha rodeado de amigos y aliados que han hecho grandes fortunas mientras \u00e9l ha estado en el poder. Pero los activistas anticorrupci\u00f3n afirman que el presidente ruso, que gana un sueldo oficial de 80.000 euros, se ha cuidado de no registrar ninguna propiedad a su nombre.<\/p>\n\n\n\n<p>La semana pasada fue ridiculizado cuando apareci\u00f3 en un mitin en Mosc\u00fa en apoyo de la guerra de Ucrania llevando un abrigo de dise\u00f1o italiano y un jersey  valorado en miles de euros.<br><br>\n<small>Copyright \u00a9 2022 ElCanillita.info &#8211; DC24.News &#8211; PanPress.eu \/ SalaStampa.eu &#8211; Derechos reservados <\/small><\/p>\n","protected":false},"excerpt":{"rendered":"<p>La embarcaci\u00f3n de 590 millones de euros, llamada Scheherazade, podr\u00eda ser sancionada ya que la investigaci\u00f3n revela que el personal es del servicio de seguridad de Rusia.<\/p>\n","protected":false},"author":1,"featured_media":2337,"comment_status":"closed","ping_status":"closed","sticky":false,"template":"","format":"standard","meta":{"footnotes":"","_links_to":"","_links_to_target":""},"categories":[70,5,22],"tags":[49],"class_list":["post-2335","post","type-post","status-publish","format-standard","has-post-thumbnail","hentry","category-actualidad","category-europa","category-justicia","tag-rusia","entry","double"],"yoast_head":"<!-- This site is optimized with the Yoast SEO plugin v27.4 - https:\/\/yoast.com\/product\/yoast-seo-wordpress\/ -->\n<title>El &quot;superyate de Vladimir Putin&quot; se enfrenta a la incautaci\u00f3n en un puerto italiano - ElCanillita.Info<\/title>\n<meta name=\"robots\" content=\"index, follow, max-snippet:-1, max-image-preview:large, max-video-preview:-1\" \/>\n<link rel=\"canonical\" href=\"https:\/\/elcanillita.info\/press\/2022\/03\/22\/el-superyate-de-vladimir-putin-se-enfrenta-a-la-incautacion-en-un-puerto-italiano\/\" \/>\n<meta property=\"og:locale\" content=\"es_ES\" \/>\n<meta property=\"og:type\" content=\"article\" \/>\n<meta property=\"og:title\" content=\"El &quot;superyate de Vladimir Putin&quot; se enfrenta a la incautaci\u00f3n en un puerto italiano - ElCanillita.Info\" \/>\n<meta property=\"og:description\" content=\"La embarcaci\u00f3n de 590 millones de euros, llamada Scheherazade, podr\u00eda ser sancionada ya que la investigaci\u00f3n revela que el personal es del servicio de seguridad de Rusia.\" \/>\n<meta property=\"og:url\" content=\"https:\/\/elcanillita.info\/press\/2022\/03\/22\/el-superyate-de-vladimir-putin-se-enfrenta-a-la-incautacion-en-un-puerto-italiano\/\" \/>\n<meta property=\"og:site_name\" content=\"ElCanillita.Info\" \/>\n<meta property=\"article:publisher\" content=\"https:\/\/ar-ar.facebook.com\/ElCanillitainfo-114249515285712\/\" \/>\n<meta property=\"article:published_time\" content=\"2022-03-22T12:58:15+00:00\" \/>\n<meta property=\"article:modified_time\" content=\"2022-03-23T17:14:46+00:00\" \/>\n<meta property=\"og:image\" content=\"https:\/\/elcanillita.info\/press\/images\/2022\/03\/ypt.jpg\" \/>\n\t<meta property=\"og:image:width\" content=\"600\" \/>\n\t<meta property=\"og:image:height\" content=\"373\" \/>\n\t<meta property=\"og:image:type\" content=\"image\/jpeg\" \/>\n<meta name=\"author\" content=\"SalaStampa.eu, world press service\" \/>\n<meta name=\"twitter:card\" content=\"summary_large_image\" \/>\n<meta name=\"twitter:label1\" content=\"Escrito por\" \/>\n\t<meta name=\"twitter:data1\" content=\"SalaStampa.eu, world press service\" \/>\n\t<meta name=\"twitter:label2\" content=\"Tiempo de lectura\" \/>\n\t<meta name=\"twitter:data2\" content=\"8 minutos\" \/>\n<script type=\"application\/ld+json\" class=\"yoast-schema-graph\">{\"@context\":\"https:\\\/\\\/schema.org\",\"@graph\":[{\"@type\":\"Article\",\"@id\":\"https:\\\/\\\/elcanillita.info\\\/press\\\/2022\\\/03\\\/22\\\/el-superyate-de-vladimir-putin-se-enfrenta-a-la-incautacion-en-un-puerto-italiano\\\/#article\",\"isPartOf\":{\"@id\":\"https:\\\/\\\/elcanillita.info\\\/press\\\/2022\\\/03\\\/22\\\/el-superyate-de-vladimir-putin-se-enfrenta-a-la-incautacion-en-un-puerto-italiano\\\/\"},\"author\":{\"name\":\"SalaStampa.eu, world press service\",\"@id\":\"https:\\\/\\\/elcanillita.info\\\/press\\\/#\\\/schema\\\/person\\\/7fcb79f38045700919f7da6d97e71ba0\"},\"headline\":\"El &#8220;superyate de Vladimir Putin&#8221; se enfrenta a la incautaci\u00f3n en un puerto italiano\",\"datePublished\":\"2022-03-22T12:58:15+00:00\",\"dateModified\":\"2022-03-23T17:14:46+00:00\",\"mainEntityOfPage\":{\"@id\":\"https:\\\/\\\/elcanillita.info\\\/press\\\/2022\\\/03\\\/22\\\/el-superyate-de-vladimir-putin-se-enfrenta-a-la-incautacion-en-un-puerto-italiano\\\/\"},\"wordCount\":1570,\"publisher\":{\"@id\":\"https:\\\/\\\/elcanillita.info\\\/press\\\/#organization\"},\"image\":{\"@id\":\"https:\\\/\\\/elcanillita.info\\\/press\\\/2022\\\/03\\\/22\\\/el-superyate-de-vladimir-putin-se-enfrenta-a-la-incautacion-en-un-puerto-italiano\\\/#primaryimage\"},\"thumbnailUrl\":\"https:\\\/\\\/elcanillita.info\\\/press\\\/images\\\/2022\\\/03\\\/ypt.jpg\",\"keywords\":[\"Rusia\"],\"articleSection\":[\"Actualidad\",\"Europa\",\"Justicia\"],\"inLanguage\":\"es-AR\"},{\"@type\":\"WebPage\",\"@id\":\"https:\\\/\\\/elcanillita.info\\\/press\\\/2022\\\/03\\\/22\\\/el-superyate-de-vladimir-putin-se-enfrenta-a-la-incautacion-en-un-puerto-italiano\\\/\",\"url\":\"https:\\\/\\\/elcanillita.info\\\/press\\\/2022\\\/03\\\/22\\\/el-superyate-de-vladimir-putin-se-enfrenta-a-la-incautacion-en-un-puerto-italiano\\\/\",\"name\":\"El \\\"superyate de Vladimir Putin\\\" se enfrenta a la incautaci\u00f3n en un puerto italiano - ElCanillita.Info\",\"isPartOf\":{\"@id\":\"https:\\\/\\\/elcanillita.info\\\/press\\\/#website\"},\"primaryImageOfPage\":{\"@id\":\"https:\\\/\\\/elcanillita.info\\\/press\\\/2022\\\/03\\\/22\\\/el-superyate-de-vladimir-putin-se-enfrenta-a-la-incautacion-en-un-puerto-italiano\\\/#primaryimage\"},\"image\":{\"@id\":\"https:\\\/\\\/elcanillita.info\\\/press\\\/2022\\\/03\\\/22\\\/el-superyate-de-vladimir-putin-se-enfrenta-a-la-incautacion-en-un-puerto-italiano\\\/#primaryimage\"},\"thumbnailUrl\":\"https:\\\/\\\/elcanillita.info\\\/press\\\/images\\\/2022\\\/03\\\/ypt.jpg\",\"datePublished\":\"2022-03-22T12:58:15+00:00\",\"dateModified\":\"2022-03-23T17:14:46+00:00\",\"inLanguage\":\"es-AR\",\"potentialAction\":[{\"@type\":\"ReadAction\",\"target\":[\"https:\\\/\\\/elcanillita.info\\\/press\\\/2022\\\/03\\\/22\\\/el-superyate-de-vladimir-putin-se-enfrenta-a-la-incautacion-en-un-puerto-italiano\\\/\"]}]},{\"@type\":\"ImageObject\",\"inLanguage\":\"es-AR\",\"@id\":\"https:\\\/\\\/elcanillita.info\\\/press\\\/2022\\\/03\\\/22\\\/el-superyate-de-vladimir-putin-se-enfrenta-a-la-incautacion-en-un-puerto-italiano\\\/#primaryimage\",\"url\":\"https:\\\/\\\/elcanillita.info\\\/press\\\/images\\\/2022\\\/03\\\/ypt.jpg\",\"contentUrl\":\"https:\\\/\\\/elcanillita.info\\\/press\\\/images\\\/2022\\\/03\\\/ypt.jpg\",\"width\":600,\"height\":373},{\"@type\":\"WebSite\",\"@id\":\"https:\\\/\\\/elcanillita.info\\\/press\\\/#website\",\"url\":\"https:\\\/\\\/elcanillita.info\\\/press\\\/\",\"name\":\"ElCanillita.Info\",\"description\":\"desde los Apeninos a los Andes\",\"publisher\":{\"@id\":\"https:\\\/\\\/elcanillita.info\\\/press\\\/#organization\"},\"potentialAction\":[{\"@type\":\"SearchAction\",\"target\":{\"@type\":\"EntryPoint\",\"urlTemplate\":\"https:\\\/\\\/elcanillita.info\\\/press\\\/?s={search_term_string}\"},\"query-input\":{\"@type\":\"PropertyValueSpecification\",\"valueRequired\":true,\"valueName\":\"search_term_string\"}}],\"inLanguage\":\"es-AR\"},{\"@type\":\"Organization\",\"@id\":\"https:\\\/\\\/elcanillita.info\\\/press\\\/#organization\",\"name\":\"Guzzo Photos & Graphic Publications\",\"url\":\"https:\\\/\\\/elcanillita.info\\\/press\\\/\",\"logo\":{\"@type\":\"ImageObject\",\"inLanguage\":\"es-AR\",\"@id\":\"https:\\\/\\\/elcanillita.info\\\/press\\\/#\\\/schema\\\/logo\\\/image\\\/\",\"url\":\"https:\\\/\\\/elcanillita.info\\\/press\\\/images\\\/2020\\\/01\\\/cropped-cropped-cropped-elcanillitainfo.png\",\"contentUrl\":\"https:\\\/\\\/elcanillita.info\\\/press\\\/images\\\/2020\\\/01\\\/cropped-cropped-cropped-elcanillitainfo.png\",\"width\":460,\"height\":50,\"caption\":\"Guzzo Photos & Graphic Publications\"},\"image\":{\"@id\":\"https:\\\/\\\/elcanillita.info\\\/press\\\/#\\\/schema\\\/logo\\\/image\\\/\"},\"sameAs\":[\"https:\\\/\\\/ar-ar.facebook.com\\\/ElCanillitainfo-114249515285712\\\/\"]},{\"@type\":\"Person\",\"@id\":\"https:\\\/\\\/elcanillita.info\\\/press\\\/#\\\/schema\\\/person\\\/7fcb79f38045700919f7da6d97e71ba0\",\"name\":\"SalaStampa.eu, world press service\",\"image\":{\"@type\":\"ImageObject\",\"inLanguage\":\"es-AR\",\"@id\":\"https:\\\/\\\/secure.gravatar.com\\\/avatar\\\/c2f0e0d515a107624234994507816ca4724c7199cef73fc8bedebf6931d73888?s=96&d=mm&r=g\",\"url\":\"https:\\\/\\\/secure.gravatar.com\\\/avatar\\\/c2f0e0d515a107624234994507816ca4724c7199cef73fc8bedebf6931d73888?s=96&d=mm&r=g\",\"contentUrl\":\"https:\\\/\\\/secure.gravatar.com\\\/avatar\\\/c2f0e0d515a107624234994507816ca4724c7199cef73fc8bedebf6931d73888?s=96&d=mm&r=g\",\"caption\":\"SalaStampa.eu, world press service\"}}]}<\/script>\n<!-- \/ Yoast SEO plugin. -->","yoast_head_json":{"title":"El \"superyate de Vladimir Putin\" se enfrenta a la incautaci\u00f3n en un puerto italiano - ElCanillita.Info","robots":{"index":"index","follow":"follow","max-snippet":"max-snippet:-1","max-image-preview":"max-image-preview:large","max-video-preview":"max-video-preview:-1"},"canonical":"https:\/\/elcanillita.info\/press\/2022\/03\/22\/el-superyate-de-vladimir-putin-se-enfrenta-a-la-incautacion-en-un-puerto-italiano\/","og_locale":"es_ES","og_type":"article","og_title":"El \"superyate de Vladimir Putin\" se enfrenta a la incautaci\u00f3n en un puerto italiano - ElCanillita.Info","og_description":"La embarcaci\u00f3n de 590 millones de euros, llamada Scheherazade, podr\u00eda ser sancionada ya que la investigaci\u00f3n revela que el personal es del servicio de seguridad de Rusia.","og_url":"https:\/\/elcanillita.info\/press\/2022\/03\/22\/el-superyate-de-vladimir-putin-se-enfrenta-a-la-incautacion-en-un-puerto-italiano\/","og_site_name":"ElCanillita.Info","article_publisher":"https:\/\/ar-ar.facebook.com\/ElCanillitainfo-114249515285712\/","article_published_time":"2022-03-22T12:58:15+00:00","article_modified_time":"2022-03-23T17:14:46+00:00","og_image":[{"width":600,"height":373,"url":"https:\/\/elcanillita.info\/press\/images\/2022\/03\/ypt.jpg","type":"image\/jpeg"}],"author":"SalaStampa.eu, world press service","twitter_card":"summary_large_image","twitter_misc":{"Escrito por":"SalaStampa.eu, world press service","Tiempo de lectura":"8 minutos"},"schema":{"@context":"https:\/\/schema.org","@graph":[{"@type":"Article","@id":"https:\/\/elcanillita.info\/press\/2022\/03\/22\/el-superyate-de-vladimir-putin-se-enfrenta-a-la-incautacion-en-un-puerto-italiano\/#article","isPartOf":{"@id":"https:\/\/elcanillita.info\/press\/2022\/03\/22\/el-superyate-de-vladimir-putin-se-enfrenta-a-la-incautacion-en-un-puerto-italiano\/"},"author":{"name":"SalaStampa.eu, world press service","@id":"https:\/\/elcanillita.info\/press\/#\/schema\/person\/7fcb79f38045700919f7da6d97e71ba0"},"headline":"El &#8220;superyate de Vladimir Putin&#8221; se enfrenta a la incautaci\u00f3n en un puerto italiano","datePublished":"2022-03-22T12:58:15+00:00","dateModified":"2022-03-23T17:14:46+00:00","mainEntityOfPage":{"@id":"https:\/\/elcanillita.info\/press\/2022\/03\/22\/el-superyate-de-vladimir-putin-se-enfrenta-a-la-incautacion-en-un-puerto-italiano\/"},"wordCount":1570,"publisher":{"@id":"https:\/\/elcanillita.info\/press\/#organization"},"image":{"@id":"https:\/\/elcanillita.info\/press\/2022\/03\/22\/el-superyate-de-vladimir-putin-se-enfrenta-a-la-incautacion-en-un-puerto-italiano\/#primaryimage"},"thumbnailUrl":"https:\/\/elcanillita.info\/press\/images\/2022\/03\/ypt.jpg","keywords":["Rusia"],"articleSection":["Actualidad","Europa","Justicia"],"inLanguage":"es-AR"},{"@type":"WebPage","@id":"https:\/\/elcanillita.info\/press\/2022\/03\/22\/el-superyate-de-vladimir-putin-se-enfrenta-a-la-incautacion-en-un-puerto-italiano\/","url":"https:\/\/elcanillita.info\/press\/2022\/03\/22\/el-superyate-de-vladimir-putin-se-enfrenta-a-la-incautacion-en-un-puerto-italiano\/","name":"El \"superyate de Vladimir Putin\" se enfrenta a la incautaci\u00f3n en un puerto italiano - ElCanillita.Info","isPartOf":{"@id":"https:\/\/elcanillita.info\/press\/#website"},"primaryImageOfPage":{"@id":"https:\/\/elcanillita.info\/press\/2022\/03\/22\/el-superyate-de-vladimir-putin-se-enfrenta-a-la-incautacion-en-un-puerto-italiano\/#primaryimage"},"image":{"@id":"https:\/\/elcanillita.info\/press\/2022\/03\/22\/el-superyate-de-vladimir-putin-se-enfrenta-a-la-incautacion-en-un-puerto-italiano\/#primaryimage"},"thumbnailUrl":"https:\/\/elcanillita.info\/press\/images\/2022\/03\/ypt.jpg","datePublished":"2022-03-22T12:58:15+00:00","dateModified":"2022-03-23T17:14:46+00:00","inLanguage":"es-AR","potentialAction":[{"@type":"ReadAction","target":["https:\/\/elcanillita.info\/press\/2022\/03\/22\/el-superyate-de-vladimir-putin-se-enfrenta-a-la-incautacion-en-un-puerto-italiano\/"]}]},{"@type":"ImageObject","inLanguage":"es-AR","@id":"https:\/\/elcanillita.info\/press\/2022\/03\/22\/el-superyate-de-vladimir-putin-se-enfrenta-a-la-incautacion-en-un-puerto-italiano\/#primaryimage","url":"https:\/\/elcanillita.info\/press\/images\/2022\/03\/ypt.jpg","contentUrl":"https:\/\/elcanillita.info\/press\/images\/2022\/03\/ypt.jpg","width":600,"height":373},{"@type":"WebSite","@id":"https:\/\/elcanillita.info\/press\/#website","url":"https:\/\/elcanillita.info\/press\/","name":"ElCanillita.Info","description":"desde los Apeninos a los Andes","publisher":{"@id":"https:\/\/elcanillita.info\/press\/#organization"},"potentialAction":[{"@type":"SearchAction","target":{"@type":"EntryPoint","urlTemplate":"https:\/\/elcanillita.info\/press\/?s={search_term_string}"},"query-input":{"@type":"PropertyValueSpecification","valueRequired":true,"valueName":"search_term_string"}}],"inLanguage":"es-AR"},{"@type":"Organization","@id":"https:\/\/elcanillita.info\/press\/#organization","name":"Guzzo Photos & Graphic Publications","url":"https:\/\/elcanillita.info\/press\/","logo":{"@type":"ImageObject","inLanguage":"es-AR","@id":"https:\/\/elcanillita.info\/press\/#\/schema\/logo\/image\/","url":"https:\/\/elcanillita.info\/press\/images\/2020\/01\/cropped-cropped-cropped-elcanillitainfo.png","contentUrl":"https:\/\/elcanillita.info\/press\/images\/2020\/01\/cropped-cropped-cropped-elcanillitainfo.png","width":460,"height":50,"caption":"Guzzo Photos & Graphic Publications"},"image":{"@id":"https:\/\/elcanillita.info\/press\/#\/schema\/logo\/image\/"},"sameAs":["https:\/\/ar-ar.facebook.com\/ElCanillitainfo-114249515285712\/"]},{"@type":"Person","@id":"https:\/\/elcanillita.info\/press\/#\/schema\/person\/7fcb79f38045700919f7da6d97e71ba0","name":"SalaStampa.eu, world press service","image":{"@type":"ImageObject","inLanguage":"es-AR","@id":"https:\/\/secure.gravatar.com\/avatar\/c2f0e0d515a107624234994507816ca4724c7199cef73fc8bedebf6931d73888?s=96&d=mm&r=g","url":"https:\/\/secure.gravatar.com\/avatar\/c2f0e0d515a107624234994507816ca4724c7199cef73fc8bedebf6931d73888?s=96&d=mm&r=g","contentUrl":"https:\/\/secure.gravatar.com\/avatar\/c2f0e0d515a107624234994507816ca4724c7199cef73fc8bedebf6931d73888?s=96&d=mm&r=g","caption":"SalaStampa.eu, world press service"}}]}},"views":877,"_links":{"self":[{"href":"https:\/\/elcanillita.info\/press\/wp-json\/wp\/v2\/posts\/2335","targetHints":{"allow":["GET"]}}],"collection":[{"href":"https:\/\/elcanillita.info\/press\/wp-json\/wp\/v2\/posts"}],"about":[{"href":"https:\/\/elcanillita.info\/press\/wp-json\/wp\/v2\/types\/post"}],"author":[{"embeddable":true,"href":"https:\/\/elcanillita.info\/press\/wp-json\/wp\/v2\/users\/1"}],"replies":[{"embeddable":true,"href":"https:\/\/elcanillita.info\/press\/wp-json\/wp\/v2\/comments?post=2335"}],"version-history":[{"count":0,"href":"https:\/\/elcanillita.info\/press\/wp-json\/wp\/v2\/posts\/2335\/revisions"}],"wp:featuredmedia":[{"embeddable":true,"href":"https:\/\/elcanillita.info\/press\/wp-json\/wp\/v2\/media\/2337"}],"wp:attachment":[{"href":"https:\/\/elcanillita.info\/press\/wp-json\/wp\/v2\/media?parent=2335"}],"wp:term":[{"taxonomy":"category","embeddable":true,"href":"https:\/\/elcanillita.info\/press\/wp-json\/wp\/v2\/categories?post=2335"},{"taxonomy":"post_tag","embeddable":true,"href":"https:\/\/elcanillita.info\/press\/wp-json\/wp\/v2\/tags?post=2335"}],"curies":[{"name":"wp","href":"https:\/\/api.w.org\/{rel}","templated":true}]}}