{"id":2327,"date":"2022-03-21T07:42:42","date_gmt":"2022-03-21T10:42:42","guid":{"rendered":"https:\/\/elcanillita.info\/press\/?p=2327"},"modified":"2022-03-22T08:09:15","modified_gmt":"2022-03-22T11:09:15","slug":"deportacion-forzada-de-civiles-ucranianos-en-rusia","status":"publish","type":"post","link":"https:\/\/elcanillita.info\/press\/2022\/03\/21\/deportacion-forzada-de-civiles-ucranianos-en-rusia\/","title":{"rendered":"Deportaci\u00f3n forzada de civiles ucranianos en Rusia"},"content":{"rendered":"\n<div class=\"wp-block-image\"><figure class=\"alignleft size-full\"><img loading=\"lazy\" decoding=\"async\" width=\"600\" height=\"375\" src=\"https:\/\/elcanillita.info\/press\/images\/2022\/03\/deportacion1.jpg\" alt=\"\" class=\"wp-image-2328\" srcset=\"https:\/\/elcanillita.info\/press\/images\/2022\/03\/deportacion1.jpg 600w, https:\/\/elcanillita.info\/press\/images\/2022\/03\/deportacion1-300x188.jpg 300w\" sizes=\"auto, (max-width: 600px) 100vw, 600px\" \/><figcaption>Civiles ucranianos, con carteles que indican &#8220;ni\u00f1os a bordo&#8221;en sus coches, intentan salir de Mariupol bajo la vigilancia de los separatistas prorrusos<\/figcaption><\/figure><\/div>\n\n\n\n<p>Los pasajeros bajaron del tren con sus bolsas, sus ni\u00f1os aturdidos y sus mascotas confundidas. Hasta hace poco hab\u00edan quedado atrapados en la devastaci\u00f3n de la ciudad de Mariupol. Ahora desembarcaban a cientos de kil\u00f3metros, en la ciudad rusa de <strong>Yaroslavl<\/strong>, al norte de Mosc\u00fa.<\/p>\n\n\n<p><iframe loading=\"lazy\" src=\"https:\/\/api.mapbox.com\/styles\/v1\/salastampaeu\/cl11wze86002714pbd1vrabbx.html?title=false&amp;access_token=pk.eyJ1Ijoic2FsYXN0YW1wYWV1IiwiYSI6ImNsMTF3Y3FvejA1c3AzZHA0aWV6NGFqdjUifQ.z385s0WLWASA8ssx22TwUw&amp;zoomwheel=false#9.18\/57.6502\/39.8506\" title=\"Streets\" style=\"border:none;\" width=\"100%\" height=\"400px\"><\/iframe><\/p>\n\n\n<p>Las autoridades rusas afirmaron que los m\u00e1s de 480 ucranianos que viajaban en el tren estaban siendo rescatados y los medios de comunicaci\u00f3n estatales emitieron im\u00e1genes de ellos agradeciendo a las fuerzas rusas su liberaci\u00f3n.<\/p>\n\n\n\n<p>Sin embargo, el gobierno ucraniano dijo el domingo que se encontraban entre los miles de residentes de Mariupol &#8220;llevados a la fuerza&#8221; a trav\u00e9s de la frontera a ciudades rusas remotas mientras las fuerzas del Kremlin reforzaban su control sobre el puerto asediado.<\/p>\n\n\n\n<p>Vadym Boichenko, alcalde de Mariupol, aleg\u00f3 que las deportaciones hac\u00edan eco de transportes hist\u00f3ricos.<\/p>\n\n\n\n<p>&#8220;Lo que los ocupantes est\u00e1n haciendo hoy es familiar para la generaci\u00f3n m\u00e1s antigua, que vio los horribles acontecimientos de la Segunda Guerra Mundial, cuando los nazis capturaron a la gente por la fuerza&#8221;, dijo en un comunicado.<\/p>\n\n\n\n<p>&#8220;Es incre\u00edble que en el siglo XXI se pueda llevar a la gente por la fuerza a otro pa\u00eds&#8221;.<\/p>\n\n\n\n<p>Mariupol lleva tres semanas destrozada por los bombardeos y sin suministro de electricidad, agua y alimentos, mientras Rusia intenta apoderarse de esta ciudad de casi medio mill\u00f3n de habitantes.<\/p>\n\n\n\n<p><strong>Separatistas prorrusos en la ciudad de Mariupol<\/strong><\/p>\n\n\n\n<p>Durante el fin de semana, las fuerzas rusas entraron en el centro de la ciudad y parecieron tomar el control de la maltrecha pero estrat\u00e9gicamente importante ciudad.<\/p>\n\n\n\n<p>Ante el avance de las fuerzas rusas, el Ayuntamiento de Mariupol denunci\u00f3 que los residentes de los barrios bajo control ruso estaban siendo &#8220;deportados ilegalmente a territorio enemigo&#8221;.<\/p>\n\n\n\n<p>Pavlo Kyrylenko, un funcionario local, dijo: &#8220;Los ocupantes est\u00e1n enviando a los residentes de Mariupol a campos de filtraci\u00f3n, controlando los tel\u00e9fonos y confiscando sus documentos ucranianos&#8221;.<\/p>\n\n\n\n<p>Las fotograf\u00edas de las zonas de la ciudad en poder de las fuerzas rusas mostraban convoyes de coches prepar\u00e1ndose para salir, muchos de ellos con carteles de papel proclamando que el veh\u00edculo trasportaba ni\u00f1os.  <\/p>\n\n\n\n<p>Los coches con lazos blancos o trozos de tela blanca atados en el pomo de la puerta esperaban a ser procesados por los funcionarios.<\/p>\n\n\n\n<div class=\"wp-block-image\"><figure class=\"alignleft size-full\"><img loading=\"lazy\" decoding=\"async\" width=\"600\" height=\"378\" src=\"https:\/\/elcanillita.info\/press\/images\/2022\/03\/deportacion2.jpg\" alt=\"\" class=\"wp-image-2329\" srcset=\"https:\/\/elcanillita.info\/press\/images\/2022\/03\/deportacion2.jpg 600w, https:\/\/elcanillita.info\/press\/images\/2022\/03\/deportacion2-300x189.jpg 300w\" sizes=\"auto, (max-width: 600px) 100vw, 600px\" \/><figcaption>Los hombres ucranianos fueron registrados en los puestos de control en busca de tatuajes incriminatorios con s\u00edmbolos nacionalistas o militares <\/figcaption><\/figure><\/div>\n\n\n\n<p>La televisi\u00f3n estatal rusa tambi\u00e9n mostr\u00f3 una fila de coches frente a un campamento gestionado por el Ministerio de Situaciones de Emergencia en una zona del este de Ucrania controlada por los separatistas, cerca de la frontera rusa.<\/p>\n\n\n\n<p>Se vio a mujeres desorientadas, con abrigos y gorros, bebiendo t\u00e9 mientras eran interrogadas sobre su calvario. Dijeron que estaban desesperadas por salir, pero no mencionaron si quer\u00edan irse a Ucrania o a Rusia.<\/p>\n\n\n\n<p>La embajadora de Estados Unidos ante las Naciones Unidas dijo que los informes sobre las deportaciones eran &#8220;horribles&#8221; y &#8220;desmesurados&#8221; si eran ciertas.<\/p>\n\n\n\n<p>Linda Thomas-Greenfield manifest\u00f3: &#8220;Obligar a la gente de Ucrania a ir a Rusia es absolutamente inaceptable; es inconcebible. Y, de nuevo, es algo que tenemos que confirmar, pero no descarto que los rusos lleven a cabo una acci\u00f3n tan horrible&#8221;.<\/p>\n\n\n\n<p>&#8220;Ciertamente, ser\u00eda otra escalada, pero no est\u00e1 fuera del \u00e1mbito de la posibilidad dado c\u00f3mo los rusos han tratado de presionar al pueblo ucraniano&#8221;.<\/p>\n\n\n\n<p>Lyudmyla Denisova, comisionada de derechos humanos de Ucrania, declar\u00f3 a la televisi\u00f3n ucraniana que los evacuados a Rusia fueron llevados a &#8220;campos de filtraci\u00f3n donde las fuerzas de ocupaci\u00f3n revisaban los tel\u00e9fonos y los documentos de la gente&#8221;.<\/p>\n\n\n\n<p>Dijo que fueron llevados a Taganrog, la ciudad rusa m\u00e1s cercana a la frontera de Mariupol, y algunos fueron enviados por tren a &#8220;ciudades rusas econ\u00f3micamente deprimidas&#8221;.<\/p>\n\n\n\n<p>Afirm\u00f3 que las personas ten\u00edan que firmar documentos que les obligaban a permanecer en un lugar de Rusia durante al menos dos a\u00f1os, con un solo empleador. Normalmente, toda persona que llega a Rusia y quiere solicitar asilo debe permanecer en una direcci\u00f3n mientras se tramita su solicitud.<\/p>\n\n\n\n<p>&#8220;Nuestros ciudadanos recibieron documentos que les obligan a permanecer en una ciudad determinada, lo que significa que no tienen derecho a abandonarla durante al menos dos a\u00f1os y que tienen que buscar empleo all\u00ed&#8221;, dijo en el Canal 24 de Ucrania.<\/p>\n\n\n\n<p>&#8220;Hago un llamamiento a la comunidad internacional y a los socios internacionales para que respondan a este hecho y utilicen todos sus medios para aumentar la presi\u00f3n de las sanciones sobre el Estado terrorista de Rusia con el fin de liberar a los ciudadanos ucranianos&#8221;.<\/p>\n\n\n\n<p> Las autoridades de Mariupol calculan que cerca de 40.000 personas han huido de la ciudad durante la \u00faltima semana, lo que supone casi una de cada diez personas de su poblaci\u00f3n.<\/p>\n\n\n\n<p>Sin embargo, cientos de miles de personas siguen atrapadas bajo los bombardeos en una situaci\u00f3n cada vez m\u00e1s grave. Las autoridades locales han registrado m\u00e1s de 2.500 muertos, pero estiman que el n\u00famero real podr\u00eda acercarse a los 20.000, ya que muchos cuerpos yacen sin enterrar y sin contar en las ruinas de la ciudad.<\/p>\n\n\n\n<p>Volodymyr Zelensky, presidente de Ucrania, dijo el domingo que el asedio pasar\u00eda a la historia por lo que dijo eran cr\u00edmenes de guerra cometidos por las tropas rusas. &#8220;Hacer esto a una ciudad pac\u00edfica\u2026 es un terror que se recordar\u00e1 durante siglos&#8221;, dijo.<\/p>\n\n\n\n<figure class=\"wp-block-image size-full\"><img loading=\"lazy\" decoding=\"async\" width=\"600\" height=\"377\" src=\"https:\/\/elcanillita.info\/press\/images\/2022\/03\/deportacion.jpg\" alt=\"\" class=\"wp-image-2330\" srcset=\"https:\/\/elcanillita.info\/press\/images\/2022\/03\/deportacion.jpg 600w, https:\/\/elcanillita.info\/press\/images\/2022\/03\/deportacion-300x189.jpg 300w\" sizes=\"auto, (max-width: 600px) 100vw, 600px\" \/><\/figure>\n\n\n\n<p>Los bombardeos rusos alcanzaron una escuela de arte en la que se hab\u00edan refugiado unas 400 personas, seg\u00fan informaron el domingo las autoridades de la ciudad. El edificio qued\u00f3 destruido y las autoridades dijeron que se tem\u00eda que hubiera personas atrapadas bajo los escombros, pero no se supo de inmediato si hubo v\u00edctimas.<\/p>\n\n\n\n<p>La semana pasada, las fuerzas rusas tambi\u00e9n bombardearon un teatro de la ciudad en el que se hab\u00edan refugiado civiles. Las autoridades afirmaron que se hab\u00eda rescatado a 130 personas, pero los combates hab\u00edan hecho que las b\u00fasquedas siguieran siendo peligrosas y muchas m\u00e1s podr\u00edan permanecer bajo los escombros.<\/p>\n\n\n\n<p>La posici\u00f3n estrat\u00e9gica de Mariupol ha hecho que se enfrente a intensos combates y a lo que la Cruz Roja calific\u00f3 de condiciones apocal\u00edpticas.<\/p>\n\n\n\n<p>La ciudad se encuentra entre el territorio oriental controlado por los separatistas apoyados por Rusia, por un lado, y la pen\u00ednsula de Crimea anexionada por Rusia en 2014, por el otro. Capturarla dar\u00eda a los rusos un claro corredor terrestre, controlando el Mar de Azov.<\/p>\n\n\n\n<p>Los residentes de la ciudad que est\u00e1n siendo evacuados hacia el oeste, hacia Ucrania, continuaron relatando las angustiosas condiciones dentro de la ciudad destrozada.<\/p>\n\n\n\n<p>&#8220;Ya no hay ciudad&#8221;, lloraba Marina Galla mientras su tren entraba en la ciudad occidental de Lviv.<\/p>\n\n\n\n<p>Dijo que hab\u00eda visto cad\u00e1veres en la calle y que se hab\u00eda visto obligada a beber nieve derretida por la falta de agua. Muchos de los miembros de su familia se quedaron atr\u00e1s, dijo.<\/p>\n\n\n\n<p>&#8220;No s\u00e9 nada de ellos&#8221;, dijo. &#8220;Mi madre, mi abuela, mi abuelo y mi padre. Ni siquiera saben que nos hemos ido&#8221;.<br> <br>Una fotograf\u00eda de sat\u00e9lite muestra las consecuencias del ataque al teatro de Mariupol, en el centro<\/p>\n\n\n\n<p>Dijo que hab\u00eda pasado tres semanas en el s\u00f3tano del Palacio de la Cultura de Mariupol para esconderse de los constantes bombardeos, traslad\u00e1ndose al subsuelo despu\u00e9s de que el horizonte se volviera negro por el humo.<\/p>\n\n\n\n<p>&#8220;No ten\u00edamos agua, ni luz, ni gas, ni absolutamente ninguna comunicaci\u00f3n&#8221;, dijo. Las comidas se cocinaban al aire libre en fuegos abiertos en el patio, incluso mientras estaban bajo el fuego.<\/p>\n\n\n\n<p>Dijo que incluso cuando hicieron un alto para huir de la ciudad, los soldados rusos en los puestos de control les sugirieron que ser\u00eda mejor ir a la ciudad de Melitopol, ocupada por Rusia, o a la pen\u00ednsula de Crimea anexionada por Rusia.<br><br>\n<small>Copyright \u00a9 2022 ElCanillita.info &#8211; DC24.News &#8211; PanPress.eu \/ SalaStampa.eu &#8211; Derechos reservados <\/small><\/p>\n","protected":false},"excerpt":{"rendered":"<p>La propaganda del Kremlin proclama la &#8220;liberaci\u00f3n&#8221;, pero el gobierno de Kiev insiste en que miles de personas han sido secuestradas y llevadas a ciudades enemigas.<\/p>\n","protected":false},"author":1,"featured_media":2331,"comment_status":"closed","ping_status":"closed","sticky":false,"template":"","format":"standard","meta":{"footnotes":"","_links_to":"","_links_to_target":""},"categories":[70,7],"tags":[49],"class_list":["post-2327","post","type-post","status-publish","format-standard","has-post-thumbnail","hentry","category-actualidad","category-eurasia","tag-rusia","entry","double"],"yoast_head":"<!-- This site is optimized with the Yoast SEO plugin v27.5 - https:\/\/yoast.com\/product\/yoast-seo-wordpress\/ -->\n<title>Deportaci\u00f3n forzada de civiles ucranianos en Rusia - ElCanillita.Info<\/title>\n<meta name=\"robots\" content=\"index, follow, max-snippet:-1, max-image-preview:large, max-video-preview:-1\" \/>\n<link rel=\"canonical\" href=\"https:\/\/elcanillita.info\/press\/2022\/03\/21\/deportacion-forzada-de-civiles-ucranianos-en-rusia\/\" \/>\n<meta property=\"og:locale\" content=\"es_ES\" \/>\n<meta property=\"og:type\" content=\"article\" \/>\n<meta property=\"og:title\" content=\"Deportaci\u00f3n forzada de civiles ucranianos en Rusia - ElCanillita.Info\" \/>\n<meta property=\"og:description\" content=\"La propaganda del Kremlin proclama la &quot;liberaci\u00f3n&quot;, pero el gobierno de Kiev insiste en que miles de personas han sido secuestradas y llevadas a ciudades enemigas.\" \/>\n<meta property=\"og:url\" content=\"https:\/\/elcanillita.info\/press\/2022\/03\/21\/deportacion-forzada-de-civiles-ucranianos-en-rusia\/\" \/>\n<meta property=\"og:site_name\" content=\"ElCanillita.Info\" \/>\n<meta property=\"article:publisher\" content=\"https:\/\/ar-ar.facebook.com\/ElCanillitainfo-114249515285712\/\" \/>\n<meta property=\"article:published_time\" content=\"2022-03-21T10:42:42+00:00\" \/>\n<meta property=\"article:modified_time\" content=\"2022-03-22T11:09:15+00:00\" \/>\n<meta property=\"og:image\" content=\"https:\/\/elcanillita.info\/press\/images\/2022\/03\/ucrania.jpg\" \/>\n\t<meta property=\"og:image:width\" content=\"600\" \/>\n\t<meta property=\"og:image:height\" content=\"376\" \/>\n\t<meta property=\"og:image:type\" content=\"image\/jpeg\" \/>\n<meta name=\"author\" content=\"SalaStampa.eu, world press service\" \/>\n<meta name=\"twitter:card\" content=\"summary_large_image\" \/>\n<meta name=\"twitter:label1\" content=\"Escrito por\" \/>\n\t<meta name=\"twitter:data1\" content=\"SalaStampa.eu, world press service\" \/>\n\t<meta name=\"twitter:label2\" content=\"Tiempo de lectura\" \/>\n\t<meta name=\"twitter:data2\" content=\"7 minutos\" \/>\n<script type=\"application\/ld+json\" class=\"yoast-schema-graph\">{\"@context\":\"https:\\\/\\\/schema.org\",\"@graph\":[{\"@type\":\"Article\",\"@id\":\"https:\\\/\\\/elcanillita.info\\\/press\\\/2022\\\/03\\\/21\\\/deportacion-forzada-de-civiles-ucranianos-en-rusia\\\/#article\",\"isPartOf\":{\"@id\":\"https:\\\/\\\/elcanillita.info\\\/press\\\/2022\\\/03\\\/21\\\/deportacion-forzada-de-civiles-ucranianos-en-rusia\\\/\"},\"author\":{\"name\":\"SalaStampa.eu, world press service\",\"@id\":\"https:\\\/\\\/elcanillita.info\\\/press\\\/#\\\/schema\\\/person\\\/7fcb79f38045700919f7da6d97e71ba0\"},\"headline\":\"Deportaci\u00f3n forzada de civiles ucranianos en Rusia\",\"datePublished\":\"2022-03-21T10:42:42+00:00\",\"dateModified\":\"2022-03-22T11:09:15+00:00\",\"mainEntityOfPage\":{\"@id\":\"https:\\\/\\\/elcanillita.info\\\/press\\\/2022\\\/03\\\/21\\\/deportacion-forzada-de-civiles-ucranianos-en-rusia\\\/\"},\"wordCount\":1392,\"publisher\":{\"@id\":\"https:\\\/\\\/elcanillita.info\\\/press\\\/#organization\"},\"image\":{\"@id\":\"https:\\\/\\\/elcanillita.info\\\/press\\\/2022\\\/03\\\/21\\\/deportacion-forzada-de-civiles-ucranianos-en-rusia\\\/#primaryimage\"},\"thumbnailUrl\":\"https:\\\/\\\/elcanillita.info\\\/press\\\/images\\\/2022\\\/03\\\/ucrania.jpg\",\"keywords\":[\"Rusia\"],\"articleSection\":[\"Actualidad\",\"Eurasia\"],\"inLanguage\":\"es-AR\"},{\"@type\":\"WebPage\",\"@id\":\"https:\\\/\\\/elcanillita.info\\\/press\\\/2022\\\/03\\\/21\\\/deportacion-forzada-de-civiles-ucranianos-en-rusia\\\/\",\"url\":\"https:\\\/\\\/elcanillita.info\\\/press\\\/2022\\\/03\\\/21\\\/deportacion-forzada-de-civiles-ucranianos-en-rusia\\\/\",\"name\":\"Deportaci\u00f3n forzada de civiles ucranianos en Rusia - ElCanillita.Info\",\"isPartOf\":{\"@id\":\"https:\\\/\\\/elcanillita.info\\\/press\\\/#website\"},\"primaryImageOfPage\":{\"@id\":\"https:\\\/\\\/elcanillita.info\\\/press\\\/2022\\\/03\\\/21\\\/deportacion-forzada-de-civiles-ucranianos-en-rusia\\\/#primaryimage\"},\"image\":{\"@id\":\"https:\\\/\\\/elcanillita.info\\\/press\\\/2022\\\/03\\\/21\\\/deportacion-forzada-de-civiles-ucranianos-en-rusia\\\/#primaryimage\"},\"thumbnailUrl\":\"https:\\\/\\\/elcanillita.info\\\/press\\\/images\\\/2022\\\/03\\\/ucrania.jpg\",\"datePublished\":\"2022-03-21T10:42:42+00:00\",\"dateModified\":\"2022-03-22T11:09:15+00:00\",\"inLanguage\":\"es-AR\",\"potentialAction\":[{\"@type\":\"ReadAction\",\"target\":[\"https:\\\/\\\/elcanillita.info\\\/press\\\/2022\\\/03\\\/21\\\/deportacion-forzada-de-civiles-ucranianos-en-rusia\\\/\"]}]},{\"@type\":\"ImageObject\",\"inLanguage\":\"es-AR\",\"@id\":\"https:\\\/\\\/elcanillita.info\\\/press\\\/2022\\\/03\\\/21\\\/deportacion-forzada-de-civiles-ucranianos-en-rusia\\\/#primaryimage\",\"url\":\"https:\\\/\\\/elcanillita.info\\\/press\\\/images\\\/2022\\\/03\\\/ucrania.jpg\",\"contentUrl\":\"https:\\\/\\\/elcanillita.info\\\/press\\\/images\\\/2022\\\/03\\\/ucrania.jpg\",\"width\":600,\"height\":376},{\"@type\":\"WebSite\",\"@id\":\"https:\\\/\\\/elcanillita.info\\\/press\\\/#website\",\"url\":\"https:\\\/\\\/elcanillita.info\\\/press\\\/\",\"name\":\"ElCanillita.Info\",\"description\":\"desde los Apeninos a los Andes\",\"publisher\":{\"@id\":\"https:\\\/\\\/elcanillita.info\\\/press\\\/#organization\"},\"potentialAction\":[{\"@type\":\"SearchAction\",\"target\":{\"@type\":\"EntryPoint\",\"urlTemplate\":\"https:\\\/\\\/elcanillita.info\\\/press\\\/?s={search_term_string}\"},\"query-input\":{\"@type\":\"PropertyValueSpecification\",\"valueRequired\":true,\"valueName\":\"search_term_string\"}}],\"inLanguage\":\"es-AR\"},{\"@type\":\"Organization\",\"@id\":\"https:\\\/\\\/elcanillita.info\\\/press\\\/#organization\",\"name\":\"Guzzo Photos & Graphic Publications\",\"url\":\"https:\\\/\\\/elcanillita.info\\\/press\\\/\",\"logo\":{\"@type\":\"ImageObject\",\"inLanguage\":\"es-AR\",\"@id\":\"https:\\\/\\\/elcanillita.info\\\/press\\\/#\\\/schema\\\/logo\\\/image\\\/\",\"url\":\"https:\\\/\\\/elcanillita.info\\\/press\\\/images\\\/2020\\\/01\\\/cropped-cropped-cropped-elcanillitainfo.png\",\"contentUrl\":\"https:\\\/\\\/elcanillita.info\\\/press\\\/images\\\/2020\\\/01\\\/cropped-cropped-cropped-elcanillitainfo.png\",\"width\":460,\"height\":50,\"caption\":\"Guzzo Photos & Graphic Publications\"},\"image\":{\"@id\":\"https:\\\/\\\/elcanillita.info\\\/press\\\/#\\\/schema\\\/logo\\\/image\\\/\"},\"sameAs\":[\"https:\\\/\\\/ar-ar.facebook.com\\\/ElCanillitainfo-114249515285712\\\/\"]},{\"@type\":\"Person\",\"@id\":\"https:\\\/\\\/elcanillita.info\\\/press\\\/#\\\/schema\\\/person\\\/7fcb79f38045700919f7da6d97e71ba0\",\"name\":\"SalaStampa.eu, world press service\",\"image\":{\"@type\":\"ImageObject\",\"inLanguage\":\"es-AR\",\"@id\":\"https:\\\/\\\/secure.gravatar.com\\\/avatar\\\/c2f0e0d515a107624234994507816ca4724c7199cef73fc8bedebf6931d73888?s=96&d=mm&r=g\",\"url\":\"https:\\\/\\\/secure.gravatar.com\\\/avatar\\\/c2f0e0d515a107624234994507816ca4724c7199cef73fc8bedebf6931d73888?s=96&d=mm&r=g\",\"contentUrl\":\"https:\\\/\\\/secure.gravatar.com\\\/avatar\\\/c2f0e0d515a107624234994507816ca4724c7199cef73fc8bedebf6931d73888?s=96&d=mm&r=g\",\"caption\":\"SalaStampa.eu, world press service\"}}]}<\/script>\n<!-- \/ Yoast SEO plugin. -->","yoast_head_json":{"title":"Deportaci\u00f3n forzada de civiles ucranianos en Rusia - ElCanillita.Info","robots":{"index":"index","follow":"follow","max-snippet":"max-snippet:-1","max-image-preview":"max-image-preview:large","max-video-preview":"max-video-preview:-1"},"canonical":"https:\/\/elcanillita.info\/press\/2022\/03\/21\/deportacion-forzada-de-civiles-ucranianos-en-rusia\/","og_locale":"es_ES","og_type":"article","og_title":"Deportaci\u00f3n forzada de civiles ucranianos en Rusia - ElCanillita.Info","og_description":"La propaganda del Kremlin proclama la \"liberaci\u00f3n\", pero el gobierno de Kiev insiste en que miles de personas han sido secuestradas y llevadas a ciudades enemigas.","og_url":"https:\/\/elcanillita.info\/press\/2022\/03\/21\/deportacion-forzada-de-civiles-ucranianos-en-rusia\/","og_site_name":"ElCanillita.Info","article_publisher":"https:\/\/ar-ar.facebook.com\/ElCanillitainfo-114249515285712\/","article_published_time":"2022-03-21T10:42:42+00:00","article_modified_time":"2022-03-22T11:09:15+00:00","og_image":[{"width":600,"height":376,"url":"https:\/\/elcanillita.info\/press\/images\/2022\/03\/ucrania.jpg","type":"image\/jpeg"}],"author":"SalaStampa.eu, world press service","twitter_card":"summary_large_image","twitter_misc":{"Escrito por":"SalaStampa.eu, world press service","Tiempo de lectura":"7 minutos"},"schema":{"@context":"https:\/\/schema.org","@graph":[{"@type":"Article","@id":"https:\/\/elcanillita.info\/press\/2022\/03\/21\/deportacion-forzada-de-civiles-ucranianos-en-rusia\/#article","isPartOf":{"@id":"https:\/\/elcanillita.info\/press\/2022\/03\/21\/deportacion-forzada-de-civiles-ucranianos-en-rusia\/"},"author":{"name":"SalaStampa.eu, world press service","@id":"https:\/\/elcanillita.info\/press\/#\/schema\/person\/7fcb79f38045700919f7da6d97e71ba0"},"headline":"Deportaci\u00f3n forzada de civiles ucranianos en Rusia","datePublished":"2022-03-21T10:42:42+00:00","dateModified":"2022-03-22T11:09:15+00:00","mainEntityOfPage":{"@id":"https:\/\/elcanillita.info\/press\/2022\/03\/21\/deportacion-forzada-de-civiles-ucranianos-en-rusia\/"},"wordCount":1392,"publisher":{"@id":"https:\/\/elcanillita.info\/press\/#organization"},"image":{"@id":"https:\/\/elcanillita.info\/press\/2022\/03\/21\/deportacion-forzada-de-civiles-ucranianos-en-rusia\/#primaryimage"},"thumbnailUrl":"https:\/\/elcanillita.info\/press\/images\/2022\/03\/ucrania.jpg","keywords":["Rusia"],"articleSection":["Actualidad","Eurasia"],"inLanguage":"es-AR"},{"@type":"WebPage","@id":"https:\/\/elcanillita.info\/press\/2022\/03\/21\/deportacion-forzada-de-civiles-ucranianos-en-rusia\/","url":"https:\/\/elcanillita.info\/press\/2022\/03\/21\/deportacion-forzada-de-civiles-ucranianos-en-rusia\/","name":"Deportaci\u00f3n forzada de civiles ucranianos en Rusia - ElCanillita.Info","isPartOf":{"@id":"https:\/\/elcanillita.info\/press\/#website"},"primaryImageOfPage":{"@id":"https:\/\/elcanillita.info\/press\/2022\/03\/21\/deportacion-forzada-de-civiles-ucranianos-en-rusia\/#primaryimage"},"image":{"@id":"https:\/\/elcanillita.info\/press\/2022\/03\/21\/deportacion-forzada-de-civiles-ucranianos-en-rusia\/#primaryimage"},"thumbnailUrl":"https:\/\/elcanillita.info\/press\/images\/2022\/03\/ucrania.jpg","datePublished":"2022-03-21T10:42:42+00:00","dateModified":"2022-03-22T11:09:15+00:00","inLanguage":"es-AR","potentialAction":[{"@type":"ReadAction","target":["https:\/\/elcanillita.info\/press\/2022\/03\/21\/deportacion-forzada-de-civiles-ucranianos-en-rusia\/"]}]},{"@type":"ImageObject","inLanguage":"es-AR","@id":"https:\/\/elcanillita.info\/press\/2022\/03\/21\/deportacion-forzada-de-civiles-ucranianos-en-rusia\/#primaryimage","url":"https:\/\/elcanillita.info\/press\/images\/2022\/03\/ucrania.jpg","contentUrl":"https:\/\/elcanillita.info\/press\/images\/2022\/03\/ucrania.jpg","width":600,"height":376},{"@type":"WebSite","@id":"https:\/\/elcanillita.info\/press\/#website","url":"https:\/\/elcanillita.info\/press\/","name":"ElCanillita.Info","description":"desde los Apeninos a los Andes","publisher":{"@id":"https:\/\/elcanillita.info\/press\/#organization"},"potentialAction":[{"@type":"SearchAction","target":{"@type":"EntryPoint","urlTemplate":"https:\/\/elcanillita.info\/press\/?s={search_term_string}"},"query-input":{"@type":"PropertyValueSpecification","valueRequired":true,"valueName":"search_term_string"}}],"inLanguage":"es-AR"},{"@type":"Organization","@id":"https:\/\/elcanillita.info\/press\/#organization","name":"Guzzo Photos & Graphic Publications","url":"https:\/\/elcanillita.info\/press\/","logo":{"@type":"ImageObject","inLanguage":"es-AR","@id":"https:\/\/elcanillita.info\/press\/#\/schema\/logo\/image\/","url":"https:\/\/elcanillita.info\/press\/images\/2020\/01\/cropped-cropped-cropped-elcanillitainfo.png","contentUrl":"https:\/\/elcanillita.info\/press\/images\/2020\/01\/cropped-cropped-cropped-elcanillitainfo.png","width":460,"height":50,"caption":"Guzzo Photos & Graphic Publications"},"image":{"@id":"https:\/\/elcanillita.info\/press\/#\/schema\/logo\/image\/"},"sameAs":["https:\/\/ar-ar.facebook.com\/ElCanillitainfo-114249515285712\/"]},{"@type":"Person","@id":"https:\/\/elcanillita.info\/press\/#\/schema\/person\/7fcb79f38045700919f7da6d97e71ba0","name":"SalaStampa.eu, world press service","image":{"@type":"ImageObject","inLanguage":"es-AR","@id":"https:\/\/secure.gravatar.com\/avatar\/c2f0e0d515a107624234994507816ca4724c7199cef73fc8bedebf6931d73888?s=96&d=mm&r=g","url":"https:\/\/secure.gravatar.com\/avatar\/c2f0e0d515a107624234994507816ca4724c7199cef73fc8bedebf6931d73888?s=96&d=mm&r=g","contentUrl":"https:\/\/secure.gravatar.com\/avatar\/c2f0e0d515a107624234994507816ca4724c7199cef73fc8bedebf6931d73888?s=96&d=mm&r=g","caption":"SalaStampa.eu, world press service"}}]}},"views":559,"_links":{"self":[{"href":"https:\/\/elcanillita.info\/press\/wp-json\/wp\/v2\/posts\/2327","targetHints":{"allow":["GET"]}}],"collection":[{"href":"https:\/\/elcanillita.info\/press\/wp-json\/wp\/v2\/posts"}],"about":[{"href":"https:\/\/elcanillita.info\/press\/wp-json\/wp\/v2\/types\/post"}],"author":[{"embeddable":true,"href":"https:\/\/elcanillita.info\/press\/wp-json\/wp\/v2\/users\/1"}],"replies":[{"embeddable":true,"href":"https:\/\/elcanillita.info\/press\/wp-json\/wp\/v2\/comments?post=2327"}],"version-history":[{"count":0,"href":"https:\/\/elcanillita.info\/press\/wp-json\/wp\/v2\/posts\/2327\/revisions"}],"wp:featuredmedia":[{"embeddable":true,"href":"https:\/\/elcanillita.info\/press\/wp-json\/wp\/v2\/media\/2331"}],"wp:attachment":[{"href":"https:\/\/elcanillita.info\/press\/wp-json\/wp\/v2\/media?parent=2327"}],"wp:term":[{"taxonomy":"category","embeddable":true,"href":"https:\/\/elcanillita.info\/press\/wp-json\/wp\/v2\/categories?post=2327"},{"taxonomy":"post_tag","embeddable":true,"href":"https:\/\/elcanillita.info\/press\/wp-json\/wp\/v2\/tags?post=2327"}],"curies":[{"name":"wp","href":"https:\/\/api.w.org\/{rel}","templated":true}]}}