{"id":2324,"date":"2022-03-20T16:55:44","date_gmt":"2022-03-20T19:55:44","guid":{"rendered":"https:\/\/elcanillita.info\/press\/?p=2324"},"modified":"2022-03-20T16:55:45","modified_gmt":"2022-03-20T19:55:45","slug":"muere-el-comandante-de-la-flota-del-mar-negro-rusa-en-la-batalla-por-mariupol","status":"publish","type":"post","link":"https:\/\/elcanillita.info\/press\/2022\/03\/20\/muere-el-comandante-de-la-flota-del-mar-negro-rusa-en-la-batalla-por-mariupol\/","title":{"rendered":"Muere el comandante de la Flota del Mar Negro rusa en la batalla por Mariupol"},"content":{"rendered":"\n<div class=\"wp-block-image\"><figure class=\"alignleft size-full\"><img loading=\"lazy\" decoding=\"async\" width=\"600\" height=\"400\" src=\"https:\/\/elcanillita.info\/press\/images\/2022\/03\/Paliy1.jpg\" alt=\"\" class=\"wp-image-2326\" srcset=\"https:\/\/elcanillita.info\/press\/images\/2022\/03\/Paliy1.jpg 600w, https:\/\/elcanillita.info\/press\/images\/2022\/03\/Paliy1-300x200.jpg 300w\" sizes=\"auto, (max-width: 600px) 100vw, 600px\" \/><\/figure><\/div>\n\n\n\n<p>Un comandante de la Flota del Mar Negro cay\u00f3 herido durante un combate con las fuerzas ucranianas, convirti\u00e9ndose en el primer jefe naval ruso muerto durante la invasi\u00f3n.<\/p>\n\n\n\n<p>Andrey Paliy, vicecomandante de la Flota del Mar Negro rusa, es la sexta figura militar de alto nivel que muere durante la invasi\u00f3n de Ucrania, tras ser abatido en la batalla en torno a Mariupol.<\/p>\n\n\n\n<p>Su muerte fue confirmada en un post en la red social VKontakte por Konstantin Tsarenko, un antiguo colega de la Escuela Naval de Sebastopol.<\/p>\n\n\n\n<p>El mensaje de Tsarenko fue borrado posteriormente. Pero un antiguo oficial de la marina, Igor Savostin, public\u00f3 en el mismo sitio que Paliy muri\u00f3 &#8220;como un verdadero comandante al dirigir a los marines en la batalla&#8221;.<\/p>\n\n\n\n<p>Se cree que Paliy muri\u00f3 en los combates en torno a la ciudad sitiada de Mariupol. El Ministerio de Defensa ruso no ha confirmado su muerte.<\/p>\n\n\n\n<p>El militar, de 51 a\u00f1os, naci\u00f3 en Kiev, pero al parecer se neg\u00f3 a jurar lealtad al nuevo Estado ucraniano tras la desintegraci\u00f3n de la Uni\u00f3n Sovi\u00e9tica, por lo que se traslad\u00f3 a Rusia y se alist\u00f3 en la marina.<\/p>\n\n\n\n<p>Particip\u00f3 activamente en la anexi\u00f3n de Crimea en 2014 y estuvo destinado en el puerto de Sebastopol, en el Mar Negro, en Crimea.<\/p>\n\n\n\n<p>El a\u00f1o pasado, el museo militar de la ciudad le rindi\u00f3 un homenaje con motivo de su 50\u00ba aniversario. El homenaje elogiaba a Paliy por su audacia, recordando una ocasi\u00f3n en la que se lanz\u00f3 en paraca\u00eddas en las heladas aguas del Mar Negro en enero.<\/p>\n\n\n\n<p>Un mensaje elogiaba a Paliy como un hombre &#8220;totalmente ajeno al trabajo de oficina a pesar de su alto rango. Es un verdadero oficial en el mejor sentido de la palabra que recibi\u00f3 medallas por el combate&#8221;.<\/p>\n\n\n\n<p>El mensaje dec\u00eda que Paliy era conocido por su &#8220;alta competencia profesional y otras cualidades destacadas como su humanidad, decencia, honestidad y un agudo sentido del humor&#8221;.<\/p>\n\n\n\n<p>Las fuerzas ucranianas afirman haber abatido a una serie de generales rusos de alto rango, p\u00e9rdidas que han cimentado la impresi\u00f3n de que la invasi\u00f3n de Vladmir Putin est\u00e1 cada vez m\u00e1s sumida en los reveses.<\/p>\n\n\n\n<p>Entre los muertos se encuentran el general de divisi\u00f3n Vitaly Gerasimov, que combati\u00f3 en Siria y Chechenia, as\u00ed como en Crimea en 2014, y el general de divisi\u00f3n Oleg Mityaev, que tambi\u00e9n combati\u00f3 en Siria.<\/p>\n\n\n\n<p>Aunque Kiev ha reivindicado las muertes de los generales, ninguna ha sido confirmada oficialmente por Rusia ni ha sido corroborada por los gobiernos occidentales.<\/p>\n\n\n\n<p>Los expertos militares afirman que el alto \u00edndice de bajas entre los generales rusos se debe, en parte, a que los altos mandos asumen un papel m\u00e1s activo en la batalla de lo que es normal en los ej\u00e9rcitos occidentales.<\/p>\n\n\n\n<p>La presi\u00f3n de Mosc\u00fa para acabar con la resistente resistencia ucraniana tambi\u00e9n podr\u00eda estar empujando a los comandantes a asumir m\u00e1s riesgos de lo habitual.<\/p>\n\n\n\n<p>Seg\u00fan un informe del New York Times de la semana pasada, los servicios de inteligencia estadounidenses creen que ya han muerto 7.000 soldados rusos durante la invasi\u00f3n, una cifra que equivale aproximadamente al total de las p\u00e9rdidas estadounidenses durante dos d\u00e9cadas en Afganist\u00e1n e Irak. Tambi\u00e9n se cree que miles de soldados ucranianos han muerto en los 25 d\u00edas de guerra.<br><br>\n<small>Copyright \u00a9 2022 ElCanillita.info &#8211; DC24.News &#8211; PanPress.eu \/ SalaStampa.eu &#8211; Derechos reservados <\/small><\/p>\n","protected":false},"excerpt":{"rendered":"<p>Andrey Paliy es el sexto militar de alto rango que muere durante la invasi\u00f3n a Ucrania.<\/p>\n","protected":false},"author":1,"featured_media":2325,"comment_status":"closed","ping_status":"closed","sticky":false,"template":"","format":"standard","meta":{"footnotes":"","_links_to":"","_links_to_target":""},"categories":[70,7],"tags":[49],"class_list":["post-2324","post","type-post","status-publish","format-standard","has-post-thumbnail","hentry","category-actualidad","category-eurasia","tag-rusia","entry","double"],"yoast_head":"<!-- This site is optimized with the Yoast SEO plugin v27.5 - https:\/\/yoast.com\/product\/yoast-seo-wordpress\/ -->\n<title>Muere el comandante de la Flota del Mar Negro rusa en la batalla por Mariupol - ElCanillita.Info<\/title>\n<meta name=\"robots\" content=\"index, follow, max-snippet:-1, max-image-preview:large, max-video-preview:-1\" \/>\n<link rel=\"canonical\" href=\"https:\/\/elcanillita.info\/press\/2022\/03\/20\/muere-el-comandante-de-la-flota-del-mar-negro-rusa-en-la-batalla-por-mariupol\/\" \/>\n<meta property=\"og:locale\" content=\"es_ES\" \/>\n<meta property=\"og:type\" content=\"article\" \/>\n<meta property=\"og:title\" content=\"Muere el comandante de la Flota del Mar Negro rusa en la batalla por Mariupol - ElCanillita.Info\" \/>\n<meta property=\"og:description\" content=\"Andrey Paliy es el sexto militar de alto rango que muere durante la invasi\u00f3n a Ucrania.\" \/>\n<meta property=\"og:url\" content=\"https:\/\/elcanillita.info\/press\/2022\/03\/20\/muere-el-comandante-de-la-flota-del-mar-negro-rusa-en-la-batalla-por-mariupol\/\" \/>\n<meta property=\"og:site_name\" content=\"ElCanillita.Info\" \/>\n<meta property=\"article:publisher\" content=\"https:\/\/ar-ar.facebook.com\/ElCanillitainfo-114249515285712\/\" \/>\n<meta property=\"article:published_time\" content=\"2022-03-20T19:55:44+00:00\" \/>\n<meta property=\"article:modified_time\" content=\"2022-03-20T19:55:45+00:00\" \/>\n<meta property=\"og:image\" content=\"https:\/\/elcanillita.info\/press\/images\/2022\/03\/Paliy.jpg\" \/>\n\t<meta property=\"og:image:width\" content=\"600\" \/>\n\t<meta property=\"og:image:height\" content=\"400\" \/>\n\t<meta property=\"og:image:type\" content=\"image\/jpeg\" \/>\n<meta name=\"author\" content=\"SalaStampa.eu, world press service\" \/>\n<meta name=\"twitter:card\" content=\"summary_large_image\" \/>\n<meta name=\"twitter:label1\" content=\"Escrito por\" \/>\n\t<meta name=\"twitter:data1\" content=\"SalaStampa.eu, world press service\" \/>\n\t<meta name=\"twitter:label2\" content=\"Tiempo de lectura\" \/>\n\t<meta name=\"twitter:data2\" content=\"3 minutos\" \/>\n<script type=\"application\/ld+json\" class=\"yoast-schema-graph\">{\"@context\":\"https:\\\/\\\/schema.org\",\"@graph\":[{\"@type\":\"Article\",\"@id\":\"https:\\\/\\\/elcanillita.info\\\/press\\\/2022\\\/03\\\/20\\\/muere-el-comandante-de-la-flota-del-mar-negro-rusa-en-la-batalla-por-mariupol\\\/#article\",\"isPartOf\":{\"@id\":\"https:\\\/\\\/elcanillita.info\\\/press\\\/2022\\\/03\\\/20\\\/muere-el-comandante-de-la-flota-del-mar-negro-rusa-en-la-batalla-por-mariupol\\\/\"},\"author\":{\"name\":\"SalaStampa.eu, world press service\",\"@id\":\"https:\\\/\\\/elcanillita.info\\\/press\\\/#\\\/schema\\\/person\\\/7fcb79f38045700919f7da6d97e71ba0\"},\"headline\":\"Muere el comandante de la Flota del Mar Negro rusa en la batalla por Mariupol\",\"datePublished\":\"2022-03-20T19:55:44+00:00\",\"dateModified\":\"2022-03-20T19:55:45+00:00\",\"mainEntityOfPage\":{\"@id\":\"https:\\\/\\\/elcanillita.info\\\/press\\\/2022\\\/03\\\/20\\\/muere-el-comandante-de-la-flota-del-mar-negro-rusa-en-la-batalla-por-mariupol\\\/\"},\"wordCount\":598,\"publisher\":{\"@id\":\"https:\\\/\\\/elcanillita.info\\\/press\\\/#organization\"},\"image\":{\"@id\":\"https:\\\/\\\/elcanillita.info\\\/press\\\/2022\\\/03\\\/20\\\/muere-el-comandante-de-la-flota-del-mar-negro-rusa-en-la-batalla-por-mariupol\\\/#primaryimage\"},\"thumbnailUrl\":\"https:\\\/\\\/elcanillita.info\\\/press\\\/images\\\/2022\\\/03\\\/Paliy.jpg\",\"keywords\":[\"Rusia\"],\"articleSection\":[\"Actualidad\",\"Eurasia\"],\"inLanguage\":\"es-AR\"},{\"@type\":\"WebPage\",\"@id\":\"https:\\\/\\\/elcanillita.info\\\/press\\\/2022\\\/03\\\/20\\\/muere-el-comandante-de-la-flota-del-mar-negro-rusa-en-la-batalla-por-mariupol\\\/\",\"url\":\"https:\\\/\\\/elcanillita.info\\\/press\\\/2022\\\/03\\\/20\\\/muere-el-comandante-de-la-flota-del-mar-negro-rusa-en-la-batalla-por-mariupol\\\/\",\"name\":\"Muere el comandante de la Flota del Mar Negro rusa en la batalla por Mariupol - ElCanillita.Info\",\"isPartOf\":{\"@id\":\"https:\\\/\\\/elcanillita.info\\\/press\\\/#website\"},\"primaryImageOfPage\":{\"@id\":\"https:\\\/\\\/elcanillita.info\\\/press\\\/2022\\\/03\\\/20\\\/muere-el-comandante-de-la-flota-del-mar-negro-rusa-en-la-batalla-por-mariupol\\\/#primaryimage\"},\"image\":{\"@id\":\"https:\\\/\\\/elcanillita.info\\\/press\\\/2022\\\/03\\\/20\\\/muere-el-comandante-de-la-flota-del-mar-negro-rusa-en-la-batalla-por-mariupol\\\/#primaryimage\"},\"thumbnailUrl\":\"https:\\\/\\\/elcanillita.info\\\/press\\\/images\\\/2022\\\/03\\\/Paliy.jpg\",\"datePublished\":\"2022-03-20T19:55:44+00:00\",\"dateModified\":\"2022-03-20T19:55:45+00:00\",\"inLanguage\":\"es-AR\",\"potentialAction\":[{\"@type\":\"ReadAction\",\"target\":[\"https:\\\/\\\/elcanillita.info\\\/press\\\/2022\\\/03\\\/20\\\/muere-el-comandante-de-la-flota-del-mar-negro-rusa-en-la-batalla-por-mariupol\\\/\"]}]},{\"@type\":\"ImageObject\",\"inLanguage\":\"es-AR\",\"@id\":\"https:\\\/\\\/elcanillita.info\\\/press\\\/2022\\\/03\\\/20\\\/muere-el-comandante-de-la-flota-del-mar-negro-rusa-en-la-batalla-por-mariupol\\\/#primaryimage\",\"url\":\"https:\\\/\\\/elcanillita.info\\\/press\\\/images\\\/2022\\\/03\\\/Paliy.jpg\",\"contentUrl\":\"https:\\\/\\\/elcanillita.info\\\/press\\\/images\\\/2022\\\/03\\\/Paliy.jpg\",\"width\":600,\"height\":400},{\"@type\":\"WebSite\",\"@id\":\"https:\\\/\\\/elcanillita.info\\\/press\\\/#website\",\"url\":\"https:\\\/\\\/elcanillita.info\\\/press\\\/\",\"name\":\"ElCanillita.Info\",\"description\":\"desde los Apeninos a los Andes\",\"publisher\":{\"@id\":\"https:\\\/\\\/elcanillita.info\\\/press\\\/#organization\"},\"potentialAction\":[{\"@type\":\"SearchAction\",\"target\":{\"@type\":\"EntryPoint\",\"urlTemplate\":\"https:\\\/\\\/elcanillita.info\\\/press\\\/?s={search_term_string}\"},\"query-input\":{\"@type\":\"PropertyValueSpecification\",\"valueRequired\":true,\"valueName\":\"search_term_string\"}}],\"inLanguage\":\"es-AR\"},{\"@type\":\"Organization\",\"@id\":\"https:\\\/\\\/elcanillita.info\\\/press\\\/#organization\",\"name\":\"Guzzo Photos & Graphic Publications\",\"url\":\"https:\\\/\\\/elcanillita.info\\\/press\\\/\",\"logo\":{\"@type\":\"ImageObject\",\"inLanguage\":\"es-AR\",\"@id\":\"https:\\\/\\\/elcanillita.info\\\/press\\\/#\\\/schema\\\/logo\\\/image\\\/\",\"url\":\"https:\\\/\\\/elcanillita.info\\\/press\\\/images\\\/2020\\\/01\\\/cropped-cropped-cropped-elcanillitainfo.png\",\"contentUrl\":\"https:\\\/\\\/elcanillita.info\\\/press\\\/images\\\/2020\\\/01\\\/cropped-cropped-cropped-elcanillitainfo.png\",\"width\":460,\"height\":50,\"caption\":\"Guzzo Photos & Graphic Publications\"},\"image\":{\"@id\":\"https:\\\/\\\/elcanillita.info\\\/press\\\/#\\\/schema\\\/logo\\\/image\\\/\"},\"sameAs\":[\"https:\\\/\\\/ar-ar.facebook.com\\\/ElCanillitainfo-114249515285712\\\/\"]},{\"@type\":\"Person\",\"@id\":\"https:\\\/\\\/elcanillita.info\\\/press\\\/#\\\/schema\\\/person\\\/7fcb79f38045700919f7da6d97e71ba0\",\"name\":\"SalaStampa.eu, world press service\",\"image\":{\"@type\":\"ImageObject\",\"inLanguage\":\"es-AR\",\"@id\":\"https:\\\/\\\/secure.gravatar.com\\\/avatar\\\/c2f0e0d515a107624234994507816ca4724c7199cef73fc8bedebf6931d73888?s=96&d=mm&r=g\",\"url\":\"https:\\\/\\\/secure.gravatar.com\\\/avatar\\\/c2f0e0d515a107624234994507816ca4724c7199cef73fc8bedebf6931d73888?s=96&d=mm&r=g\",\"contentUrl\":\"https:\\\/\\\/secure.gravatar.com\\\/avatar\\\/c2f0e0d515a107624234994507816ca4724c7199cef73fc8bedebf6931d73888?s=96&d=mm&r=g\",\"caption\":\"SalaStampa.eu, world press service\"}}]}<\/script>\n<!-- \/ Yoast SEO plugin. -->","yoast_head_json":{"title":"Muere el comandante de la Flota del Mar Negro rusa en la batalla por Mariupol - ElCanillita.Info","robots":{"index":"index","follow":"follow","max-snippet":"max-snippet:-1","max-image-preview":"max-image-preview:large","max-video-preview":"max-video-preview:-1"},"canonical":"https:\/\/elcanillita.info\/press\/2022\/03\/20\/muere-el-comandante-de-la-flota-del-mar-negro-rusa-en-la-batalla-por-mariupol\/","og_locale":"es_ES","og_type":"article","og_title":"Muere el comandante de la Flota del Mar Negro rusa en la batalla por Mariupol - ElCanillita.Info","og_description":"Andrey Paliy es el sexto militar de alto rango que muere durante la invasi\u00f3n a Ucrania.","og_url":"https:\/\/elcanillita.info\/press\/2022\/03\/20\/muere-el-comandante-de-la-flota-del-mar-negro-rusa-en-la-batalla-por-mariupol\/","og_site_name":"ElCanillita.Info","article_publisher":"https:\/\/ar-ar.facebook.com\/ElCanillitainfo-114249515285712\/","article_published_time":"2022-03-20T19:55:44+00:00","article_modified_time":"2022-03-20T19:55:45+00:00","og_image":[{"width":600,"height":400,"url":"https:\/\/elcanillita.info\/press\/images\/2022\/03\/Paliy.jpg","type":"image\/jpeg"}],"author":"SalaStampa.eu, world press service","twitter_card":"summary_large_image","twitter_misc":{"Escrito por":"SalaStampa.eu, world press service","Tiempo de lectura":"3 minutos"},"schema":{"@context":"https:\/\/schema.org","@graph":[{"@type":"Article","@id":"https:\/\/elcanillita.info\/press\/2022\/03\/20\/muere-el-comandante-de-la-flota-del-mar-negro-rusa-en-la-batalla-por-mariupol\/#article","isPartOf":{"@id":"https:\/\/elcanillita.info\/press\/2022\/03\/20\/muere-el-comandante-de-la-flota-del-mar-negro-rusa-en-la-batalla-por-mariupol\/"},"author":{"name":"SalaStampa.eu, world press service","@id":"https:\/\/elcanillita.info\/press\/#\/schema\/person\/7fcb79f38045700919f7da6d97e71ba0"},"headline":"Muere el comandante de la Flota del Mar Negro rusa en la batalla por Mariupol","datePublished":"2022-03-20T19:55:44+00:00","dateModified":"2022-03-20T19:55:45+00:00","mainEntityOfPage":{"@id":"https:\/\/elcanillita.info\/press\/2022\/03\/20\/muere-el-comandante-de-la-flota-del-mar-negro-rusa-en-la-batalla-por-mariupol\/"},"wordCount":598,"publisher":{"@id":"https:\/\/elcanillita.info\/press\/#organization"},"image":{"@id":"https:\/\/elcanillita.info\/press\/2022\/03\/20\/muere-el-comandante-de-la-flota-del-mar-negro-rusa-en-la-batalla-por-mariupol\/#primaryimage"},"thumbnailUrl":"https:\/\/elcanillita.info\/press\/images\/2022\/03\/Paliy.jpg","keywords":["Rusia"],"articleSection":["Actualidad","Eurasia"],"inLanguage":"es-AR"},{"@type":"WebPage","@id":"https:\/\/elcanillita.info\/press\/2022\/03\/20\/muere-el-comandante-de-la-flota-del-mar-negro-rusa-en-la-batalla-por-mariupol\/","url":"https:\/\/elcanillita.info\/press\/2022\/03\/20\/muere-el-comandante-de-la-flota-del-mar-negro-rusa-en-la-batalla-por-mariupol\/","name":"Muere el comandante de la Flota del Mar Negro rusa en la batalla por Mariupol - ElCanillita.Info","isPartOf":{"@id":"https:\/\/elcanillita.info\/press\/#website"},"primaryImageOfPage":{"@id":"https:\/\/elcanillita.info\/press\/2022\/03\/20\/muere-el-comandante-de-la-flota-del-mar-negro-rusa-en-la-batalla-por-mariupol\/#primaryimage"},"image":{"@id":"https:\/\/elcanillita.info\/press\/2022\/03\/20\/muere-el-comandante-de-la-flota-del-mar-negro-rusa-en-la-batalla-por-mariupol\/#primaryimage"},"thumbnailUrl":"https:\/\/elcanillita.info\/press\/images\/2022\/03\/Paliy.jpg","datePublished":"2022-03-20T19:55:44+00:00","dateModified":"2022-03-20T19:55:45+00:00","inLanguage":"es-AR","potentialAction":[{"@type":"ReadAction","target":["https:\/\/elcanillita.info\/press\/2022\/03\/20\/muere-el-comandante-de-la-flota-del-mar-negro-rusa-en-la-batalla-por-mariupol\/"]}]},{"@type":"ImageObject","inLanguage":"es-AR","@id":"https:\/\/elcanillita.info\/press\/2022\/03\/20\/muere-el-comandante-de-la-flota-del-mar-negro-rusa-en-la-batalla-por-mariupol\/#primaryimage","url":"https:\/\/elcanillita.info\/press\/images\/2022\/03\/Paliy.jpg","contentUrl":"https:\/\/elcanillita.info\/press\/images\/2022\/03\/Paliy.jpg","width":600,"height":400},{"@type":"WebSite","@id":"https:\/\/elcanillita.info\/press\/#website","url":"https:\/\/elcanillita.info\/press\/","name":"ElCanillita.Info","description":"desde los Apeninos a los Andes","publisher":{"@id":"https:\/\/elcanillita.info\/press\/#organization"},"potentialAction":[{"@type":"SearchAction","target":{"@type":"EntryPoint","urlTemplate":"https:\/\/elcanillita.info\/press\/?s={search_term_string}"},"query-input":{"@type":"PropertyValueSpecification","valueRequired":true,"valueName":"search_term_string"}}],"inLanguage":"es-AR"},{"@type":"Organization","@id":"https:\/\/elcanillita.info\/press\/#organization","name":"Guzzo Photos & Graphic Publications","url":"https:\/\/elcanillita.info\/press\/","logo":{"@type":"ImageObject","inLanguage":"es-AR","@id":"https:\/\/elcanillita.info\/press\/#\/schema\/logo\/image\/","url":"https:\/\/elcanillita.info\/press\/images\/2020\/01\/cropped-cropped-cropped-elcanillitainfo.png","contentUrl":"https:\/\/elcanillita.info\/press\/images\/2020\/01\/cropped-cropped-cropped-elcanillitainfo.png","width":460,"height":50,"caption":"Guzzo Photos & Graphic Publications"},"image":{"@id":"https:\/\/elcanillita.info\/press\/#\/schema\/logo\/image\/"},"sameAs":["https:\/\/ar-ar.facebook.com\/ElCanillitainfo-114249515285712\/"]},{"@type":"Person","@id":"https:\/\/elcanillita.info\/press\/#\/schema\/person\/7fcb79f38045700919f7da6d97e71ba0","name":"SalaStampa.eu, world press service","image":{"@type":"ImageObject","inLanguage":"es-AR","@id":"https:\/\/secure.gravatar.com\/avatar\/c2f0e0d515a107624234994507816ca4724c7199cef73fc8bedebf6931d73888?s=96&d=mm&r=g","url":"https:\/\/secure.gravatar.com\/avatar\/c2f0e0d515a107624234994507816ca4724c7199cef73fc8bedebf6931d73888?s=96&d=mm&r=g","contentUrl":"https:\/\/secure.gravatar.com\/avatar\/c2f0e0d515a107624234994507816ca4724c7199cef73fc8bedebf6931d73888?s=96&d=mm&r=g","caption":"SalaStampa.eu, world press service"}}]}},"views":1079,"_links":{"self":[{"href":"https:\/\/elcanillita.info\/press\/wp-json\/wp\/v2\/posts\/2324","targetHints":{"allow":["GET"]}}],"collection":[{"href":"https:\/\/elcanillita.info\/press\/wp-json\/wp\/v2\/posts"}],"about":[{"href":"https:\/\/elcanillita.info\/press\/wp-json\/wp\/v2\/types\/post"}],"author":[{"embeddable":true,"href":"https:\/\/elcanillita.info\/press\/wp-json\/wp\/v2\/users\/1"}],"replies":[{"embeddable":true,"href":"https:\/\/elcanillita.info\/press\/wp-json\/wp\/v2\/comments?post=2324"}],"version-history":[{"count":0,"href":"https:\/\/elcanillita.info\/press\/wp-json\/wp\/v2\/posts\/2324\/revisions"}],"wp:featuredmedia":[{"embeddable":true,"href":"https:\/\/elcanillita.info\/press\/wp-json\/wp\/v2\/media\/2325"}],"wp:attachment":[{"href":"https:\/\/elcanillita.info\/press\/wp-json\/wp\/v2\/media?parent=2324"}],"wp:term":[{"taxonomy":"category","embeddable":true,"href":"https:\/\/elcanillita.info\/press\/wp-json\/wp\/v2\/categories?post=2324"},{"taxonomy":"post_tag","embeddable":true,"href":"https:\/\/elcanillita.info\/press\/wp-json\/wp\/v2\/tags?post=2324"}],"curies":[{"name":"wp","href":"https:\/\/api.w.org\/{rel}","templated":true}]}}