{"id":232,"date":"2020-01-30T17:55:47","date_gmt":"2020-01-30T20:55:47","guid":{"rendered":"https:\/\/elcanillita.info\/press\/?p=232"},"modified":"2020-01-30T17:56:37","modified_gmt":"2020-01-30T20:56:37","slug":"mejico-optimista-por-perspectivas-economicas-tras-la-firma-de-acuerdo-comercial-con-ee-uu","status":"publish","type":"post","link":"https:\/\/elcanillita.info\/press\/2020\/01\/30\/mejico-optimista-por-perspectivas-economicas-tras-la-firma-de-acuerdo-comercial-con-ee-uu\/","title":{"rendered":"M\u00e9jico optimista por perspectivas econ\u00f3micas tras la firma de acuerdo comercial con EE.UU."},"content":{"rendered":"\n<p>M\u00e9jico, 30.01.2020 &#8211; Con la firma del Tratado Comercial de Am\u00e9rica del Norte por el presidente de Estados Unidos, Donald Trump, M\u00e9jico se encuentra en una situaci\u00f3n favorable para atraer inversiones, consider\u00f3 el mandatario mexicano Andr\u00e9s Manuel L\u00f3pez Obrador.<\/p>\n\n\n\n<p>Para potenciar el crecimiento con el nuevo acuerdo comercial, el ejecutivo form\u00f3 un gabinete econ\u00f3mico coordinado por el jefe de la Oficina de la Presidencia, Alfonso Romo, que analizar\u00e1 m\u00e1s de 100 proyectos en materia de infraestructura y energ\u00eda, los cuales deber\u00e1n estar listos el pr\u00f3ximo mes.<\/p>\n\n\n\n<p>L\u00f3pez Obrador ha se\u00f1alado que el acuerdo comercial es beneficioso para los tres pa\u00edses firmantes y ahora s\u00f3lo falta la ratificaci\u00f3n por parte de Canad\u00e1.<\/p>\n\n\n\n<p>Trump firma pacto comercial de Norte Am\u00e9rica en la Casa Blanca<\/p>\n\n\n\n<p>\u201cAunque queda Canad\u00e1, ya dijeron los canadienses, ya aceptaron, van a apresurar el procedimiento, lo dijo el primer ministro (Justin Trudeau)\u201d, dijo el presidente mejicano.<\/p>\n\n\n\n<p>Agreg\u00f3 que \u201cesto va a ayudar mucho y nos coloca en una situaci\u00f3n muy favorable para que siga creciendo la inversi\u00f3n extranjera y la creaci\u00f3n de empleos en el pa\u00eds\u201d.<\/p>\n\n\n\n<p>Por su parte, el gobernador del Banco de M\u00e9jico, Alejandro D\u00edaz de Le\u00f3n, expres\u00f3 que M\u00e9jico saldr\u00e1 beneficiado con el acuerdo comercial y que los avances en la ratificaci\u00f3n reducen un importante factor de incertidumbre que hab\u00eda afectado la inversi\u00f3n y el crecimiento del pa\u00eds.<\/p>\n\n\n\n<p>De Le\u00f3n se\u00f1al\u00f3 que con esto se espera que la actividad econ\u00f3mica en M\u00e9jico inicie su recuperaci\u00f3n en el primer trimestre de 2020.<\/p>\n\n\n\n<p>Las claves para entender el nuevo tratado comercial norteamericano<br><br><small>2020 voanoticias \u2013 salastampa.eu, afiliada a la red Broadcasting Board of Governors \u00a9 2020 BBG<\/small><\/p>\n\n\n\n<p><\/p>\n","protected":false},"excerpt":{"rendered":"<p>M\u00e9jico, 30.01.2020 &#8211; Con la firma del Tratado Comercial de Am\u00e9rica del Norte por el presidente de Estados Unidos, Donald Trump, M\u00e9jico se encuentra en una situaci\u00f3n favorable para atraer inversiones, consider\u00f3 el mandatario mexicano Andr\u00e9s Manuel L\u00f3pez Obrador.<\/p>\n","protected":false},"author":1,"featured_media":0,"comment_status":"closed","ping_status":"closed","sticky":false,"template":"","format":"standard","meta":{"footnotes":"","_links_to":"","_links_to_target":""},"categories":[9,20,23],"tags":[57],"class_list":["post-232","post","type-post","status-publish","format-standard","hentry","category-america-del-norte","category-economia","category-politica","tag-mejico","entry","double"],"yoast_head":"<!-- This site is optimized with the Yoast SEO plugin v27.4 - https:\/\/yoast.com\/product\/yoast-seo-wordpress\/ -->\n<title>M\u00e9jico optimista por perspectivas econ\u00f3micas tras la firma de acuerdo comercial con EE.UU. - ElCanillita.Info<\/title>\n<meta name=\"robots\" content=\"index, follow, max-snippet:-1, max-image-preview:large, max-video-preview:-1\" \/>\n<link rel=\"canonical\" href=\"https:\/\/elcanillita.info\/press\/2020\/01\/30\/mejico-optimista-por-perspectivas-economicas-tras-la-firma-de-acuerdo-comercial-con-ee-uu\/\" \/>\n<meta property=\"og:locale\" content=\"es_ES\" \/>\n<meta property=\"og:type\" content=\"article\" \/>\n<meta property=\"og:title\" content=\"M\u00e9jico optimista por perspectivas econ\u00f3micas tras la firma de acuerdo comercial con EE.UU. - ElCanillita.Info\" \/>\n<meta property=\"og:description\" content=\"M\u00e9jico, 30.01.2020 - Con la firma del Tratado Comercial de Am\u00e9rica del Norte por el presidente de Estados Unidos, Donald Trump, M\u00e9jico se encuentra en una situaci\u00f3n favorable para atraer inversiones, consider\u00f3 el mandatario mexicano Andr\u00e9s Manuel L\u00f3pez Obrador.\" \/>\n<meta property=\"og:url\" content=\"https:\/\/elcanillita.info\/press\/2020\/01\/30\/mejico-optimista-por-perspectivas-economicas-tras-la-firma-de-acuerdo-comercial-con-ee-uu\/\" \/>\n<meta property=\"og:site_name\" content=\"ElCanillita.Info\" \/>\n<meta property=\"article:publisher\" content=\"https:\/\/ar-ar.facebook.com\/ElCanillitainfo-114249515285712\/\" \/>\n<meta property=\"article:published_time\" content=\"2020-01-30T20:55:47+00:00\" \/>\n<meta property=\"article:modified_time\" content=\"2020-01-30T20:56:37+00:00\" \/>\n<meta name=\"author\" content=\"SalaStampa.eu, world press service\" \/>\n<meta name=\"twitter:card\" content=\"summary_large_image\" \/>\n<meta name=\"twitter:label1\" content=\"Escrito por\" \/>\n\t<meta name=\"twitter:data1\" content=\"SalaStampa.eu, world press service\" \/>\n\t<meta name=\"twitter:label2\" content=\"Tiempo de lectura\" \/>\n\t<meta name=\"twitter:data2\" content=\"1 minuto\" \/>\n<script type=\"application\/ld+json\" class=\"yoast-schema-graph\">{\"@context\":\"https:\\\/\\\/schema.org\",\"@graph\":[{\"@type\":\"Article\",\"@id\":\"https:\\\/\\\/elcanillita.info\\\/press\\\/2020\\\/01\\\/30\\\/mejico-optimista-por-perspectivas-economicas-tras-la-firma-de-acuerdo-comercial-con-ee-uu\\\/#article\",\"isPartOf\":{\"@id\":\"https:\\\/\\\/elcanillita.info\\\/press\\\/2020\\\/01\\\/30\\\/mejico-optimista-por-perspectivas-economicas-tras-la-firma-de-acuerdo-comercial-con-ee-uu\\\/\"},\"author\":{\"name\":\"SalaStampa.eu, world press service\",\"@id\":\"https:\\\/\\\/elcanillita.info\\\/press\\\/#\\\/schema\\\/person\\\/7fcb79f38045700919f7da6d97e71ba0\"},\"headline\":\"M\u00e9jico optimista por perspectivas econ\u00f3micas tras la firma de acuerdo comercial con EE.UU.\",\"datePublished\":\"2020-01-30T20:55:47+00:00\",\"dateModified\":\"2020-01-30T20:56:37+00:00\",\"mainEntityOfPage\":{\"@id\":\"https:\\\/\\\/elcanillita.info\\\/press\\\/2020\\\/01\\\/30\\\/mejico-optimista-por-perspectivas-economicas-tras-la-firma-de-acuerdo-comercial-con-ee-uu\\\/\"},\"wordCount\":313,\"publisher\":{\"@id\":\"https:\\\/\\\/elcanillita.info\\\/press\\\/#organization\"},\"keywords\":[\"M\u00e9jico\"],\"articleSection\":[\"Am\u00e9rica del Norte\",\"Economia\",\"Politica\"],\"inLanguage\":\"es-AR\"},{\"@type\":\"WebPage\",\"@id\":\"https:\\\/\\\/elcanillita.info\\\/press\\\/2020\\\/01\\\/30\\\/mejico-optimista-por-perspectivas-economicas-tras-la-firma-de-acuerdo-comercial-con-ee-uu\\\/\",\"url\":\"https:\\\/\\\/elcanillita.info\\\/press\\\/2020\\\/01\\\/30\\\/mejico-optimista-por-perspectivas-economicas-tras-la-firma-de-acuerdo-comercial-con-ee-uu\\\/\",\"name\":\"M\u00e9jico optimista por perspectivas econ\u00f3micas tras la firma de acuerdo comercial con EE.UU. - ElCanillita.Info\",\"isPartOf\":{\"@id\":\"https:\\\/\\\/elcanillita.info\\\/press\\\/#website\"},\"datePublished\":\"2020-01-30T20:55:47+00:00\",\"dateModified\":\"2020-01-30T20:56:37+00:00\",\"inLanguage\":\"es-AR\",\"potentialAction\":[{\"@type\":\"ReadAction\",\"target\":[\"https:\\\/\\\/elcanillita.info\\\/press\\\/2020\\\/01\\\/30\\\/mejico-optimista-por-perspectivas-economicas-tras-la-firma-de-acuerdo-comercial-con-ee-uu\\\/\"]}]},{\"@type\":\"WebSite\",\"@id\":\"https:\\\/\\\/elcanillita.info\\\/press\\\/#website\",\"url\":\"https:\\\/\\\/elcanillita.info\\\/press\\\/\",\"name\":\"ElCanillita.Info\",\"description\":\"desde los Apeninos a los Andes\",\"publisher\":{\"@id\":\"https:\\\/\\\/elcanillita.info\\\/press\\\/#organization\"},\"potentialAction\":[{\"@type\":\"SearchAction\",\"target\":{\"@type\":\"EntryPoint\",\"urlTemplate\":\"https:\\\/\\\/elcanillita.info\\\/press\\\/?s={search_term_string}\"},\"query-input\":{\"@type\":\"PropertyValueSpecification\",\"valueRequired\":true,\"valueName\":\"search_term_string\"}}],\"inLanguage\":\"es-AR\"},{\"@type\":\"Organization\",\"@id\":\"https:\\\/\\\/elcanillita.info\\\/press\\\/#organization\",\"name\":\"Guzzo Photos & Graphic Publications\",\"url\":\"https:\\\/\\\/elcanillita.info\\\/press\\\/\",\"logo\":{\"@type\":\"ImageObject\",\"inLanguage\":\"es-AR\",\"@id\":\"https:\\\/\\\/elcanillita.info\\\/press\\\/#\\\/schema\\\/logo\\\/image\\\/\",\"url\":\"https:\\\/\\\/elcanillita.info\\\/press\\\/images\\\/2020\\\/01\\\/cropped-cropped-cropped-elcanillitainfo.png\",\"contentUrl\":\"https:\\\/\\\/elcanillita.info\\\/press\\\/images\\\/2020\\\/01\\\/cropped-cropped-cropped-elcanillitainfo.png\",\"width\":460,\"height\":50,\"caption\":\"Guzzo Photos & Graphic Publications\"},\"image\":{\"@id\":\"https:\\\/\\\/elcanillita.info\\\/press\\\/#\\\/schema\\\/logo\\\/image\\\/\"},\"sameAs\":[\"https:\\\/\\\/ar-ar.facebook.com\\\/ElCanillitainfo-114249515285712\\\/\"]},{\"@type\":\"Person\",\"@id\":\"https:\\\/\\\/elcanillita.info\\\/press\\\/#\\\/schema\\\/person\\\/7fcb79f38045700919f7da6d97e71ba0\",\"name\":\"SalaStampa.eu, world press service\",\"image\":{\"@type\":\"ImageObject\",\"inLanguage\":\"es-AR\",\"@id\":\"https:\\\/\\\/secure.gravatar.com\\\/avatar\\\/c2f0e0d515a107624234994507816ca4724c7199cef73fc8bedebf6931d73888?s=96&d=mm&r=g\",\"url\":\"https:\\\/\\\/secure.gravatar.com\\\/avatar\\\/c2f0e0d515a107624234994507816ca4724c7199cef73fc8bedebf6931d73888?s=96&d=mm&r=g\",\"contentUrl\":\"https:\\\/\\\/secure.gravatar.com\\\/avatar\\\/c2f0e0d515a107624234994507816ca4724c7199cef73fc8bedebf6931d73888?s=96&d=mm&r=g\",\"caption\":\"SalaStampa.eu, world press service\"}}]}<\/script>\n<!-- \/ Yoast SEO plugin. -->","yoast_head_json":{"title":"M\u00e9jico optimista por perspectivas econ\u00f3micas tras la firma de acuerdo comercial con EE.UU. - ElCanillita.Info","robots":{"index":"index","follow":"follow","max-snippet":"max-snippet:-1","max-image-preview":"max-image-preview:large","max-video-preview":"max-video-preview:-1"},"canonical":"https:\/\/elcanillita.info\/press\/2020\/01\/30\/mejico-optimista-por-perspectivas-economicas-tras-la-firma-de-acuerdo-comercial-con-ee-uu\/","og_locale":"es_ES","og_type":"article","og_title":"M\u00e9jico optimista por perspectivas econ\u00f3micas tras la firma de acuerdo comercial con EE.UU. - ElCanillita.Info","og_description":"M\u00e9jico, 30.01.2020 - Con la firma del Tratado Comercial de Am\u00e9rica del Norte por el presidente de Estados Unidos, Donald Trump, M\u00e9jico se encuentra en una situaci\u00f3n favorable para atraer inversiones, consider\u00f3 el mandatario mexicano Andr\u00e9s Manuel L\u00f3pez Obrador.","og_url":"https:\/\/elcanillita.info\/press\/2020\/01\/30\/mejico-optimista-por-perspectivas-economicas-tras-la-firma-de-acuerdo-comercial-con-ee-uu\/","og_site_name":"ElCanillita.Info","article_publisher":"https:\/\/ar-ar.facebook.com\/ElCanillitainfo-114249515285712\/","article_published_time":"2020-01-30T20:55:47+00:00","article_modified_time":"2020-01-30T20:56:37+00:00","author":"SalaStampa.eu, world press service","twitter_card":"summary_large_image","twitter_misc":{"Escrito por":"SalaStampa.eu, world press service","Tiempo de lectura":"1 minuto"},"schema":{"@context":"https:\/\/schema.org","@graph":[{"@type":"Article","@id":"https:\/\/elcanillita.info\/press\/2020\/01\/30\/mejico-optimista-por-perspectivas-economicas-tras-la-firma-de-acuerdo-comercial-con-ee-uu\/#article","isPartOf":{"@id":"https:\/\/elcanillita.info\/press\/2020\/01\/30\/mejico-optimista-por-perspectivas-economicas-tras-la-firma-de-acuerdo-comercial-con-ee-uu\/"},"author":{"name":"SalaStampa.eu, world press service","@id":"https:\/\/elcanillita.info\/press\/#\/schema\/person\/7fcb79f38045700919f7da6d97e71ba0"},"headline":"M\u00e9jico optimista por perspectivas econ\u00f3micas tras la firma de acuerdo comercial con EE.UU.","datePublished":"2020-01-30T20:55:47+00:00","dateModified":"2020-01-30T20:56:37+00:00","mainEntityOfPage":{"@id":"https:\/\/elcanillita.info\/press\/2020\/01\/30\/mejico-optimista-por-perspectivas-economicas-tras-la-firma-de-acuerdo-comercial-con-ee-uu\/"},"wordCount":313,"publisher":{"@id":"https:\/\/elcanillita.info\/press\/#organization"},"keywords":["M\u00e9jico"],"articleSection":["Am\u00e9rica del Norte","Economia","Politica"],"inLanguage":"es-AR"},{"@type":"WebPage","@id":"https:\/\/elcanillita.info\/press\/2020\/01\/30\/mejico-optimista-por-perspectivas-economicas-tras-la-firma-de-acuerdo-comercial-con-ee-uu\/","url":"https:\/\/elcanillita.info\/press\/2020\/01\/30\/mejico-optimista-por-perspectivas-economicas-tras-la-firma-de-acuerdo-comercial-con-ee-uu\/","name":"M\u00e9jico optimista por perspectivas econ\u00f3micas tras la firma de acuerdo comercial con EE.UU. - ElCanillita.Info","isPartOf":{"@id":"https:\/\/elcanillita.info\/press\/#website"},"datePublished":"2020-01-30T20:55:47+00:00","dateModified":"2020-01-30T20:56:37+00:00","inLanguage":"es-AR","potentialAction":[{"@type":"ReadAction","target":["https:\/\/elcanillita.info\/press\/2020\/01\/30\/mejico-optimista-por-perspectivas-economicas-tras-la-firma-de-acuerdo-comercial-con-ee-uu\/"]}]},{"@type":"WebSite","@id":"https:\/\/elcanillita.info\/press\/#website","url":"https:\/\/elcanillita.info\/press\/","name":"ElCanillita.Info","description":"desde los Apeninos a los Andes","publisher":{"@id":"https:\/\/elcanillita.info\/press\/#organization"},"potentialAction":[{"@type":"SearchAction","target":{"@type":"EntryPoint","urlTemplate":"https:\/\/elcanillita.info\/press\/?s={search_term_string}"},"query-input":{"@type":"PropertyValueSpecification","valueRequired":true,"valueName":"search_term_string"}}],"inLanguage":"es-AR"},{"@type":"Organization","@id":"https:\/\/elcanillita.info\/press\/#organization","name":"Guzzo Photos & Graphic Publications","url":"https:\/\/elcanillita.info\/press\/","logo":{"@type":"ImageObject","inLanguage":"es-AR","@id":"https:\/\/elcanillita.info\/press\/#\/schema\/logo\/image\/","url":"https:\/\/elcanillita.info\/press\/images\/2020\/01\/cropped-cropped-cropped-elcanillitainfo.png","contentUrl":"https:\/\/elcanillita.info\/press\/images\/2020\/01\/cropped-cropped-cropped-elcanillitainfo.png","width":460,"height":50,"caption":"Guzzo Photos & Graphic Publications"},"image":{"@id":"https:\/\/elcanillita.info\/press\/#\/schema\/logo\/image\/"},"sameAs":["https:\/\/ar-ar.facebook.com\/ElCanillitainfo-114249515285712\/"]},{"@type":"Person","@id":"https:\/\/elcanillita.info\/press\/#\/schema\/person\/7fcb79f38045700919f7da6d97e71ba0","name":"SalaStampa.eu, world press service","image":{"@type":"ImageObject","inLanguage":"es-AR","@id":"https:\/\/secure.gravatar.com\/avatar\/c2f0e0d515a107624234994507816ca4724c7199cef73fc8bedebf6931d73888?s=96&d=mm&r=g","url":"https:\/\/secure.gravatar.com\/avatar\/c2f0e0d515a107624234994507816ca4724c7199cef73fc8bedebf6931d73888?s=96&d=mm&r=g","contentUrl":"https:\/\/secure.gravatar.com\/avatar\/c2f0e0d515a107624234994507816ca4724c7199cef73fc8bedebf6931d73888?s=96&d=mm&r=g","caption":"SalaStampa.eu, world press service"}}]}},"views":800,"_links":{"self":[{"href":"https:\/\/elcanillita.info\/press\/wp-json\/wp\/v2\/posts\/232","targetHints":{"allow":["GET"]}}],"collection":[{"href":"https:\/\/elcanillita.info\/press\/wp-json\/wp\/v2\/posts"}],"about":[{"href":"https:\/\/elcanillita.info\/press\/wp-json\/wp\/v2\/types\/post"}],"author":[{"embeddable":true,"href":"https:\/\/elcanillita.info\/press\/wp-json\/wp\/v2\/users\/1"}],"replies":[{"embeddable":true,"href":"https:\/\/elcanillita.info\/press\/wp-json\/wp\/v2\/comments?post=232"}],"version-history":[{"count":0,"href":"https:\/\/elcanillita.info\/press\/wp-json\/wp\/v2\/posts\/232\/revisions"}],"wp:attachment":[{"href":"https:\/\/elcanillita.info\/press\/wp-json\/wp\/v2\/media?parent=232"}],"wp:term":[{"taxonomy":"category","embeddable":true,"href":"https:\/\/elcanillita.info\/press\/wp-json\/wp\/v2\/categories?post=232"},{"taxonomy":"post_tag","embeddable":true,"href":"https:\/\/elcanillita.info\/press\/wp-json\/wp\/v2\/tags?post=232"}],"curies":[{"name":"wp","href":"https:\/\/api.w.org\/{rel}","templated":true}]}}