{"id":230,"date":"2020-01-30T17:46:20","date_gmt":"2020-01-30T20:46:20","guid":{"rendered":"https:\/\/elcanillita.info\/press\/?p=230"},"modified":"2020-01-30T17:49:13","modified_gmt":"2020-01-30T20:49:13","slug":"presidente-uruguayo-electo-no-invita-mandatarios-de-venezuela-cuba-nicaragua-toma-de-posesion","status":"publish","type":"post","link":"https:\/\/elcanillita.info\/press\/2020\/01\/30\/presidente-uruguayo-electo-no-invita-mandatarios-de-venezuela-cuba-nicaragua-toma-de-posesion\/","title":{"rendered":"Presidente uruguayo electo no invita a mandatarios de Venezuela, Cuba y Nicaragua a toma de posesi\u00f3n"},"content":{"rendered":"\n<p>Montevideo, 30.01.2020 &#8211; Venezuela, Cuba y Nicaragua no estar\u00e1n presentes en la toma de posesi\u00f3n del presidente electo de Uruguay, Luis Lacalle Pou, que tendr\u00e1 lugar el pr\u00f3ximo primero de marzo en Montevideo.<\/p>\n\n\n\n<p>El gobierno electo de Uruguay trabaja en la organizaci\u00f3n del acto, pero ya ha decidido algunas cosas, entre ellas no invitar a los gobiernos que no considera democr\u00e1ticos.<\/p>\n\n\n\n<p>El propio Lacalle ya confirm\u00f3 que no se invitar\u00e1 al presidente en disputa de Venezuela, Nicol\u00e1s Maduro, ni a los mandatarios de Cuba, Miguel D\u00edaz Canel, y Nicaragua, Daniel Ortega.<\/p>\n\n\n\n<p>\u201cInvitamos a las embajadas, a todas las embajadas que est\u00e1n radicadas en el pa\u00eds, simplemente con respeto a los mandatarios como tenemos el derecho de hacer las invitaciones que estimamos pertinente, ese es el criterio\u201d, dijo Lacalle Pou.<\/p>\n\n\n\n<p>Est\u00e1 en consideraci\u00f3n si se invitar\u00e1 a la presidenta interina de Bolivia, Jeanine \u00c1\u00f1ez, pero el nuevo gobierno de Uruguay valora como positivo que haya una fecha para las elecciones presidenciales en ese pa\u00eds.<\/p>\n\n\n\n<p>Subsecretario de Estado para Asuntos Pol\u00edticos se re\u00fane con presidente electo de Uruguay <\/p>\n\n\n\n<p>Ya se decidi\u00f3 que Lacalle, despu\u00e9s de hablar ante el Parlamento, se trasladar\u00e1 en \u201cuna cachila\u201d, que es un auto antiguo, hasta la Plaza Independencia, en el centro de Montevideo, donde recibir\u00e1 la banda presidencial de manos del actual presidente, Tabar\u00e9 V\u00e1zquez.<\/p>\n\n\n\n<p>Adem\u00e1s, m\u00e1s de mil caballos y jinetes que llegar\u00e1n del interior del pa\u00eds, ir\u00e1n atr\u00e1s del auto presidencial.<br><br><small>Informe desde Uruguay<\/small><br><small>2020 voanoticias \u2013 salastampa.eu, afiliada a la red Broadcasting Board of Governors \u00a9 2020 BBG<\/small><\/p>\n\n\n\n<p><\/p>\n","protected":false},"excerpt":{"rendered":"<p>Montevideo, 30.01.2020 &#8211; Venezuela, Cuba y Nicaragua no estar\u00e1n presentes en la toma de posesi\u00f3n del presidente electo de Uruguay, Luis Lacalle Pou, que tendr\u00e1 lugar el pr\u00f3ximo primero de marzo en Montevideo.<\/p>\n","protected":false},"author":1,"featured_media":0,"comment_status":"closed","ping_status":"closed","sticky":false,"template":"","format":"standard","meta":{"footnotes":"","_links_to":"","_links_to_target":""},"categories":[11,23],"tags":[56],"class_list":["post-230","post","type-post","status-publish","format-standard","hentry","category-america-del-sur","category-politica","tag-uruguay","entry","double"],"yoast_head":"<!-- This site is optimized with the Yoast SEO plugin v27.4 - https:\/\/yoast.com\/product\/yoast-seo-wordpress\/ -->\n<title>Presidente uruguayo electo no invita a mandatarios de Venezuela, Cuba y Nicaragua a toma de posesi\u00f3n - ElCanillita.Info<\/title>\n<meta name=\"robots\" content=\"index, follow, max-snippet:-1, max-image-preview:large, max-video-preview:-1\" \/>\n<link rel=\"canonical\" href=\"https:\/\/elcanillita.info\/press\/2020\/01\/30\/presidente-uruguayo-electo-no-invita-mandatarios-de-venezuela-cuba-nicaragua-toma-de-posesion\/\" \/>\n<meta property=\"og:locale\" content=\"es_ES\" \/>\n<meta property=\"og:type\" content=\"article\" \/>\n<meta property=\"og:title\" content=\"Presidente uruguayo electo no invita a mandatarios de Venezuela, Cuba y Nicaragua a toma de posesi\u00f3n - ElCanillita.Info\" \/>\n<meta property=\"og:description\" content=\"Montevideo, 30.01.2020 - Venezuela, Cuba y Nicaragua no estar\u00e1n presentes en la toma de posesi\u00f3n del presidente electo de Uruguay, Luis Lacalle Pou, que tendr\u00e1 lugar el pr\u00f3ximo primero de marzo en Montevideo.\" \/>\n<meta property=\"og:url\" content=\"https:\/\/elcanillita.info\/press\/2020\/01\/30\/presidente-uruguayo-electo-no-invita-mandatarios-de-venezuela-cuba-nicaragua-toma-de-posesion\/\" \/>\n<meta property=\"og:site_name\" content=\"ElCanillita.Info\" \/>\n<meta property=\"article:publisher\" content=\"https:\/\/ar-ar.facebook.com\/ElCanillitainfo-114249515285712\/\" \/>\n<meta property=\"article:published_time\" content=\"2020-01-30T20:46:20+00:00\" \/>\n<meta property=\"article:modified_time\" content=\"2020-01-30T20:49:13+00:00\" \/>\n<meta name=\"author\" content=\"SalaStampa.eu, world press service\" \/>\n<meta name=\"twitter:card\" content=\"summary_large_image\" \/>\n<meta name=\"twitter:label1\" content=\"Escrito por\" \/>\n\t<meta name=\"twitter:data1\" content=\"SalaStampa.eu, world press service\" \/>\n\t<meta name=\"twitter:label2\" content=\"Tiempo de lectura\" \/>\n\t<meta name=\"twitter:data2\" content=\"1 minuto\" \/>\n<script type=\"application\/ld+json\" class=\"yoast-schema-graph\">{\"@context\":\"https:\\\/\\\/schema.org\",\"@graph\":[{\"@type\":\"Article\",\"@id\":\"https:\\\/\\\/elcanillita.info\\\/press\\\/2020\\\/01\\\/30\\\/presidente-uruguayo-electo-no-invita-mandatarios-de-venezuela-cuba-nicaragua-toma-de-posesion\\\/#article\",\"isPartOf\":{\"@id\":\"https:\\\/\\\/elcanillita.info\\\/press\\\/2020\\\/01\\\/30\\\/presidente-uruguayo-electo-no-invita-mandatarios-de-venezuela-cuba-nicaragua-toma-de-posesion\\\/\"},\"author\":{\"name\":\"SalaStampa.eu, world press service\",\"@id\":\"https:\\\/\\\/elcanillita.info\\\/press\\\/#\\\/schema\\\/person\\\/7fcb79f38045700919f7da6d97e71ba0\"},\"headline\":\"Presidente uruguayo electo no invita a mandatarios de Venezuela, Cuba y Nicaragua a toma de posesi\u00f3n\",\"datePublished\":\"2020-01-30T20:46:20+00:00\",\"dateModified\":\"2020-01-30T20:49:13+00:00\",\"mainEntityOfPage\":{\"@id\":\"https:\\\/\\\/elcanillita.info\\\/press\\\/2020\\\/01\\\/30\\\/presidente-uruguayo-electo-no-invita-mandatarios-de-venezuela-cuba-nicaragua-toma-de-posesion\\\/\"},\"wordCount\":288,\"publisher\":{\"@id\":\"https:\\\/\\\/elcanillita.info\\\/press\\\/#organization\"},\"keywords\":[\"Uruguay\"],\"articleSection\":[\"Am\u00e9rica del Sur\",\"Politica\"],\"inLanguage\":\"es-AR\"},{\"@type\":\"WebPage\",\"@id\":\"https:\\\/\\\/elcanillita.info\\\/press\\\/2020\\\/01\\\/30\\\/presidente-uruguayo-electo-no-invita-mandatarios-de-venezuela-cuba-nicaragua-toma-de-posesion\\\/\",\"url\":\"https:\\\/\\\/elcanillita.info\\\/press\\\/2020\\\/01\\\/30\\\/presidente-uruguayo-electo-no-invita-mandatarios-de-venezuela-cuba-nicaragua-toma-de-posesion\\\/\",\"name\":\"Presidente uruguayo electo no invita a mandatarios de Venezuela, Cuba y Nicaragua a toma de posesi\u00f3n - ElCanillita.Info\",\"isPartOf\":{\"@id\":\"https:\\\/\\\/elcanillita.info\\\/press\\\/#website\"},\"datePublished\":\"2020-01-30T20:46:20+00:00\",\"dateModified\":\"2020-01-30T20:49:13+00:00\",\"inLanguage\":\"es-AR\",\"potentialAction\":[{\"@type\":\"ReadAction\",\"target\":[\"https:\\\/\\\/elcanillita.info\\\/press\\\/2020\\\/01\\\/30\\\/presidente-uruguayo-electo-no-invita-mandatarios-de-venezuela-cuba-nicaragua-toma-de-posesion\\\/\"]}]},{\"@type\":\"WebSite\",\"@id\":\"https:\\\/\\\/elcanillita.info\\\/press\\\/#website\",\"url\":\"https:\\\/\\\/elcanillita.info\\\/press\\\/\",\"name\":\"ElCanillita.Info\",\"description\":\"desde los Apeninos a los Andes\",\"publisher\":{\"@id\":\"https:\\\/\\\/elcanillita.info\\\/press\\\/#organization\"},\"potentialAction\":[{\"@type\":\"SearchAction\",\"target\":{\"@type\":\"EntryPoint\",\"urlTemplate\":\"https:\\\/\\\/elcanillita.info\\\/press\\\/?s={search_term_string}\"},\"query-input\":{\"@type\":\"PropertyValueSpecification\",\"valueRequired\":true,\"valueName\":\"search_term_string\"}}],\"inLanguage\":\"es-AR\"},{\"@type\":\"Organization\",\"@id\":\"https:\\\/\\\/elcanillita.info\\\/press\\\/#organization\",\"name\":\"Guzzo Photos & Graphic Publications\",\"url\":\"https:\\\/\\\/elcanillita.info\\\/press\\\/\",\"logo\":{\"@type\":\"ImageObject\",\"inLanguage\":\"es-AR\",\"@id\":\"https:\\\/\\\/elcanillita.info\\\/press\\\/#\\\/schema\\\/logo\\\/image\\\/\",\"url\":\"https:\\\/\\\/elcanillita.info\\\/press\\\/images\\\/2020\\\/01\\\/cropped-cropped-cropped-elcanillitainfo.png\",\"contentUrl\":\"https:\\\/\\\/elcanillita.info\\\/press\\\/images\\\/2020\\\/01\\\/cropped-cropped-cropped-elcanillitainfo.png\",\"width\":460,\"height\":50,\"caption\":\"Guzzo Photos & Graphic Publications\"},\"image\":{\"@id\":\"https:\\\/\\\/elcanillita.info\\\/press\\\/#\\\/schema\\\/logo\\\/image\\\/\"},\"sameAs\":[\"https:\\\/\\\/ar-ar.facebook.com\\\/ElCanillitainfo-114249515285712\\\/\"]},{\"@type\":\"Person\",\"@id\":\"https:\\\/\\\/elcanillita.info\\\/press\\\/#\\\/schema\\\/person\\\/7fcb79f38045700919f7da6d97e71ba0\",\"name\":\"SalaStampa.eu, world press service\",\"image\":{\"@type\":\"ImageObject\",\"inLanguage\":\"es-AR\",\"@id\":\"https:\\\/\\\/secure.gravatar.com\\\/avatar\\\/c2f0e0d515a107624234994507816ca4724c7199cef73fc8bedebf6931d73888?s=96&d=mm&r=g\",\"url\":\"https:\\\/\\\/secure.gravatar.com\\\/avatar\\\/c2f0e0d515a107624234994507816ca4724c7199cef73fc8bedebf6931d73888?s=96&d=mm&r=g\",\"contentUrl\":\"https:\\\/\\\/secure.gravatar.com\\\/avatar\\\/c2f0e0d515a107624234994507816ca4724c7199cef73fc8bedebf6931d73888?s=96&d=mm&r=g\",\"caption\":\"SalaStampa.eu, world press service\"}}]}<\/script>\n<!-- \/ Yoast SEO plugin. -->","yoast_head_json":{"title":"Presidente uruguayo electo no invita a mandatarios de Venezuela, Cuba y Nicaragua a toma de posesi\u00f3n - ElCanillita.Info","robots":{"index":"index","follow":"follow","max-snippet":"max-snippet:-1","max-image-preview":"max-image-preview:large","max-video-preview":"max-video-preview:-1"},"canonical":"https:\/\/elcanillita.info\/press\/2020\/01\/30\/presidente-uruguayo-electo-no-invita-mandatarios-de-venezuela-cuba-nicaragua-toma-de-posesion\/","og_locale":"es_ES","og_type":"article","og_title":"Presidente uruguayo electo no invita a mandatarios de Venezuela, Cuba y Nicaragua a toma de posesi\u00f3n - ElCanillita.Info","og_description":"Montevideo, 30.01.2020 - Venezuela, Cuba y Nicaragua no estar\u00e1n presentes en la toma de posesi\u00f3n del presidente electo de Uruguay, Luis Lacalle Pou, que tendr\u00e1 lugar el pr\u00f3ximo primero de marzo en Montevideo.","og_url":"https:\/\/elcanillita.info\/press\/2020\/01\/30\/presidente-uruguayo-electo-no-invita-mandatarios-de-venezuela-cuba-nicaragua-toma-de-posesion\/","og_site_name":"ElCanillita.Info","article_publisher":"https:\/\/ar-ar.facebook.com\/ElCanillitainfo-114249515285712\/","article_published_time":"2020-01-30T20:46:20+00:00","article_modified_time":"2020-01-30T20:49:13+00:00","author":"SalaStampa.eu, world press service","twitter_card":"summary_large_image","twitter_misc":{"Escrito por":"SalaStampa.eu, world press service","Tiempo de lectura":"1 minuto"},"schema":{"@context":"https:\/\/schema.org","@graph":[{"@type":"Article","@id":"https:\/\/elcanillita.info\/press\/2020\/01\/30\/presidente-uruguayo-electo-no-invita-mandatarios-de-venezuela-cuba-nicaragua-toma-de-posesion\/#article","isPartOf":{"@id":"https:\/\/elcanillita.info\/press\/2020\/01\/30\/presidente-uruguayo-electo-no-invita-mandatarios-de-venezuela-cuba-nicaragua-toma-de-posesion\/"},"author":{"name":"SalaStampa.eu, world press service","@id":"https:\/\/elcanillita.info\/press\/#\/schema\/person\/7fcb79f38045700919f7da6d97e71ba0"},"headline":"Presidente uruguayo electo no invita a mandatarios de Venezuela, Cuba y Nicaragua a toma de posesi\u00f3n","datePublished":"2020-01-30T20:46:20+00:00","dateModified":"2020-01-30T20:49:13+00:00","mainEntityOfPage":{"@id":"https:\/\/elcanillita.info\/press\/2020\/01\/30\/presidente-uruguayo-electo-no-invita-mandatarios-de-venezuela-cuba-nicaragua-toma-de-posesion\/"},"wordCount":288,"publisher":{"@id":"https:\/\/elcanillita.info\/press\/#organization"},"keywords":["Uruguay"],"articleSection":["Am\u00e9rica del Sur","Politica"],"inLanguage":"es-AR"},{"@type":"WebPage","@id":"https:\/\/elcanillita.info\/press\/2020\/01\/30\/presidente-uruguayo-electo-no-invita-mandatarios-de-venezuela-cuba-nicaragua-toma-de-posesion\/","url":"https:\/\/elcanillita.info\/press\/2020\/01\/30\/presidente-uruguayo-electo-no-invita-mandatarios-de-venezuela-cuba-nicaragua-toma-de-posesion\/","name":"Presidente uruguayo electo no invita a mandatarios de Venezuela, Cuba y Nicaragua a toma de posesi\u00f3n - ElCanillita.Info","isPartOf":{"@id":"https:\/\/elcanillita.info\/press\/#website"},"datePublished":"2020-01-30T20:46:20+00:00","dateModified":"2020-01-30T20:49:13+00:00","inLanguage":"es-AR","potentialAction":[{"@type":"ReadAction","target":["https:\/\/elcanillita.info\/press\/2020\/01\/30\/presidente-uruguayo-electo-no-invita-mandatarios-de-venezuela-cuba-nicaragua-toma-de-posesion\/"]}]},{"@type":"WebSite","@id":"https:\/\/elcanillita.info\/press\/#website","url":"https:\/\/elcanillita.info\/press\/","name":"ElCanillita.Info","description":"desde los Apeninos a los Andes","publisher":{"@id":"https:\/\/elcanillita.info\/press\/#organization"},"potentialAction":[{"@type":"SearchAction","target":{"@type":"EntryPoint","urlTemplate":"https:\/\/elcanillita.info\/press\/?s={search_term_string}"},"query-input":{"@type":"PropertyValueSpecification","valueRequired":true,"valueName":"search_term_string"}}],"inLanguage":"es-AR"},{"@type":"Organization","@id":"https:\/\/elcanillita.info\/press\/#organization","name":"Guzzo Photos & Graphic Publications","url":"https:\/\/elcanillita.info\/press\/","logo":{"@type":"ImageObject","inLanguage":"es-AR","@id":"https:\/\/elcanillita.info\/press\/#\/schema\/logo\/image\/","url":"https:\/\/elcanillita.info\/press\/images\/2020\/01\/cropped-cropped-cropped-elcanillitainfo.png","contentUrl":"https:\/\/elcanillita.info\/press\/images\/2020\/01\/cropped-cropped-cropped-elcanillitainfo.png","width":460,"height":50,"caption":"Guzzo Photos & Graphic Publications"},"image":{"@id":"https:\/\/elcanillita.info\/press\/#\/schema\/logo\/image\/"},"sameAs":["https:\/\/ar-ar.facebook.com\/ElCanillitainfo-114249515285712\/"]},{"@type":"Person","@id":"https:\/\/elcanillita.info\/press\/#\/schema\/person\/7fcb79f38045700919f7da6d97e71ba0","name":"SalaStampa.eu, world press service","image":{"@type":"ImageObject","inLanguage":"es-AR","@id":"https:\/\/secure.gravatar.com\/avatar\/c2f0e0d515a107624234994507816ca4724c7199cef73fc8bedebf6931d73888?s=96&d=mm&r=g","url":"https:\/\/secure.gravatar.com\/avatar\/c2f0e0d515a107624234994507816ca4724c7199cef73fc8bedebf6931d73888?s=96&d=mm&r=g","contentUrl":"https:\/\/secure.gravatar.com\/avatar\/c2f0e0d515a107624234994507816ca4724c7199cef73fc8bedebf6931d73888?s=96&d=mm&r=g","caption":"SalaStampa.eu, world press service"}}]}},"views":757,"_links":{"self":[{"href":"https:\/\/elcanillita.info\/press\/wp-json\/wp\/v2\/posts\/230","targetHints":{"allow":["GET"]}}],"collection":[{"href":"https:\/\/elcanillita.info\/press\/wp-json\/wp\/v2\/posts"}],"about":[{"href":"https:\/\/elcanillita.info\/press\/wp-json\/wp\/v2\/types\/post"}],"author":[{"embeddable":true,"href":"https:\/\/elcanillita.info\/press\/wp-json\/wp\/v2\/users\/1"}],"replies":[{"embeddable":true,"href":"https:\/\/elcanillita.info\/press\/wp-json\/wp\/v2\/comments?post=230"}],"version-history":[{"count":0,"href":"https:\/\/elcanillita.info\/press\/wp-json\/wp\/v2\/posts\/230\/revisions"}],"wp:attachment":[{"href":"https:\/\/elcanillita.info\/press\/wp-json\/wp\/v2\/media?parent=230"}],"wp:term":[{"taxonomy":"category","embeddable":true,"href":"https:\/\/elcanillita.info\/press\/wp-json\/wp\/v2\/categories?post=230"},{"taxonomy":"post_tag","embeddable":true,"href":"https:\/\/elcanillita.info\/press\/wp-json\/wp\/v2\/tags?post=230"}],"curies":[{"name":"wp","href":"https:\/\/api.w.org\/{rel}","templated":true}]}}