{"id":2295,"date":"2022-03-13T16:02:52","date_gmt":"2022-03-13T19:02:52","guid":{"rendered":"https:\/\/elcanillita.info\/press\/?p=2295"},"modified":"2022-03-13T16:04:16","modified_gmt":"2022-03-13T19:04:16","slug":"la-guerra-de-rusia-en-ucrania-podria-ver-a-su-ministro-de-defensa-expulsado-o-impulsado-al-poder","status":"publish","type":"post","link":"https:\/\/elcanillita.info\/press\/2022\/03\/13\/la-guerra-de-rusia-en-ucrania-podria-ver-a-su-ministro-de-defensa-expulsado-o-impulsado-al-poder\/","title":{"rendered":"La guerra de Rusia en Ucrania podr\u00eda ver a su ministro de defensa expulsado o impulsado al poder"},"content":{"rendered":"\n<div class=\"wp-block-image\"><figure class=\"alignleft size-full\"><img loading=\"lazy\" decoding=\"async\" width=\"600\" height=\"378\" src=\"https:\/\/elcanillita.info\/press\/images\/2022\/03\/putn1.jpg\" alt=\"\" class=\"wp-image-2296\" srcset=\"https:\/\/elcanillita.info\/press\/images\/2022\/03\/putn1.jpg 600w, https:\/\/elcanillita.info\/press\/images\/2022\/03\/putn1-300x189.jpg 300w\" sizes=\"auto, (max-width: 600px) 100vw, 600px\" \/><\/figure><\/div>\n\n\n\n<p>El general Sergei Shoigu, aliado de Vladimir Putin desde hace mucho tiempo, es visto por algunos como una figura &#8220;pol\u00edticamente aceptable&#8221; para un golpe militar.<\/p>\n\n\n\n<p>El general Sergei Shoigu, ministro de Defensa ruso, ha sido mencionado como posible sucesor de Vladimir Putin<\/p>\n\n\n\n<p>Vladimir Putin se esforz\u00f3 por dar la impresi\u00f3n de que la guerra de Ucrania iba bien en una reuni\u00f3n organizada para las c\u00e1maras de televisi\u00f3n esta semana.<\/p>\n\n\n\n<p>&#8220;Todo va seg\u00fan el plan, Vladimir Vladimirovich Putin, todo va seg\u00fan el plan&#8221;, le asegur\u00f3 el general Sergei Shoigu, ministro de Defensa ruso.<\/p>\n\n\n\n<p>Pero aquel poco que se ha podido saber de Rusia en cuanto a informaci\u00f3n independiente sugiere que eso est\u00e1 lejos de ser cierto.<\/p>\n\n\n\n<p>Dos altos cargos del servicio de inteligencia FSB, sucesor del KGB, habr\u00edan sido puestos bajo arresto domiciliario.<\/p>\n\n\n\n<p>Sergei Beseda, jefe del departamento de inteligencia exterior del FSB, y su adjunto est\u00e1n detenidos por corrupci\u00f3n y por proporcionar informaci\u00f3n falsa sobre Ucrania.<\/p>\n\n\n\n<p>Las informaciones son imposibles de confirmar, pero proceden de Andrei Soldatov, uno de los periodistas independientes m\u00e1s respetados y bien informados de Rusia.<\/p>\n\n\n\n<p>El Sr. Beseda estaba a cargo de las operaciones de inteligencia en Ucrania, y los informes parecen coincidir con las afirmaciones de un presunto informante del FSB de que se orden\u00f3 a los oficiales que produjeran evaluaciones que &#8220;hicieran quedar bien a Rusia&#8221;.<\/p>\n\n\n\n<p>De ser ciertos, los informes indicar\u00edan que Putin no est\u00e1 nada contento con la lentitud de la guerra, y que son los servicios de inteligencia, y no los militares, los que se han llevado la peor parte de su enfado.<\/p>\n\n\n\n<p>Esto ha puesto al ministro de Defensa en el punto de mira. Antes de la invasi\u00f3n, al general Shoigu se le atribu\u00eda el m\u00e9rito de haber modernizado el ej\u00e9rcito ruso y haberlo convertido en una fuerza a tener en cuenta. Se hablaba de \u00e9l como posible sucesor de Putin.<\/p>\n\n\n\n<p>Tras m\u00e1s de dos semanas de guerra, el ej\u00e9rcito ruso a\u00fan no ha tomado Kiev y la reputaci\u00f3n del general Shoigu se ha visto afectada.<\/p>\n\n\n\n<p>Sin embargo, su alto perfil en Mosc\u00fa sugiere que Putin no le culpa de una campa\u00f1a que, al menos desde fuera, parece haber estado plagada de fallos log\u00edsticos y mala planificaci\u00f3n.<\/p>\n\n\n\n<p>Putin, ex oficial del KGB, parece confiar m\u00e1s en el general Shoigu que en los servicios de inteligencia que en su d\u00eda fueron la columna vertebral de su r\u00e9gimen.<\/p>\n\n\n\n<p>&#8220;Shoigu es una figura interesante porque es el \u00fanico miembro del c\u00edrculo \u00edntimo que tiene algo que podr\u00eda describirse como una forma de amistad con Putin&#8221;, dice Emily Ferris, del think tank Royal United Services Institute. <small>(La mayor\u00eda de los think tanks son organizaciones no gubernamentales, pero algunas son agencias semiaut\u00f3nomas dentro del gobierno o est\u00e1n asociadas con partidos pol\u00edticos, empresas o el ej\u00e9rcito en particular)<\/small>.<\/p>\n\n\n\n<div class=\"wp-block-image\"><figure class=\"alignleft size-full\"><img loading=\"lazy\" decoding=\"async\" width=\"600\" height=\"380\" src=\"https:\/\/elcanillita.info\/press\/images\/2022\/03\/putn2.jpg\" alt=\"\" class=\"wp-image-2297\" srcset=\"https:\/\/elcanillita.info\/press\/images\/2022\/03\/putn2.jpg 600w, https:\/\/elcanillita.info\/press\/images\/2022\/03\/putn2-300x190.jpg 300w\" sizes=\"auto, (max-width: 600px) 100vw, 600px\" \/><\/figure><\/div>\n\n\n\n<p>&#8220;Van a cazar juntos. Hay fotos de ellos en el bosque en Siberia. Eso es algo diferente de la relaci\u00f3n profesional que Putin tiene con los dem\u00e1s&#8221;.<\/p>\n\n\n\n<p>Aunque es dif\u00edcil imaginar a Putin como el tipo de hombre que sale a pescar al aire libre, esa es la imagen que intenta proyectar en las fotos de viajes con el general Shoigu publicadas por el Kremlin.<\/p>\n\n\n\n<p>El general Shoigu es parte de la etnia tuva, un pueblo ind\u00edgena siberiano que vive cerca de la frontera de Rusia con Mongolia, y parece que a Putin le gusta resaltar las ra\u00edces de su ministro de Defensa.<\/p>\n\n\n\n<p>Hay rumores de que el general Shoigu le ha llevado a ceremonias de sacrificio de animales chamanes, aunque es mejor tratarlos con escepticismo: otros informes afirman que el ministro de Defensa es budista, mientras que \u00e9l ha dicho que es un cristiano ortodoxo.<\/p>\n\n\n\n<p>Pero el ascenso al poder del general Shoigu es algo m\u00e1s que viajes de pesca y rituales de chamanes. Las victorias militares en Crimea y Siria le dieron un prestigio considerable y le hicieron enormemente popular entre el p\u00fablico ruso.<\/p>\n\n\n\n<p>Est\u00e1 profundamente implicado en las fechor\u00edas del r\u00e9gimen. Como ministro de Defensa, supervis\u00f3 el bombardeo de zonas civiles en Siria y el arrasamiento de amplias zonas de Alepo.<\/p>\n\n\n\n<p>Aunque se le considera un rival de los servicios de inteligencia, preside el poderoso servicio de inteligencia militar GRU, implicado en el envenenamiento de Sergei Skripal en Salisbury.<\/p>\n\n\n\n<p>Sin embargo, sigue siendo una figura enigm\u00e1tica. Mientras que algunos miembros del c\u00edrculo \u00edntimo, como Alexander Bortnikov, jefe del FSB, y Sergei Patrushev, jefe del servicio de inteligencia exterior SVR, comparten la visi\u00f3n del mundo antioccidental de Putin, el general Shoigu es m\u00e1s dif\u00edcil de identificar.<\/p>\n\n\n\n<p>&#8220;Siempre he encontrado a Shoigu bastante inescrutable&#8221;, dice Ferris. &#8220;Es dif\u00edcil saber lo que piensa&#8221;.<\/p>\n\n\n\n<p>Mientras que la \u00fanica fuente de informaci\u00f3n de la mayor\u00eda de los rusos de a pie sobre la guerra son ahora los medios de comunicaci\u00f3n estatales fuertemente censurados, no ocurre lo mismo con los altos mandos.<\/p>\n\n\n\n<p>&#8220;Deben tener acceso a los servicios de inteligencia y a la informaci\u00f3n que muestra que las cosas no son como Putin las describe, que no todo es un complot occidental contra Rusia&#8221;, dice la Sra. Ferris.<\/p>\n\n\n\n<p>&#8220;Pero no estoy segura de que importe lo que piensen en este momento. En la \u00faltima reuni\u00f3n del Consejo de Seguridad Nacional antes de la invasi\u00f3n se vio que Putin no les consulta. Tener una opini\u00f3n no es parte del trabajo. El trabajo es implementar lo que Putin decide&#8221;.<\/p>\n\n\n\n<p>El general Shoigu ha hecho carrera. En muchos sentidos, es el gran superviviente de la pol\u00edtica rusa. Aparte de Putin, es el \u00fanico ministro de la \u00e9poca de Boris Yeltsin que sigue en una posici\u00f3n de poder.<\/p>\n\n\n\n<p>Los cr\u00edticos dicen que lo ha conseguido siendo un &#8220;s\u00ed&#8221; arribista. Sergei Konvis, un colega de Tuvalu y editor de la oposici\u00f3n que fue a la escuela con el general Shoigu, lo ha descrito como un &#8220;camale\u00f3n profesional&#8221;.<\/p>\n\n\n\n<p>A pesar de su rango de general y del hecho de que aparece regularmente con uniforme militar, el general Shoigu nunca fue un soldado profesional. Lo m\u00e1s cerca que estuvo fue de teniente en la reserva. Debe su rango a la tradici\u00f3n rusa de nombrar generales a los ministros de Defensa.<\/p>\n\n\n\n<p>Se form\u00f3 como ingeniero civil y se hizo famoso como ministro encargado de la gesti\u00f3n de emergencias en los \u00faltimos d\u00edas de la Uni\u00f3n Sovi\u00e9tica. Se hizo famoso por su enfoque pr\u00e1ctico, acudiendo a las escenas de inundaciones, terremotos y ataques terroristas, pero sus detractores dicen que todo era una actuaci\u00f3n para las c\u00e1maras.<\/p>\n\n\n\n<p>En su d\u00eda se habl\u00f3 de \u00e9l como posible sucesor de Yeltsin, hasta que Putin entr\u00f3 en escena. Cuando eso ocurri\u00f3, gir\u00f3 h\u00e1bilmente y se convirti\u00f3 en un fiel amigo y ministro de Putin.<\/p>\n\n\n\n<p>En 2012, Putin le recompens\u00f3 ascendi\u00e9ndolo a ministro de Defensa. Al general Shoigu se le atribuye la modernizaci\u00f3n del ej\u00e9rcito ruso, pero sus cr\u00edticos lo discuten.<\/p>\n\n\n\n<p>Fue su predecesor, Anatoly Seryuokov, quien dio un giro al ej\u00e9rcito, seg\u00fan Kamil Galeev, investigador y periodista independiente ruso conocido por sus hilos de Twitter explicando la guerra.<\/p>\n\n\n\n<p>&#8220;Serdyukov luch\u00f3 con los grupos de inter\u00e9s y fue destruido. Shoigu fue m\u00e1s inteligente que eso&#8221;, escribi\u00f3 Galeev. &#8220;Lanz\u00f3 una campa\u00f1a de relaciones p\u00fablicas present\u00e1ndose como el &#8216;salvador&#8217; del legado de Serdyukov. Todo lo que hizo su predecesor fue desmantelado&#8221;.<\/p>\n\n\n\n<p>El general Shoigu tampoco ha sido inmune a las acusaciones de corrupci\u00f3n. Se afirma que su antigua amante obtuvo m\u00e1s de 77 millones de euros en contratos gubernamentales de sus ministerios.<\/p>\n\n\n\n<p>Los socios de Alexei Navalny, el l\u00edder de la oposici\u00f3n encarcelado, han denunciado que posee una mansi\u00f3n de 13 millones de euros en un pueblo de lujo a las afueras de Mosc\u00fa, donde tambi\u00e9n se encuentra una de las viviendas privadas de Putin.<\/p>\n\n\n\n<p>La guerra en Ucrania podr\u00eda ser decisiva para el futuro del general Shoigu. Si fracasa, podr\u00eda ser expulsado del c\u00edrculo \u00edntimo de Putin y quedar aislado de la riqueza y el estilo de vida que ofrece.<\/p>\n\n\n\n<p>O podr\u00eda verse impulsado a un cargo a\u00fan m\u00e1s alto. El profesor Mark Galeotti, del University College de Londres, ha sugerido que podr\u00eda ser una figura &#8220;carism\u00e1tica y pol\u00edticamente aceptable&#8221; para un golpe militar.<\/p>\n\n\n\n<p>Dado que &#8220;todo es para siempre hasta que deja de serlo&#8221;, el entorno y el c\u00edrculo \u00edntimo que rodea a Putin podr\u00edan calcular que el propio presidente es el problema y su destituci\u00f3n la soluci\u00f3n&#8221;, escribi\u00f3 el profesor Galeotti.<\/p>\n\n\n\n<p>Todo ello significa que el general Shoigu podr\u00eda estar caminando por la cuerda floja, y puede tener cosas a\u00fan m\u00e1s importantes en mente.<\/p>\n\n\n\n<p>Hubo un momento revelador en una reuni\u00f3n televisada anterior, cuando Putin dio la orden de poner las armas nucleares rusas en alerta m\u00e1xima.<\/p>\n\n\n\n<p>Por una vez, el habitualmente inescrutable general Shoigu fue captado por las c\u00e1maras en un momento de despreocupaci\u00f3n. La expresi\u00f3n de su rostro era de miedo.<br><br>\n<small>Copyright \u00a9 2022 ElCanillita.info &#8211; DC24.News &#8211; PanPress.eu \/ SalaStampa.eu &#8211; Derechos reservados <\/small><\/p>\n","protected":false},"excerpt":{"rendered":"<p>El general Sergei Shoigu, ministro de Defensa ruso, ha sido mencionado como posible sucesor de Vladimir Putin<\/p>\n","protected":false},"author":1,"featured_media":2298,"comment_status":"closed","ping_status":"closed","sticky":false,"template":"","format":"standard","meta":{"footnotes":"","_links_to":"","_links_to_target":""},"categories":[7],"tags":[49],"class_list":["post-2295","post","type-post","status-publish","format-standard","has-post-thumbnail","hentry","category-eurasia","tag-rusia","entry","double"],"yoast_head":"<!-- This site is optimized with the Yoast SEO plugin v27.5 - https:\/\/yoast.com\/product\/yoast-seo-wordpress\/ -->\n<title>La guerra de Rusia en Ucrania podr\u00eda ver a su ministro de defensa expulsado o impulsado al poder - ElCanillita.Info<\/title>\n<meta name=\"robots\" content=\"index, follow, max-snippet:-1, max-image-preview:large, max-video-preview:-1\" \/>\n<link rel=\"canonical\" href=\"https:\/\/elcanillita.info\/press\/2022\/03\/13\/la-guerra-de-rusia-en-ucrania-podria-ver-a-su-ministro-de-defensa-expulsado-o-impulsado-al-poder\/\" \/>\n<meta property=\"og:locale\" content=\"es_ES\" \/>\n<meta property=\"og:type\" content=\"article\" \/>\n<meta property=\"og:title\" content=\"La guerra de Rusia en Ucrania podr\u00eda ver a su ministro de defensa expulsado o impulsado al poder - ElCanillita.Info\" \/>\n<meta property=\"og:description\" content=\"El general Sergei Shoigu, ministro de Defensa ruso, ha sido mencionado como posible sucesor de Vladimir Putin\" \/>\n<meta property=\"og:url\" content=\"https:\/\/elcanillita.info\/press\/2022\/03\/13\/la-guerra-de-rusia-en-ucrania-podria-ver-a-su-ministro-de-defensa-expulsado-o-impulsado-al-poder\/\" \/>\n<meta property=\"og:site_name\" content=\"ElCanillita.Info\" \/>\n<meta property=\"article:publisher\" content=\"https:\/\/ar-ar.facebook.com\/ElCanillitainfo-114249515285712\/\" \/>\n<meta property=\"article:published_time\" content=\"2022-03-13T19:02:52+00:00\" \/>\n<meta property=\"article:modified_time\" content=\"2022-03-13T19:04:16+00:00\" \/>\n<meta property=\"og:image\" content=\"https:\/\/elcanillita.info\/press\/images\/2022\/03\/ShoiguII.jpg\" \/>\n\t<meta property=\"og:image:width\" content=\"600\" \/>\n\t<meta property=\"og:image:height\" content=\"499\" \/>\n\t<meta property=\"og:image:type\" content=\"image\/jpeg\" \/>\n<meta name=\"author\" content=\"SalaStampa.eu, world press service\" \/>\n<meta name=\"twitter:card\" content=\"summary_large_image\" \/>\n<meta name=\"twitter:label1\" content=\"Escrito por\" \/>\n\t<meta name=\"twitter:data1\" content=\"SalaStampa.eu, world press service\" \/>\n\t<meta name=\"twitter:label2\" content=\"Tiempo de lectura\" \/>\n\t<meta name=\"twitter:data2\" content=\"8 minutos\" \/>\n<script type=\"application\/ld+json\" class=\"yoast-schema-graph\">{\"@context\":\"https:\\\/\\\/schema.org\",\"@graph\":[{\"@type\":\"Article\",\"@id\":\"https:\\\/\\\/elcanillita.info\\\/press\\\/2022\\\/03\\\/13\\\/la-guerra-de-rusia-en-ucrania-podria-ver-a-su-ministro-de-defensa-expulsado-o-impulsado-al-poder\\\/#article\",\"isPartOf\":{\"@id\":\"https:\\\/\\\/elcanillita.info\\\/press\\\/2022\\\/03\\\/13\\\/la-guerra-de-rusia-en-ucrania-podria-ver-a-su-ministro-de-defensa-expulsado-o-impulsado-al-poder\\\/\"},\"author\":{\"name\":\"SalaStampa.eu, world press service\",\"@id\":\"https:\\\/\\\/elcanillita.info\\\/press\\\/#\\\/schema\\\/person\\\/7fcb79f38045700919f7da6d97e71ba0\"},\"headline\":\"La guerra de Rusia en Ucrania podr\u00eda ver a su ministro de defensa expulsado o impulsado al poder\",\"datePublished\":\"2022-03-13T19:02:52+00:00\",\"dateModified\":\"2022-03-13T19:04:16+00:00\",\"mainEntityOfPage\":{\"@id\":\"https:\\\/\\\/elcanillita.info\\\/press\\\/2022\\\/03\\\/13\\\/la-guerra-de-rusia-en-ucrania-podria-ver-a-su-ministro-de-defensa-expulsado-o-impulsado-al-poder\\\/\"},\"wordCount\":1590,\"publisher\":{\"@id\":\"https:\\\/\\\/elcanillita.info\\\/press\\\/#organization\"},\"image\":{\"@id\":\"https:\\\/\\\/elcanillita.info\\\/press\\\/2022\\\/03\\\/13\\\/la-guerra-de-rusia-en-ucrania-podria-ver-a-su-ministro-de-defensa-expulsado-o-impulsado-al-poder\\\/#primaryimage\"},\"thumbnailUrl\":\"https:\\\/\\\/elcanillita.info\\\/press\\\/images\\\/2022\\\/03\\\/ShoiguII.jpg\",\"keywords\":[\"Rusia\"],\"articleSection\":[\"Eurasia\"],\"inLanguage\":\"es-AR\"},{\"@type\":\"WebPage\",\"@id\":\"https:\\\/\\\/elcanillita.info\\\/press\\\/2022\\\/03\\\/13\\\/la-guerra-de-rusia-en-ucrania-podria-ver-a-su-ministro-de-defensa-expulsado-o-impulsado-al-poder\\\/\",\"url\":\"https:\\\/\\\/elcanillita.info\\\/press\\\/2022\\\/03\\\/13\\\/la-guerra-de-rusia-en-ucrania-podria-ver-a-su-ministro-de-defensa-expulsado-o-impulsado-al-poder\\\/\",\"name\":\"La guerra de Rusia en Ucrania podr\u00eda ver a su ministro de defensa expulsado o impulsado al poder - ElCanillita.Info\",\"isPartOf\":{\"@id\":\"https:\\\/\\\/elcanillita.info\\\/press\\\/#website\"},\"primaryImageOfPage\":{\"@id\":\"https:\\\/\\\/elcanillita.info\\\/press\\\/2022\\\/03\\\/13\\\/la-guerra-de-rusia-en-ucrania-podria-ver-a-su-ministro-de-defensa-expulsado-o-impulsado-al-poder\\\/#primaryimage\"},\"image\":{\"@id\":\"https:\\\/\\\/elcanillita.info\\\/press\\\/2022\\\/03\\\/13\\\/la-guerra-de-rusia-en-ucrania-podria-ver-a-su-ministro-de-defensa-expulsado-o-impulsado-al-poder\\\/#primaryimage\"},\"thumbnailUrl\":\"https:\\\/\\\/elcanillita.info\\\/press\\\/images\\\/2022\\\/03\\\/ShoiguII.jpg\",\"datePublished\":\"2022-03-13T19:02:52+00:00\",\"dateModified\":\"2022-03-13T19:04:16+00:00\",\"inLanguage\":\"es-AR\",\"potentialAction\":[{\"@type\":\"ReadAction\",\"target\":[\"https:\\\/\\\/elcanillita.info\\\/press\\\/2022\\\/03\\\/13\\\/la-guerra-de-rusia-en-ucrania-podria-ver-a-su-ministro-de-defensa-expulsado-o-impulsado-al-poder\\\/\"]}]},{\"@type\":\"ImageObject\",\"inLanguage\":\"es-AR\",\"@id\":\"https:\\\/\\\/elcanillita.info\\\/press\\\/2022\\\/03\\\/13\\\/la-guerra-de-rusia-en-ucrania-podria-ver-a-su-ministro-de-defensa-expulsado-o-impulsado-al-poder\\\/#primaryimage\",\"url\":\"https:\\\/\\\/elcanillita.info\\\/press\\\/images\\\/2022\\\/03\\\/ShoiguII.jpg\",\"contentUrl\":\"https:\\\/\\\/elcanillita.info\\\/press\\\/images\\\/2022\\\/03\\\/ShoiguII.jpg\",\"width\":600,\"height\":499},{\"@type\":\"WebSite\",\"@id\":\"https:\\\/\\\/elcanillita.info\\\/press\\\/#website\",\"url\":\"https:\\\/\\\/elcanillita.info\\\/press\\\/\",\"name\":\"ElCanillita.Info\",\"description\":\"desde los Apeninos a los Andes\",\"publisher\":{\"@id\":\"https:\\\/\\\/elcanillita.info\\\/press\\\/#organization\"},\"potentialAction\":[{\"@type\":\"SearchAction\",\"target\":{\"@type\":\"EntryPoint\",\"urlTemplate\":\"https:\\\/\\\/elcanillita.info\\\/press\\\/?s={search_term_string}\"},\"query-input\":{\"@type\":\"PropertyValueSpecification\",\"valueRequired\":true,\"valueName\":\"search_term_string\"}}],\"inLanguage\":\"es-AR\"},{\"@type\":\"Organization\",\"@id\":\"https:\\\/\\\/elcanillita.info\\\/press\\\/#organization\",\"name\":\"Guzzo Photos & Graphic Publications\",\"url\":\"https:\\\/\\\/elcanillita.info\\\/press\\\/\",\"logo\":{\"@type\":\"ImageObject\",\"inLanguage\":\"es-AR\",\"@id\":\"https:\\\/\\\/elcanillita.info\\\/press\\\/#\\\/schema\\\/logo\\\/image\\\/\",\"url\":\"https:\\\/\\\/elcanillita.info\\\/press\\\/images\\\/2020\\\/01\\\/cropped-cropped-cropped-elcanillitainfo.png\",\"contentUrl\":\"https:\\\/\\\/elcanillita.info\\\/press\\\/images\\\/2020\\\/01\\\/cropped-cropped-cropped-elcanillitainfo.png\",\"width\":460,\"height\":50,\"caption\":\"Guzzo Photos & Graphic Publications\"},\"image\":{\"@id\":\"https:\\\/\\\/elcanillita.info\\\/press\\\/#\\\/schema\\\/logo\\\/image\\\/\"},\"sameAs\":[\"https:\\\/\\\/ar-ar.facebook.com\\\/ElCanillitainfo-114249515285712\\\/\"]},{\"@type\":\"Person\",\"@id\":\"https:\\\/\\\/elcanillita.info\\\/press\\\/#\\\/schema\\\/person\\\/7fcb79f38045700919f7da6d97e71ba0\",\"name\":\"SalaStampa.eu, world press service\",\"image\":{\"@type\":\"ImageObject\",\"inLanguage\":\"es-AR\",\"@id\":\"https:\\\/\\\/secure.gravatar.com\\\/avatar\\\/c2f0e0d515a107624234994507816ca4724c7199cef73fc8bedebf6931d73888?s=96&d=mm&r=g\",\"url\":\"https:\\\/\\\/secure.gravatar.com\\\/avatar\\\/c2f0e0d515a107624234994507816ca4724c7199cef73fc8bedebf6931d73888?s=96&d=mm&r=g\",\"contentUrl\":\"https:\\\/\\\/secure.gravatar.com\\\/avatar\\\/c2f0e0d515a107624234994507816ca4724c7199cef73fc8bedebf6931d73888?s=96&d=mm&r=g\",\"caption\":\"SalaStampa.eu, world press service\"}}]}<\/script>\n<!-- \/ Yoast SEO plugin. -->","yoast_head_json":{"title":"La guerra de Rusia en Ucrania podr\u00eda ver a su ministro de defensa expulsado o impulsado al poder - ElCanillita.Info","robots":{"index":"index","follow":"follow","max-snippet":"max-snippet:-1","max-image-preview":"max-image-preview:large","max-video-preview":"max-video-preview:-1"},"canonical":"https:\/\/elcanillita.info\/press\/2022\/03\/13\/la-guerra-de-rusia-en-ucrania-podria-ver-a-su-ministro-de-defensa-expulsado-o-impulsado-al-poder\/","og_locale":"es_ES","og_type":"article","og_title":"La guerra de Rusia en Ucrania podr\u00eda ver a su ministro de defensa expulsado o impulsado al poder - ElCanillita.Info","og_description":"El general Sergei Shoigu, ministro de Defensa ruso, ha sido mencionado como posible sucesor de Vladimir Putin","og_url":"https:\/\/elcanillita.info\/press\/2022\/03\/13\/la-guerra-de-rusia-en-ucrania-podria-ver-a-su-ministro-de-defensa-expulsado-o-impulsado-al-poder\/","og_site_name":"ElCanillita.Info","article_publisher":"https:\/\/ar-ar.facebook.com\/ElCanillitainfo-114249515285712\/","article_published_time":"2022-03-13T19:02:52+00:00","article_modified_time":"2022-03-13T19:04:16+00:00","og_image":[{"width":600,"height":499,"url":"https:\/\/elcanillita.info\/press\/images\/2022\/03\/ShoiguII.jpg","type":"image\/jpeg"}],"author":"SalaStampa.eu, world press service","twitter_card":"summary_large_image","twitter_misc":{"Escrito por":"SalaStampa.eu, world press service","Tiempo de lectura":"8 minutos"},"schema":{"@context":"https:\/\/schema.org","@graph":[{"@type":"Article","@id":"https:\/\/elcanillita.info\/press\/2022\/03\/13\/la-guerra-de-rusia-en-ucrania-podria-ver-a-su-ministro-de-defensa-expulsado-o-impulsado-al-poder\/#article","isPartOf":{"@id":"https:\/\/elcanillita.info\/press\/2022\/03\/13\/la-guerra-de-rusia-en-ucrania-podria-ver-a-su-ministro-de-defensa-expulsado-o-impulsado-al-poder\/"},"author":{"name":"SalaStampa.eu, world press service","@id":"https:\/\/elcanillita.info\/press\/#\/schema\/person\/7fcb79f38045700919f7da6d97e71ba0"},"headline":"La guerra de Rusia en Ucrania podr\u00eda ver a su ministro de defensa expulsado o impulsado al poder","datePublished":"2022-03-13T19:02:52+00:00","dateModified":"2022-03-13T19:04:16+00:00","mainEntityOfPage":{"@id":"https:\/\/elcanillita.info\/press\/2022\/03\/13\/la-guerra-de-rusia-en-ucrania-podria-ver-a-su-ministro-de-defensa-expulsado-o-impulsado-al-poder\/"},"wordCount":1590,"publisher":{"@id":"https:\/\/elcanillita.info\/press\/#organization"},"image":{"@id":"https:\/\/elcanillita.info\/press\/2022\/03\/13\/la-guerra-de-rusia-en-ucrania-podria-ver-a-su-ministro-de-defensa-expulsado-o-impulsado-al-poder\/#primaryimage"},"thumbnailUrl":"https:\/\/elcanillita.info\/press\/images\/2022\/03\/ShoiguII.jpg","keywords":["Rusia"],"articleSection":["Eurasia"],"inLanguage":"es-AR"},{"@type":"WebPage","@id":"https:\/\/elcanillita.info\/press\/2022\/03\/13\/la-guerra-de-rusia-en-ucrania-podria-ver-a-su-ministro-de-defensa-expulsado-o-impulsado-al-poder\/","url":"https:\/\/elcanillita.info\/press\/2022\/03\/13\/la-guerra-de-rusia-en-ucrania-podria-ver-a-su-ministro-de-defensa-expulsado-o-impulsado-al-poder\/","name":"La guerra de Rusia en Ucrania podr\u00eda ver a su ministro de defensa expulsado o impulsado al poder - ElCanillita.Info","isPartOf":{"@id":"https:\/\/elcanillita.info\/press\/#website"},"primaryImageOfPage":{"@id":"https:\/\/elcanillita.info\/press\/2022\/03\/13\/la-guerra-de-rusia-en-ucrania-podria-ver-a-su-ministro-de-defensa-expulsado-o-impulsado-al-poder\/#primaryimage"},"image":{"@id":"https:\/\/elcanillita.info\/press\/2022\/03\/13\/la-guerra-de-rusia-en-ucrania-podria-ver-a-su-ministro-de-defensa-expulsado-o-impulsado-al-poder\/#primaryimage"},"thumbnailUrl":"https:\/\/elcanillita.info\/press\/images\/2022\/03\/ShoiguII.jpg","datePublished":"2022-03-13T19:02:52+00:00","dateModified":"2022-03-13T19:04:16+00:00","inLanguage":"es-AR","potentialAction":[{"@type":"ReadAction","target":["https:\/\/elcanillita.info\/press\/2022\/03\/13\/la-guerra-de-rusia-en-ucrania-podria-ver-a-su-ministro-de-defensa-expulsado-o-impulsado-al-poder\/"]}]},{"@type":"ImageObject","inLanguage":"es-AR","@id":"https:\/\/elcanillita.info\/press\/2022\/03\/13\/la-guerra-de-rusia-en-ucrania-podria-ver-a-su-ministro-de-defensa-expulsado-o-impulsado-al-poder\/#primaryimage","url":"https:\/\/elcanillita.info\/press\/images\/2022\/03\/ShoiguII.jpg","contentUrl":"https:\/\/elcanillita.info\/press\/images\/2022\/03\/ShoiguII.jpg","width":600,"height":499},{"@type":"WebSite","@id":"https:\/\/elcanillita.info\/press\/#website","url":"https:\/\/elcanillita.info\/press\/","name":"ElCanillita.Info","description":"desde los Apeninos a los Andes","publisher":{"@id":"https:\/\/elcanillita.info\/press\/#organization"},"potentialAction":[{"@type":"SearchAction","target":{"@type":"EntryPoint","urlTemplate":"https:\/\/elcanillita.info\/press\/?s={search_term_string}"},"query-input":{"@type":"PropertyValueSpecification","valueRequired":true,"valueName":"search_term_string"}}],"inLanguage":"es-AR"},{"@type":"Organization","@id":"https:\/\/elcanillita.info\/press\/#organization","name":"Guzzo Photos & Graphic Publications","url":"https:\/\/elcanillita.info\/press\/","logo":{"@type":"ImageObject","inLanguage":"es-AR","@id":"https:\/\/elcanillita.info\/press\/#\/schema\/logo\/image\/","url":"https:\/\/elcanillita.info\/press\/images\/2020\/01\/cropped-cropped-cropped-elcanillitainfo.png","contentUrl":"https:\/\/elcanillita.info\/press\/images\/2020\/01\/cropped-cropped-cropped-elcanillitainfo.png","width":460,"height":50,"caption":"Guzzo Photos & Graphic Publications"},"image":{"@id":"https:\/\/elcanillita.info\/press\/#\/schema\/logo\/image\/"},"sameAs":["https:\/\/ar-ar.facebook.com\/ElCanillitainfo-114249515285712\/"]},{"@type":"Person","@id":"https:\/\/elcanillita.info\/press\/#\/schema\/person\/7fcb79f38045700919f7da6d97e71ba0","name":"SalaStampa.eu, world press service","image":{"@type":"ImageObject","inLanguage":"es-AR","@id":"https:\/\/secure.gravatar.com\/avatar\/c2f0e0d515a107624234994507816ca4724c7199cef73fc8bedebf6931d73888?s=96&d=mm&r=g","url":"https:\/\/secure.gravatar.com\/avatar\/c2f0e0d515a107624234994507816ca4724c7199cef73fc8bedebf6931d73888?s=96&d=mm&r=g","contentUrl":"https:\/\/secure.gravatar.com\/avatar\/c2f0e0d515a107624234994507816ca4724c7199cef73fc8bedebf6931d73888?s=96&d=mm&r=g","caption":"SalaStampa.eu, world press service"}}]}},"views":504,"_links":{"self":[{"href":"https:\/\/elcanillita.info\/press\/wp-json\/wp\/v2\/posts\/2295","targetHints":{"allow":["GET"]}}],"collection":[{"href":"https:\/\/elcanillita.info\/press\/wp-json\/wp\/v2\/posts"}],"about":[{"href":"https:\/\/elcanillita.info\/press\/wp-json\/wp\/v2\/types\/post"}],"author":[{"embeddable":true,"href":"https:\/\/elcanillita.info\/press\/wp-json\/wp\/v2\/users\/1"}],"replies":[{"embeddable":true,"href":"https:\/\/elcanillita.info\/press\/wp-json\/wp\/v2\/comments?post=2295"}],"version-history":[{"count":0,"href":"https:\/\/elcanillita.info\/press\/wp-json\/wp\/v2\/posts\/2295\/revisions"}],"wp:featuredmedia":[{"embeddable":true,"href":"https:\/\/elcanillita.info\/press\/wp-json\/wp\/v2\/media\/2298"}],"wp:attachment":[{"href":"https:\/\/elcanillita.info\/press\/wp-json\/wp\/v2\/media?parent=2295"}],"wp:term":[{"taxonomy":"category","embeddable":true,"href":"https:\/\/elcanillita.info\/press\/wp-json\/wp\/v2\/categories?post=2295"},{"taxonomy":"post_tag","embeddable":true,"href":"https:\/\/elcanillita.info\/press\/wp-json\/wp\/v2\/tags?post=2295"}],"curies":[{"name":"wp","href":"https:\/\/api.w.org\/{rel}","templated":true}]}}