{"id":2287,"date":"2022-03-08T20:43:20","date_gmt":"2022-03-08T23:43:20","guid":{"rendered":"https:\/\/elcanillita.info\/press\/?p=2287"},"modified":"2022-03-08T20:43:21","modified_gmt":"2022-03-08T23:43:21","slug":"corresponsal-de-prensa-en-rusia-nataliya-vasilyeva-huyo-del-regimen-autocratico-de-vladimir-putin-tras-la-guerra-de-ucrania","status":"publish","type":"post","link":"https:\/\/elcanillita.info\/press\/2022\/03\/08\/corresponsal-de-prensa-en-rusia-nataliya-vasilyeva-huyo-del-regimen-autocratico-de-vladimir-putin-tras-la-guerra-de-ucrania\/","title":{"rendered":"Corresponsal de prensa en Rusia, Nataliya Vasilyeva huy\u00f3 del r\u00e9gimen autocr\u00e1tico de Vladimir Putin tras la guerra de Ucrania."},"content":{"rendered":"\n<div class=\"wp-block-image\"><figure class=\"alignleft size-full\"><img loading=\"lazy\" decoding=\"async\" width=\"601\" height=\"400\" src=\"https:\/\/elcanillita.info\/press\/images\/2022\/03\/corresponsal.jpg\" alt=\"\" class=\"wp-image-2288\" srcset=\"https:\/\/elcanillita.info\/press\/images\/2022\/03\/corresponsal.jpg 601w, https:\/\/elcanillita.info\/press\/images\/2022\/03\/corresponsal-300x200.jpg 300w\" sizes=\"auto, (max-width: 601px) 100vw, 601px\" \/><figcaption>Nataliya Vasilyeva es detenida en Mosc\u00fa por informar sobre la guerra de Ucrania, antes de huir del pa\u00eds<\/figcaption><\/figure><\/div>\n\n\n\n<p> La inminente condena de Rusia por la censura y las sanciones no me dej\u00f3 otra opci\u00f3n que huir. Mientras hac\u00eda cola en un cajero autom\u00e1tico con otra docena de rusos desorientados en Tiflis (Georgia), un lugare\u00f1o se detuvo, nos silb\u00f3 y grit\u00f3: &#8220;\u00a1Buque de guerra ruso, v\u00e1yanse a la mierda! Rusos, v\u00e1yanse a la mierda&#8221;.<\/p>\n\n\n\n<p>Inmediatamente reconocimos la cita del buque de guerra, pronunciada por primera vez por un grupo de guardias fronterizos ucranianos, al negarse a entregar una isla el primer d\u00eda de la invasi\u00f3n rusa. Desde entonces se ha convertido en un grito de guerra contra Mosc\u00fa.<\/p>\n\n\n\n<p>Desde que comenz\u00f3 la invasi\u00f3n, hace casi dos semanas, m\u00e1s de 1,5 millones de ucranianos han huido a Europa central y a otros lugares en una desesperada huida de las bombas rusas.<\/p>\n\n\n\n<p>Pero decenas de miles de rusos -la mayor\u00eda de ellos bien educados, urbanos y con una perspectiva internacional- han huido ahora del r\u00e9gimen de Vladimir Putin y de lo que parece ser un inminente nuevo Tel\u00f3n de Acero.<\/p>\n\n\n\n<p>Ya sea en Erev\u00e1n (Armenia), Bujara (Uzbekist\u00e1n) o Estambul (Turqu\u00eda), el destino es lo de menos. Aunque algunos lugare\u00f1os son poco acogedores con los reci\u00e9n llegados, muchos rusos -yo incluido- sentimos que no ten\u00edamos otra opci\u00f3n.<\/p>\n\n\n\n<p>Una avalancha de sanciones internacionales amenaza con sumir a millones de personas en la pobreza y convertir a Rusia en un paria internacional al mismo nivel que Corea del Norte. Una nueva y draconiana ley, por la que cualquiera que contradiga la l\u00ednea oficial del Kremlin sobre el conflicto puede ser condenado a 15 a\u00f1os de c\u00e1rcel, ha provocado un \u00e9xodo de periodistas.<\/p>\n\n\n\n<p>Los persistentes rumores sobre la inminente introducci\u00f3n de la ley marcial, que podr\u00eda llevar al reclutamiento forzoso, han hecho que la huida sea a\u00fan m\u00e1s apremiante para los hombres en edad de combatir.<\/p>\n\n\n\n<p>A los pocos d\u00edas del inicio del conflicto, todos los billetes de avi\u00f3n para salir del pa\u00eds se hab\u00edan agotado cuando Occidente cerr\u00f3 su espacio a\u00e9reo a las compa\u00f1\u00edas a\u00e9reas rusas. Algunos rusos cruzaron la frontera con Europa a pie.<\/p>\n\n\n\n<p>Yo tuve suerte y consegu\u00ed volar a Tiflis, con una escala nocturna en Estambul. En Turqu\u00eda, fui a encontrarme con un amigo local en un bar de un palacio del siglo XIX, donde enseguida me top\u00e9 con dos conocidos de Mosc\u00fa. Trabajan, o trabajaban, en dos de las instituciones culturales m\u00e1s conocidas de Mosc\u00fa.<\/p>\n\n\n\n<p>Las sedes de ambas organizaciones siguen en pie en Mosc\u00fa, pero todas sus operaciones han sido suspendidas. Rusia se ha vuelto demasiado t\u00f3xica para desempe\u00f1ar cualquier papel en la cultura internacional.<\/p>\n\n\n\n<p>Mis dos conocidos, hombres educados en Occidente de unos 30 a\u00f1os, hablaron de un miedo paralizante al pasar el control de pasaportes en Mosc\u00fa. Los guardias fronterizos interrogaban a los viajeros y les exigian desbloquear sus tel\u00e9fonos.<\/p>\n\n\n\n<p>Ambos hab\u00edan borrado sus chats y cualquier aplicaci\u00f3n que pudiera haberles se\u00f1alado como opositores. Uno de ellos instal\u00f3 una aplicaci\u00f3n del canal del Kremlin RT como se\u00f1uelo.<\/p>\n\n\n\n<p>&#8220;Cualquier cosa que digas es una traici\u00f3n en Rusia ahora mismo&#8221;, dijo uno de mis amigos.<\/p>\n\n\n\n<p>La Rusia que conoc\u00edamos ya no existe. La Rusia de la era de la guerra de Vladimir Putin no tiene tiempo para los dise\u00f1adores, los artistas y los desarrolladores inform\u00e1ticos, ni para nadie que tenga una visi\u00f3n global.<\/p>\n\n\n\n<p>En las calles de Estambul y Tiflis se habla de d\u00f3nde ir y d\u00f3nde establecerse.<\/p>\n\n\n\n<p>La afluencia de rusos educados y desesperados por escapar se ha comparado con el \u00e9xodo de los rusos blancos que huyeron de los bolcheviques tras la Guerra Civil rusa, hace m\u00e1s de un siglo.<\/p>\n\n\n\n<p>Los rusos blancos -llamados as\u00ed por el Ej\u00e9rcito Blanco antibolchevique y que contaban con el novelista Vladimir Nabokov y el compositor Igor Stravinsky entre sus miembros- se asentaron en todo el mundo, dejando tras de s\u00ed una herencia cultural duradera.<\/p>\n\n\n\n<p>Mientras est\u00e1bamos sentados en aquel club de Estambul, hablando de los pormenores de la obtenci\u00f3n del permiso de residencia en Turqu\u00eda, entr\u00f3 en la sala un hombre alto con gorra de b\u00e9isbol y gafas de pasta. Era Kirill Serebrennikov, el director de cine y teatro m\u00e1s cotizado de Rusia.<\/p>\n\n\n\n<p>Los nuevos emigrantes que conoc\u00ed en Estambul y Tiflis ten\u00edan en su inmensa mayor\u00eda entre 30 y 40 a\u00f1os, con habilidades transferibles, ya sea en tecnolog\u00eda o en cine.<\/p>\n\n\n\n<p>Al menos 25.000 rusos viajaron a Georgia s\u00f3lo la semana pasada, dijo el lunes Levan Davitashvili, viceprimer ministro georgiano. Su pa\u00eds est\u00e1 abierto a esta nueva mano de obra cualificada, afirm\u00f3.<\/p>\n\n\n\n<p>Los hoteles y pensiones de Tiflis est\u00e1n llenos esta semana y los rusos superan a los locales en muchos caf\u00e9s y tiendas.<\/p>\n\n\n\n<p>Cuando baj\u00e9 a desayunar a mi hotel de Tiflis el domingo por la ma\u00f1ana, vi una habitaci\u00f3n llena de rusos: parejas j\u00f3venes y educadas con sus perros y ni\u00f1os, todos con aspecto confuso y triste.<\/p>\n\n\n\n<p>Un piso m\u00e1s arriba, se o\u00eda a una mujer gritar a voz en grito, maldiciendo a Putin por haber destruido su vida.<\/p>\n\n\n\n<p>El fin de semana, Visa y MasterCard anunciaron que suspend\u00edan sus operaciones en Rusia. Pero, en un cruel giro, result\u00f3 que la prohibici\u00f3n s\u00f3lo afectar\u00e1 a quienes utilicen tarjetas emitidas en Rusia fuera del pa\u00eds.<br> <br>El 72% de los rusos que nunca viajan al extranjero -por cierto, aproximadamente la misma proporci\u00f3n de rusos que apoyan a Putin- no se ver\u00e1 afectado. Los que han huido o quieren visitar Occidente ser\u00e1n castigados.<\/p>\n\n\n\n<p>En la cola en la que nos dijeron que nos fu\u00e9ramos a la mierda en Tiflis, intent\u00e1bamos desesperadamente retirar d\u00f3lares antes de que nuestras tarjetas bancarias se convirtieran en trozos de pl\u00e1stico in\u00fatiles.<\/p>\n\n\n\n<p>El lunes lo hicieron, convirtiendo a profesionales de \u00e9xito en indigentes de la noche a la ma\u00f1ana, aunque espero que s\u00f3lo temporalmente. Yo, por ejemplo, tuve que enfrentarme a la ira de un taxista que no pudo sacar el importe de su viaje de mi cuenta rusa, porque se hab\u00eda bloqueado mientras yo estaba en su coche.<\/p>\n\n\n\n<p>Mis compatriotas en Georgia susurraban entre ellos acerca de un importante banco que ped\u00eda a los nuevos clientes rusos que firmaran un formulario en el que declaraban que se opon\u00edan a la agresi\u00f3n del Kremlin en Ucrania, as\u00ed como a la ocupaci\u00f3n por parte de Mosc\u00fa de las rep\u00fablicas separatistas de Georgia, Osetia del Sur y Abjasia.<\/p>\n\n\n\n<p>Una sucursal central de ese banco fue asediada por hombres y mujeres rusos ansiosos por compilar los formularios ni bien abrieron el lunes por la ma\u00f1ana.<br><br>\n<small>PanPress.eu  \/ SalaStampa.eu &#8211; Copyright \u00a9 2021 ElCanillita.info &#8211; Todos los derechos reservados<\/small><\/p>\n","protected":false},"excerpt":{"rendered":"<p>Nataliya Vasilyeva es detenida en Mosc\u00fa por informar sobre la guerra de Ucrania, antes de huir del pa\u00eds.<\/p>\n","protected":false},"author":1,"featured_media":2289,"comment_status":"closed","ping_status":"closed","sticky":false,"template":"","format":"standard","meta":{"footnotes":"","_links_to":"","_links_to_target":""},"categories":[70,7],"tags":[52],"class_list":["post-2287","post","type-post","status-publish","format-standard","has-post-thumbnail","hentry","category-actualidad","category-eurasia","tag-ucrania","entry","double"],"yoast_head":"<!-- This site is optimized with the Yoast SEO plugin v27.4 - https:\/\/yoast.com\/product\/yoast-seo-wordpress\/ -->\n<title>Corresponsal de prensa en Rusia, Nataliya Vasilyeva huy\u00f3 del r\u00e9gimen autocr\u00e1tico de Vladimir Putin tras la guerra de Ucrania. - ElCanillita.Info<\/title>\n<meta name=\"robots\" content=\"index, follow, max-snippet:-1, max-image-preview:large, max-video-preview:-1\" \/>\n<link rel=\"canonical\" href=\"https:\/\/elcanillita.info\/press\/2022\/03\/08\/corresponsal-de-prensa-en-rusia-nataliya-vasilyeva-huyo-del-regimen-autocratico-de-vladimir-putin-tras-la-guerra-de-ucrania\/\" \/>\n<meta property=\"og:locale\" content=\"es_ES\" \/>\n<meta property=\"og:type\" content=\"article\" \/>\n<meta property=\"og:title\" content=\"Corresponsal de prensa en Rusia, Nataliya Vasilyeva huy\u00f3 del r\u00e9gimen autocr\u00e1tico de Vladimir Putin tras la guerra de Ucrania. - ElCanillita.Info\" \/>\n<meta property=\"og:description\" content=\"Nataliya Vasilyeva es detenida en Mosc\u00fa por informar sobre la guerra de Ucrania, antes de huir del pa\u00eds.\" \/>\n<meta property=\"og:url\" content=\"https:\/\/elcanillita.info\/press\/2022\/03\/08\/corresponsal-de-prensa-en-rusia-nataliya-vasilyeva-huyo-del-regimen-autocratico-de-vladimir-putin-tras-la-guerra-de-ucrania\/\" \/>\n<meta property=\"og:site_name\" content=\"ElCanillita.Info\" \/>\n<meta property=\"article:publisher\" content=\"https:\/\/ar-ar.facebook.com\/ElCanillitainfo-114249515285712\/\" \/>\n<meta property=\"article:published_time\" content=\"2022-03-08T23:43:20+00:00\" \/>\n<meta property=\"article:modified_time\" content=\"2022-03-08T23:43:21+00:00\" \/>\n<meta property=\"og:image\" content=\"https:\/\/elcanillita.info\/press\/images\/2022\/03\/press.jpg\" \/>\n\t<meta property=\"og:image:width\" content=\"600\" \/>\n\t<meta property=\"og:image:height\" content=\"400\" \/>\n\t<meta property=\"og:image:type\" content=\"image\/jpeg\" \/>\n<meta name=\"author\" content=\"SalaStampa.eu, world press service\" \/>\n<meta name=\"twitter:card\" content=\"summary_large_image\" \/>\n<meta name=\"twitter:label1\" content=\"Escrito por\" \/>\n\t<meta name=\"twitter:data1\" content=\"SalaStampa.eu, world press service\" \/>\n\t<meta name=\"twitter:label2\" content=\"Tiempo de lectura\" \/>\n\t<meta name=\"twitter:data2\" content=\"6 minutos\" \/>\n<script type=\"application\/ld+json\" class=\"yoast-schema-graph\">{\"@context\":\"https:\\\/\\\/schema.org\",\"@graph\":[{\"@type\":\"Article\",\"@id\":\"https:\\\/\\\/elcanillita.info\\\/press\\\/2022\\\/03\\\/08\\\/corresponsal-de-prensa-en-rusia-nataliya-vasilyeva-huyo-del-regimen-autocratico-de-vladimir-putin-tras-la-guerra-de-ucrania\\\/#article\",\"isPartOf\":{\"@id\":\"https:\\\/\\\/elcanillita.info\\\/press\\\/2022\\\/03\\\/08\\\/corresponsal-de-prensa-en-rusia-nataliya-vasilyeva-huyo-del-regimen-autocratico-de-vladimir-putin-tras-la-guerra-de-ucrania\\\/\"},\"author\":{\"name\":\"SalaStampa.eu, world press service\",\"@id\":\"https:\\\/\\\/elcanillita.info\\\/press\\\/#\\\/schema\\\/person\\\/7fcb79f38045700919f7da6d97e71ba0\"},\"headline\":\"Corresponsal de prensa en Rusia, Nataliya Vasilyeva huy\u00f3 del r\u00e9gimen autocr\u00e1tico de Vladimir Putin tras la guerra de Ucrania.\",\"datePublished\":\"2022-03-08T23:43:20+00:00\",\"dateModified\":\"2022-03-08T23:43:21+00:00\",\"mainEntityOfPage\":{\"@id\":\"https:\\\/\\\/elcanillita.info\\\/press\\\/2022\\\/03\\\/08\\\/corresponsal-de-prensa-en-rusia-nataliya-vasilyeva-huyo-del-regimen-autocratico-de-vladimir-putin-tras-la-guerra-de-ucrania\\\/\"},\"wordCount\":1204,\"publisher\":{\"@id\":\"https:\\\/\\\/elcanillita.info\\\/press\\\/#organization\"},\"image\":{\"@id\":\"https:\\\/\\\/elcanillita.info\\\/press\\\/2022\\\/03\\\/08\\\/corresponsal-de-prensa-en-rusia-nataliya-vasilyeva-huyo-del-regimen-autocratico-de-vladimir-putin-tras-la-guerra-de-ucrania\\\/#primaryimage\"},\"thumbnailUrl\":\"https:\\\/\\\/elcanillita.info\\\/press\\\/images\\\/2022\\\/03\\\/press.jpg\",\"keywords\":[\"Ucrania\"],\"articleSection\":[\"Actualidad\",\"Eurasia\"],\"inLanguage\":\"es-AR\"},{\"@type\":\"WebPage\",\"@id\":\"https:\\\/\\\/elcanillita.info\\\/press\\\/2022\\\/03\\\/08\\\/corresponsal-de-prensa-en-rusia-nataliya-vasilyeva-huyo-del-regimen-autocratico-de-vladimir-putin-tras-la-guerra-de-ucrania\\\/\",\"url\":\"https:\\\/\\\/elcanillita.info\\\/press\\\/2022\\\/03\\\/08\\\/corresponsal-de-prensa-en-rusia-nataliya-vasilyeva-huyo-del-regimen-autocratico-de-vladimir-putin-tras-la-guerra-de-ucrania\\\/\",\"name\":\"Corresponsal de prensa en Rusia, Nataliya Vasilyeva huy\u00f3 del r\u00e9gimen autocr\u00e1tico de Vladimir Putin tras la guerra de Ucrania. - ElCanillita.Info\",\"isPartOf\":{\"@id\":\"https:\\\/\\\/elcanillita.info\\\/press\\\/#website\"},\"primaryImageOfPage\":{\"@id\":\"https:\\\/\\\/elcanillita.info\\\/press\\\/2022\\\/03\\\/08\\\/corresponsal-de-prensa-en-rusia-nataliya-vasilyeva-huyo-del-regimen-autocratico-de-vladimir-putin-tras-la-guerra-de-ucrania\\\/#primaryimage\"},\"image\":{\"@id\":\"https:\\\/\\\/elcanillita.info\\\/press\\\/2022\\\/03\\\/08\\\/corresponsal-de-prensa-en-rusia-nataliya-vasilyeva-huyo-del-regimen-autocratico-de-vladimir-putin-tras-la-guerra-de-ucrania\\\/#primaryimage\"},\"thumbnailUrl\":\"https:\\\/\\\/elcanillita.info\\\/press\\\/images\\\/2022\\\/03\\\/press.jpg\",\"datePublished\":\"2022-03-08T23:43:20+00:00\",\"dateModified\":\"2022-03-08T23:43:21+00:00\",\"inLanguage\":\"es-AR\",\"potentialAction\":[{\"@type\":\"ReadAction\",\"target\":[\"https:\\\/\\\/elcanillita.info\\\/press\\\/2022\\\/03\\\/08\\\/corresponsal-de-prensa-en-rusia-nataliya-vasilyeva-huyo-del-regimen-autocratico-de-vladimir-putin-tras-la-guerra-de-ucrania\\\/\"]}]},{\"@type\":\"ImageObject\",\"inLanguage\":\"es-AR\",\"@id\":\"https:\\\/\\\/elcanillita.info\\\/press\\\/2022\\\/03\\\/08\\\/corresponsal-de-prensa-en-rusia-nataliya-vasilyeva-huyo-del-regimen-autocratico-de-vladimir-putin-tras-la-guerra-de-ucrania\\\/#primaryimage\",\"url\":\"https:\\\/\\\/elcanillita.info\\\/press\\\/images\\\/2022\\\/03\\\/press.jpg\",\"contentUrl\":\"https:\\\/\\\/elcanillita.info\\\/press\\\/images\\\/2022\\\/03\\\/press.jpg\",\"width\":600,\"height\":400},{\"@type\":\"WebSite\",\"@id\":\"https:\\\/\\\/elcanillita.info\\\/press\\\/#website\",\"url\":\"https:\\\/\\\/elcanillita.info\\\/press\\\/\",\"name\":\"ElCanillita.Info\",\"description\":\"desde los Apeninos a los Andes\",\"publisher\":{\"@id\":\"https:\\\/\\\/elcanillita.info\\\/press\\\/#organization\"},\"potentialAction\":[{\"@type\":\"SearchAction\",\"target\":{\"@type\":\"EntryPoint\",\"urlTemplate\":\"https:\\\/\\\/elcanillita.info\\\/press\\\/?s={search_term_string}\"},\"query-input\":{\"@type\":\"PropertyValueSpecification\",\"valueRequired\":true,\"valueName\":\"search_term_string\"}}],\"inLanguage\":\"es-AR\"},{\"@type\":\"Organization\",\"@id\":\"https:\\\/\\\/elcanillita.info\\\/press\\\/#organization\",\"name\":\"Guzzo Photos & Graphic Publications\",\"url\":\"https:\\\/\\\/elcanillita.info\\\/press\\\/\",\"logo\":{\"@type\":\"ImageObject\",\"inLanguage\":\"es-AR\",\"@id\":\"https:\\\/\\\/elcanillita.info\\\/press\\\/#\\\/schema\\\/logo\\\/image\\\/\",\"url\":\"https:\\\/\\\/elcanillita.info\\\/press\\\/images\\\/2020\\\/01\\\/cropped-cropped-cropped-elcanillitainfo.png\",\"contentUrl\":\"https:\\\/\\\/elcanillita.info\\\/press\\\/images\\\/2020\\\/01\\\/cropped-cropped-cropped-elcanillitainfo.png\",\"width\":460,\"height\":50,\"caption\":\"Guzzo Photos & Graphic Publications\"},\"image\":{\"@id\":\"https:\\\/\\\/elcanillita.info\\\/press\\\/#\\\/schema\\\/logo\\\/image\\\/\"},\"sameAs\":[\"https:\\\/\\\/ar-ar.facebook.com\\\/ElCanillitainfo-114249515285712\\\/\"]},{\"@type\":\"Person\",\"@id\":\"https:\\\/\\\/elcanillita.info\\\/press\\\/#\\\/schema\\\/person\\\/7fcb79f38045700919f7da6d97e71ba0\",\"name\":\"SalaStampa.eu, world press service\",\"image\":{\"@type\":\"ImageObject\",\"inLanguage\":\"es-AR\",\"@id\":\"https:\\\/\\\/secure.gravatar.com\\\/avatar\\\/c2f0e0d515a107624234994507816ca4724c7199cef73fc8bedebf6931d73888?s=96&d=mm&r=g\",\"url\":\"https:\\\/\\\/secure.gravatar.com\\\/avatar\\\/c2f0e0d515a107624234994507816ca4724c7199cef73fc8bedebf6931d73888?s=96&d=mm&r=g\",\"contentUrl\":\"https:\\\/\\\/secure.gravatar.com\\\/avatar\\\/c2f0e0d515a107624234994507816ca4724c7199cef73fc8bedebf6931d73888?s=96&d=mm&r=g\",\"caption\":\"SalaStampa.eu, world press service\"}}]}<\/script>\n<!-- \/ Yoast SEO plugin. -->","yoast_head_json":{"title":"Corresponsal de prensa en Rusia, Nataliya Vasilyeva huy\u00f3 del r\u00e9gimen autocr\u00e1tico de Vladimir Putin tras la guerra de Ucrania. - ElCanillita.Info","robots":{"index":"index","follow":"follow","max-snippet":"max-snippet:-1","max-image-preview":"max-image-preview:large","max-video-preview":"max-video-preview:-1"},"canonical":"https:\/\/elcanillita.info\/press\/2022\/03\/08\/corresponsal-de-prensa-en-rusia-nataliya-vasilyeva-huyo-del-regimen-autocratico-de-vladimir-putin-tras-la-guerra-de-ucrania\/","og_locale":"es_ES","og_type":"article","og_title":"Corresponsal de prensa en Rusia, Nataliya Vasilyeva huy\u00f3 del r\u00e9gimen autocr\u00e1tico de Vladimir Putin tras la guerra de Ucrania. - ElCanillita.Info","og_description":"Nataliya Vasilyeva es detenida en Mosc\u00fa por informar sobre la guerra de Ucrania, antes de huir del pa\u00eds.","og_url":"https:\/\/elcanillita.info\/press\/2022\/03\/08\/corresponsal-de-prensa-en-rusia-nataliya-vasilyeva-huyo-del-regimen-autocratico-de-vladimir-putin-tras-la-guerra-de-ucrania\/","og_site_name":"ElCanillita.Info","article_publisher":"https:\/\/ar-ar.facebook.com\/ElCanillitainfo-114249515285712\/","article_published_time":"2022-03-08T23:43:20+00:00","article_modified_time":"2022-03-08T23:43:21+00:00","og_image":[{"width":600,"height":400,"url":"https:\/\/elcanillita.info\/press\/images\/2022\/03\/press.jpg","type":"image\/jpeg"}],"author":"SalaStampa.eu, world press service","twitter_card":"summary_large_image","twitter_misc":{"Escrito por":"SalaStampa.eu, world press service","Tiempo de lectura":"6 minutos"},"schema":{"@context":"https:\/\/schema.org","@graph":[{"@type":"Article","@id":"https:\/\/elcanillita.info\/press\/2022\/03\/08\/corresponsal-de-prensa-en-rusia-nataliya-vasilyeva-huyo-del-regimen-autocratico-de-vladimir-putin-tras-la-guerra-de-ucrania\/#article","isPartOf":{"@id":"https:\/\/elcanillita.info\/press\/2022\/03\/08\/corresponsal-de-prensa-en-rusia-nataliya-vasilyeva-huyo-del-regimen-autocratico-de-vladimir-putin-tras-la-guerra-de-ucrania\/"},"author":{"name":"SalaStampa.eu, world press service","@id":"https:\/\/elcanillita.info\/press\/#\/schema\/person\/7fcb79f38045700919f7da6d97e71ba0"},"headline":"Corresponsal de prensa en Rusia, Nataliya Vasilyeva huy\u00f3 del r\u00e9gimen autocr\u00e1tico de Vladimir Putin tras la guerra de Ucrania.","datePublished":"2022-03-08T23:43:20+00:00","dateModified":"2022-03-08T23:43:21+00:00","mainEntityOfPage":{"@id":"https:\/\/elcanillita.info\/press\/2022\/03\/08\/corresponsal-de-prensa-en-rusia-nataliya-vasilyeva-huyo-del-regimen-autocratico-de-vladimir-putin-tras-la-guerra-de-ucrania\/"},"wordCount":1204,"publisher":{"@id":"https:\/\/elcanillita.info\/press\/#organization"},"image":{"@id":"https:\/\/elcanillita.info\/press\/2022\/03\/08\/corresponsal-de-prensa-en-rusia-nataliya-vasilyeva-huyo-del-regimen-autocratico-de-vladimir-putin-tras-la-guerra-de-ucrania\/#primaryimage"},"thumbnailUrl":"https:\/\/elcanillita.info\/press\/images\/2022\/03\/press.jpg","keywords":["Ucrania"],"articleSection":["Actualidad","Eurasia"],"inLanguage":"es-AR"},{"@type":"WebPage","@id":"https:\/\/elcanillita.info\/press\/2022\/03\/08\/corresponsal-de-prensa-en-rusia-nataliya-vasilyeva-huyo-del-regimen-autocratico-de-vladimir-putin-tras-la-guerra-de-ucrania\/","url":"https:\/\/elcanillita.info\/press\/2022\/03\/08\/corresponsal-de-prensa-en-rusia-nataliya-vasilyeva-huyo-del-regimen-autocratico-de-vladimir-putin-tras-la-guerra-de-ucrania\/","name":"Corresponsal de prensa en Rusia, Nataliya Vasilyeva huy\u00f3 del r\u00e9gimen autocr\u00e1tico de Vladimir Putin tras la guerra de Ucrania. - ElCanillita.Info","isPartOf":{"@id":"https:\/\/elcanillita.info\/press\/#website"},"primaryImageOfPage":{"@id":"https:\/\/elcanillita.info\/press\/2022\/03\/08\/corresponsal-de-prensa-en-rusia-nataliya-vasilyeva-huyo-del-regimen-autocratico-de-vladimir-putin-tras-la-guerra-de-ucrania\/#primaryimage"},"image":{"@id":"https:\/\/elcanillita.info\/press\/2022\/03\/08\/corresponsal-de-prensa-en-rusia-nataliya-vasilyeva-huyo-del-regimen-autocratico-de-vladimir-putin-tras-la-guerra-de-ucrania\/#primaryimage"},"thumbnailUrl":"https:\/\/elcanillita.info\/press\/images\/2022\/03\/press.jpg","datePublished":"2022-03-08T23:43:20+00:00","dateModified":"2022-03-08T23:43:21+00:00","inLanguage":"es-AR","potentialAction":[{"@type":"ReadAction","target":["https:\/\/elcanillita.info\/press\/2022\/03\/08\/corresponsal-de-prensa-en-rusia-nataliya-vasilyeva-huyo-del-regimen-autocratico-de-vladimir-putin-tras-la-guerra-de-ucrania\/"]}]},{"@type":"ImageObject","inLanguage":"es-AR","@id":"https:\/\/elcanillita.info\/press\/2022\/03\/08\/corresponsal-de-prensa-en-rusia-nataliya-vasilyeva-huyo-del-regimen-autocratico-de-vladimir-putin-tras-la-guerra-de-ucrania\/#primaryimage","url":"https:\/\/elcanillita.info\/press\/images\/2022\/03\/press.jpg","contentUrl":"https:\/\/elcanillita.info\/press\/images\/2022\/03\/press.jpg","width":600,"height":400},{"@type":"WebSite","@id":"https:\/\/elcanillita.info\/press\/#website","url":"https:\/\/elcanillita.info\/press\/","name":"ElCanillita.Info","description":"desde los Apeninos a los Andes","publisher":{"@id":"https:\/\/elcanillita.info\/press\/#organization"},"potentialAction":[{"@type":"SearchAction","target":{"@type":"EntryPoint","urlTemplate":"https:\/\/elcanillita.info\/press\/?s={search_term_string}"},"query-input":{"@type":"PropertyValueSpecification","valueRequired":true,"valueName":"search_term_string"}}],"inLanguage":"es-AR"},{"@type":"Organization","@id":"https:\/\/elcanillita.info\/press\/#organization","name":"Guzzo Photos & Graphic Publications","url":"https:\/\/elcanillita.info\/press\/","logo":{"@type":"ImageObject","inLanguage":"es-AR","@id":"https:\/\/elcanillita.info\/press\/#\/schema\/logo\/image\/","url":"https:\/\/elcanillita.info\/press\/images\/2020\/01\/cropped-cropped-cropped-elcanillitainfo.png","contentUrl":"https:\/\/elcanillita.info\/press\/images\/2020\/01\/cropped-cropped-cropped-elcanillitainfo.png","width":460,"height":50,"caption":"Guzzo Photos & Graphic Publications"},"image":{"@id":"https:\/\/elcanillita.info\/press\/#\/schema\/logo\/image\/"},"sameAs":["https:\/\/ar-ar.facebook.com\/ElCanillitainfo-114249515285712\/"]},{"@type":"Person","@id":"https:\/\/elcanillita.info\/press\/#\/schema\/person\/7fcb79f38045700919f7da6d97e71ba0","name":"SalaStampa.eu, world press service","image":{"@type":"ImageObject","inLanguage":"es-AR","@id":"https:\/\/secure.gravatar.com\/avatar\/c2f0e0d515a107624234994507816ca4724c7199cef73fc8bedebf6931d73888?s=96&d=mm&r=g","url":"https:\/\/secure.gravatar.com\/avatar\/c2f0e0d515a107624234994507816ca4724c7199cef73fc8bedebf6931d73888?s=96&d=mm&r=g","contentUrl":"https:\/\/secure.gravatar.com\/avatar\/c2f0e0d515a107624234994507816ca4724c7199cef73fc8bedebf6931d73888?s=96&d=mm&r=g","caption":"SalaStampa.eu, world press service"}}]}},"views":502,"_links":{"self":[{"href":"https:\/\/elcanillita.info\/press\/wp-json\/wp\/v2\/posts\/2287","targetHints":{"allow":["GET"]}}],"collection":[{"href":"https:\/\/elcanillita.info\/press\/wp-json\/wp\/v2\/posts"}],"about":[{"href":"https:\/\/elcanillita.info\/press\/wp-json\/wp\/v2\/types\/post"}],"author":[{"embeddable":true,"href":"https:\/\/elcanillita.info\/press\/wp-json\/wp\/v2\/users\/1"}],"replies":[{"embeddable":true,"href":"https:\/\/elcanillita.info\/press\/wp-json\/wp\/v2\/comments?post=2287"}],"version-history":[{"count":0,"href":"https:\/\/elcanillita.info\/press\/wp-json\/wp\/v2\/posts\/2287\/revisions"}],"wp:featuredmedia":[{"embeddable":true,"href":"https:\/\/elcanillita.info\/press\/wp-json\/wp\/v2\/media\/2289"}],"wp:attachment":[{"href":"https:\/\/elcanillita.info\/press\/wp-json\/wp\/v2\/media?parent=2287"}],"wp:term":[{"taxonomy":"category","embeddable":true,"href":"https:\/\/elcanillita.info\/press\/wp-json\/wp\/v2\/categories?post=2287"},{"taxonomy":"post_tag","embeddable":true,"href":"https:\/\/elcanillita.info\/press\/wp-json\/wp\/v2\/tags?post=2287"}],"curies":[{"name":"wp","href":"https:\/\/api.w.org\/{rel}","templated":true}]}}