{"id":2277,"date":"2022-02-26T10:47:07","date_gmt":"2022-02-26T13:47:07","guid":{"rendered":"https:\/\/elcanillita.info\/press\/?p=2277"},"modified":"2022-02-26T12:50:36","modified_gmt":"2022-02-26T15:50:36","slug":"volodymyr-zelensky-insta-a-los-ucranianos-a-no-abandonar-kiev","status":"publish","type":"post","link":"https:\/\/elcanillita.info\/press\/2022\/02\/26\/volodymyr-zelensky-insta-a-los-ucranianos-a-no-abandonar-kiev\/","title":{"rendered":"Volodymyr Zelensky insta a los ucranianos a no abandonar Kiev"},"content":{"rendered":"\n<div class=\"wp-block-image\"><figure class=\"alignleft size-full\"><img loading=\"lazy\" decoding=\"async\" width=\"600\" height=\"377\" src=\"https:\/\/elcanillita.info\/press\/images\/2022\/02\/kiev.jpg\" alt=\"\" class=\"wp-image-2278\" srcset=\"https:\/\/elcanillita.info\/press\/images\/2022\/02\/kiev.jpg 600w, https:\/\/elcanillita.info\/press\/images\/2022\/02\/kiev-300x189.jpg 300w\" sizes=\"auto, (max-width: 600px) 100vw, 600px\" \/><\/figure><\/div>\n\n\n\n<p>Buenos d\u00edas. La batalla por Kiev se est\u00e1 intensificando, con las tropas rusas que se dirigen al coraz\u00f3n de la capital de Ucrania. Pero los ucranianos mantienen sus posiciones por ahora.<\/p>\n\n\n\n<p>Esta ma\u00f1ana, el ej\u00e9rcito ucraniano dijo que hab\u00eda repelido un ataque ruso en una de las principales avenidas de Kiev.<\/p>\n\n\n\n<p>He aqu\u00ed cinco acontecimientos clave de la noche a la ma\u00f1ana:<br><br>1) El Reino Unido apoyar\u00e1 la resistencia ucraniana<\/p>\n\n\n\n<p>James Heappey, ministro de las Fuerzas Armadas, ha declarado esta ma\u00f1ana que el Reino Unido quiere seguir suministrando armas a las fuerzas armadas ucranianas.<\/p>\n\n\n\n<p>Heappey dijo que Ben Wallace, el Secretario de Defensa, hab\u00eda presidido el viernes una conferencia de donantes con 25 naciones, algunas de las cuales se comprometieron a enviar armas y otras ayudas.<\/p>\n\n\n\n<p>&#8220;Sabemos lo que quieren los ucranianos. Estamos haciendo todo lo posible para hac\u00e9rselo llegar&#8221;, declar\u00f3 a Sky News.<\/p>\n\n\n\n<p>Se cree que la asistencia incluye ayuda letal, como munici\u00f3n, armas antitanque y armas antia\u00e9reas, y ayuda no letal, como suministros m\u00e9dicos.<\/p>\n\n\n\n<p>Heappey dijo que el Gobierno estaba trabajando en planes para apoyar un movimiento de resistencia y un gobierno ucraniano en el exilio si Kiev cae.<\/p>\n\n\n\n<p>&#8220;Esa es una decisi\u00f3n que debe tomar el Consejo de Seguridad Nacional, pero es algo que el Primer Ministro nos ha pedido en el Ministerio de Defensa que estudiemos y planifiquemos&#8221;, dijo.<br><br> 2) Necesito munici\u00f3n, no una salida, dice Zelensky a EEUU<\/p>\n\n\n\n<p>El presidente ucraniano, Volodymyr Zelensky, ha grabado un desafiante v\u00eddeo selfie en el que promete quedarse en Kiev y luchar.<\/p>\n\n\n\n<p>&#8220;Estoy aqu\u00ed. No dejaremos las armas. Defenderemos nuestro Estado, porque nuestras armas son nuestra verdad&#8221;, declar\u00f3, denunciando como desinformaci\u00f3n las afirmaciones de que se hab\u00eda rendido o huido.<\/p>\n\n\n\n<figure class=\"wp-block-video\"><video controls src=\"http:\/\/elcanillita.info\/press\/images\/2022\/02\/ucrania20220226.mp4\"><\/video><figcaption><\/figcaption><\/figure>\n\n\n\n<p>Vestido con ropa de estilo militar de color verde oliva y con aspecto cansado pero decidido, declar\u00f3: &#8220;Nuestra verdad es que esta es nuestra tierra, nuestro pa\u00eds, nuestros hijos y protegeremos todo esto. Esto es lo que quer\u00eda decirles. Gloria a Ucrania&#8221;.<\/p>\n\n\n\n<p>Al Sr. Zelensky se le hab\u00eda pedido que evacuara a instancias del gobierno estadounidense, pero rechaz\u00f3 su oferta, diciendo a Estados Unidos: &#8220;La lucha est\u00e1 aqu\u00ed; necesito munici\u00f3n, no un viaje&#8221;.<br> <br>Una joven madre ha dado a luz a su hija en una estaci\u00f3n de metro de Kiev.<\/p>\n\n\n\n<p>Hannah Hopko, una pol\u00edtica ucraniana, comparti\u00f3 en Internet una foto del beb\u00e9 Mia, diciendo: &#8220;Mia ha nacido esta noche en un entorno estresante: un bombardeo en Kiev.<\/p>\n\n\n\n<div class=\"wp-block-image\"><figure class=\"alignleft size-full is-resized\"><img loading=\"lazy\" decoding=\"async\" src=\"https:\/\/elcanillita.info\/press\/images\/2022\/02\/kiev1.jpg\" alt=\"\" class=\"wp-image-2282\" width=\"372\" height=\"558\" srcset=\"https:\/\/elcanillita.info\/press\/images\/2022\/02\/kiev1.jpg 500w, https:\/\/elcanillita.info\/press\/images\/2022\/02\/kiev1-200x300.jpg 200w\" sizes=\"auto, (max-width: 372px) 100vw, 372px\" \/><\/figure><\/div>\n\n\n\n<p>La ni\u00f1a Mia naci\u00f3 esta semana con la ayuda de la polic\u00eda ucraniana.<br><br> 4) &#8220;Se avecinan combates totalmente brutales, Volodymyr Zelensky ha dicho que ahora es &#8220;un momento crucial&#8221; para decidir sobre la adhesi\u00f3n de Ucrania a la Uni\u00f3n Europea.<\/p>\n\n\n\n<p>En un tuit, dijo que hab\u00eda discutido con Charles Michel, el Presidente del Consejo Europeo, &#8220;una mayor asistencia efectiva y la heroica lucha de los ucranianos por su futuro libre&#8221;.<\/p>\n\n\n\n<p>El ministro de las Fuerzas Armadas del Reino Unido, James Heappey, advirti\u00f3 de que se avecinan m\u00e1s &#8220;combates absolutamente brutales&#8221;.<\/p>\n\n\n\n<p>&#8220;Creo que hay un fanatismo y un fervor en el lenguaje [de Putin] que es muy preocupante. Ha apostado por todo esto&#8221;, dijo.<\/p>\n\n\n\n<p>&#8220;Ha puesto una enorme proporci\u00f3n de las fuerzas armadas rusas en esta campa\u00f1a en Ucrania y me preocupa mucho que se haya arrinconado.<\/p>\n\n\n\n<p>&#8220;Creo que vamos a ver cada vez m\u00e1s combates brutales y que algunos de los mejores y m\u00e1s valientes rusos y ucranianos van a perder la vida por culpa de la arrogancia de Putin&#8221;. <br><br>5)  Ni\u00f1os heridos al intensificarse los combates en Kiev<\/p>\n\n\n\n<p>El alcalde de Kiev, Vitali Klitschko, ha dicho que 35 personas -entre ellas dos ni\u00f1os- han resultado heridas en los combates nocturnos en Kiev hasta las 6 de la ma\u00f1ana.<\/p>\n\n\n\n<p>Mientras tanto, los militares rusos han informado de la destrucci\u00f3n de piezas clave de la infraestructura ucraniana, al tiempo que guardan silencio sobre las posibles v\u00edctimas rusas.<\/p>\n\n\n\n<p>Nataliya Vasilyeva, desde Mosc\u00fa, escribe que Igor Konashenkov, un portavoz del Ministerio de Defensa ruso, dijo esta ma\u00f1ana que hab\u00eda destruido 87 tanques ucranianos, 7 aviones y 9 helic\u00f3pteros desde el comienzo de la operaci\u00f3n.<\/p>\n\n\n\n<p>Tambi\u00e9n dijo que Mosc\u00fa hab\u00eda da\u00f1ado 14 aer\u00f3dromos militares, 19 puestos de mando y 24 sistemas de defensa antimisiles.<\/p>\n\n\n\n<p>Konashenkov reiter\u00f3 la afirmaci\u00f3n de Mosc\u00fa de que no estaba atacando a los civiles.<\/p>\n\n\n\n<p>&#8220;Las tropas rusas est\u00e1n tomando todas las medidas necesarias para garantizar la seguridad de los civiles&#8221;, dijo.<br><small>\u00a9 2022 PanPress.eu \/ SalaStampa.eu &#8211; ElCanillita.info &#8211; DC24.News &#8211;  Informaci\u00f3n de dominio p\u00fablico<\/small><\/p>\n","protected":false},"excerpt":{"rendered":"<p>En las calles de Kiev, naci\u00f3 un beb\u00e9 al caer las bombas y fueron heridos ni\u00f1os durante la noche.<\/p>\n","protected":false},"author":1,"featured_media":2281,"comment_status":"closed","ping_status":"closed","sticky":false,"template":"","format":"standard","meta":{"footnotes":"","_links_to":"","_links_to_target":""},"categories":[70,7],"tags":[52],"class_list":["post-2277","post","type-post","status-publish","format-standard","has-post-thumbnail","hentry","category-actualidad","category-eurasia","tag-ucrania","entry","double"],"yoast_head":"<!-- This site is optimized with the Yoast SEO plugin v27.4 - https:\/\/yoast.com\/product\/yoast-seo-wordpress\/ -->\n<title>Volodymyr Zelensky insta a los ucranianos a no abandonar Kiev - ElCanillita.Info<\/title>\n<meta name=\"robots\" content=\"index, follow, max-snippet:-1, max-image-preview:large, max-video-preview:-1\" \/>\n<link rel=\"canonical\" href=\"https:\/\/elcanillita.info\/press\/2022\/02\/26\/volodymyr-zelensky-insta-a-los-ucranianos-a-no-abandonar-kiev\/\" \/>\n<meta property=\"og:locale\" content=\"es_ES\" \/>\n<meta property=\"og:type\" content=\"article\" \/>\n<meta property=\"og:title\" content=\"Volodymyr Zelensky insta a los ucranianos a no abandonar Kiev - ElCanillita.Info\" \/>\n<meta property=\"og:description\" content=\"En las calles de Kiev, naci\u00f3 un beb\u00e9 al caer las bombas y fueron heridos ni\u00f1os durante la noche.\" \/>\n<meta property=\"og:url\" content=\"https:\/\/elcanillita.info\/press\/2022\/02\/26\/volodymyr-zelensky-insta-a-los-ucranianos-a-no-abandonar-kiev\/\" \/>\n<meta property=\"og:site_name\" content=\"ElCanillita.Info\" \/>\n<meta property=\"article:publisher\" content=\"https:\/\/ar-ar.facebook.com\/ElCanillitainfo-114249515285712\/\" \/>\n<meta property=\"article:published_time\" content=\"2022-02-26T13:47:07+00:00\" \/>\n<meta property=\"article:modified_time\" content=\"2022-02-26T15:50:36+00:00\" \/>\n<meta property=\"og:image\" content=\"https:\/\/elcanillita.info\/press\/images\/2022\/02\/kiev2.jpg\" \/>\n\t<meta property=\"og:image:width\" content=\"600\" \/>\n\t<meta property=\"og:image:height\" content=\"391\" \/>\n\t<meta property=\"og:image:type\" content=\"image\/jpeg\" \/>\n<meta name=\"author\" content=\"SalaStampa.eu, world press service\" \/>\n<meta name=\"twitter:card\" content=\"summary_large_image\" \/>\n<meta name=\"twitter:label1\" content=\"Escrito por\" \/>\n\t<meta name=\"twitter:data1\" content=\"SalaStampa.eu, world press service\" \/>\n\t<meta name=\"twitter:label2\" content=\"Tiempo de lectura\" \/>\n\t<meta name=\"twitter:data2\" content=\"4 minutos\" \/>\n<script type=\"application\/ld+json\" class=\"yoast-schema-graph\">{\"@context\":\"https:\\\/\\\/schema.org\",\"@graph\":[{\"@type\":\"Article\",\"@id\":\"https:\\\/\\\/elcanillita.info\\\/press\\\/2022\\\/02\\\/26\\\/volodymyr-zelensky-insta-a-los-ucranianos-a-no-abandonar-kiev\\\/#article\",\"isPartOf\":{\"@id\":\"https:\\\/\\\/elcanillita.info\\\/press\\\/2022\\\/02\\\/26\\\/volodymyr-zelensky-insta-a-los-ucranianos-a-no-abandonar-kiev\\\/\"},\"author\":{\"name\":\"SalaStampa.eu, world press service\",\"@id\":\"https:\\\/\\\/elcanillita.info\\\/press\\\/#\\\/schema\\\/person\\\/7fcb79f38045700919f7da6d97e71ba0\"},\"headline\":\"Volodymyr Zelensky insta a los ucranianos a no abandonar Kiev\",\"datePublished\":\"2022-02-26T13:47:07+00:00\",\"dateModified\":\"2022-02-26T15:50:36+00:00\",\"mainEntityOfPage\":{\"@id\":\"https:\\\/\\\/elcanillita.info\\\/press\\\/2022\\\/02\\\/26\\\/volodymyr-zelensky-insta-a-los-ucranianos-a-no-abandonar-kiev\\\/\"},\"wordCount\":781,\"publisher\":{\"@id\":\"https:\\\/\\\/elcanillita.info\\\/press\\\/#organization\"},\"image\":{\"@id\":\"https:\\\/\\\/elcanillita.info\\\/press\\\/2022\\\/02\\\/26\\\/volodymyr-zelensky-insta-a-los-ucranianos-a-no-abandonar-kiev\\\/#primaryimage\"},\"thumbnailUrl\":\"https:\\\/\\\/elcanillita.info\\\/press\\\/images\\\/2022\\\/02\\\/kiev2.jpg\",\"keywords\":[\"Ucrania\"],\"articleSection\":[\"Actualidad\",\"Eurasia\"],\"inLanguage\":\"es-AR\"},{\"@type\":\"WebPage\",\"@id\":\"https:\\\/\\\/elcanillita.info\\\/press\\\/2022\\\/02\\\/26\\\/volodymyr-zelensky-insta-a-los-ucranianos-a-no-abandonar-kiev\\\/\",\"url\":\"https:\\\/\\\/elcanillita.info\\\/press\\\/2022\\\/02\\\/26\\\/volodymyr-zelensky-insta-a-los-ucranianos-a-no-abandonar-kiev\\\/\",\"name\":\"Volodymyr Zelensky insta a los ucranianos a no abandonar Kiev - ElCanillita.Info\",\"isPartOf\":{\"@id\":\"https:\\\/\\\/elcanillita.info\\\/press\\\/#website\"},\"primaryImageOfPage\":{\"@id\":\"https:\\\/\\\/elcanillita.info\\\/press\\\/2022\\\/02\\\/26\\\/volodymyr-zelensky-insta-a-los-ucranianos-a-no-abandonar-kiev\\\/#primaryimage\"},\"image\":{\"@id\":\"https:\\\/\\\/elcanillita.info\\\/press\\\/2022\\\/02\\\/26\\\/volodymyr-zelensky-insta-a-los-ucranianos-a-no-abandonar-kiev\\\/#primaryimage\"},\"thumbnailUrl\":\"https:\\\/\\\/elcanillita.info\\\/press\\\/images\\\/2022\\\/02\\\/kiev2.jpg\",\"datePublished\":\"2022-02-26T13:47:07+00:00\",\"dateModified\":\"2022-02-26T15:50:36+00:00\",\"inLanguage\":\"es-AR\",\"potentialAction\":[{\"@type\":\"ReadAction\",\"target\":[\"https:\\\/\\\/elcanillita.info\\\/press\\\/2022\\\/02\\\/26\\\/volodymyr-zelensky-insta-a-los-ucranianos-a-no-abandonar-kiev\\\/\"]}]},{\"@type\":\"ImageObject\",\"inLanguage\":\"es-AR\",\"@id\":\"https:\\\/\\\/elcanillita.info\\\/press\\\/2022\\\/02\\\/26\\\/volodymyr-zelensky-insta-a-los-ucranianos-a-no-abandonar-kiev\\\/#primaryimage\",\"url\":\"https:\\\/\\\/elcanillita.info\\\/press\\\/images\\\/2022\\\/02\\\/kiev2.jpg\",\"contentUrl\":\"https:\\\/\\\/elcanillita.info\\\/press\\\/images\\\/2022\\\/02\\\/kiev2.jpg\",\"width\":600,\"height\":391},{\"@type\":\"WebSite\",\"@id\":\"https:\\\/\\\/elcanillita.info\\\/press\\\/#website\",\"url\":\"https:\\\/\\\/elcanillita.info\\\/press\\\/\",\"name\":\"ElCanillita.Info\",\"description\":\"desde los Apeninos a los Andes\",\"publisher\":{\"@id\":\"https:\\\/\\\/elcanillita.info\\\/press\\\/#organization\"},\"potentialAction\":[{\"@type\":\"SearchAction\",\"target\":{\"@type\":\"EntryPoint\",\"urlTemplate\":\"https:\\\/\\\/elcanillita.info\\\/press\\\/?s={search_term_string}\"},\"query-input\":{\"@type\":\"PropertyValueSpecification\",\"valueRequired\":true,\"valueName\":\"search_term_string\"}}],\"inLanguage\":\"es-AR\"},{\"@type\":\"Organization\",\"@id\":\"https:\\\/\\\/elcanillita.info\\\/press\\\/#organization\",\"name\":\"Guzzo Photos & Graphic Publications\",\"url\":\"https:\\\/\\\/elcanillita.info\\\/press\\\/\",\"logo\":{\"@type\":\"ImageObject\",\"inLanguage\":\"es-AR\",\"@id\":\"https:\\\/\\\/elcanillita.info\\\/press\\\/#\\\/schema\\\/logo\\\/image\\\/\",\"url\":\"https:\\\/\\\/elcanillita.info\\\/press\\\/images\\\/2020\\\/01\\\/cropped-cropped-cropped-elcanillitainfo.png\",\"contentUrl\":\"https:\\\/\\\/elcanillita.info\\\/press\\\/images\\\/2020\\\/01\\\/cropped-cropped-cropped-elcanillitainfo.png\",\"width\":460,\"height\":50,\"caption\":\"Guzzo Photos & Graphic Publications\"},\"image\":{\"@id\":\"https:\\\/\\\/elcanillita.info\\\/press\\\/#\\\/schema\\\/logo\\\/image\\\/\"},\"sameAs\":[\"https:\\\/\\\/ar-ar.facebook.com\\\/ElCanillitainfo-114249515285712\\\/\"]},{\"@type\":\"Person\",\"@id\":\"https:\\\/\\\/elcanillita.info\\\/press\\\/#\\\/schema\\\/person\\\/7fcb79f38045700919f7da6d97e71ba0\",\"name\":\"SalaStampa.eu, world press service\",\"image\":{\"@type\":\"ImageObject\",\"inLanguage\":\"es-AR\",\"@id\":\"https:\\\/\\\/secure.gravatar.com\\\/avatar\\\/c2f0e0d515a107624234994507816ca4724c7199cef73fc8bedebf6931d73888?s=96&d=mm&r=g\",\"url\":\"https:\\\/\\\/secure.gravatar.com\\\/avatar\\\/c2f0e0d515a107624234994507816ca4724c7199cef73fc8bedebf6931d73888?s=96&d=mm&r=g\",\"contentUrl\":\"https:\\\/\\\/secure.gravatar.com\\\/avatar\\\/c2f0e0d515a107624234994507816ca4724c7199cef73fc8bedebf6931d73888?s=96&d=mm&r=g\",\"caption\":\"SalaStampa.eu, world press service\"}}]}<\/script>\n<!-- \/ Yoast SEO plugin. -->","yoast_head_json":{"title":"Volodymyr Zelensky insta a los ucranianos a no abandonar Kiev - ElCanillita.Info","robots":{"index":"index","follow":"follow","max-snippet":"max-snippet:-1","max-image-preview":"max-image-preview:large","max-video-preview":"max-video-preview:-1"},"canonical":"https:\/\/elcanillita.info\/press\/2022\/02\/26\/volodymyr-zelensky-insta-a-los-ucranianos-a-no-abandonar-kiev\/","og_locale":"es_ES","og_type":"article","og_title":"Volodymyr Zelensky insta a los ucranianos a no abandonar Kiev - ElCanillita.Info","og_description":"En las calles de Kiev, naci\u00f3 un beb\u00e9 al caer las bombas y fueron heridos ni\u00f1os durante la noche.","og_url":"https:\/\/elcanillita.info\/press\/2022\/02\/26\/volodymyr-zelensky-insta-a-los-ucranianos-a-no-abandonar-kiev\/","og_site_name":"ElCanillita.Info","article_publisher":"https:\/\/ar-ar.facebook.com\/ElCanillitainfo-114249515285712\/","article_published_time":"2022-02-26T13:47:07+00:00","article_modified_time":"2022-02-26T15:50:36+00:00","og_image":[{"width":600,"height":391,"url":"https:\/\/elcanillita.info\/press\/images\/2022\/02\/kiev2.jpg","type":"image\/jpeg"}],"author":"SalaStampa.eu, world press service","twitter_card":"summary_large_image","twitter_misc":{"Escrito por":"SalaStampa.eu, world press service","Tiempo de lectura":"4 minutos"},"schema":{"@context":"https:\/\/schema.org","@graph":[{"@type":"Article","@id":"https:\/\/elcanillita.info\/press\/2022\/02\/26\/volodymyr-zelensky-insta-a-los-ucranianos-a-no-abandonar-kiev\/#article","isPartOf":{"@id":"https:\/\/elcanillita.info\/press\/2022\/02\/26\/volodymyr-zelensky-insta-a-los-ucranianos-a-no-abandonar-kiev\/"},"author":{"name":"SalaStampa.eu, world press service","@id":"https:\/\/elcanillita.info\/press\/#\/schema\/person\/7fcb79f38045700919f7da6d97e71ba0"},"headline":"Volodymyr Zelensky insta a los ucranianos a no abandonar Kiev","datePublished":"2022-02-26T13:47:07+00:00","dateModified":"2022-02-26T15:50:36+00:00","mainEntityOfPage":{"@id":"https:\/\/elcanillita.info\/press\/2022\/02\/26\/volodymyr-zelensky-insta-a-los-ucranianos-a-no-abandonar-kiev\/"},"wordCount":781,"publisher":{"@id":"https:\/\/elcanillita.info\/press\/#organization"},"image":{"@id":"https:\/\/elcanillita.info\/press\/2022\/02\/26\/volodymyr-zelensky-insta-a-los-ucranianos-a-no-abandonar-kiev\/#primaryimage"},"thumbnailUrl":"https:\/\/elcanillita.info\/press\/images\/2022\/02\/kiev2.jpg","keywords":["Ucrania"],"articleSection":["Actualidad","Eurasia"],"inLanguage":"es-AR"},{"@type":"WebPage","@id":"https:\/\/elcanillita.info\/press\/2022\/02\/26\/volodymyr-zelensky-insta-a-los-ucranianos-a-no-abandonar-kiev\/","url":"https:\/\/elcanillita.info\/press\/2022\/02\/26\/volodymyr-zelensky-insta-a-los-ucranianos-a-no-abandonar-kiev\/","name":"Volodymyr Zelensky insta a los ucranianos a no abandonar Kiev - ElCanillita.Info","isPartOf":{"@id":"https:\/\/elcanillita.info\/press\/#website"},"primaryImageOfPage":{"@id":"https:\/\/elcanillita.info\/press\/2022\/02\/26\/volodymyr-zelensky-insta-a-los-ucranianos-a-no-abandonar-kiev\/#primaryimage"},"image":{"@id":"https:\/\/elcanillita.info\/press\/2022\/02\/26\/volodymyr-zelensky-insta-a-los-ucranianos-a-no-abandonar-kiev\/#primaryimage"},"thumbnailUrl":"https:\/\/elcanillita.info\/press\/images\/2022\/02\/kiev2.jpg","datePublished":"2022-02-26T13:47:07+00:00","dateModified":"2022-02-26T15:50:36+00:00","inLanguage":"es-AR","potentialAction":[{"@type":"ReadAction","target":["https:\/\/elcanillita.info\/press\/2022\/02\/26\/volodymyr-zelensky-insta-a-los-ucranianos-a-no-abandonar-kiev\/"]}]},{"@type":"ImageObject","inLanguage":"es-AR","@id":"https:\/\/elcanillita.info\/press\/2022\/02\/26\/volodymyr-zelensky-insta-a-los-ucranianos-a-no-abandonar-kiev\/#primaryimage","url":"https:\/\/elcanillita.info\/press\/images\/2022\/02\/kiev2.jpg","contentUrl":"https:\/\/elcanillita.info\/press\/images\/2022\/02\/kiev2.jpg","width":600,"height":391},{"@type":"WebSite","@id":"https:\/\/elcanillita.info\/press\/#website","url":"https:\/\/elcanillita.info\/press\/","name":"ElCanillita.Info","description":"desde los Apeninos a los Andes","publisher":{"@id":"https:\/\/elcanillita.info\/press\/#organization"},"potentialAction":[{"@type":"SearchAction","target":{"@type":"EntryPoint","urlTemplate":"https:\/\/elcanillita.info\/press\/?s={search_term_string}"},"query-input":{"@type":"PropertyValueSpecification","valueRequired":true,"valueName":"search_term_string"}}],"inLanguage":"es-AR"},{"@type":"Organization","@id":"https:\/\/elcanillita.info\/press\/#organization","name":"Guzzo Photos & Graphic Publications","url":"https:\/\/elcanillita.info\/press\/","logo":{"@type":"ImageObject","inLanguage":"es-AR","@id":"https:\/\/elcanillita.info\/press\/#\/schema\/logo\/image\/","url":"https:\/\/elcanillita.info\/press\/images\/2020\/01\/cropped-cropped-cropped-elcanillitainfo.png","contentUrl":"https:\/\/elcanillita.info\/press\/images\/2020\/01\/cropped-cropped-cropped-elcanillitainfo.png","width":460,"height":50,"caption":"Guzzo Photos & Graphic Publications"},"image":{"@id":"https:\/\/elcanillita.info\/press\/#\/schema\/logo\/image\/"},"sameAs":["https:\/\/ar-ar.facebook.com\/ElCanillitainfo-114249515285712\/"]},{"@type":"Person","@id":"https:\/\/elcanillita.info\/press\/#\/schema\/person\/7fcb79f38045700919f7da6d97e71ba0","name":"SalaStampa.eu, world press service","image":{"@type":"ImageObject","inLanguage":"es-AR","@id":"https:\/\/secure.gravatar.com\/avatar\/c2f0e0d515a107624234994507816ca4724c7199cef73fc8bedebf6931d73888?s=96&d=mm&r=g","url":"https:\/\/secure.gravatar.com\/avatar\/c2f0e0d515a107624234994507816ca4724c7199cef73fc8bedebf6931d73888?s=96&d=mm&r=g","contentUrl":"https:\/\/secure.gravatar.com\/avatar\/c2f0e0d515a107624234994507816ca4724c7199cef73fc8bedebf6931d73888?s=96&d=mm&r=g","caption":"SalaStampa.eu, world press service"}}]}},"views":491,"_links":{"self":[{"href":"https:\/\/elcanillita.info\/press\/wp-json\/wp\/v2\/posts\/2277","targetHints":{"allow":["GET"]}}],"collection":[{"href":"https:\/\/elcanillita.info\/press\/wp-json\/wp\/v2\/posts"}],"about":[{"href":"https:\/\/elcanillita.info\/press\/wp-json\/wp\/v2\/types\/post"}],"author":[{"embeddable":true,"href":"https:\/\/elcanillita.info\/press\/wp-json\/wp\/v2\/users\/1"}],"replies":[{"embeddable":true,"href":"https:\/\/elcanillita.info\/press\/wp-json\/wp\/v2\/comments?post=2277"}],"version-history":[{"count":0,"href":"https:\/\/elcanillita.info\/press\/wp-json\/wp\/v2\/posts\/2277\/revisions"}],"wp:featuredmedia":[{"embeddable":true,"href":"https:\/\/elcanillita.info\/press\/wp-json\/wp\/v2\/media\/2281"}],"wp:attachment":[{"href":"https:\/\/elcanillita.info\/press\/wp-json\/wp\/v2\/media?parent=2277"}],"wp:term":[{"taxonomy":"category","embeddable":true,"href":"https:\/\/elcanillita.info\/press\/wp-json\/wp\/v2\/categories?post=2277"},{"taxonomy":"post_tag","embeddable":true,"href":"https:\/\/elcanillita.info\/press\/wp-json\/wp\/v2\/tags?post=2277"}],"curies":[{"name":"wp","href":"https:\/\/api.w.org\/{rel}","templated":true}]}}