{"id":2269,"date":"2022-02-20T16:39:42","date_gmt":"2022-02-20T19:39:42","guid":{"rendered":"https:\/\/elcanillita.info\/press\/?p=2269"},"modified":"2022-02-20T22:34:27","modified_gmt":"2022-02-21T01:34:27","slug":"bolivia-correligionarios-del-partido-mas-impiden-que-la-ex-presidente-sea-hospitalizada","status":"publish","type":"post","link":"https:\/\/elcanillita.info\/press\/2022\/02\/20\/bolivia-correligionarios-del-partido-mas-impiden-que-la-ex-presidente-sea-hospitalizada\/","title":{"rendered":"Bolivia, correligionarios del partido MAS impiden que la ex presidente sea hospitalizada"},"content":{"rendered":"\n<div class=\"wp-block-image\"><figure class=\"alignleft size-full\"><img loading=\"lazy\" decoding=\"async\" width=\"600\" height=\"400\" src=\"https:\/\/elcanillita.info\/press\/images\/2022\/02\/Anez.jpg\" alt=\"\" class=\"wp-image-2271\" srcset=\"https:\/\/elcanillita.info\/press\/images\/2022\/02\/Anez.jpg 600w, https:\/\/elcanillita.info\/press\/images\/2022\/02\/Anez-300x200.jpg 300w\" sizes=\"auto, (max-width: 600px) 100vw, 600px\" \/><\/figure><\/div>\n\n\n\n<p>Los manifestantes que apoyan al gobierno en Bolivia han impedido la hospitalizaci\u00f3n, ordenada por un juez, de la ex presidente Jeanine A\u00f1ez, encarcelada desde marzo de 2021 y en huelga de hambre desde el 9 de febrero.<\/p>\n\n\n\n<p>Cientos de simpatizantes del partido presidencial de izquierdas Movimiento al Socialismo (MAS) rodearon la c\u00e1rcel donde est\u00e1 recluida la ex jefa de Estado en La Paz, al grito de &#8220;\u00a1no saldr\u00e1!&#8221; y con gritos de &#8220;\u00a1asesina!&#8221; y &#8220;\u00a130 a\u00f1os de c\u00e1rcel!&#8221;.<\/p>\n\n\n\n<p>La expresidenta, de 54 a\u00f1os, que se considera &#8220;presa pol\u00edtica&#8221;, deb\u00eda ser &#8220;atendida con urgencia&#8221; en un hospital de la capital por el &#8220;empeoramiento de su estado de salud&#8221;, seg\u00fan un auto judicial, pero, ante las protestas, el director de la prisi\u00f3n inform\u00f3 al juzgado de la &#8220;imposibilidad material&#8221; de trasladar a Jeanine A\u00f1ez, y el juez orden\u00f3 que los m\u00e9dicos entraran en la c\u00e1rcel para atenderla &#8220;incluso contra su voluntad&#8221;.<\/p>\n\n\n\n<p>Los opositores a A\u00f1ez se enfrentaron a la polic\u00eda cuando intentaron desmantelar una tienda de campa\u00f1a montada por los partidarios que ped\u00edan su liberaci\u00f3n. Al final consiguieron prender fuego a la tienda y los partidarios de la ex dirigente, incluido su abogado, se vieron obligados a retirarse bajo el ataque de otros manifestantes.<\/p>\n\n\n\n<p>Jeanine A\u00f1ez est\u00e1 acusada de liderar un &#8220;golpe de Estado&#8221; en noviembre de 2019 contra el ex presidente izquierdista Evo Morales.<\/p>\n\n\n\n<p>El 13 de marzo de 2021, la Fiscal\u00eda General de Bolivia firm\u00f3 \u00f3rdenes de detenci\u00f3n contra la ex presidenta A\u00f1ez, varios de sus ex ministros y ex oficiales superiores de las Fuerzas Armadas, en el marco del juicio por el supuesto golpe de Estado contra Morales. Para todos ellos la acusaci\u00f3n es de terrorismo, sedici\u00f3n y conspiraci\u00f3n, en relaci\u00f3n con la dimisi\u00f3n forzada de Morales, que se vio obligado a exiliarse durante m\u00e1s de un a\u00f1o en el extranjero, y los graves incidentes con las fuerzas del orden que se saldaron con al menos 36 muertos en las matanzas de Senkata y Sacaba.<br><strong><br> Masacres de Sacaba y Senkata<\/strong><br>El 15 de noviembre, grupos cocaleros, supuestamente vinculados al Movimiento al Socialismo (MAS) de Evo Morales, intentaron ingresar a la ciudad de Cochabamba. Las fuerzas de seguridad de ese pa\u00eds dijeron que a estos manifestantes se les hab\u00eda incautado una gran cantidad de dinero, armas de fuego y explosivos, aunque ninguna investigaci\u00f3n de terceros lo confirma. Cuando la polic\u00eda inici\u00f3 la represi\u00f3n, se reportaron 6 muertos y 115 heridos. El 16 del mismo mes, el ministro de Gobierno, Arturo Murillo, dijo que la mayor\u00eda de las muertes ocurrieron entre los manifestantes en enfrentamientos con la polic\u00eda. Ese argumento fue discutido por la evidencia encontrada all\u00ed.<\/p>\n\n\n\n<p>El 19 de noviembre, el gobierno decidi\u00f3 romper los bloqueos en la ciudad de Senkata. Seg\u00fan algunos periodistas alineados con el gobierno, numerosos simpatizantes radicales del Movimiento al Socialismo intentaron ingresar a la planta procesadora de gas natural de esa ciudad, con la intenci\u00f3n de volarla. Esta afirmaci\u00f3n fue luego desmentida, por el hecho de que esos manifestantes provenian de esa ciudad, al igual que sus familias. Y el lugar donde se produjo la masacre estaba alejada de cualquier posible ataque que pudiera provocar la supuesta explosi\u00f3n de la planta. El 20 del mismo mes, otras 4 personas fueron muertas por las fuerzas armadas, el gobierno reivindic\u00f3 tales hechos como actos terroristas.<\/p>\n\n\n\n<p><strong>Declaraciones de la Comisi\u00f3n Interamericana de Derechos Humanos<\/strong><br>El 11 de diciembre de 2019, la Comisi\u00f3n Interamericana de Derechos Humanos calific\u00f3 como masacres las muertes de civiles en las ciudades de El Alto y Sacaba, apoyada en la promulgaci\u00f3n del decreto 4078, que eximi\u00f3 de responsabilidad penal a las fuerzas armadas bolivianas, promulgada por el gobierno de Jeanine \u00c1\u00f1ez. Ese decreto se llam\u00f3 &#8220;licencia para matar&#8221;. La polic\u00eda dijo que los manifestantes usaron artefactos explosivos, dinamita y armas de fuego.<\/p>\n\n\n\n<p><strong>Huelga de Hambre<\/strong><br>El 19 de marzo de 2021, \u00c1\u00f1ez inici\u00f3 una huelga de hambre y entr\u00f3 en depresi\u00f3n despu\u00e9s de que se rechazara su petici\u00f3n de ser trasladada a un centro m\u00e9dico. Su hija declar\u00f3 que hab\u00eda tenido problemas previos de depresi\u00f3n e hipertensi\u00f3n. El juez Armando Zeballos dictamin\u00f3 que \u00c1\u00f1ez no necesitaba ser trasladada de la c\u00e1rcel a un hospital, ya que pod\u00eda ser tratada en la prisi\u00f3n por los m\u00e9dicos del hospital. Seg\u00fan la familia de \u00c1\u00f1ez, el tribunal hab\u00eda autorizado el traslado a un hospital, pero el gobierno se hab\u00eda negado a cumplir la orden. El 20 de marzo de 2021, fue trasladada a la prisi\u00f3n de Miraflores. El mismo d\u00eda, un tribunal de La Paz ampli\u00f3 su detenci\u00f3n preventiva de cuatro a seis meses para dar m\u00e1s tiempo a las investigaciones. El tribunal tambi\u00e9n prorrog\u00f3 la prisi\u00f3n preventiva a dos de sus ministros, el de Energ\u00eda Rodrigo Guzm\u00e1n y el de Justicia \u00c1lvaro Coimbra.<br><br>El 23 de marzo de 2021, \u00c1\u00f1ez public\u00f3 una carta desde la c\u00e1rcel en la que denunciaba &#8220;abusos y torturas&#8221;, calificaba al gobierno de Luis Arce de &#8220;dictadura&#8221; y le responsabilizaba de cualquier cosa que le pudiera ocurrir durante su estancia en prisi\u00f3n. Tambi\u00e9n escribi\u00f3 que su salud se estaba deteriorando y acus\u00f3 a Arce y a sus ministros de hacer falsas acusaciones contra ella. Acus\u00f3 al gobierno de &#8220;poner en peligro su salud&#8221; y dijo no confiar en los m\u00e9dicos del gobierno, afirmando que le hab\u00edan inyectado medicamentos de alto riesgo &#8220;sin precauciones ni controles m\u00e9dicos previos&#8221;, con el \u00fanico objetivo de mantenerla en prisi\u00f3n. El Alto Comisionado de las Naciones Unidas para los Derechos Humanos en Bolivia envi\u00f3 un representante a la prisi\u00f3n para investigar las condiciones de detenci\u00f3n de \u00c1\u00f1ez.<\/p>\n\n\n\n<p>El 27 de marzo de 2021, el secretario de Estado estadounidense Antony Blinken pidi\u00f3 la liberaci\u00f3n de \u00c1\u00f1ez, afirmando que las detenciones &#8220;no eran coherentes con los ideales democr\u00e1ticos de Bolivia&#8221;, y expres\u00f3 su preocupaci\u00f3n por los &#8220;indicios antidemocr\u00e1ticos en el pa\u00eds&#8221;. El gobierno boliviano rechaz\u00f3 la declaraci\u00f3n de Blinken, acusando a Estados Unidos de inmiscuirse en asuntos internos.<\/p>\n\n\n\n<p>En abril de 2021, el Parlamento Europeo la calific\u00f3 a ella y a sus ministros de &#8220;presos pol\u00edticos&#8221; y exigi\u00f3 su liberaci\u00f3n inmediata. Dijo que \u00c1\u00f1ez hab\u00eda cumplido con su deber de llenar el vac\u00edo de poder en noviembre de 2019 y que hab\u00eda tomado leg\u00edtimamente el poder y denunciado la persecuci\u00f3n pol\u00edtica. Amnist\u00eda Internacional y Human Rights Watch tambi\u00e9n denunciaron su encarcelamiento y pidieron su liberaci\u00f3n y la de sus ministros.<\/p>\n\n\n\n<p>El 15 de abril de 2021 \u00c1\u00f1ez se neg\u00f3 a declarar en las causas relacionadas con el pr\u00e9stamo que Bolivia solicit\u00f3 al Fondo Monetario Internacional (FMI) sin aprobaci\u00f3n legislativa y sobre otros delitos econ\u00f3micos de los que se le acusa.<\/p>\n\n\n\n<p>En agosto de 2021, intent\u00f3 suicidarse en prisi\u00f3n cort\u00e1ndose las venas. R\u00e1pidamente fue atendida por los m\u00e9dicos, que lo describieron como un &#8220;intento de suicidio&#8221;.<br><br> <small>Copyright \u00a9 2022 ElCanillita.info &#8211; DC24.News &#8211; PanPress.eu \/ SalaStampa.eu &#8211; Derechos reservados <\/small><\/p>\n","protected":false},"excerpt":{"rendered":"<p>Jeanine Anez en huelga de hambre desde el 9 de Febrero.<\/p>\n","protected":false},"author":1,"featured_media":2273,"comment_status":"closed","ping_status":"closed","sticky":false,"template":"","format":"standard","meta":{"footnotes":"","_links_to":"","_links_to_target":""},"categories":[70,11,23],"tags":[30],"class_list":["post-2269","post","type-post","status-publish","format-standard","has-post-thumbnail","hentry","category-actualidad","category-america-del-sur","category-politica","tag-bolivia","entry","double"],"yoast_head":"<!-- This site is optimized with the Yoast SEO plugin v27.5 - https:\/\/yoast.com\/product\/yoast-seo-wordpress\/ -->\n<title>Bolivia, correligionarios del partido MAS impiden que la ex presidente sea hospitalizada - ElCanillita.Info<\/title>\n<meta name=\"robots\" content=\"index, follow, max-snippet:-1, max-image-preview:large, max-video-preview:-1\" \/>\n<link rel=\"canonical\" href=\"https:\/\/elcanillita.info\/press\/2022\/02\/20\/bolivia-correligionarios-del-partido-mas-impiden-que-la-ex-presidente-sea-hospitalizada\/\" \/>\n<meta property=\"og:locale\" content=\"es_ES\" \/>\n<meta property=\"og:type\" content=\"article\" \/>\n<meta property=\"og:title\" content=\"Bolivia, correligionarios del partido MAS impiden que la ex presidente sea hospitalizada - ElCanillita.Info\" \/>\n<meta property=\"og:description\" content=\"Jeanine Anez en huelga de hambre desde el 9 de Febrero.\" \/>\n<meta property=\"og:url\" content=\"https:\/\/elcanillita.info\/press\/2022\/02\/20\/bolivia-correligionarios-del-partido-mas-impiden-que-la-ex-presidente-sea-hospitalizada\/\" \/>\n<meta property=\"og:site_name\" content=\"ElCanillita.Info\" \/>\n<meta property=\"article:publisher\" content=\"https:\/\/ar-ar.facebook.com\/ElCanillitainfo-114249515285712\/\" \/>\n<meta property=\"article:published_time\" content=\"2022-02-20T19:39:42+00:00\" \/>\n<meta property=\"article:modified_time\" content=\"2022-02-21T01:34:27+00:00\" \/>\n<meta property=\"og:image\" content=\"https:\/\/elcanillita.info\/press\/images\/2022\/02\/AnezII.jpg\" \/>\n\t<meta property=\"og:image:width\" content=\"600\" \/>\n\t<meta property=\"og:image:height\" content=\"415\" \/>\n\t<meta property=\"og:image:type\" content=\"image\/jpeg\" \/>\n<meta name=\"author\" content=\"SalaStampa.eu, world press service\" \/>\n<meta name=\"twitter:card\" content=\"summary_large_image\" \/>\n<meta name=\"twitter:label1\" content=\"Escrito por\" \/>\n\t<meta name=\"twitter:data1\" content=\"SalaStampa.eu, world press service\" \/>\n\t<meta name=\"twitter:label2\" content=\"Tiempo de lectura\" \/>\n\t<meta name=\"twitter:data2\" content=\"6 minutos\" \/>\n<script type=\"application\/ld+json\" class=\"yoast-schema-graph\">{\"@context\":\"https:\\\/\\\/schema.org\",\"@graph\":[{\"@type\":\"Article\",\"@id\":\"https:\\\/\\\/elcanillita.info\\\/press\\\/2022\\\/02\\\/20\\\/bolivia-correligionarios-del-partido-mas-impiden-que-la-ex-presidente-sea-hospitalizada\\\/#article\",\"isPartOf\":{\"@id\":\"https:\\\/\\\/elcanillita.info\\\/press\\\/2022\\\/02\\\/20\\\/bolivia-correligionarios-del-partido-mas-impiden-que-la-ex-presidente-sea-hospitalizada\\\/\"},\"author\":{\"name\":\"SalaStampa.eu, world press service\",\"@id\":\"https:\\\/\\\/elcanillita.info\\\/press\\\/#\\\/schema\\\/person\\\/7fcb79f38045700919f7da6d97e71ba0\"},\"headline\":\"Bolivia, correligionarios del partido MAS impiden que la ex presidente sea hospitalizada\",\"datePublished\":\"2022-02-20T19:39:42+00:00\",\"dateModified\":\"2022-02-21T01:34:27+00:00\",\"mainEntityOfPage\":{\"@id\":\"https:\\\/\\\/elcanillita.info\\\/press\\\/2022\\\/02\\\/20\\\/bolivia-correligionarios-del-partido-mas-impiden-que-la-ex-presidente-sea-hospitalizada\\\/\"},\"wordCount\":1210,\"publisher\":{\"@id\":\"https:\\\/\\\/elcanillita.info\\\/press\\\/#organization\"},\"image\":{\"@id\":\"https:\\\/\\\/elcanillita.info\\\/press\\\/2022\\\/02\\\/20\\\/bolivia-correligionarios-del-partido-mas-impiden-que-la-ex-presidente-sea-hospitalizada\\\/#primaryimage\"},\"thumbnailUrl\":\"https:\\\/\\\/elcanillita.info\\\/press\\\/images\\\/2022\\\/02\\\/AnezII.jpg\",\"keywords\":[\"Bolivia\"],\"articleSection\":[\"Actualidad\",\"Am\u00e9rica del Sur\",\"Politica\"],\"inLanguage\":\"es-AR\"},{\"@type\":\"WebPage\",\"@id\":\"https:\\\/\\\/elcanillita.info\\\/press\\\/2022\\\/02\\\/20\\\/bolivia-correligionarios-del-partido-mas-impiden-que-la-ex-presidente-sea-hospitalizada\\\/\",\"url\":\"https:\\\/\\\/elcanillita.info\\\/press\\\/2022\\\/02\\\/20\\\/bolivia-correligionarios-del-partido-mas-impiden-que-la-ex-presidente-sea-hospitalizada\\\/\",\"name\":\"Bolivia, correligionarios del partido MAS impiden que la ex presidente sea hospitalizada - ElCanillita.Info\",\"isPartOf\":{\"@id\":\"https:\\\/\\\/elcanillita.info\\\/press\\\/#website\"},\"primaryImageOfPage\":{\"@id\":\"https:\\\/\\\/elcanillita.info\\\/press\\\/2022\\\/02\\\/20\\\/bolivia-correligionarios-del-partido-mas-impiden-que-la-ex-presidente-sea-hospitalizada\\\/#primaryimage\"},\"image\":{\"@id\":\"https:\\\/\\\/elcanillita.info\\\/press\\\/2022\\\/02\\\/20\\\/bolivia-correligionarios-del-partido-mas-impiden-que-la-ex-presidente-sea-hospitalizada\\\/#primaryimage\"},\"thumbnailUrl\":\"https:\\\/\\\/elcanillita.info\\\/press\\\/images\\\/2022\\\/02\\\/AnezII.jpg\",\"datePublished\":\"2022-02-20T19:39:42+00:00\",\"dateModified\":\"2022-02-21T01:34:27+00:00\",\"inLanguage\":\"es-AR\",\"potentialAction\":[{\"@type\":\"ReadAction\",\"target\":[\"https:\\\/\\\/elcanillita.info\\\/press\\\/2022\\\/02\\\/20\\\/bolivia-correligionarios-del-partido-mas-impiden-que-la-ex-presidente-sea-hospitalizada\\\/\"]}]},{\"@type\":\"ImageObject\",\"inLanguage\":\"es-AR\",\"@id\":\"https:\\\/\\\/elcanillita.info\\\/press\\\/2022\\\/02\\\/20\\\/bolivia-correligionarios-del-partido-mas-impiden-que-la-ex-presidente-sea-hospitalizada\\\/#primaryimage\",\"url\":\"https:\\\/\\\/elcanillita.info\\\/press\\\/images\\\/2022\\\/02\\\/AnezII.jpg\",\"contentUrl\":\"https:\\\/\\\/elcanillita.info\\\/press\\\/images\\\/2022\\\/02\\\/AnezII.jpg\",\"width\":600,\"height\":415},{\"@type\":\"WebSite\",\"@id\":\"https:\\\/\\\/elcanillita.info\\\/press\\\/#website\",\"url\":\"https:\\\/\\\/elcanillita.info\\\/press\\\/\",\"name\":\"ElCanillita.Info\",\"description\":\"desde los Apeninos a los Andes\",\"publisher\":{\"@id\":\"https:\\\/\\\/elcanillita.info\\\/press\\\/#organization\"},\"potentialAction\":[{\"@type\":\"SearchAction\",\"target\":{\"@type\":\"EntryPoint\",\"urlTemplate\":\"https:\\\/\\\/elcanillita.info\\\/press\\\/?s={search_term_string}\"},\"query-input\":{\"@type\":\"PropertyValueSpecification\",\"valueRequired\":true,\"valueName\":\"search_term_string\"}}],\"inLanguage\":\"es-AR\"},{\"@type\":\"Organization\",\"@id\":\"https:\\\/\\\/elcanillita.info\\\/press\\\/#organization\",\"name\":\"Guzzo Photos & Graphic Publications\",\"url\":\"https:\\\/\\\/elcanillita.info\\\/press\\\/\",\"logo\":{\"@type\":\"ImageObject\",\"inLanguage\":\"es-AR\",\"@id\":\"https:\\\/\\\/elcanillita.info\\\/press\\\/#\\\/schema\\\/logo\\\/image\\\/\",\"url\":\"https:\\\/\\\/elcanillita.info\\\/press\\\/images\\\/2020\\\/01\\\/cropped-cropped-cropped-elcanillitainfo.png\",\"contentUrl\":\"https:\\\/\\\/elcanillita.info\\\/press\\\/images\\\/2020\\\/01\\\/cropped-cropped-cropped-elcanillitainfo.png\",\"width\":460,\"height\":50,\"caption\":\"Guzzo Photos & Graphic Publications\"},\"image\":{\"@id\":\"https:\\\/\\\/elcanillita.info\\\/press\\\/#\\\/schema\\\/logo\\\/image\\\/\"},\"sameAs\":[\"https:\\\/\\\/ar-ar.facebook.com\\\/ElCanillitainfo-114249515285712\\\/\"]},{\"@type\":\"Person\",\"@id\":\"https:\\\/\\\/elcanillita.info\\\/press\\\/#\\\/schema\\\/person\\\/7fcb79f38045700919f7da6d97e71ba0\",\"name\":\"SalaStampa.eu, world press service\",\"image\":{\"@type\":\"ImageObject\",\"inLanguage\":\"es-AR\",\"@id\":\"https:\\\/\\\/secure.gravatar.com\\\/avatar\\\/c2f0e0d515a107624234994507816ca4724c7199cef73fc8bedebf6931d73888?s=96&d=mm&r=g\",\"url\":\"https:\\\/\\\/secure.gravatar.com\\\/avatar\\\/c2f0e0d515a107624234994507816ca4724c7199cef73fc8bedebf6931d73888?s=96&d=mm&r=g\",\"contentUrl\":\"https:\\\/\\\/secure.gravatar.com\\\/avatar\\\/c2f0e0d515a107624234994507816ca4724c7199cef73fc8bedebf6931d73888?s=96&d=mm&r=g\",\"caption\":\"SalaStampa.eu, world press service\"}}]}<\/script>\n<!-- \/ Yoast SEO plugin. -->","yoast_head_json":{"title":"Bolivia, correligionarios del partido MAS impiden que la ex presidente sea hospitalizada - ElCanillita.Info","robots":{"index":"index","follow":"follow","max-snippet":"max-snippet:-1","max-image-preview":"max-image-preview:large","max-video-preview":"max-video-preview:-1"},"canonical":"https:\/\/elcanillita.info\/press\/2022\/02\/20\/bolivia-correligionarios-del-partido-mas-impiden-que-la-ex-presidente-sea-hospitalizada\/","og_locale":"es_ES","og_type":"article","og_title":"Bolivia, correligionarios del partido MAS impiden que la ex presidente sea hospitalizada - ElCanillita.Info","og_description":"Jeanine Anez en huelga de hambre desde el 9 de Febrero.","og_url":"https:\/\/elcanillita.info\/press\/2022\/02\/20\/bolivia-correligionarios-del-partido-mas-impiden-que-la-ex-presidente-sea-hospitalizada\/","og_site_name":"ElCanillita.Info","article_publisher":"https:\/\/ar-ar.facebook.com\/ElCanillitainfo-114249515285712\/","article_published_time":"2022-02-20T19:39:42+00:00","article_modified_time":"2022-02-21T01:34:27+00:00","og_image":[{"width":600,"height":415,"url":"https:\/\/elcanillita.info\/press\/images\/2022\/02\/AnezII.jpg","type":"image\/jpeg"}],"author":"SalaStampa.eu, world press service","twitter_card":"summary_large_image","twitter_misc":{"Escrito por":"SalaStampa.eu, world press service","Tiempo de lectura":"6 minutos"},"schema":{"@context":"https:\/\/schema.org","@graph":[{"@type":"Article","@id":"https:\/\/elcanillita.info\/press\/2022\/02\/20\/bolivia-correligionarios-del-partido-mas-impiden-que-la-ex-presidente-sea-hospitalizada\/#article","isPartOf":{"@id":"https:\/\/elcanillita.info\/press\/2022\/02\/20\/bolivia-correligionarios-del-partido-mas-impiden-que-la-ex-presidente-sea-hospitalizada\/"},"author":{"name":"SalaStampa.eu, world press service","@id":"https:\/\/elcanillita.info\/press\/#\/schema\/person\/7fcb79f38045700919f7da6d97e71ba0"},"headline":"Bolivia, correligionarios del partido MAS impiden que la ex presidente sea hospitalizada","datePublished":"2022-02-20T19:39:42+00:00","dateModified":"2022-02-21T01:34:27+00:00","mainEntityOfPage":{"@id":"https:\/\/elcanillita.info\/press\/2022\/02\/20\/bolivia-correligionarios-del-partido-mas-impiden-que-la-ex-presidente-sea-hospitalizada\/"},"wordCount":1210,"publisher":{"@id":"https:\/\/elcanillita.info\/press\/#organization"},"image":{"@id":"https:\/\/elcanillita.info\/press\/2022\/02\/20\/bolivia-correligionarios-del-partido-mas-impiden-que-la-ex-presidente-sea-hospitalizada\/#primaryimage"},"thumbnailUrl":"https:\/\/elcanillita.info\/press\/images\/2022\/02\/AnezII.jpg","keywords":["Bolivia"],"articleSection":["Actualidad","Am\u00e9rica del Sur","Politica"],"inLanguage":"es-AR"},{"@type":"WebPage","@id":"https:\/\/elcanillita.info\/press\/2022\/02\/20\/bolivia-correligionarios-del-partido-mas-impiden-que-la-ex-presidente-sea-hospitalizada\/","url":"https:\/\/elcanillita.info\/press\/2022\/02\/20\/bolivia-correligionarios-del-partido-mas-impiden-que-la-ex-presidente-sea-hospitalizada\/","name":"Bolivia, correligionarios del partido MAS impiden que la ex presidente sea hospitalizada - ElCanillita.Info","isPartOf":{"@id":"https:\/\/elcanillita.info\/press\/#website"},"primaryImageOfPage":{"@id":"https:\/\/elcanillita.info\/press\/2022\/02\/20\/bolivia-correligionarios-del-partido-mas-impiden-que-la-ex-presidente-sea-hospitalizada\/#primaryimage"},"image":{"@id":"https:\/\/elcanillita.info\/press\/2022\/02\/20\/bolivia-correligionarios-del-partido-mas-impiden-que-la-ex-presidente-sea-hospitalizada\/#primaryimage"},"thumbnailUrl":"https:\/\/elcanillita.info\/press\/images\/2022\/02\/AnezII.jpg","datePublished":"2022-02-20T19:39:42+00:00","dateModified":"2022-02-21T01:34:27+00:00","inLanguage":"es-AR","potentialAction":[{"@type":"ReadAction","target":["https:\/\/elcanillita.info\/press\/2022\/02\/20\/bolivia-correligionarios-del-partido-mas-impiden-que-la-ex-presidente-sea-hospitalizada\/"]}]},{"@type":"ImageObject","inLanguage":"es-AR","@id":"https:\/\/elcanillita.info\/press\/2022\/02\/20\/bolivia-correligionarios-del-partido-mas-impiden-que-la-ex-presidente-sea-hospitalizada\/#primaryimage","url":"https:\/\/elcanillita.info\/press\/images\/2022\/02\/AnezII.jpg","contentUrl":"https:\/\/elcanillita.info\/press\/images\/2022\/02\/AnezII.jpg","width":600,"height":415},{"@type":"WebSite","@id":"https:\/\/elcanillita.info\/press\/#website","url":"https:\/\/elcanillita.info\/press\/","name":"ElCanillita.Info","description":"desde los Apeninos a los Andes","publisher":{"@id":"https:\/\/elcanillita.info\/press\/#organization"},"potentialAction":[{"@type":"SearchAction","target":{"@type":"EntryPoint","urlTemplate":"https:\/\/elcanillita.info\/press\/?s={search_term_string}"},"query-input":{"@type":"PropertyValueSpecification","valueRequired":true,"valueName":"search_term_string"}}],"inLanguage":"es-AR"},{"@type":"Organization","@id":"https:\/\/elcanillita.info\/press\/#organization","name":"Guzzo Photos & Graphic Publications","url":"https:\/\/elcanillita.info\/press\/","logo":{"@type":"ImageObject","inLanguage":"es-AR","@id":"https:\/\/elcanillita.info\/press\/#\/schema\/logo\/image\/","url":"https:\/\/elcanillita.info\/press\/images\/2020\/01\/cropped-cropped-cropped-elcanillitainfo.png","contentUrl":"https:\/\/elcanillita.info\/press\/images\/2020\/01\/cropped-cropped-cropped-elcanillitainfo.png","width":460,"height":50,"caption":"Guzzo Photos & Graphic Publications"},"image":{"@id":"https:\/\/elcanillita.info\/press\/#\/schema\/logo\/image\/"},"sameAs":["https:\/\/ar-ar.facebook.com\/ElCanillitainfo-114249515285712\/"]},{"@type":"Person","@id":"https:\/\/elcanillita.info\/press\/#\/schema\/person\/7fcb79f38045700919f7da6d97e71ba0","name":"SalaStampa.eu, world press service","image":{"@type":"ImageObject","inLanguage":"es-AR","@id":"https:\/\/secure.gravatar.com\/avatar\/c2f0e0d515a107624234994507816ca4724c7199cef73fc8bedebf6931d73888?s=96&d=mm&r=g","url":"https:\/\/secure.gravatar.com\/avatar\/c2f0e0d515a107624234994507816ca4724c7199cef73fc8bedebf6931d73888?s=96&d=mm&r=g","contentUrl":"https:\/\/secure.gravatar.com\/avatar\/c2f0e0d515a107624234994507816ca4724c7199cef73fc8bedebf6931d73888?s=96&d=mm&r=g","caption":"SalaStampa.eu, world press service"}}]}},"views":595,"_links":{"self":[{"href":"https:\/\/elcanillita.info\/press\/wp-json\/wp\/v2\/posts\/2269","targetHints":{"allow":["GET"]}}],"collection":[{"href":"https:\/\/elcanillita.info\/press\/wp-json\/wp\/v2\/posts"}],"about":[{"href":"https:\/\/elcanillita.info\/press\/wp-json\/wp\/v2\/types\/post"}],"author":[{"embeddable":true,"href":"https:\/\/elcanillita.info\/press\/wp-json\/wp\/v2\/users\/1"}],"replies":[{"embeddable":true,"href":"https:\/\/elcanillita.info\/press\/wp-json\/wp\/v2\/comments?post=2269"}],"version-history":[{"count":0,"href":"https:\/\/elcanillita.info\/press\/wp-json\/wp\/v2\/posts\/2269\/revisions"}],"wp:featuredmedia":[{"embeddable":true,"href":"https:\/\/elcanillita.info\/press\/wp-json\/wp\/v2\/media\/2273"}],"wp:attachment":[{"href":"https:\/\/elcanillita.info\/press\/wp-json\/wp\/v2\/media?parent=2269"}],"wp:term":[{"taxonomy":"category","embeddable":true,"href":"https:\/\/elcanillita.info\/press\/wp-json\/wp\/v2\/categories?post=2269"},{"taxonomy":"post_tag","embeddable":true,"href":"https:\/\/elcanillita.info\/press\/wp-json\/wp\/v2\/tags?post=2269"}],"curies":[{"name":"wp","href":"https:\/\/api.w.org\/{rel}","templated":true}]}}