{"id":2263,"date":"2022-02-19T11:55:40","date_gmt":"2022-02-19T14:55:40","guid":{"rendered":"https:\/\/elcanillita.info\/press\/?p=2263"},"modified":"2022-02-19T19:24:02","modified_gmt":"2022-02-19T22:24:02","slug":"cachafaz-y-delincuente","status":"publish","type":"post","link":"https:\/\/elcanillita.info\/press\/2022\/02\/19\/cachafaz-y-delincuente\/","title":{"rendered":"Cachafaz y Delincuente"},"content":{"rendered":"\n<div class=\"wp-block-image\"><figure class=\"alignleft size-full\"><img loading=\"lazy\" decoding=\"async\" width=\"600\" height=\"338\" src=\"https:\/\/elcanillita.info\/press\/images\/2022\/02\/kirch2.jpg\" alt=\"\" class=\"wp-image-2264\" srcset=\"https:\/\/elcanillita.info\/press\/images\/2022\/02\/kirch2.jpg 600w, https:\/\/elcanillita.info\/press\/images\/2022\/02\/kirch2-300x169.jpg 300w\" sizes=\"auto, (max-width: 600px) 100vw, 600px\" \/><\/figure><\/div>\n\n\n\n<p><small><strong>por Enrique Guillermo Avogadro<\/strong><\/small><br><small>\u201cEl masoquismo y la amnesia tambi\u00e9n son derechos humanos\u201d<br>Jorge Fern\u00e1ndez D\u00edaz<\/small><\/p>\n\n\n\n<p>La Argentina cay\u00f3 en una profunda fosa moral hace d\u00e9cadas, pero la elecci\u00f3n de Cristina Kirchner, probada jefa de una asociaci\u00f3n il\u00edcita que saque\u00f3 el pa\u00eds como nunca antes, como PresidenteVice en 2019, lo puso de manifiesto. Pero esta semana, el tipejo que ocupa el sill\u00f3n de Rivadavia, de quien todos supon\u00edamos que no pod\u00eda devaluar m\u00e1s su palabra, hizo que la sociedad, en su conjunto, recuperara su capacidad de asombro. Y lo hizo al declarar, como simple testigo, en la causa penal que, entre varios otros, la tiene como principal acusada por el claro direccionamiento de las obras p\u00fablicas a favor de L\u00e1zaro B\u00e1ez, que devolv\u00eda favores mediante el pago de cientos de habitaciones que no utilizaba su personal \u2013que trabajaba a 600 Km de distancia- en los hoteles de la familia Kirchner, que lavaba as\u00ed centenares de millones de d\u00f3lares.<\/p>\n\n\n\n<p>En la medida en que usa y abusa de su car\u00e1cter de profesor en la Universidad de Buenos Aires, me pregunto si es idiota o se hace; de todas maneras, la respuesta ser\u00eda superflua. Al comenzar una audiencia testimonial, se pregunta a los declarantes, ya bajo juramento, si lo comprenden las \u201cgenerales de la ley\u201d (si conoce a las partes, si es amigo o enemigo de alguna de ellas, si tiene inter\u00e9s personal en el resultado del juicio, etc.); el Meme, sin hesitar, jur\u00f3 que no era amigo de Cristina Fern\u00e1ndez; pretendi\u00f3 dar inexpugnable valor a sus dichos, que obviamente favorecieron a la acusada.<\/p>\n\n\n\n<p>Sin embargo, abundan los archivos que est\u00e1n a disposici\u00f3n de todos en los que el caracol que se encuentra al frente del Poder Ejecutivo asegur\u00f3 que era muy amigo de su jefa. Los jueces rechazaron el pedido del Fiscal Diego Luciani para que tales recuerdos f\u00edlmicos fueran incorporados a la causa, se\u00f1alando que los mismos eran de p\u00fablico y notorio conocimiento, pero as\u00ed qued\u00f3 clara la falsedad de los dichos del testigo. \u00c9ste incurri\u00f3 en la conducta descripta en el art\u00edculo 275 del C\u00f3digo Penal.<\/p>\n\n\n\n<p>Luego del duro rev\u00e9s que sufri\u00f3 Cristina cuando el Fiscal General sostuvo la apelaci\u00f3n de su colega contra el absurdo fallo del Tribunal Oral Federal 5 que la sobresey\u00f3 sin realizar el juicio en la causa \u201cHotesur\u201d, recibi\u00f3 otra la p\u00e9sima noticia en la C\u00e1mara de Casaci\u00f3n la cual, al rechazar sus recursos, dej\u00f3 firme su procesamiento en la \u201ccausa Cuadernos\u201d. Muchos amigos me preguntaron las razones de la demora en comenzar el juicio, para lo cual a\u00fan no se ha fijado fecha. Voy a tratar de contestarles aqu\u00ed, refiri\u00e9ndome s\u00f3lo a los procesos de corrupci\u00f3n que son investigados, y juzgados, en los tribunales federales.<\/p>\n\n\n\n<p>Cuando se formula la denuncia de un il\u00edcito, se sortea al juez de primera instancia que se har\u00e1 cargo de la investigaci\u00f3n; \u00e9ste consulta al fiscal (representante de la sociedad en el juicio) si considera, a priori, que se ha cometido un delito. Si el fiscal da luz verde, comienza la investigaci\u00f3n penal, durante la cual se re\u00fanen pruebas de todo tipo (peritajes, testimonios, documentos, etc.). Las resoluciones del juez son revisadas por una sala de la C\u00e1mara de Apelaciones, formada por tres jueces.<\/p>\n\n\n\n<p>Cuando esa etapa de instrucci\u00f3n termina con la convicci\u00f3n del juez de encontrarse ante un hecho delictivo, la cierra y eleva la causa a juicio, que se celebra p\u00fablicamente ante un tribunal oral formado por tres jueces y en el que act\u00faa un nuevo fiscal. All\u00ed se abre una nueva etapa de recolecci\u00f3n de pruebas a\u00fan no incorporadas; cuando se trata de una gigantesca -como \u201cCuadernos\u201d- por la cantidad de procesados y de testigos ofrecidos por las partes, aparecen inconvenientes derivados de las vacantes en las salas, que obligan a sortear a colegas de otras y, sobre todo, de la falta de recursos de los tribunales orales, tanto en materia de personal cuanto de instalaciones, y no digamos de salas de audiencias con capacidad suficiente.<\/p>\n\n\n\n<p>S\u00f3lo cuando concluye esa etapa y nadie tiene m\u00e1s que agregar, se fija la fecha en que comenzar\u00e1n las audiencias. Las resoluciones del tribunal son revisadas por una sala, formada por otros tres jueces y con otro fiscal, de la C\u00e1mara de Casaci\u00f3n. Es decir que, al llegar a la etapa oral y p\u00fablica, han actuado nada menos que siete jueces en tres instancias diferentes pero nuestro C\u00f3digo permite a las partes, a lo largo de ese de por s\u00ed largo proceso, apelar todas las resoluciones e intentar llegar a la Corte Suprema en cada oportunidad; es ya antigua jurisprudencia que establece que \u00e9sta s\u00f3lo interviene ante un planteo de inconstitucionalidad o ilegalidad de una sentencia definitiva que pone fin al proceso, pero los abogados defensores no trepidan y recurren todo para demorar el comienzo del juicio, cuando lo l\u00f3gico ser\u00eda \u2013si sus clientes fueran inocentes- intentar acelerar al m\u00e1ximo el tr\u00e1mite para obtener su absoluci\u00f3n en el menor plazo posible.<\/p>\n\n\n\n<p>En Argentina no se considera que existe una sentencia firme, -y como tal, de inmediato cumplimiento- hasta tanto la Corte no resuelva los recursos de queja que presentan los abogados cuando, en realidad, los pactos internacionales y el propio C\u00f3digo no requieren para ello m\u00e1s que un doble conforme, o sea, la sentencia de un Tribunal Oral ratificada por Casaci\u00f3n. Se trata de una mala pero habitual interpretaci\u00f3n \u2013como la de extensi\u00f3n de la protecci\u00f3n de los fueros- de la ley vigente que, adem\u00e1s, entorpece el funcionamiento del alto Tribunal. Si las sentencias firmes pudieran ser ejecutadas de inmediato, otro ser\u00eda el cantar en los procesos de corrupci\u00f3n, cuya demora tanto indigna justificadamente a la sociedad ya que, con frecuencia, terminan en la nada por prescripci\u00f3n de los delitos.<\/p>\n\n\n\n<p>Buenos Aires., 19 Febrero 2022<br><br>\n<small>Copyright \u00a9 2022 ElCanillita.info &#8211; SalaStampa.eu &#8211; Derechos reservados <\/small><\/p>\n","protected":false},"excerpt":{"rendered":"<p>Cristina Kirchner, probada jefa de una asociaci\u00f3n il\u00edcita que saque\u00f3 el pa\u00eds como nunca antes, como PresidenteVice en 2019, lo puso de manifiesto.<\/p>\n","protected":false},"author":1,"featured_media":2265,"comment_status":"closed","ping_status":"closed","sticky":false,"template":"","format":"standard","meta":{"footnotes":"","_links_to":"","_links_to_target":""},"categories":[11,22],"tags":[29],"class_list":["post-2263","post","type-post","status-publish","format-standard","has-post-thumbnail","hentry","category-america-del-sur","category-justicia","tag-argentina","entry","double"],"yoast_head":"<!-- This site is optimized with the Yoast SEO plugin v27.4 - https:\/\/yoast.com\/product\/yoast-seo-wordpress\/ -->\n<title>Cachafaz y Delincuente - ElCanillita.Info<\/title>\n<meta name=\"robots\" content=\"index, follow, max-snippet:-1, max-image-preview:large, max-video-preview:-1\" \/>\n<link rel=\"canonical\" href=\"https:\/\/elcanillita.info\/press\/2022\/02\/19\/cachafaz-y-delincuente\/\" \/>\n<meta property=\"og:locale\" content=\"es_ES\" \/>\n<meta property=\"og:type\" content=\"article\" \/>\n<meta property=\"og:title\" content=\"Cachafaz y Delincuente - ElCanillita.Info\" \/>\n<meta property=\"og:description\" content=\"Cristina Kirchner, probada jefa de una asociaci\u00f3n il\u00edcita que saque\u00f3 el pa\u00eds como nunca antes, como PresidenteVice en 2019, lo puso de manifiesto.\" \/>\n<meta property=\"og:url\" content=\"https:\/\/elcanillita.info\/press\/2022\/02\/19\/cachafaz-y-delincuente\/\" \/>\n<meta property=\"og:site_name\" content=\"ElCanillita.Info\" \/>\n<meta property=\"article:publisher\" content=\"https:\/\/ar-ar.facebook.com\/ElCanillitainfo-114249515285712\/\" \/>\n<meta property=\"article:published_time\" content=\"2022-02-19T14:55:40+00:00\" \/>\n<meta property=\"article:modified_time\" content=\"2022-02-19T22:24:02+00:00\" \/>\n<meta property=\"og:image\" content=\"https:\/\/elcanillita.info\/press\/images\/2022\/02\/kirch1.jpg\" \/>\n\t<meta property=\"og:image:width\" content=\"600\" \/>\n\t<meta property=\"og:image:height\" content=\"450\" \/>\n\t<meta property=\"og:image:type\" content=\"image\/jpeg\" \/>\n<meta name=\"author\" content=\"SalaStampa.eu, world press service\" \/>\n<meta name=\"twitter:card\" content=\"summary_large_image\" \/>\n<meta name=\"twitter:label1\" content=\"Escrito por\" \/>\n\t<meta name=\"twitter:data1\" content=\"SalaStampa.eu, world press service\" \/>\n\t<meta name=\"twitter:label2\" content=\"Tiempo de lectura\" \/>\n\t<meta name=\"twitter:data2\" content=\"5 minutos\" \/>\n<script type=\"application\/ld+json\" class=\"yoast-schema-graph\">{\"@context\":\"https:\\\/\\\/schema.org\",\"@graph\":[{\"@type\":\"Article\",\"@id\":\"https:\\\/\\\/elcanillita.info\\\/press\\\/2022\\\/02\\\/19\\\/cachafaz-y-delincuente\\\/#article\",\"isPartOf\":{\"@id\":\"https:\\\/\\\/elcanillita.info\\\/press\\\/2022\\\/02\\\/19\\\/cachafaz-y-delincuente\\\/\"},\"author\":{\"name\":\"SalaStampa.eu, world press service\",\"@id\":\"https:\\\/\\\/elcanillita.info\\\/press\\\/#\\\/schema\\\/person\\\/7fcb79f38045700919f7da6d97e71ba0\"},\"headline\":\"Cachafaz y Delincuente\",\"datePublished\":\"2022-02-19T14:55:40+00:00\",\"dateModified\":\"2022-02-19T22:24:02+00:00\",\"mainEntityOfPage\":{\"@id\":\"https:\\\/\\\/elcanillita.info\\\/press\\\/2022\\\/02\\\/19\\\/cachafaz-y-delincuente\\\/\"},\"wordCount\":1034,\"publisher\":{\"@id\":\"https:\\\/\\\/elcanillita.info\\\/press\\\/#organization\"},\"image\":{\"@id\":\"https:\\\/\\\/elcanillita.info\\\/press\\\/2022\\\/02\\\/19\\\/cachafaz-y-delincuente\\\/#primaryimage\"},\"thumbnailUrl\":\"https:\\\/\\\/elcanillita.info\\\/press\\\/images\\\/2022\\\/02\\\/kirch1.jpg\",\"keywords\":[\"Argentina\"],\"articleSection\":[\"Am\u00e9rica del Sur\",\"Justicia\"],\"inLanguage\":\"es-AR\"},{\"@type\":\"WebPage\",\"@id\":\"https:\\\/\\\/elcanillita.info\\\/press\\\/2022\\\/02\\\/19\\\/cachafaz-y-delincuente\\\/\",\"url\":\"https:\\\/\\\/elcanillita.info\\\/press\\\/2022\\\/02\\\/19\\\/cachafaz-y-delincuente\\\/\",\"name\":\"Cachafaz y Delincuente - ElCanillita.Info\",\"isPartOf\":{\"@id\":\"https:\\\/\\\/elcanillita.info\\\/press\\\/#website\"},\"primaryImageOfPage\":{\"@id\":\"https:\\\/\\\/elcanillita.info\\\/press\\\/2022\\\/02\\\/19\\\/cachafaz-y-delincuente\\\/#primaryimage\"},\"image\":{\"@id\":\"https:\\\/\\\/elcanillita.info\\\/press\\\/2022\\\/02\\\/19\\\/cachafaz-y-delincuente\\\/#primaryimage\"},\"thumbnailUrl\":\"https:\\\/\\\/elcanillita.info\\\/press\\\/images\\\/2022\\\/02\\\/kirch1.jpg\",\"datePublished\":\"2022-02-19T14:55:40+00:00\",\"dateModified\":\"2022-02-19T22:24:02+00:00\",\"inLanguage\":\"es-AR\",\"potentialAction\":[{\"@type\":\"ReadAction\",\"target\":[\"https:\\\/\\\/elcanillita.info\\\/press\\\/2022\\\/02\\\/19\\\/cachafaz-y-delincuente\\\/\"]}]},{\"@type\":\"ImageObject\",\"inLanguage\":\"es-AR\",\"@id\":\"https:\\\/\\\/elcanillita.info\\\/press\\\/2022\\\/02\\\/19\\\/cachafaz-y-delincuente\\\/#primaryimage\",\"url\":\"https:\\\/\\\/elcanillita.info\\\/press\\\/images\\\/2022\\\/02\\\/kirch1.jpg\",\"contentUrl\":\"https:\\\/\\\/elcanillita.info\\\/press\\\/images\\\/2022\\\/02\\\/kirch1.jpg\",\"width\":600,\"height\":450},{\"@type\":\"WebSite\",\"@id\":\"https:\\\/\\\/elcanillita.info\\\/press\\\/#website\",\"url\":\"https:\\\/\\\/elcanillita.info\\\/press\\\/\",\"name\":\"ElCanillita.Info\",\"description\":\"desde los Apeninos a los Andes\",\"publisher\":{\"@id\":\"https:\\\/\\\/elcanillita.info\\\/press\\\/#organization\"},\"potentialAction\":[{\"@type\":\"SearchAction\",\"target\":{\"@type\":\"EntryPoint\",\"urlTemplate\":\"https:\\\/\\\/elcanillita.info\\\/press\\\/?s={search_term_string}\"},\"query-input\":{\"@type\":\"PropertyValueSpecification\",\"valueRequired\":true,\"valueName\":\"search_term_string\"}}],\"inLanguage\":\"es-AR\"},{\"@type\":\"Organization\",\"@id\":\"https:\\\/\\\/elcanillita.info\\\/press\\\/#organization\",\"name\":\"Guzzo Photos & Graphic Publications\",\"url\":\"https:\\\/\\\/elcanillita.info\\\/press\\\/\",\"logo\":{\"@type\":\"ImageObject\",\"inLanguage\":\"es-AR\",\"@id\":\"https:\\\/\\\/elcanillita.info\\\/press\\\/#\\\/schema\\\/logo\\\/image\\\/\",\"url\":\"https:\\\/\\\/elcanillita.info\\\/press\\\/images\\\/2020\\\/01\\\/cropped-cropped-cropped-elcanillitainfo.png\",\"contentUrl\":\"https:\\\/\\\/elcanillita.info\\\/press\\\/images\\\/2020\\\/01\\\/cropped-cropped-cropped-elcanillitainfo.png\",\"width\":460,\"height\":50,\"caption\":\"Guzzo Photos & Graphic Publications\"},\"image\":{\"@id\":\"https:\\\/\\\/elcanillita.info\\\/press\\\/#\\\/schema\\\/logo\\\/image\\\/\"},\"sameAs\":[\"https:\\\/\\\/ar-ar.facebook.com\\\/ElCanillitainfo-114249515285712\\\/\"]},{\"@type\":\"Person\",\"@id\":\"https:\\\/\\\/elcanillita.info\\\/press\\\/#\\\/schema\\\/person\\\/7fcb79f38045700919f7da6d97e71ba0\",\"name\":\"SalaStampa.eu, world press service\",\"image\":{\"@type\":\"ImageObject\",\"inLanguage\":\"es-AR\",\"@id\":\"https:\\\/\\\/secure.gravatar.com\\\/avatar\\\/c2f0e0d515a107624234994507816ca4724c7199cef73fc8bedebf6931d73888?s=96&d=mm&r=g\",\"url\":\"https:\\\/\\\/secure.gravatar.com\\\/avatar\\\/c2f0e0d515a107624234994507816ca4724c7199cef73fc8bedebf6931d73888?s=96&d=mm&r=g\",\"contentUrl\":\"https:\\\/\\\/secure.gravatar.com\\\/avatar\\\/c2f0e0d515a107624234994507816ca4724c7199cef73fc8bedebf6931d73888?s=96&d=mm&r=g\",\"caption\":\"SalaStampa.eu, world press service\"}}]}<\/script>\n<!-- \/ Yoast SEO plugin. -->","yoast_head_json":{"title":"Cachafaz y Delincuente - ElCanillita.Info","robots":{"index":"index","follow":"follow","max-snippet":"max-snippet:-1","max-image-preview":"max-image-preview:large","max-video-preview":"max-video-preview:-1"},"canonical":"https:\/\/elcanillita.info\/press\/2022\/02\/19\/cachafaz-y-delincuente\/","og_locale":"es_ES","og_type":"article","og_title":"Cachafaz y Delincuente - ElCanillita.Info","og_description":"Cristina Kirchner, probada jefa de una asociaci\u00f3n il\u00edcita que saque\u00f3 el pa\u00eds como nunca antes, como PresidenteVice en 2019, lo puso de manifiesto.","og_url":"https:\/\/elcanillita.info\/press\/2022\/02\/19\/cachafaz-y-delincuente\/","og_site_name":"ElCanillita.Info","article_publisher":"https:\/\/ar-ar.facebook.com\/ElCanillitainfo-114249515285712\/","article_published_time":"2022-02-19T14:55:40+00:00","article_modified_time":"2022-02-19T22:24:02+00:00","og_image":[{"width":600,"height":450,"url":"https:\/\/elcanillita.info\/press\/images\/2022\/02\/kirch1.jpg","type":"image\/jpeg"}],"author":"SalaStampa.eu, world press service","twitter_card":"summary_large_image","twitter_misc":{"Escrito por":"SalaStampa.eu, world press service","Tiempo de lectura":"5 minutos"},"schema":{"@context":"https:\/\/schema.org","@graph":[{"@type":"Article","@id":"https:\/\/elcanillita.info\/press\/2022\/02\/19\/cachafaz-y-delincuente\/#article","isPartOf":{"@id":"https:\/\/elcanillita.info\/press\/2022\/02\/19\/cachafaz-y-delincuente\/"},"author":{"name":"SalaStampa.eu, world press service","@id":"https:\/\/elcanillita.info\/press\/#\/schema\/person\/7fcb79f38045700919f7da6d97e71ba0"},"headline":"Cachafaz y Delincuente","datePublished":"2022-02-19T14:55:40+00:00","dateModified":"2022-02-19T22:24:02+00:00","mainEntityOfPage":{"@id":"https:\/\/elcanillita.info\/press\/2022\/02\/19\/cachafaz-y-delincuente\/"},"wordCount":1034,"publisher":{"@id":"https:\/\/elcanillita.info\/press\/#organization"},"image":{"@id":"https:\/\/elcanillita.info\/press\/2022\/02\/19\/cachafaz-y-delincuente\/#primaryimage"},"thumbnailUrl":"https:\/\/elcanillita.info\/press\/images\/2022\/02\/kirch1.jpg","keywords":["Argentina"],"articleSection":["Am\u00e9rica del Sur","Justicia"],"inLanguage":"es-AR"},{"@type":"WebPage","@id":"https:\/\/elcanillita.info\/press\/2022\/02\/19\/cachafaz-y-delincuente\/","url":"https:\/\/elcanillita.info\/press\/2022\/02\/19\/cachafaz-y-delincuente\/","name":"Cachafaz y Delincuente - ElCanillita.Info","isPartOf":{"@id":"https:\/\/elcanillita.info\/press\/#website"},"primaryImageOfPage":{"@id":"https:\/\/elcanillita.info\/press\/2022\/02\/19\/cachafaz-y-delincuente\/#primaryimage"},"image":{"@id":"https:\/\/elcanillita.info\/press\/2022\/02\/19\/cachafaz-y-delincuente\/#primaryimage"},"thumbnailUrl":"https:\/\/elcanillita.info\/press\/images\/2022\/02\/kirch1.jpg","datePublished":"2022-02-19T14:55:40+00:00","dateModified":"2022-02-19T22:24:02+00:00","inLanguage":"es-AR","potentialAction":[{"@type":"ReadAction","target":["https:\/\/elcanillita.info\/press\/2022\/02\/19\/cachafaz-y-delincuente\/"]}]},{"@type":"ImageObject","inLanguage":"es-AR","@id":"https:\/\/elcanillita.info\/press\/2022\/02\/19\/cachafaz-y-delincuente\/#primaryimage","url":"https:\/\/elcanillita.info\/press\/images\/2022\/02\/kirch1.jpg","contentUrl":"https:\/\/elcanillita.info\/press\/images\/2022\/02\/kirch1.jpg","width":600,"height":450},{"@type":"WebSite","@id":"https:\/\/elcanillita.info\/press\/#website","url":"https:\/\/elcanillita.info\/press\/","name":"ElCanillita.Info","description":"desde los Apeninos a los Andes","publisher":{"@id":"https:\/\/elcanillita.info\/press\/#organization"},"potentialAction":[{"@type":"SearchAction","target":{"@type":"EntryPoint","urlTemplate":"https:\/\/elcanillita.info\/press\/?s={search_term_string}"},"query-input":{"@type":"PropertyValueSpecification","valueRequired":true,"valueName":"search_term_string"}}],"inLanguage":"es-AR"},{"@type":"Organization","@id":"https:\/\/elcanillita.info\/press\/#organization","name":"Guzzo Photos & Graphic Publications","url":"https:\/\/elcanillita.info\/press\/","logo":{"@type":"ImageObject","inLanguage":"es-AR","@id":"https:\/\/elcanillita.info\/press\/#\/schema\/logo\/image\/","url":"https:\/\/elcanillita.info\/press\/images\/2020\/01\/cropped-cropped-cropped-elcanillitainfo.png","contentUrl":"https:\/\/elcanillita.info\/press\/images\/2020\/01\/cropped-cropped-cropped-elcanillitainfo.png","width":460,"height":50,"caption":"Guzzo Photos & Graphic Publications"},"image":{"@id":"https:\/\/elcanillita.info\/press\/#\/schema\/logo\/image\/"},"sameAs":["https:\/\/ar-ar.facebook.com\/ElCanillitainfo-114249515285712\/"]},{"@type":"Person","@id":"https:\/\/elcanillita.info\/press\/#\/schema\/person\/7fcb79f38045700919f7da6d97e71ba0","name":"SalaStampa.eu, world press service","image":{"@type":"ImageObject","inLanguage":"es-AR","@id":"https:\/\/secure.gravatar.com\/avatar\/c2f0e0d515a107624234994507816ca4724c7199cef73fc8bedebf6931d73888?s=96&d=mm&r=g","url":"https:\/\/secure.gravatar.com\/avatar\/c2f0e0d515a107624234994507816ca4724c7199cef73fc8bedebf6931d73888?s=96&d=mm&r=g","contentUrl":"https:\/\/secure.gravatar.com\/avatar\/c2f0e0d515a107624234994507816ca4724c7199cef73fc8bedebf6931d73888?s=96&d=mm&r=g","caption":"SalaStampa.eu, world press service"}}]}},"views":598,"_links":{"self":[{"href":"https:\/\/elcanillita.info\/press\/wp-json\/wp\/v2\/posts\/2263","targetHints":{"allow":["GET"]}}],"collection":[{"href":"https:\/\/elcanillita.info\/press\/wp-json\/wp\/v2\/posts"}],"about":[{"href":"https:\/\/elcanillita.info\/press\/wp-json\/wp\/v2\/types\/post"}],"author":[{"embeddable":true,"href":"https:\/\/elcanillita.info\/press\/wp-json\/wp\/v2\/users\/1"}],"replies":[{"embeddable":true,"href":"https:\/\/elcanillita.info\/press\/wp-json\/wp\/v2\/comments?post=2263"}],"version-history":[{"count":0,"href":"https:\/\/elcanillita.info\/press\/wp-json\/wp\/v2\/posts\/2263\/revisions"}],"wp:featuredmedia":[{"embeddable":true,"href":"https:\/\/elcanillita.info\/press\/wp-json\/wp\/v2\/media\/2265"}],"wp:attachment":[{"href":"https:\/\/elcanillita.info\/press\/wp-json\/wp\/v2\/media?parent=2263"}],"wp:term":[{"taxonomy":"category","embeddable":true,"href":"https:\/\/elcanillita.info\/press\/wp-json\/wp\/v2\/categories?post=2263"},{"taxonomy":"post_tag","embeddable":true,"href":"https:\/\/elcanillita.info\/press\/wp-json\/wp\/v2\/tags?post=2263"}],"curies":[{"name":"wp","href":"https:\/\/api.w.org\/{rel}","templated":true}]}}