{"id":2250,"date":"2022-02-19T00:03:13","date_gmt":"2022-02-19T03:03:13","guid":{"rendered":"https:\/\/elcanillita.info\/press\/?p=2250"},"modified":"2022-02-19T11:56:26","modified_gmt":"2022-02-19T14:56:26","slug":"un-millon-de-personas-sufren-cortes-de-electricidad-y-el-caos-podria-prolongarse-hasta-la-proxima-semana","status":"publish","type":"post","link":"https:\/\/elcanillita.info\/press\/2022\/02\/19\/un-millon-de-personas-sufren-cortes-de-electricidad-y-el-caos-podria-prolongarse-hasta-la-proxima-semana\/","title":{"rendered":"Un mill\u00f3n de personas sufren cortes de electricidad, y el caos podr\u00eda prolongarse hasta la pr\u00f3xima semana"},"content":{"rendered":"\n<div class=\"wp-block-image\"><figure class=\"alignleft size-full\"><img loading=\"lazy\" decoding=\"async\" width=\"400\" height=\"673\" src=\"https:\/\/elcanillita.info\/press\/images\/2022\/02\/uk1-2.jpg\" alt=\"\" class=\"wp-image-2254\" srcset=\"https:\/\/elcanillita.info\/press\/images\/2022\/02\/uk1-2.jpg 400w, https:\/\/elcanillita.info\/press\/images\/2022\/02\/uk1-2-178x300.jpg 178w\" sizes=\"auto, (max-width: 400px) 100vw, 400px\" \/><\/figure><\/div>\n\n\n\n<p>M\u00e1s de un mill\u00f3n de hogares se quedaron sin electricidad despu\u00e9s de que la tormenta Eunice provocara el caos en las carreteras y el ferrocarril y da\u00f1ara casas y lugares emblem\u00e1ticos en toda Gran Breta\u00f1a.<\/p>\n\n\n\n<p>El viernes se tem\u00eda que los trastornos provocados por la tormenta, que ha batido r\u00e9cords, pudieran prolongarse hasta la pr\u00f3xima semana, ya que los fuertes vientos podr\u00edan dificultar los esfuerzos de recuperaci\u00f3n. Aparecieron las primeras v\u00edctimas, con tres automovilistas muertos.<\/p>\n\n\n\n<p>Cientos de miles de hogares estaban sin electricidad y, aunque m\u00e1s de 700.000 han sido reconectados, 435.000 segu\u00edan a oscuras al caer la noche. Algunos cortes podr\u00edan durar 48 horas y potencialmente m\u00e1s en las zonas rurales, seg\u00fan se inform\u00f3 al Gobierno.<\/p>\n\n\n\n<p>El viernes por la noche, Kwasi Kwarteng, Secretario de Negocios, advirti\u00f3 que &#8220;habr\u00e1 m\u00e1s interrupciones&#8221;. Dijo que se hab\u00edan desplegado helic\u00f3pteros y generadores para ayudar a la gente a hacer frente a las consecuencias.<\/p>\n\n\n\n<p>Eunice es una de las tormentas m\u00e1s fuertes que han azotado el Reino Unido en m\u00e1s de 30 a\u00f1os, con una r\u00e1faga de 122 mph registrada en Needles, en la isla de Wight, declarada provisionalmente como un r\u00e9cord para Inglaterra.<\/p>\n\n\n\n<p>La tormenta caus\u00f3 importantes da\u00f1os en el estadio O2, situado en el sureste de Londres, con partes del techo de lona de la estructura arrancadas y arrastradas al T\u00e1mesis y 1.000 personas evacuadas del edificio.<\/p>\n\n\n\n<p>Una torre de una central el\u00e9ctrica de Kent se derrumb\u00f3, y la central nuclear de Hinkley Point B se cerr\u00f3 parcialmente despu\u00e9s de que el tiempo provocara problemas el\u00e9ctricos en la unidad que la conecta a la red el\u00e9ctrica.<\/p>\n\n\n\n<div class=\"wp-block-image\"><figure class=\"alignleft size-full\"><img loading=\"lazy\" decoding=\"async\" width=\"600\" height=\"404\" src=\"https:\/\/elcanillita.info\/press\/images\/2022\/02\/uk2-1.jpg\" alt=\"\" class=\"wp-image-2255\" srcset=\"https:\/\/elcanillita.info\/press\/images\/2022\/02\/uk2-1.jpg 600w, https:\/\/elcanillita.info\/press\/images\/2022\/02\/uk2-1-300x202.jpg 300w\" sizes=\"auto, (max-width: 600px) 100vw, 600px\" \/><\/figure><\/div>\n\n\n\n<p>La Oficina Meteorol\u00f3gica ha emitido un aviso meteorol\u00f3gico amarillo para el suroeste y la costa sur desde las 6:00 de la ma\u00f1ana hasta las 18:00 de la tarde del s\u00e1bado, con vientos de entre 64 y 80 km\/h en el interior y 100 km\/h en la costa.<\/p>\n\n\n\n<p>Las zonas del norte del pa\u00eds se enfrentan a condiciones de congelaci\u00f3n, lo que agrava la situaci\u00f3n de quienes se han quedado sin electricidad. La Oficina Meteorol\u00f3gica ha advertido de que el mal tiempo podr\u00eda provocar cortes de electricidad &#8220;prolongados&#8221; porque dificultar\u00e1 los esfuerzos para reparar los cables a\u00e9reos.<\/p>\n\n\n\n<p>Tambi\u00e9n se espera que el caos en los viajes contin\u00fae este fin de semana, ya que National Rail advirti\u00f3 el viernes por la noche de las continuas interrupciones. Miles de trenes fueron cancelados el viernes, y los jefes de los ferrocarriles emitieron una advertencia general de &#8220;no viajar&#8221;.<\/p>\n\n\n\n<p>Todos los servicios de entrada y salida de Londres Euston se detuvieron, todos los trenes en Gales fueron cancelados y Avanti West Coast y Chiltern Railways estaban entre otras l\u00edneas suspendidas.<\/p>\n\n\n\n<p>En los aeropuertos de Heathrow, Manchester y London City se cancelaron 436 vuelos, seg\u00fan datos de Cirium, una empresa de an\u00e1lisis de la aviaci\u00f3n. Es probable que se produzcan m\u00e1s trastornos en los pr\u00f3ximos d\u00edas, ya que los servicios cancelados se reorganizan, coincidiendo con las vacaciones de mitad de curso.<br><br>Eunice azot\u00f3 la parte occidental del Reino Unido en las primeras horas del viernes, con raras alertas rojas por viento, lo que significa peligro para la vida. Las advertencias abarcaban el suroeste y el sureste, incluido Londres, la primera vez que la capital era objeto de la alerta.<\/p>\n\n\n\n<p>Los meteor\u00f3logos confirmaron que la tormenta presentaba un evento de &#8220;chorro de aguij\u00f3n&#8221;, que puede provocar vientos extremadamente intensos en un \u00e1rea peque\u00f1a, aunque se form\u00f3 sobre el mar y no afect\u00f3 al tiempo sobre el Reino Unido.<\/p>\n\n\n\n<p>La intensidad y la forma de Eunice llevaron a comparaciones con la Gran Tormenta de 1987, que mat\u00f3 a 18 personas y trajo r\u00e1fagas de hasta 160 km\/h.<\/p>\n\n\n\n<p>El viernes por la noche se confirm\u00f3 la muerte de tres personas a causa de la tormenta Eunice. Dos de las muertes se produjeron al chocar los coches con los \u00e1rboles, una en Alton (Hampshire) y la otra en Haringey (norte de Londres). Un hombre de unos 50 a\u00f1os muri\u00f3 cuando los escombros golpearon el parabrisas de un veh\u00edculo en Netherton, Merseyside.<\/p>\n\n\n\n<p>En todo el pa\u00eds, otras muchas personas fueron trasladadas al hospital tras sufrir accidentes de tr\u00e1fico, y la Brigada de Bomberos de Londres y el Servicio de Ambulancias del Centro Sur declararon incidentes graves debido al volumen de llamadas.<\/p>\n\n\n\n<p>Mientras los fuertes vientos azotaban el Reino Unido, una marea de tempestad potencialmente devastadora, que hab\u00eda dejado a los hogares a lo largo del r\u00edo Severn enfrentados a advertencias de evacuaci\u00f3n, no tuvo los graves efectos previstos en un indulto para hogares y empresas.<\/p>\n\n\n\n<p>El viernes por la noche, los funcionarios del gobierno expresaron su alivio por el hecho de que la primera fase de la tormenta no hab\u00eda cumplido con el peor escenario de inundaciones costeras.<\/p>\n\n\n\n<p>De los nueve avisos de inundaci\u00f3n grave, todos han sido rebajados&#8221;, dijo uno de ellos, pero a\u00f1adi\u00f3: &#8220;Todav\u00eda tenemos unos 50 avisos y algunas alertas de inundaci\u00f3n&#8221;. La Agencia de Medio Ambiente sigue advirtiendo al p\u00fablico que tenga mucho cuidado y se mantenga alejado de la costa&#8221;.<\/p>\n\n\n\n<p>La agencia est\u00e1 pendiente de los signos de inundaci\u00f3n en el interior durante el fin de semana, ya que las fuertes lluvias previstas aumentan la crecida de los r\u00edos, sobre todo en el noroeste y en los alrededores del alto Severn.<br><br>\n<small>Copyright \u00a9 2022 ElCanillita.info &#8211; DC24.News &#8211; PanPress.eu \/ SalaStampa.eu &#8211; Derechos reservados <\/small><\/p>\n","protected":false},"excerpt":{"rendered":"<p>Se teme que contin\u00faen los trastornos provocados por una tormenta sin precedentes, y que los fuertes vientos dificulten los esfuerzos de rescate.<\/p>\n","protected":false},"author":1,"featured_media":2256,"comment_status":"closed","ping_status":"closed","sticky":false,"template":"","format":"standard","meta":{"footnotes":"","_links_to":"","_links_to_target":""},"categories":[5,21],"tags":[58],"class_list":["post-2250","post","type-post","status-publish","format-standard","has-post-thumbnail","hentry","category-europa","category-geo","tag-reino-unido","entry","double"],"yoast_head":"<!-- This site is optimized with the Yoast SEO plugin v27.4 - https:\/\/yoast.com\/product\/yoast-seo-wordpress\/ -->\n<title>Un mill\u00f3n de personas sufren cortes de electricidad, y el caos podr\u00eda prolongarse hasta la pr\u00f3xima semana - ElCanillita.Info<\/title>\n<meta name=\"robots\" content=\"index, follow, max-snippet:-1, max-image-preview:large, max-video-preview:-1\" \/>\n<link rel=\"canonical\" href=\"https:\/\/elcanillita.info\/press\/2022\/02\/19\/un-millon-de-personas-sufren-cortes-de-electricidad-y-el-caos-podria-prolongarse-hasta-la-proxima-semana\/\" \/>\n<meta property=\"og:locale\" content=\"es_ES\" \/>\n<meta property=\"og:type\" content=\"article\" \/>\n<meta property=\"og:title\" content=\"Un mill\u00f3n de personas sufren cortes de electricidad, y el caos podr\u00eda prolongarse hasta la pr\u00f3xima semana - ElCanillita.Info\" \/>\n<meta property=\"og:description\" content=\"Se teme que contin\u00faen los trastornos provocados por una tormenta sin precedentes, y que los fuertes vientos dificulten los esfuerzos de rescate.\" \/>\n<meta property=\"og:url\" content=\"https:\/\/elcanillita.info\/press\/2022\/02\/19\/un-millon-de-personas-sufren-cortes-de-electricidad-y-el-caos-podria-prolongarse-hasta-la-proxima-semana\/\" \/>\n<meta property=\"og:site_name\" content=\"ElCanillita.Info\" \/>\n<meta property=\"article:publisher\" content=\"https:\/\/ar-ar.facebook.com\/ElCanillitainfo-114249515285712\/\" \/>\n<meta property=\"article:published_time\" content=\"2022-02-19T03:03:13+00:00\" \/>\n<meta property=\"article:modified_time\" content=\"2022-02-19T14:56:26+00:00\" \/>\n<meta property=\"og:image\" content=\"https:\/\/elcanillita.info\/press\/images\/2022\/02\/uk.jpg\" \/>\n\t<meta property=\"og:image:width\" content=\"600\" \/>\n\t<meta property=\"og:image:height\" content=\"400\" \/>\n\t<meta property=\"og:image:type\" content=\"image\/jpeg\" \/>\n<meta name=\"author\" content=\"SalaStampa.eu, world press service\" \/>\n<meta name=\"twitter:card\" content=\"summary_large_image\" \/>\n<meta name=\"twitter:label1\" content=\"Escrito por\" \/>\n\t<meta name=\"twitter:data1\" content=\"SalaStampa.eu, world press service\" \/>\n\t<meta name=\"twitter:label2\" content=\"Tiempo de lectura\" \/>\n\t<meta name=\"twitter:data2\" content=\"5 minutos\" \/>\n<script type=\"application\/ld+json\" class=\"yoast-schema-graph\">{\"@context\":\"https:\\\/\\\/schema.org\",\"@graph\":[{\"@type\":\"Article\",\"@id\":\"https:\\\/\\\/elcanillita.info\\\/press\\\/2022\\\/02\\\/19\\\/un-millon-de-personas-sufren-cortes-de-electricidad-y-el-caos-podria-prolongarse-hasta-la-proxima-semana\\\/#article\",\"isPartOf\":{\"@id\":\"https:\\\/\\\/elcanillita.info\\\/press\\\/2022\\\/02\\\/19\\\/un-millon-de-personas-sufren-cortes-de-electricidad-y-el-caos-podria-prolongarse-hasta-la-proxima-semana\\\/\"},\"author\":{\"name\":\"SalaStampa.eu, world press service\",\"@id\":\"https:\\\/\\\/elcanillita.info\\\/press\\\/#\\\/schema\\\/person\\\/7fcb79f38045700919f7da6d97e71ba0\"},\"headline\":\"Un mill\u00f3n de personas sufren cortes de electricidad, y el caos podr\u00eda prolongarse hasta la pr\u00f3xima semana\",\"datePublished\":\"2022-02-19T03:03:13+00:00\",\"dateModified\":\"2022-02-19T14:56:26+00:00\",\"mainEntityOfPage\":{\"@id\":\"https:\\\/\\\/elcanillita.info\\\/press\\\/2022\\\/02\\\/19\\\/un-millon-de-personas-sufren-cortes-de-electricidad-y-el-caos-podria-prolongarse-hasta-la-proxima-semana\\\/\"},\"wordCount\":959,\"publisher\":{\"@id\":\"https:\\\/\\\/elcanillita.info\\\/press\\\/#organization\"},\"image\":{\"@id\":\"https:\\\/\\\/elcanillita.info\\\/press\\\/2022\\\/02\\\/19\\\/un-millon-de-personas-sufren-cortes-de-electricidad-y-el-caos-podria-prolongarse-hasta-la-proxima-semana\\\/#primaryimage\"},\"thumbnailUrl\":\"https:\\\/\\\/elcanillita.info\\\/press\\\/images\\\/2022\\\/02\\\/uk.jpg\",\"keywords\":[\"Reino Unido\"],\"articleSection\":[\"Europa\",\"Geo\"],\"inLanguage\":\"es-AR\"},{\"@type\":\"WebPage\",\"@id\":\"https:\\\/\\\/elcanillita.info\\\/press\\\/2022\\\/02\\\/19\\\/un-millon-de-personas-sufren-cortes-de-electricidad-y-el-caos-podria-prolongarse-hasta-la-proxima-semana\\\/\",\"url\":\"https:\\\/\\\/elcanillita.info\\\/press\\\/2022\\\/02\\\/19\\\/un-millon-de-personas-sufren-cortes-de-electricidad-y-el-caos-podria-prolongarse-hasta-la-proxima-semana\\\/\",\"name\":\"Un mill\u00f3n de personas sufren cortes de electricidad, y el caos podr\u00eda prolongarse hasta la pr\u00f3xima semana - ElCanillita.Info\",\"isPartOf\":{\"@id\":\"https:\\\/\\\/elcanillita.info\\\/press\\\/#website\"},\"primaryImageOfPage\":{\"@id\":\"https:\\\/\\\/elcanillita.info\\\/press\\\/2022\\\/02\\\/19\\\/un-millon-de-personas-sufren-cortes-de-electricidad-y-el-caos-podria-prolongarse-hasta-la-proxima-semana\\\/#primaryimage\"},\"image\":{\"@id\":\"https:\\\/\\\/elcanillita.info\\\/press\\\/2022\\\/02\\\/19\\\/un-millon-de-personas-sufren-cortes-de-electricidad-y-el-caos-podria-prolongarse-hasta-la-proxima-semana\\\/#primaryimage\"},\"thumbnailUrl\":\"https:\\\/\\\/elcanillita.info\\\/press\\\/images\\\/2022\\\/02\\\/uk.jpg\",\"datePublished\":\"2022-02-19T03:03:13+00:00\",\"dateModified\":\"2022-02-19T14:56:26+00:00\",\"inLanguage\":\"es-AR\",\"potentialAction\":[{\"@type\":\"ReadAction\",\"target\":[\"https:\\\/\\\/elcanillita.info\\\/press\\\/2022\\\/02\\\/19\\\/un-millon-de-personas-sufren-cortes-de-electricidad-y-el-caos-podria-prolongarse-hasta-la-proxima-semana\\\/\"]}]},{\"@type\":\"ImageObject\",\"inLanguage\":\"es-AR\",\"@id\":\"https:\\\/\\\/elcanillita.info\\\/press\\\/2022\\\/02\\\/19\\\/un-millon-de-personas-sufren-cortes-de-electricidad-y-el-caos-podria-prolongarse-hasta-la-proxima-semana\\\/#primaryimage\",\"url\":\"https:\\\/\\\/elcanillita.info\\\/press\\\/images\\\/2022\\\/02\\\/uk.jpg\",\"contentUrl\":\"https:\\\/\\\/elcanillita.info\\\/press\\\/images\\\/2022\\\/02\\\/uk.jpg\",\"width\":600,\"height\":400},{\"@type\":\"WebSite\",\"@id\":\"https:\\\/\\\/elcanillita.info\\\/press\\\/#website\",\"url\":\"https:\\\/\\\/elcanillita.info\\\/press\\\/\",\"name\":\"ElCanillita.Info\",\"description\":\"desde los Apeninos a los Andes\",\"publisher\":{\"@id\":\"https:\\\/\\\/elcanillita.info\\\/press\\\/#organization\"},\"potentialAction\":[{\"@type\":\"SearchAction\",\"target\":{\"@type\":\"EntryPoint\",\"urlTemplate\":\"https:\\\/\\\/elcanillita.info\\\/press\\\/?s={search_term_string}\"},\"query-input\":{\"@type\":\"PropertyValueSpecification\",\"valueRequired\":true,\"valueName\":\"search_term_string\"}}],\"inLanguage\":\"es-AR\"},{\"@type\":\"Organization\",\"@id\":\"https:\\\/\\\/elcanillita.info\\\/press\\\/#organization\",\"name\":\"Guzzo Photos & Graphic Publications\",\"url\":\"https:\\\/\\\/elcanillita.info\\\/press\\\/\",\"logo\":{\"@type\":\"ImageObject\",\"inLanguage\":\"es-AR\",\"@id\":\"https:\\\/\\\/elcanillita.info\\\/press\\\/#\\\/schema\\\/logo\\\/image\\\/\",\"url\":\"https:\\\/\\\/elcanillita.info\\\/press\\\/images\\\/2020\\\/01\\\/cropped-cropped-cropped-elcanillitainfo.png\",\"contentUrl\":\"https:\\\/\\\/elcanillita.info\\\/press\\\/images\\\/2020\\\/01\\\/cropped-cropped-cropped-elcanillitainfo.png\",\"width\":460,\"height\":50,\"caption\":\"Guzzo Photos & Graphic Publications\"},\"image\":{\"@id\":\"https:\\\/\\\/elcanillita.info\\\/press\\\/#\\\/schema\\\/logo\\\/image\\\/\"},\"sameAs\":[\"https:\\\/\\\/ar-ar.facebook.com\\\/ElCanillitainfo-114249515285712\\\/\"]},{\"@type\":\"Person\",\"@id\":\"https:\\\/\\\/elcanillita.info\\\/press\\\/#\\\/schema\\\/person\\\/7fcb79f38045700919f7da6d97e71ba0\",\"name\":\"SalaStampa.eu, world press service\",\"image\":{\"@type\":\"ImageObject\",\"inLanguage\":\"es-AR\",\"@id\":\"https:\\\/\\\/secure.gravatar.com\\\/avatar\\\/c2f0e0d515a107624234994507816ca4724c7199cef73fc8bedebf6931d73888?s=96&d=mm&r=g\",\"url\":\"https:\\\/\\\/secure.gravatar.com\\\/avatar\\\/c2f0e0d515a107624234994507816ca4724c7199cef73fc8bedebf6931d73888?s=96&d=mm&r=g\",\"contentUrl\":\"https:\\\/\\\/secure.gravatar.com\\\/avatar\\\/c2f0e0d515a107624234994507816ca4724c7199cef73fc8bedebf6931d73888?s=96&d=mm&r=g\",\"caption\":\"SalaStampa.eu, world press service\"}}]}<\/script>\n<!-- \/ Yoast SEO plugin. -->","yoast_head_json":{"title":"Un mill\u00f3n de personas sufren cortes de electricidad, y el caos podr\u00eda prolongarse hasta la pr\u00f3xima semana - ElCanillita.Info","robots":{"index":"index","follow":"follow","max-snippet":"max-snippet:-1","max-image-preview":"max-image-preview:large","max-video-preview":"max-video-preview:-1"},"canonical":"https:\/\/elcanillita.info\/press\/2022\/02\/19\/un-millon-de-personas-sufren-cortes-de-electricidad-y-el-caos-podria-prolongarse-hasta-la-proxima-semana\/","og_locale":"es_ES","og_type":"article","og_title":"Un mill\u00f3n de personas sufren cortes de electricidad, y el caos podr\u00eda prolongarse hasta la pr\u00f3xima semana - ElCanillita.Info","og_description":"Se teme que contin\u00faen los trastornos provocados por una tormenta sin precedentes, y que los fuertes vientos dificulten los esfuerzos de rescate.","og_url":"https:\/\/elcanillita.info\/press\/2022\/02\/19\/un-millon-de-personas-sufren-cortes-de-electricidad-y-el-caos-podria-prolongarse-hasta-la-proxima-semana\/","og_site_name":"ElCanillita.Info","article_publisher":"https:\/\/ar-ar.facebook.com\/ElCanillitainfo-114249515285712\/","article_published_time":"2022-02-19T03:03:13+00:00","article_modified_time":"2022-02-19T14:56:26+00:00","og_image":[{"width":600,"height":400,"url":"https:\/\/elcanillita.info\/press\/images\/2022\/02\/uk.jpg","type":"image\/jpeg"}],"author":"SalaStampa.eu, world press service","twitter_card":"summary_large_image","twitter_misc":{"Escrito por":"SalaStampa.eu, world press service","Tiempo de lectura":"5 minutos"},"schema":{"@context":"https:\/\/schema.org","@graph":[{"@type":"Article","@id":"https:\/\/elcanillita.info\/press\/2022\/02\/19\/un-millon-de-personas-sufren-cortes-de-electricidad-y-el-caos-podria-prolongarse-hasta-la-proxima-semana\/#article","isPartOf":{"@id":"https:\/\/elcanillita.info\/press\/2022\/02\/19\/un-millon-de-personas-sufren-cortes-de-electricidad-y-el-caos-podria-prolongarse-hasta-la-proxima-semana\/"},"author":{"name":"SalaStampa.eu, world press service","@id":"https:\/\/elcanillita.info\/press\/#\/schema\/person\/7fcb79f38045700919f7da6d97e71ba0"},"headline":"Un mill\u00f3n de personas sufren cortes de electricidad, y el caos podr\u00eda prolongarse hasta la pr\u00f3xima semana","datePublished":"2022-02-19T03:03:13+00:00","dateModified":"2022-02-19T14:56:26+00:00","mainEntityOfPage":{"@id":"https:\/\/elcanillita.info\/press\/2022\/02\/19\/un-millon-de-personas-sufren-cortes-de-electricidad-y-el-caos-podria-prolongarse-hasta-la-proxima-semana\/"},"wordCount":959,"publisher":{"@id":"https:\/\/elcanillita.info\/press\/#organization"},"image":{"@id":"https:\/\/elcanillita.info\/press\/2022\/02\/19\/un-millon-de-personas-sufren-cortes-de-electricidad-y-el-caos-podria-prolongarse-hasta-la-proxima-semana\/#primaryimage"},"thumbnailUrl":"https:\/\/elcanillita.info\/press\/images\/2022\/02\/uk.jpg","keywords":["Reino Unido"],"articleSection":["Europa","Geo"],"inLanguage":"es-AR"},{"@type":"WebPage","@id":"https:\/\/elcanillita.info\/press\/2022\/02\/19\/un-millon-de-personas-sufren-cortes-de-electricidad-y-el-caos-podria-prolongarse-hasta-la-proxima-semana\/","url":"https:\/\/elcanillita.info\/press\/2022\/02\/19\/un-millon-de-personas-sufren-cortes-de-electricidad-y-el-caos-podria-prolongarse-hasta-la-proxima-semana\/","name":"Un mill\u00f3n de personas sufren cortes de electricidad, y el caos podr\u00eda prolongarse hasta la pr\u00f3xima semana - ElCanillita.Info","isPartOf":{"@id":"https:\/\/elcanillita.info\/press\/#website"},"primaryImageOfPage":{"@id":"https:\/\/elcanillita.info\/press\/2022\/02\/19\/un-millon-de-personas-sufren-cortes-de-electricidad-y-el-caos-podria-prolongarse-hasta-la-proxima-semana\/#primaryimage"},"image":{"@id":"https:\/\/elcanillita.info\/press\/2022\/02\/19\/un-millon-de-personas-sufren-cortes-de-electricidad-y-el-caos-podria-prolongarse-hasta-la-proxima-semana\/#primaryimage"},"thumbnailUrl":"https:\/\/elcanillita.info\/press\/images\/2022\/02\/uk.jpg","datePublished":"2022-02-19T03:03:13+00:00","dateModified":"2022-02-19T14:56:26+00:00","inLanguage":"es-AR","potentialAction":[{"@type":"ReadAction","target":["https:\/\/elcanillita.info\/press\/2022\/02\/19\/un-millon-de-personas-sufren-cortes-de-electricidad-y-el-caos-podria-prolongarse-hasta-la-proxima-semana\/"]}]},{"@type":"ImageObject","inLanguage":"es-AR","@id":"https:\/\/elcanillita.info\/press\/2022\/02\/19\/un-millon-de-personas-sufren-cortes-de-electricidad-y-el-caos-podria-prolongarse-hasta-la-proxima-semana\/#primaryimage","url":"https:\/\/elcanillita.info\/press\/images\/2022\/02\/uk.jpg","contentUrl":"https:\/\/elcanillita.info\/press\/images\/2022\/02\/uk.jpg","width":600,"height":400},{"@type":"WebSite","@id":"https:\/\/elcanillita.info\/press\/#website","url":"https:\/\/elcanillita.info\/press\/","name":"ElCanillita.Info","description":"desde los Apeninos a los Andes","publisher":{"@id":"https:\/\/elcanillita.info\/press\/#organization"},"potentialAction":[{"@type":"SearchAction","target":{"@type":"EntryPoint","urlTemplate":"https:\/\/elcanillita.info\/press\/?s={search_term_string}"},"query-input":{"@type":"PropertyValueSpecification","valueRequired":true,"valueName":"search_term_string"}}],"inLanguage":"es-AR"},{"@type":"Organization","@id":"https:\/\/elcanillita.info\/press\/#organization","name":"Guzzo Photos & Graphic Publications","url":"https:\/\/elcanillita.info\/press\/","logo":{"@type":"ImageObject","inLanguage":"es-AR","@id":"https:\/\/elcanillita.info\/press\/#\/schema\/logo\/image\/","url":"https:\/\/elcanillita.info\/press\/images\/2020\/01\/cropped-cropped-cropped-elcanillitainfo.png","contentUrl":"https:\/\/elcanillita.info\/press\/images\/2020\/01\/cropped-cropped-cropped-elcanillitainfo.png","width":460,"height":50,"caption":"Guzzo Photos & Graphic Publications"},"image":{"@id":"https:\/\/elcanillita.info\/press\/#\/schema\/logo\/image\/"},"sameAs":["https:\/\/ar-ar.facebook.com\/ElCanillitainfo-114249515285712\/"]},{"@type":"Person","@id":"https:\/\/elcanillita.info\/press\/#\/schema\/person\/7fcb79f38045700919f7da6d97e71ba0","name":"SalaStampa.eu, world press service","image":{"@type":"ImageObject","inLanguage":"es-AR","@id":"https:\/\/secure.gravatar.com\/avatar\/c2f0e0d515a107624234994507816ca4724c7199cef73fc8bedebf6931d73888?s=96&d=mm&r=g","url":"https:\/\/secure.gravatar.com\/avatar\/c2f0e0d515a107624234994507816ca4724c7199cef73fc8bedebf6931d73888?s=96&d=mm&r=g","contentUrl":"https:\/\/secure.gravatar.com\/avatar\/c2f0e0d515a107624234994507816ca4724c7199cef73fc8bedebf6931d73888?s=96&d=mm&r=g","caption":"SalaStampa.eu, world press service"}}]}},"views":632,"_links":{"self":[{"href":"https:\/\/elcanillita.info\/press\/wp-json\/wp\/v2\/posts\/2250","targetHints":{"allow":["GET"]}}],"collection":[{"href":"https:\/\/elcanillita.info\/press\/wp-json\/wp\/v2\/posts"}],"about":[{"href":"https:\/\/elcanillita.info\/press\/wp-json\/wp\/v2\/types\/post"}],"author":[{"embeddable":true,"href":"https:\/\/elcanillita.info\/press\/wp-json\/wp\/v2\/users\/1"}],"replies":[{"embeddable":true,"href":"https:\/\/elcanillita.info\/press\/wp-json\/wp\/v2\/comments?post=2250"}],"version-history":[{"count":0,"href":"https:\/\/elcanillita.info\/press\/wp-json\/wp\/v2\/posts\/2250\/revisions"}],"wp:featuredmedia":[{"embeddable":true,"href":"https:\/\/elcanillita.info\/press\/wp-json\/wp\/v2\/media\/2256"}],"wp:attachment":[{"href":"https:\/\/elcanillita.info\/press\/wp-json\/wp\/v2\/media?parent=2250"}],"wp:term":[{"taxonomy":"category","embeddable":true,"href":"https:\/\/elcanillita.info\/press\/wp-json\/wp\/v2\/categories?post=2250"},{"taxonomy":"post_tag","embeddable":true,"href":"https:\/\/elcanillita.info\/press\/wp-json\/wp\/v2\/tags?post=2250"}],"curies":[{"name":"wp","href":"https:\/\/api.w.org\/{rel}","templated":true}]}}