{"id":2245,"date":"2022-02-15T21:28:26","date_gmt":"2022-02-16T00:28:26","guid":{"rendered":"https:\/\/elcanillita.info\/press\/?p=2245"},"modified":"2022-02-16T15:07:51","modified_gmt":"2022-02-16T18:07:51","slug":"la-invasion-rusa-de-ucrania-sigue-siendo-una-posibilidad-dijo-joe-biden","status":"publish","type":"post","link":"https:\/\/elcanillita.info\/press\/2022\/02\/15\/la-invasion-rusa-de-ucrania-sigue-siendo-una-posibilidad-dijo-joe-biden\/","title":{"rendered":"La invasi\u00f3n rusa de Ucrania &#8220;sigue siendo una posibilidad&#8221;, dijo Joe Biden"},"content":{"rendered":"\n<div class=\"wp-block-image\"><figure class=\"alignleft size-full\"><img loading=\"lazy\" decoding=\"async\" width=\"600\" height=\"400\" src=\"https:\/\/elcanillita.info\/press\/images\/2022\/02\/ucrania.jpg\" alt=\"\" class=\"wp-image-2246\" srcset=\"https:\/\/elcanillita.info\/press\/images\/2022\/02\/ucrania.jpg 600w, https:\/\/elcanillita.info\/press\/images\/2022\/02\/ucrania-300x200.jpg 300w\" sizes=\"auto, (max-width: 600px) 100vw, 600px\" \/><\/figure><\/div>\n\n\n\n<p>Joe Biden advirti\u00f3 el martes por la noche que una invasi\u00f3n rusa de Ucrania era &#8220;todav\u00eda una posibilidad&#8221; despu\u00e9s de que Mosc\u00fa dijera que hab\u00eda retirado algunas tropas de la frontera.<\/p>\n\n\n\n<p>Biden dijo que \u00e9l y Vladimir Putin, el presidente ruso, hab\u00edan acordado continuar las conversaciones diplom\u00e1ticas para resolver la crisis de forma pac\u00edfica. El presidente estadounidense afirm\u00f3 que Occidente estaba &#8220;preparado para responder con decisi\u00f3n&#8221; si Mosc\u00fa lanzaba un ataque.<\/p>\n\n\n\n<p>Dijo que la retirada de las tropas rusas ser\u00eda &#8220;buena&#8221;, pero a\u00f1adi\u00f3: &#8220;Todav\u00eda no lo hemos verificado, de hecho, nuestros analistas indican que siguen en una posici\u00f3n muy amenazante&#8221;. Afirm\u00f3 que 150.000 soldados rodean ahora a Ucrania, lo que significa que un asalto &#8220;sigue siendo claramente posible&#8221;.<\/p>\n\n\n\n<p>Haciendo hincapi\u00e9 en que el resultado de una invasi\u00f3n ser\u00eda una &#8220;guerra sangrienta y destructiva&#8221;, Biden a\u00f1adi\u00f3: &#8220;Si Rusia ataca a Ucrania, ser\u00eda una guerra de elecci\u00f3n, una guerra sin causa ni raz\u00f3n\u2026 una herida autoinfligida&#8221;.<\/p>\n\n\n\n<p>Reiter\u00f3 que &#8220;no sacrificar\u00e1 los principios&#8221; en las conversaciones con Putin, citando el derecho de todas las naciones a &#8220;fijar su propio rumbo y elegir con qui\u00e9n se asocian&#8221;, en referencia al derecho de Ucrania a solicitar su ingreso en la OTAN en el futuro, que Rusia considera una l\u00ednea roja.<\/p>\n\n\n\n<p>El presidente estadounidense afirm\u00f3 que su posici\u00f3n dejaba &#8220;mucho espacio para la diplomacia y la desescalada&#8221;. Prometi\u00f3 que la OTAN &#8220;no tiene planes&#8221; de instalar misiles en Ucrania y, en un intento de tranquilizar a Mosc\u00fa, dijo: &#8220;No buscamos desestabilizar a Rusia&#8221;.<\/p>\n\n\n\n<p>Insistiendo en que Occidente est\u00e1 &#8220;unido y galvanizado&#8221; y que la OTAN est\u00e1 &#8220;m\u00e1s unida y decidida que nunca&#8221;, Biden declar\u00f3: &#8220;Si no defendemos la libertad donde est\u00e1 en peligro hoy, seguramente pagaremos un precio m\u00e1s alto ma\u00f1ana&#8221;.<\/p>\n\n\n\n<p>Putin anunci\u00f3 que hab\u00eda decidido &#8220;retirar parcialmente las tropas&#8221;, mientras el Ministerio de Defensa ruso dec\u00eda que algunas fuerzas de los distritos militares fronterizos con Ucrania estaban regresando a sus guarniciones.<\/p>\n\n\n\n<p>El presidente ruso afirm\u00f3 que &#8220;intentar\u00e1 y se esforzar\u00e1 por llegar a un acuerdo con nuestros socios&#8221; a trav\u00e9s de una &#8220;v\u00eda de negociaci\u00f3n&#8221;.<\/p>\n\n\n\n<p>Dijo que Rusia &#8220;no quiere la guerra&#8221; y, preguntado por un periodista sobre c\u00f3mo iba a actuar Mosc\u00fa, respondi\u00f3 &#8220;Seg\u00fan el plan. \u00bfDe qu\u00e9 depender\u00e1? De la situaci\u00f3n sobre el terreno. \u00bfQui\u00e9n puede decir c\u00f3mo ser\u00e1? Nadie puede. No depende s\u00f3lo de nosotros&#8221;.<\/p>\n\n\n\n<p>Los funcionarios occidentales creen que han llegado m\u00e1s fuerzas rusas cerca de la frontera de Ucrania de las que se fueron el martes. &#8220;Hemos visto un refuerzo de las capacidades de combate y de otro tipo cerca de la frontera. En general, lo que hemos visto es un refuerzo adicional&#8221;, dijo uno de ellos.<\/p>\n\n\n\n<p>La OTAN puso en duda p\u00fablicamente las afirmaciones de Rusia de haber retirado las tropas. El secretario general, Jens Stoltenberg, dijo que hab\u00eda motivos para un &#8220;cauto optimismo&#8221; respecto a una resoluci\u00f3n pac\u00edfica, pero dej\u00f3 claro que la OTAN &#8220;no hab\u00eda visto ninguna desescalada sobre el terreno&#8221; por parte de Rusia. <\/p>\n\n\n\n<p>El presidente de la Comisi\u00f3n Europea, Jos\u00e9 Luis Rodr\u00edguez Zapatero, ha declarado que la OTAN no puede permitir que Ucrania entre en la organizaci\u00f3n, lo que supone una de las garant\u00edas m\u00e1s claras de un l\u00edder occidental.<\/p>\n\n\n\n<p>Tras una reuni\u00f3n con Putin, el canciller alem\u00e1n declar\u00f3 a los medios de comunicaci\u00f3n alemanes que la adhesi\u00f3n de Ucrania &#8220;no est\u00e1 en la agenda&#8221;. Dijo que &#8220;no podemos tener un posible conflicto militar&#8221; por la cuesti\u00f3n de la adhesi\u00f3n, calificando la idea de &#8220;absurda&#8221; e instando a todas las partes a &#8220;dar un paso atr\u00e1s&#8221; para hacer balance.<\/p>\n\n\n\n<p>Sus comentarios marcaron una marcada divergencia con los de Biden y Boris Johnson, que han subrayado que Kiev tiene derecho a unirse a la OTAN en el futuro si lo desea. Stoltenberg tambi\u00e9n reiter\u00f3 el martes que &#8220;la puerta de la alianza sigue abierta&#8221;.<\/p>\n\n\n\n<p>Putin respondi\u00f3 a Scholz diciendo que las garant\u00edas verbales no eran suficientes y que Rusia necesitaba garant\u00edas f\u00e9rreas de que Ucrania no ser\u00eda aceptada como miembro de la OTAN.<\/p>\n\n\n\n<p>&#8220;Dicen que a Ucrania no se le permitir\u00e1 entrar en la OTAN ahora mismo, pero que estar\u00e1 lista para entrar cuando est\u00e9 preparada para ello. Esto podr\u00eda ser demasiado tarde para nosotros. Por eso tenemos que resolver esta cuesti\u00f3n aqu\u00ed y ahora&#8221;, dijo.<\/p>\n\n\n\n<p>Johnson advirti\u00f3 de que Mosc\u00fa estaba enviando &#8220;se\u00f1ales contradictorias&#8221; sobre la perspectiva de una invasi\u00f3n, al tiempo que destacaba la continua acumulaci\u00f3n militar rusa en las fronteras de Ucrania.<br><br>Johnson dijo que el Gobierno brit\u00e1nico hab\u00eda preparado sanciones &#8220;muy, muy duras&#8221; para aplicarlas inmediatamente si el Kremlin lanzaba un ataque. Estas sanciones se centrar\u00edan en &#8220;los bancos rusos, las empresas rusas&#8221; y se tomar\u00edan nuevas medidas para &#8220;descorchar la fachada&#8221; de las propiedades rusas y la propiedad de empresas en el Reino Unido.<\/p>\n\n\n\n<p>El Primer Ministro tambi\u00e9n dijo que, a pesar de los riesgos, Gran Breta\u00f1a hab\u00eda tomado la &#8220;dif\u00edcil decisi\u00f3n&#8221; de mantener abierta su embajada en Kiev como un &#8220;importante s\u00edmbolo&#8221; de apoyo continuo a Ucrania.<\/p>\n\n\n\n<p>El anuncio se produjo mientras Ucrania sufr\u00eda un aparente ciberataque que colaps\u00f3 las p\u00e1ginas web del Ministerio de Defensa y las de dos bancos. Las autoridades ucranianas llevan tiempo advirtiendo de que Rusia est\u00e1 planeando una forma de guerra h\u00edbrida que combinar\u00eda la acci\u00f3n militar con la desinformaci\u00f3n y la pirater\u00eda inform\u00e1tica.<\/p>\n\n\n\n<p>La c\u00e1mara baja del parlamento ruso aprob\u00f3 el martes un proyecto de ley que insta al presidente a reconocer a los estateles separatistas del este que el Kremlin ha respaldado con fondos, tropas y suministros de armas desde que estall\u00f3 la guerra all\u00ed en 2014. Indic\u00f3 que, aunque simpatizaba con la moci\u00f3n, no iba a apoyarla.<\/p>\n\n\n\n<p>Al reconocer a Donetsk y Luhansk como Estados independientes, Mosc\u00fa perder\u00eda un argumento clave, ya que ha culpado a Kiev de paralizar el proceso de paz al retrasar la aplicaci\u00f3n de los impopulares acuerdos de paz firmados en Bielorrusia en 2015.<br><br>\n<small>Copyright \u00a9 2022 ElCanillita.info \/ PanPress.eu \/ SalaStampa.eu &#8211; Derechos Reservados<\/small> <\/p>\n","protected":false},"excerpt":{"rendered":"<p>El presidente afirma que Estados Unidos &#8220;a\u00fan no ha verificado&#8221; ninguna retirada de las tropas rusas de las fronteras mientras contin\u00faan las conversaciones<\/p>\n","protected":false},"author":1,"featured_media":2247,"comment_status":"closed","ping_status":"closed","sticky":false,"template":"","format":"standard","meta":{"footnotes":"","_links_to":"","_links_to_target":""},"categories":[70,9,23],"tags":[34],"class_list":["post-2245","post","type-post","status-publish","format-standard","has-post-thumbnail","hentry","category-actualidad","category-america-del-norte","category-politica","tag-estados-unidos","entry","double"],"yoast_head":"<!-- This site is optimized with the Yoast SEO plugin v27.5 - https:\/\/yoast.com\/product\/yoast-seo-wordpress\/ -->\n<title>La invasi\u00f3n rusa de Ucrania &quot;sigue siendo una posibilidad&quot;, dijo Joe Biden - ElCanillita.Info<\/title>\n<meta name=\"description\" content=\"Haciendo hincapi\u00e9 en que el resultado de una invasi\u00f3n ser\u00eda una &quot;guerra sangrienta y destructiva&quot;, Biden a\u00f1adi\u00f3: &quot;Si Rusia ataca a Ucrania, ser\u00eda una guerra de elecci\u00f3n, una guerra sin causa ni raz\u00f3n\u2026 una herida autoinfligida&quot;.\" \/>\n<meta name=\"robots\" content=\"index, follow, max-snippet:-1, max-image-preview:large, max-video-preview:-1\" \/>\n<link rel=\"canonical\" href=\"https:\/\/elcanillita.info\/press\/2022\/02\/15\/la-invasion-rusa-de-ucrania-sigue-siendo-una-posibilidad-dijo-joe-biden\/\" \/>\n<meta property=\"og:locale\" content=\"es_ES\" \/>\n<meta property=\"og:type\" content=\"article\" \/>\n<meta property=\"og:title\" content=\"La invasi\u00f3n rusa de Ucrania &quot;sigue siendo una posibilidad&quot;, dijo Joe Biden - ElCanillita.Info\" \/>\n<meta property=\"og:description\" content=\"Haciendo hincapi\u00e9 en que el resultado de una invasi\u00f3n ser\u00eda una &quot;guerra sangrienta y destructiva&quot;, Biden a\u00f1adi\u00f3: &quot;Si Rusia ataca a Ucrania, ser\u00eda una guerra de elecci\u00f3n, una guerra sin causa ni raz\u00f3n\u2026 una herida autoinfligida&quot;.\" \/>\n<meta property=\"og:url\" content=\"https:\/\/elcanillita.info\/press\/2022\/02\/15\/la-invasion-rusa-de-ucrania-sigue-siendo-una-posibilidad-dijo-joe-biden\/\" \/>\n<meta property=\"og:site_name\" content=\"ElCanillita.Info\" \/>\n<meta property=\"article:publisher\" content=\"https:\/\/ar-ar.facebook.com\/ElCanillitainfo-114249515285712\/\" \/>\n<meta property=\"article:published_time\" content=\"2022-02-16T00:28:26+00:00\" \/>\n<meta property=\"article:modified_time\" content=\"2022-02-16T18:07:51+00:00\" \/>\n<meta property=\"og:image\" content=\"https:\/\/elcanillita.info\/press\/images\/2022\/02\/ucr.1.jpg\" \/>\n\t<meta property=\"og:image:width\" content=\"600\" \/>\n\t<meta property=\"og:image:height\" content=\"376\" \/>\n\t<meta property=\"og:image:type\" content=\"image\/jpeg\" \/>\n<meta name=\"author\" content=\"SalaStampa.eu, world press service\" \/>\n<meta name=\"twitter:card\" content=\"summary_large_image\" \/>\n<meta name=\"twitter:label1\" content=\"Escrito por\" \/>\n\t<meta name=\"twitter:data1\" content=\"SalaStampa.eu, world press service\" \/>\n\t<meta name=\"twitter:label2\" content=\"Tiempo de lectura\" \/>\n\t<meta name=\"twitter:data2\" content=\"5 minutos\" \/>\n<script type=\"application\/ld+json\" class=\"yoast-schema-graph\">{\"@context\":\"https:\\\/\\\/schema.org\",\"@graph\":[{\"@type\":\"Article\",\"@id\":\"https:\\\/\\\/elcanillita.info\\\/press\\\/2022\\\/02\\\/15\\\/la-invasion-rusa-de-ucrania-sigue-siendo-una-posibilidad-dijo-joe-biden\\\/#article\",\"isPartOf\":{\"@id\":\"https:\\\/\\\/elcanillita.info\\\/press\\\/2022\\\/02\\\/15\\\/la-invasion-rusa-de-ucrania-sigue-siendo-una-posibilidad-dijo-joe-biden\\\/\"},\"author\":{\"name\":\"SalaStampa.eu, world press service\",\"@id\":\"https:\\\/\\\/elcanillita.info\\\/press\\\/#\\\/schema\\\/person\\\/7fcb79f38045700919f7da6d97e71ba0\"},\"headline\":\"La invasi\u00f3n rusa de Ucrania &#8220;sigue siendo una posibilidad&#8221;, dijo Joe Biden\",\"datePublished\":\"2022-02-16T00:28:26+00:00\",\"dateModified\":\"2022-02-16T18:07:51+00:00\",\"mainEntityOfPage\":{\"@id\":\"https:\\\/\\\/elcanillita.info\\\/press\\\/2022\\\/02\\\/15\\\/la-invasion-rusa-de-ucrania-sigue-siendo-una-posibilidad-dijo-joe-biden\\\/\"},\"wordCount\":1072,\"publisher\":{\"@id\":\"https:\\\/\\\/elcanillita.info\\\/press\\\/#organization\"},\"image\":{\"@id\":\"https:\\\/\\\/elcanillita.info\\\/press\\\/2022\\\/02\\\/15\\\/la-invasion-rusa-de-ucrania-sigue-siendo-una-posibilidad-dijo-joe-biden\\\/#primaryimage\"},\"thumbnailUrl\":\"https:\\\/\\\/elcanillita.info\\\/press\\\/images\\\/2022\\\/02\\\/ucr.1.jpg\",\"keywords\":[\"Estados Unidos\"],\"articleSection\":[\"Actualidad\",\"Am\u00e9rica del Norte\",\"Politica\"],\"inLanguage\":\"es-AR\"},{\"@type\":\"WebPage\",\"@id\":\"https:\\\/\\\/elcanillita.info\\\/press\\\/2022\\\/02\\\/15\\\/la-invasion-rusa-de-ucrania-sigue-siendo-una-posibilidad-dijo-joe-biden\\\/\",\"url\":\"https:\\\/\\\/elcanillita.info\\\/press\\\/2022\\\/02\\\/15\\\/la-invasion-rusa-de-ucrania-sigue-siendo-una-posibilidad-dijo-joe-biden\\\/\",\"name\":\"La invasi\u00f3n rusa de Ucrania \\\"sigue siendo una posibilidad\\\", dijo Joe Biden - ElCanillita.Info\",\"isPartOf\":{\"@id\":\"https:\\\/\\\/elcanillita.info\\\/press\\\/#website\"},\"primaryImageOfPage\":{\"@id\":\"https:\\\/\\\/elcanillita.info\\\/press\\\/2022\\\/02\\\/15\\\/la-invasion-rusa-de-ucrania-sigue-siendo-una-posibilidad-dijo-joe-biden\\\/#primaryimage\"},\"image\":{\"@id\":\"https:\\\/\\\/elcanillita.info\\\/press\\\/2022\\\/02\\\/15\\\/la-invasion-rusa-de-ucrania-sigue-siendo-una-posibilidad-dijo-joe-biden\\\/#primaryimage\"},\"thumbnailUrl\":\"https:\\\/\\\/elcanillita.info\\\/press\\\/images\\\/2022\\\/02\\\/ucr.1.jpg\",\"datePublished\":\"2022-02-16T00:28:26+00:00\",\"dateModified\":\"2022-02-16T18:07:51+00:00\",\"description\":\"Haciendo hincapi\u00e9 en que el resultado de una invasi\u00f3n ser\u00eda una \\\"guerra sangrienta y destructiva\\\", Biden a\u00f1adi\u00f3: \\\"Si Rusia ataca a Ucrania, ser\u00eda una guerra de elecci\u00f3n, una guerra sin causa ni raz\u00f3n\u2026 una herida autoinfligida\\\".\",\"inLanguage\":\"es-AR\",\"potentialAction\":[{\"@type\":\"ReadAction\",\"target\":[\"https:\\\/\\\/elcanillita.info\\\/press\\\/2022\\\/02\\\/15\\\/la-invasion-rusa-de-ucrania-sigue-siendo-una-posibilidad-dijo-joe-biden\\\/\"]}]},{\"@type\":\"ImageObject\",\"inLanguage\":\"es-AR\",\"@id\":\"https:\\\/\\\/elcanillita.info\\\/press\\\/2022\\\/02\\\/15\\\/la-invasion-rusa-de-ucrania-sigue-siendo-una-posibilidad-dijo-joe-biden\\\/#primaryimage\",\"url\":\"https:\\\/\\\/elcanillita.info\\\/press\\\/images\\\/2022\\\/02\\\/ucr.1.jpg\",\"contentUrl\":\"https:\\\/\\\/elcanillita.info\\\/press\\\/images\\\/2022\\\/02\\\/ucr.1.jpg\",\"width\":600,\"height\":376},{\"@type\":\"WebSite\",\"@id\":\"https:\\\/\\\/elcanillita.info\\\/press\\\/#website\",\"url\":\"https:\\\/\\\/elcanillita.info\\\/press\\\/\",\"name\":\"ElCanillita.Info\",\"description\":\"desde los Apeninos a los Andes\",\"publisher\":{\"@id\":\"https:\\\/\\\/elcanillita.info\\\/press\\\/#organization\"},\"potentialAction\":[{\"@type\":\"SearchAction\",\"target\":{\"@type\":\"EntryPoint\",\"urlTemplate\":\"https:\\\/\\\/elcanillita.info\\\/press\\\/?s={search_term_string}\"},\"query-input\":{\"@type\":\"PropertyValueSpecification\",\"valueRequired\":true,\"valueName\":\"search_term_string\"}}],\"inLanguage\":\"es-AR\"},{\"@type\":\"Organization\",\"@id\":\"https:\\\/\\\/elcanillita.info\\\/press\\\/#organization\",\"name\":\"Guzzo Photos & Graphic Publications\",\"url\":\"https:\\\/\\\/elcanillita.info\\\/press\\\/\",\"logo\":{\"@type\":\"ImageObject\",\"inLanguage\":\"es-AR\",\"@id\":\"https:\\\/\\\/elcanillita.info\\\/press\\\/#\\\/schema\\\/logo\\\/image\\\/\",\"url\":\"https:\\\/\\\/elcanillita.info\\\/press\\\/images\\\/2020\\\/01\\\/cropped-cropped-cropped-elcanillitainfo.png\",\"contentUrl\":\"https:\\\/\\\/elcanillita.info\\\/press\\\/images\\\/2020\\\/01\\\/cropped-cropped-cropped-elcanillitainfo.png\",\"width\":460,\"height\":50,\"caption\":\"Guzzo Photos & Graphic Publications\"},\"image\":{\"@id\":\"https:\\\/\\\/elcanillita.info\\\/press\\\/#\\\/schema\\\/logo\\\/image\\\/\"},\"sameAs\":[\"https:\\\/\\\/ar-ar.facebook.com\\\/ElCanillitainfo-114249515285712\\\/\"]},{\"@type\":\"Person\",\"@id\":\"https:\\\/\\\/elcanillita.info\\\/press\\\/#\\\/schema\\\/person\\\/7fcb79f38045700919f7da6d97e71ba0\",\"name\":\"SalaStampa.eu, world press service\",\"image\":{\"@type\":\"ImageObject\",\"inLanguage\":\"es-AR\",\"@id\":\"https:\\\/\\\/secure.gravatar.com\\\/avatar\\\/c2f0e0d515a107624234994507816ca4724c7199cef73fc8bedebf6931d73888?s=96&d=mm&r=g\",\"url\":\"https:\\\/\\\/secure.gravatar.com\\\/avatar\\\/c2f0e0d515a107624234994507816ca4724c7199cef73fc8bedebf6931d73888?s=96&d=mm&r=g\",\"contentUrl\":\"https:\\\/\\\/secure.gravatar.com\\\/avatar\\\/c2f0e0d515a107624234994507816ca4724c7199cef73fc8bedebf6931d73888?s=96&d=mm&r=g\",\"caption\":\"SalaStampa.eu, world press service\"}}]}<\/script>\n<!-- \/ Yoast SEO plugin. -->","yoast_head_json":{"title":"La invasi\u00f3n rusa de Ucrania \"sigue siendo una posibilidad\", dijo Joe Biden - ElCanillita.Info","description":"Haciendo hincapi\u00e9 en que el resultado de una invasi\u00f3n ser\u00eda una \"guerra sangrienta y destructiva\", Biden a\u00f1adi\u00f3: \"Si Rusia ataca a Ucrania, ser\u00eda una guerra de elecci\u00f3n, una guerra sin causa ni raz\u00f3n\u2026 una herida autoinfligida\".","robots":{"index":"index","follow":"follow","max-snippet":"max-snippet:-1","max-image-preview":"max-image-preview:large","max-video-preview":"max-video-preview:-1"},"canonical":"https:\/\/elcanillita.info\/press\/2022\/02\/15\/la-invasion-rusa-de-ucrania-sigue-siendo-una-posibilidad-dijo-joe-biden\/","og_locale":"es_ES","og_type":"article","og_title":"La invasi\u00f3n rusa de Ucrania \"sigue siendo una posibilidad\", dijo Joe Biden - ElCanillita.Info","og_description":"Haciendo hincapi\u00e9 en que el resultado de una invasi\u00f3n ser\u00eda una \"guerra sangrienta y destructiva\", Biden a\u00f1adi\u00f3: \"Si Rusia ataca a Ucrania, ser\u00eda una guerra de elecci\u00f3n, una guerra sin causa ni raz\u00f3n\u2026 una herida autoinfligida\".","og_url":"https:\/\/elcanillita.info\/press\/2022\/02\/15\/la-invasion-rusa-de-ucrania-sigue-siendo-una-posibilidad-dijo-joe-biden\/","og_site_name":"ElCanillita.Info","article_publisher":"https:\/\/ar-ar.facebook.com\/ElCanillitainfo-114249515285712\/","article_published_time":"2022-02-16T00:28:26+00:00","article_modified_time":"2022-02-16T18:07:51+00:00","og_image":[{"width":600,"height":376,"url":"https:\/\/elcanillita.info\/press\/images\/2022\/02\/ucr.1.jpg","type":"image\/jpeg"}],"author":"SalaStampa.eu, world press service","twitter_card":"summary_large_image","twitter_misc":{"Escrito por":"SalaStampa.eu, world press service","Tiempo de lectura":"5 minutos"},"schema":{"@context":"https:\/\/schema.org","@graph":[{"@type":"Article","@id":"https:\/\/elcanillita.info\/press\/2022\/02\/15\/la-invasion-rusa-de-ucrania-sigue-siendo-una-posibilidad-dijo-joe-biden\/#article","isPartOf":{"@id":"https:\/\/elcanillita.info\/press\/2022\/02\/15\/la-invasion-rusa-de-ucrania-sigue-siendo-una-posibilidad-dijo-joe-biden\/"},"author":{"name":"SalaStampa.eu, world press service","@id":"https:\/\/elcanillita.info\/press\/#\/schema\/person\/7fcb79f38045700919f7da6d97e71ba0"},"headline":"La invasi\u00f3n rusa de Ucrania &#8220;sigue siendo una posibilidad&#8221;, dijo Joe Biden","datePublished":"2022-02-16T00:28:26+00:00","dateModified":"2022-02-16T18:07:51+00:00","mainEntityOfPage":{"@id":"https:\/\/elcanillita.info\/press\/2022\/02\/15\/la-invasion-rusa-de-ucrania-sigue-siendo-una-posibilidad-dijo-joe-biden\/"},"wordCount":1072,"publisher":{"@id":"https:\/\/elcanillita.info\/press\/#organization"},"image":{"@id":"https:\/\/elcanillita.info\/press\/2022\/02\/15\/la-invasion-rusa-de-ucrania-sigue-siendo-una-posibilidad-dijo-joe-biden\/#primaryimage"},"thumbnailUrl":"https:\/\/elcanillita.info\/press\/images\/2022\/02\/ucr.1.jpg","keywords":["Estados Unidos"],"articleSection":["Actualidad","Am\u00e9rica del Norte","Politica"],"inLanguage":"es-AR"},{"@type":"WebPage","@id":"https:\/\/elcanillita.info\/press\/2022\/02\/15\/la-invasion-rusa-de-ucrania-sigue-siendo-una-posibilidad-dijo-joe-biden\/","url":"https:\/\/elcanillita.info\/press\/2022\/02\/15\/la-invasion-rusa-de-ucrania-sigue-siendo-una-posibilidad-dijo-joe-biden\/","name":"La invasi\u00f3n rusa de Ucrania \"sigue siendo una posibilidad\", dijo Joe Biden - ElCanillita.Info","isPartOf":{"@id":"https:\/\/elcanillita.info\/press\/#website"},"primaryImageOfPage":{"@id":"https:\/\/elcanillita.info\/press\/2022\/02\/15\/la-invasion-rusa-de-ucrania-sigue-siendo-una-posibilidad-dijo-joe-biden\/#primaryimage"},"image":{"@id":"https:\/\/elcanillita.info\/press\/2022\/02\/15\/la-invasion-rusa-de-ucrania-sigue-siendo-una-posibilidad-dijo-joe-biden\/#primaryimage"},"thumbnailUrl":"https:\/\/elcanillita.info\/press\/images\/2022\/02\/ucr.1.jpg","datePublished":"2022-02-16T00:28:26+00:00","dateModified":"2022-02-16T18:07:51+00:00","description":"Haciendo hincapi\u00e9 en que el resultado de una invasi\u00f3n ser\u00eda una \"guerra sangrienta y destructiva\", Biden a\u00f1adi\u00f3: \"Si Rusia ataca a Ucrania, ser\u00eda una guerra de elecci\u00f3n, una guerra sin causa ni raz\u00f3n\u2026 una herida autoinfligida\".","inLanguage":"es-AR","potentialAction":[{"@type":"ReadAction","target":["https:\/\/elcanillita.info\/press\/2022\/02\/15\/la-invasion-rusa-de-ucrania-sigue-siendo-una-posibilidad-dijo-joe-biden\/"]}]},{"@type":"ImageObject","inLanguage":"es-AR","@id":"https:\/\/elcanillita.info\/press\/2022\/02\/15\/la-invasion-rusa-de-ucrania-sigue-siendo-una-posibilidad-dijo-joe-biden\/#primaryimage","url":"https:\/\/elcanillita.info\/press\/images\/2022\/02\/ucr.1.jpg","contentUrl":"https:\/\/elcanillita.info\/press\/images\/2022\/02\/ucr.1.jpg","width":600,"height":376},{"@type":"WebSite","@id":"https:\/\/elcanillita.info\/press\/#website","url":"https:\/\/elcanillita.info\/press\/","name":"ElCanillita.Info","description":"desde los Apeninos a los Andes","publisher":{"@id":"https:\/\/elcanillita.info\/press\/#organization"},"potentialAction":[{"@type":"SearchAction","target":{"@type":"EntryPoint","urlTemplate":"https:\/\/elcanillita.info\/press\/?s={search_term_string}"},"query-input":{"@type":"PropertyValueSpecification","valueRequired":true,"valueName":"search_term_string"}}],"inLanguage":"es-AR"},{"@type":"Organization","@id":"https:\/\/elcanillita.info\/press\/#organization","name":"Guzzo Photos & Graphic Publications","url":"https:\/\/elcanillita.info\/press\/","logo":{"@type":"ImageObject","inLanguage":"es-AR","@id":"https:\/\/elcanillita.info\/press\/#\/schema\/logo\/image\/","url":"https:\/\/elcanillita.info\/press\/images\/2020\/01\/cropped-cropped-cropped-elcanillitainfo.png","contentUrl":"https:\/\/elcanillita.info\/press\/images\/2020\/01\/cropped-cropped-cropped-elcanillitainfo.png","width":460,"height":50,"caption":"Guzzo Photos & Graphic Publications"},"image":{"@id":"https:\/\/elcanillita.info\/press\/#\/schema\/logo\/image\/"},"sameAs":["https:\/\/ar-ar.facebook.com\/ElCanillitainfo-114249515285712\/"]},{"@type":"Person","@id":"https:\/\/elcanillita.info\/press\/#\/schema\/person\/7fcb79f38045700919f7da6d97e71ba0","name":"SalaStampa.eu, world press service","image":{"@type":"ImageObject","inLanguage":"es-AR","@id":"https:\/\/secure.gravatar.com\/avatar\/c2f0e0d515a107624234994507816ca4724c7199cef73fc8bedebf6931d73888?s=96&d=mm&r=g","url":"https:\/\/secure.gravatar.com\/avatar\/c2f0e0d515a107624234994507816ca4724c7199cef73fc8bedebf6931d73888?s=96&d=mm&r=g","contentUrl":"https:\/\/secure.gravatar.com\/avatar\/c2f0e0d515a107624234994507816ca4724c7199cef73fc8bedebf6931d73888?s=96&d=mm&r=g","caption":"SalaStampa.eu, world press service"}}]}},"views":506,"_links":{"self":[{"href":"https:\/\/elcanillita.info\/press\/wp-json\/wp\/v2\/posts\/2245","targetHints":{"allow":["GET"]}}],"collection":[{"href":"https:\/\/elcanillita.info\/press\/wp-json\/wp\/v2\/posts"}],"about":[{"href":"https:\/\/elcanillita.info\/press\/wp-json\/wp\/v2\/types\/post"}],"author":[{"embeddable":true,"href":"https:\/\/elcanillita.info\/press\/wp-json\/wp\/v2\/users\/1"}],"replies":[{"embeddable":true,"href":"https:\/\/elcanillita.info\/press\/wp-json\/wp\/v2\/comments?post=2245"}],"version-history":[{"count":0,"href":"https:\/\/elcanillita.info\/press\/wp-json\/wp\/v2\/posts\/2245\/revisions"}],"wp:featuredmedia":[{"embeddable":true,"href":"https:\/\/elcanillita.info\/press\/wp-json\/wp\/v2\/media\/2247"}],"wp:attachment":[{"href":"https:\/\/elcanillita.info\/press\/wp-json\/wp\/v2\/media?parent=2245"}],"wp:term":[{"taxonomy":"category","embeddable":true,"href":"https:\/\/elcanillita.info\/press\/wp-json\/wp\/v2\/categories?post=2245"},{"taxonomy":"post_tag","embeddable":true,"href":"https:\/\/elcanillita.info\/press\/wp-json\/wp\/v2\/tags?post=2245"}],"curies":[{"name":"wp","href":"https:\/\/api.w.org\/{rel}","templated":true}]}}