{"id":2226,"date":"2022-02-14T11:53:35","date_gmt":"2022-02-14T14:53:35","guid":{"rendered":"https:\/\/elcanillita.info\/press\/?p=2226"},"modified":"2022-02-16T15:05:05","modified_gmt":"2022-02-16T18:05:05","slug":"la-potencia-del-pulgar","status":"publish","type":"post","link":"https:\/\/elcanillita.info\/press\/2022\/02\/14\/la-potencia-del-pulgar\/","title":{"rendered":"La Potencia del Pulgar"},"content":{"rendered":"\n<div class=\"wp-block-image\"><figure class=\"alignleft size-full\"><img loading=\"lazy\" decoding=\"async\" width=\"600\" height=\"400\" src=\"https:\/\/elcanillita.info\/press\/images\/2022\/02\/gladio.jpg\" alt=\"\" class=\"wp-image-2227\" srcset=\"https:\/\/elcanillita.info\/press\/images\/2022\/02\/gladio.jpg 600w, https:\/\/elcanillita.info\/press\/images\/2022\/02\/gladio-300x200.jpg 300w\" sizes=\"auto, (max-width: 600px) 100vw, 600px\" \/><figcaption>&#8220;Pollice verso&#8221;, cuadro de Jean-L\u00e9on G\u00e9r\u00f4me  &#8211;  11\/05\/1824 &#8211; Par\u00eds, 28\/01\/1904 pintor y escultor franc\u00e9s.<\/figcaption><\/figure><\/div>\n\n\n\n<p>WhatsApp demuestra cuanto empe\u00f1ativo es escribir un simple mensaje.<br>No por nada programaron la posibilidad de comunicar, &#8220;aprobando&#8221; o desaprobando con el pulgar&#8221;recto&#8221; o &#8220;verso&#8221;\u2026 (hacia arriba o hacia abajo) una moci\u00f3n, como hac\u00eda la plebe en el Circo de la Antigua Roma.<\/p>\n\n\n\n<p>Obviamente, perdura una gran equivocaci\u00f3n respecto al fascinante tema de los gladiadores de la Antigua Roma.<\/p>\n\n\n\n<p>Diverso a cuanto se piensa, era raro que un luchador profesional terminara muerto. Se trataba de atletas muy costosos de adiestrar y mantener. Verdaderos expertos del entretenimiento y no pod\u00edan ser mal empleados.<\/p>\n\n\n\n<p>Al respecto existe un desacierto arraigado en el tiempo, y es el gesto sobre el cual basamos la entera imaginaci\u00f3n de los juegos de los gladiadores romanos: el &#8220;pollice verso&#8221;\u2026  el pulgar hacia bajo.<\/p>\n\n\n\n<p>El p\u00fablico romano amaba los gladiadores. Apoyaban con entusiasmo a uno y al otro, tal como sucede en el f\u00fatbol. Y los escen\u00f3grafos de esos espect\u00e1culos tenian siempre nuevas ideas para transformar los combates en verdaderas representaciones teatrales.<br><br>No obstante \u00e9sto, los juegos eran siempre peligrosos. Cada tanto, alguno no escapaba a la muerte. Raramente el p\u00fablico ven\u00eda llamado a decidir la suerte de un gladiador, pero cuando suced\u00eda, generalmente lo hac\u00edan con el m\u00edtico pulgar hacia abajo (pollice verso).<\/p>\n\n\n\n<p>En tiempos modernos, pensamos que el pulgar hacia abajo es signo de algo malo, necesario de reprobar, de no asentir a algo, tal cual como en el film &#8220;El Gladiador&#8221; de Ridley Scott, o en el cuadro &#8220;Pollice verso&#8221;, pintado por Jean Leon Gerome.<\/p>\n\n\n\n<p>Pero la Historia del Arte, es decir, la Historia de objetos hechos por el hombre, demuestran que el &#8220;pollice verso&#8221; (pulgar hacia abajo), ten\u00eda un significado opuesto al que entendemos hoy. Tener el pulgar hacia arriba imitaba el gesto de desenvainar la espalda de la funda, recordando el acto de empu\u00f1ar un gladio, es decir &#8220;la muerte&#8221;.<br><br>Mientras que para conceder la &#8220;grazia&#8221;, el p\u00fablico hacia una cosa que no se v\u00e9 jam\u00e1s en los filmes: &#8220;cerrar&#8221; el pulgar en el pu\u00f1o. Tal gesto, indicaba poner el arma en la vaina y era una bella noticia para el gladiador perdedor del combate.<\/p>\n\n\n\n<div class=\"wp-block-image\"><figure class=\"alignleft size-full\"><img loading=\"lazy\" decoding=\"async\" width=\"350\" height=\"358\" src=\"https:\/\/elcanillita.info\/press\/images\/2022\/02\/cav_g.jpg\" alt=\"\" class=\"wp-image-2228\" srcset=\"https:\/\/elcanillita.info\/press\/images\/2022\/02\/cav_g.jpg 350w, https:\/\/elcanillita.info\/press\/images\/2022\/02\/cav_g-293x300.jpg 293w\" sizes=\"auto, (max-width: 350px) 100vw, 350px\" \/><\/figure><\/div>\n\n\n\n<p>Existen decenas de descubrimientos arqueol\u00f3gicos que demuestran cuanto aqu\u00ed resta escrito, el m\u00e1s reciente el del 1997, en el Sur de Francia. Se trata de un descubrimiento que desenmascara una vez por todas la equivocaci\u00f3n del &#8220;pollice verso&#8221; (pulgar hacia abajo). Y es el Medall\u00f3n de Cavillargues.<\/p>\n\n\n\n<p>El Medall\u00f3n de Cavillargues, datado en el siglo II, es un objeto muy interesante que refigura dos gladiadores en combate.<br><br>Se distinguen por sus atuendos que uno es &#8220;Reziario&#8221; (a la izquierda) literalmente &#8220;hombre con la red&#8221;, era una de las clases de gladiadores de la antigua Roma; luchaba con un equipo similar al que usan los pescadores, una red equipada con pesos para envolver al oponente, un tridente (la fuscina) y una daga (el pugio).<br><br> Y el otro, &#8220;Secutor&#8221;(a la derecha),  el equipo t\u00edpico de este gladiador constaba de varios componentes. Casco redondeado con capitel y cresta, lisos, tambi\u00e9n llamados galea, estas galeas eran en realidad lisas para no dar agarre a la red del retiario. Generalmente construido en hierro o bronce, era muy pesado y en su interior ten\u00eda un acolchado de cuero o lana para ser m\u00e1s c\u00f3modo de llevar; la visi\u00f3n tambi\u00e9n estaba limitada por agujeros muy peque\u00f1os para tener una mejor protecci\u00f3n. Un escudo imponente y c\u00f3ncavo que ten\u00eda la funci\u00f3n de proteger desde la rodilla hasta el rostro, dejando apenas descubiertos los huecos para la vista; el mismo escudo en la parte superior era redondeado sin empu\u00f1aduras por el mismo motivo que la &#8220;galea&#8221;.<br><br> La parte expuesta de los miembros inferiores era la tibia, preservada por un calcet\u00edn met\u00e1lico ajustado por un vendaje de lana que tambi\u00e9n ten\u00eda la funci\u00f3n de amortiguar los golpes. Una manga compuesta generalmente por escamas\/placas de metal o cuero, que en cualquier caso limitaba ligeramente los movimientos, se colocaba sobre el brazo derecho del perseguidor y ayudaba a evitar lesiones en el brazo expuesto durante el ataque al hundir o manejar la espada. <br><br>El arma del secutor consist\u00eda en un peque\u00f1o y manejable gladius que por sus caracter\u00edsticas se convirti\u00f3 en el favorito de los gladiadores, tambi\u00e9n llamado sica, que se diferencia del &#8220;supino&#8221; por el \u00e1ngulo de la hoja que usaba el gladiador tracio. -Tracia, provincia del Imperio Romano, ocupaba la regi\u00f3n hist\u00f3rica de Tracia, en el extremo sureste de la pen\u00ednsula de los Balcanes, e inclu\u00eda lo que hoy es el noreste de Grecia, el sur de Bulgaria y la Turqu\u00eda europea-.<br><br>En alto del medall\u00f3n est\u00e1 escrita una frase que dice: &#8220;stantes missi&#8221;. Es decir: &#8220;dejados salir en pie&#8221;. En pr\u00e1ctica, se salvaron porque empataron.<\/p>\n\n\n\n<p>Un individuo sobre la derecha con el brazo extendido, aprieta el pulgar con el pu\u00f1o cerrado. Gesto que demuestra el signficado de la frase: &#8230;<br>&#8220;El encuentro ha terminado a la par y los gladiadores pueden abandonar la arena con sus propias piernas&#8221;.<\/p>\n\n\n\n<p>VIVA !<br>Hoy hemos aprendido, que tener el pulgar alzado para los romanos significaba muerte, mientras que cerr\u00e1ndolo significava vida.<br>Ahora podemos finalmente hacer nuestra parte como espectadores de un bello duelo sin confundir los pulgares.<br>Ave Caesar, morituri te salutant!<br><br> <small>\u00a9 2017\/2022 ElCanillita.Info &#8211; SalaStampa.Eu \/ Ruben Guzzo &#8211; Derechos Reservados<\/small><br> <small>Fuente: Archivo Bienes Culturales &#8211; Museo Arqueol\u00f3gico N\u00eemes, Francia<\/small><\/p>\n","protected":false},"excerpt":{"rendered":"<p>El Medall\u00f3n de Cavillargues, datado en el siglo II, es un objeto que refigura dos gladiadores en combate.<\/p>\n","protected":false},"author":1,"featured_media":2229,"comment_status":"closed","ping_status":"closed","sticky":false,"template":"","format":"standard","meta":{"footnotes":"","_links_to":"","_links_to_target":""},"categories":[19,5],"tags":[60],"class_list":["post-2226","post","type-post","status-publish","format-standard","has-post-thumbnail","hentry","category-cultura","category-europa","tag-italia","entry","double"],"yoast_head":"<!-- This site is optimized with the Yoast SEO plugin v27.5 - https:\/\/yoast.com\/product\/yoast-seo-wordpress\/ -->\n<title>La Potencia del Pulgar - ElCanillita.Info<\/title>\n<meta name=\"description\" content=\"Existe un desacierto arraigado en el tiempo: el gesto sobre el cual basamos la entera imaginaci\u00f3n de los juegos de los gladiadores...\" \/>\n<meta name=\"robots\" content=\"index, follow, max-snippet:-1, max-image-preview:large, max-video-preview:-1\" \/>\n<link rel=\"canonical\" href=\"https:\/\/elcanillita.info\/press\/2022\/02\/14\/la-potencia-del-pulgar\/\" \/>\n<meta property=\"og:locale\" content=\"es_ES\" \/>\n<meta property=\"og:type\" content=\"article\" \/>\n<meta property=\"og:title\" content=\"La Potencia del Pulgar - ElCanillita.Info\" \/>\n<meta property=\"og:description\" content=\"Existe un desacierto arraigado en el tiempo: el gesto sobre el cual basamos la entera imaginaci\u00f3n de los juegos de los gladiadores...\" \/>\n<meta property=\"og:url\" content=\"https:\/\/elcanillita.info\/press\/2022\/02\/14\/la-potencia-del-pulgar\/\" \/>\n<meta property=\"og:site_name\" content=\"ElCanillita.Info\" \/>\n<meta property=\"article:publisher\" content=\"https:\/\/ar-ar.facebook.com\/ElCanillitainfo-114249515285712\/\" \/>\n<meta property=\"article:published_time\" content=\"2022-02-14T14:53:35+00:00\" \/>\n<meta property=\"article:modified_time\" content=\"2022-02-16T18:05:05+00:00\" \/>\n<meta property=\"og:image\" content=\"https:\/\/elcanillita.info\/press\/images\/2022\/02\/WhatsApp-Image-2022-02-14-at-14.30.05.jpeg\" \/>\n\t<meta property=\"og:image:width\" content=\"600\" \/>\n\t<meta property=\"og:image:height\" content=\"400\" \/>\n\t<meta property=\"og:image:type\" content=\"image\/jpeg\" \/>\n<meta name=\"author\" content=\"SalaStampa.eu, world press service\" \/>\n<meta name=\"twitter:card\" content=\"summary_large_image\" \/>\n<meta name=\"twitter:label1\" content=\"Escrito por\" \/>\n\t<meta name=\"twitter:data1\" content=\"SalaStampa.eu, world press service\" \/>\n\t<meta name=\"twitter:label2\" content=\"Tiempo de lectura\" \/>\n\t<meta name=\"twitter:data2\" content=\"5 minutos\" \/>\n<script type=\"application\/ld+json\" class=\"yoast-schema-graph\">{\"@context\":\"https:\\\/\\\/schema.org\",\"@graph\":[{\"@type\":\"Article\",\"@id\":\"https:\\\/\\\/elcanillita.info\\\/press\\\/2022\\\/02\\\/14\\\/la-potencia-del-pulgar\\\/#article\",\"isPartOf\":{\"@id\":\"https:\\\/\\\/elcanillita.info\\\/press\\\/2022\\\/02\\\/14\\\/la-potencia-del-pulgar\\\/\"},\"author\":{\"name\":\"SalaStampa.eu, world press service\",\"@id\":\"https:\\\/\\\/elcanillita.info\\\/press\\\/#\\\/schema\\\/person\\\/7fcb79f38045700919f7da6d97e71ba0\"},\"headline\":\"La Potencia del Pulgar\",\"datePublished\":\"2022-02-14T14:53:35+00:00\",\"dateModified\":\"2022-02-16T18:05:05+00:00\",\"mainEntityOfPage\":{\"@id\":\"https:\\\/\\\/elcanillita.info\\\/press\\\/2022\\\/02\\\/14\\\/la-potencia-del-pulgar\\\/\"},\"wordCount\":961,\"publisher\":{\"@id\":\"https:\\\/\\\/elcanillita.info\\\/press\\\/#organization\"},\"image\":{\"@id\":\"https:\\\/\\\/elcanillita.info\\\/press\\\/2022\\\/02\\\/14\\\/la-potencia-del-pulgar\\\/#primaryimage\"},\"thumbnailUrl\":\"https:\\\/\\\/elcanillita.info\\\/press\\\/images\\\/2022\\\/02\\\/WhatsApp-Image-2022-02-14-at-14.30.05.jpeg\",\"keywords\":[\"Italia\"],\"articleSection\":[\"Cultura\",\"Europa\"],\"inLanguage\":\"es-AR\"},{\"@type\":\"WebPage\",\"@id\":\"https:\\\/\\\/elcanillita.info\\\/press\\\/2022\\\/02\\\/14\\\/la-potencia-del-pulgar\\\/\",\"url\":\"https:\\\/\\\/elcanillita.info\\\/press\\\/2022\\\/02\\\/14\\\/la-potencia-del-pulgar\\\/\",\"name\":\"La Potencia del Pulgar - ElCanillita.Info\",\"isPartOf\":{\"@id\":\"https:\\\/\\\/elcanillita.info\\\/press\\\/#website\"},\"primaryImageOfPage\":{\"@id\":\"https:\\\/\\\/elcanillita.info\\\/press\\\/2022\\\/02\\\/14\\\/la-potencia-del-pulgar\\\/#primaryimage\"},\"image\":{\"@id\":\"https:\\\/\\\/elcanillita.info\\\/press\\\/2022\\\/02\\\/14\\\/la-potencia-del-pulgar\\\/#primaryimage\"},\"thumbnailUrl\":\"https:\\\/\\\/elcanillita.info\\\/press\\\/images\\\/2022\\\/02\\\/WhatsApp-Image-2022-02-14-at-14.30.05.jpeg\",\"datePublished\":\"2022-02-14T14:53:35+00:00\",\"dateModified\":\"2022-02-16T18:05:05+00:00\",\"description\":\"Existe un desacierto arraigado en el tiempo: el gesto sobre el cual basamos la entera imaginaci\u00f3n de los juegos de los gladiadores...\",\"inLanguage\":\"es-AR\",\"potentialAction\":[{\"@type\":\"ReadAction\",\"target\":[\"https:\\\/\\\/elcanillita.info\\\/press\\\/2022\\\/02\\\/14\\\/la-potencia-del-pulgar\\\/\"]}]},{\"@type\":\"ImageObject\",\"inLanguage\":\"es-AR\",\"@id\":\"https:\\\/\\\/elcanillita.info\\\/press\\\/2022\\\/02\\\/14\\\/la-potencia-del-pulgar\\\/#primaryimage\",\"url\":\"https:\\\/\\\/elcanillita.info\\\/press\\\/images\\\/2022\\\/02\\\/WhatsApp-Image-2022-02-14-at-14.30.05.jpeg\",\"contentUrl\":\"https:\\\/\\\/elcanillita.info\\\/press\\\/images\\\/2022\\\/02\\\/WhatsApp-Image-2022-02-14-at-14.30.05.jpeg\",\"width\":600,\"height\":400},{\"@type\":\"WebSite\",\"@id\":\"https:\\\/\\\/elcanillita.info\\\/press\\\/#website\",\"url\":\"https:\\\/\\\/elcanillita.info\\\/press\\\/\",\"name\":\"ElCanillita.Info\",\"description\":\"desde los Apeninos a los Andes\",\"publisher\":{\"@id\":\"https:\\\/\\\/elcanillita.info\\\/press\\\/#organization\"},\"potentialAction\":[{\"@type\":\"SearchAction\",\"target\":{\"@type\":\"EntryPoint\",\"urlTemplate\":\"https:\\\/\\\/elcanillita.info\\\/press\\\/?s={search_term_string}\"},\"query-input\":{\"@type\":\"PropertyValueSpecification\",\"valueRequired\":true,\"valueName\":\"search_term_string\"}}],\"inLanguage\":\"es-AR\"},{\"@type\":\"Organization\",\"@id\":\"https:\\\/\\\/elcanillita.info\\\/press\\\/#organization\",\"name\":\"Guzzo Photos & Graphic Publications\",\"url\":\"https:\\\/\\\/elcanillita.info\\\/press\\\/\",\"logo\":{\"@type\":\"ImageObject\",\"inLanguage\":\"es-AR\",\"@id\":\"https:\\\/\\\/elcanillita.info\\\/press\\\/#\\\/schema\\\/logo\\\/image\\\/\",\"url\":\"https:\\\/\\\/elcanillita.info\\\/press\\\/images\\\/2020\\\/01\\\/cropped-cropped-cropped-elcanillitainfo.png\",\"contentUrl\":\"https:\\\/\\\/elcanillita.info\\\/press\\\/images\\\/2020\\\/01\\\/cropped-cropped-cropped-elcanillitainfo.png\",\"width\":460,\"height\":50,\"caption\":\"Guzzo Photos & Graphic Publications\"},\"image\":{\"@id\":\"https:\\\/\\\/elcanillita.info\\\/press\\\/#\\\/schema\\\/logo\\\/image\\\/\"},\"sameAs\":[\"https:\\\/\\\/ar-ar.facebook.com\\\/ElCanillitainfo-114249515285712\\\/\"]},{\"@type\":\"Person\",\"@id\":\"https:\\\/\\\/elcanillita.info\\\/press\\\/#\\\/schema\\\/person\\\/7fcb79f38045700919f7da6d97e71ba0\",\"name\":\"SalaStampa.eu, world press service\",\"image\":{\"@type\":\"ImageObject\",\"inLanguage\":\"es-AR\",\"@id\":\"https:\\\/\\\/secure.gravatar.com\\\/avatar\\\/c2f0e0d515a107624234994507816ca4724c7199cef73fc8bedebf6931d73888?s=96&d=mm&r=g\",\"url\":\"https:\\\/\\\/secure.gravatar.com\\\/avatar\\\/c2f0e0d515a107624234994507816ca4724c7199cef73fc8bedebf6931d73888?s=96&d=mm&r=g\",\"contentUrl\":\"https:\\\/\\\/secure.gravatar.com\\\/avatar\\\/c2f0e0d515a107624234994507816ca4724c7199cef73fc8bedebf6931d73888?s=96&d=mm&r=g\",\"caption\":\"SalaStampa.eu, world press service\"}}]}<\/script>\n<!-- \/ Yoast SEO plugin. -->","yoast_head_json":{"title":"La Potencia del Pulgar - ElCanillita.Info","description":"Existe un desacierto arraigado en el tiempo: el gesto sobre el cual basamos la entera imaginaci\u00f3n de los juegos de los gladiadores...","robots":{"index":"index","follow":"follow","max-snippet":"max-snippet:-1","max-image-preview":"max-image-preview:large","max-video-preview":"max-video-preview:-1"},"canonical":"https:\/\/elcanillita.info\/press\/2022\/02\/14\/la-potencia-del-pulgar\/","og_locale":"es_ES","og_type":"article","og_title":"La Potencia del Pulgar - ElCanillita.Info","og_description":"Existe un desacierto arraigado en el tiempo: el gesto sobre el cual basamos la entera imaginaci\u00f3n de los juegos de los gladiadores...","og_url":"https:\/\/elcanillita.info\/press\/2022\/02\/14\/la-potencia-del-pulgar\/","og_site_name":"ElCanillita.Info","article_publisher":"https:\/\/ar-ar.facebook.com\/ElCanillitainfo-114249515285712\/","article_published_time":"2022-02-14T14:53:35+00:00","article_modified_time":"2022-02-16T18:05:05+00:00","og_image":[{"width":600,"height":400,"url":"https:\/\/elcanillita.info\/press\/images\/2022\/02\/WhatsApp-Image-2022-02-14-at-14.30.05.jpeg","type":"image\/jpeg"}],"author":"SalaStampa.eu, world press service","twitter_card":"summary_large_image","twitter_misc":{"Escrito por":"SalaStampa.eu, world press service","Tiempo de lectura":"5 minutos"},"schema":{"@context":"https:\/\/schema.org","@graph":[{"@type":"Article","@id":"https:\/\/elcanillita.info\/press\/2022\/02\/14\/la-potencia-del-pulgar\/#article","isPartOf":{"@id":"https:\/\/elcanillita.info\/press\/2022\/02\/14\/la-potencia-del-pulgar\/"},"author":{"name":"SalaStampa.eu, world press service","@id":"https:\/\/elcanillita.info\/press\/#\/schema\/person\/7fcb79f38045700919f7da6d97e71ba0"},"headline":"La Potencia del Pulgar","datePublished":"2022-02-14T14:53:35+00:00","dateModified":"2022-02-16T18:05:05+00:00","mainEntityOfPage":{"@id":"https:\/\/elcanillita.info\/press\/2022\/02\/14\/la-potencia-del-pulgar\/"},"wordCount":961,"publisher":{"@id":"https:\/\/elcanillita.info\/press\/#organization"},"image":{"@id":"https:\/\/elcanillita.info\/press\/2022\/02\/14\/la-potencia-del-pulgar\/#primaryimage"},"thumbnailUrl":"https:\/\/elcanillita.info\/press\/images\/2022\/02\/WhatsApp-Image-2022-02-14-at-14.30.05.jpeg","keywords":["Italia"],"articleSection":["Cultura","Europa"],"inLanguage":"es-AR"},{"@type":"WebPage","@id":"https:\/\/elcanillita.info\/press\/2022\/02\/14\/la-potencia-del-pulgar\/","url":"https:\/\/elcanillita.info\/press\/2022\/02\/14\/la-potencia-del-pulgar\/","name":"La Potencia del Pulgar - ElCanillita.Info","isPartOf":{"@id":"https:\/\/elcanillita.info\/press\/#website"},"primaryImageOfPage":{"@id":"https:\/\/elcanillita.info\/press\/2022\/02\/14\/la-potencia-del-pulgar\/#primaryimage"},"image":{"@id":"https:\/\/elcanillita.info\/press\/2022\/02\/14\/la-potencia-del-pulgar\/#primaryimage"},"thumbnailUrl":"https:\/\/elcanillita.info\/press\/images\/2022\/02\/WhatsApp-Image-2022-02-14-at-14.30.05.jpeg","datePublished":"2022-02-14T14:53:35+00:00","dateModified":"2022-02-16T18:05:05+00:00","description":"Existe un desacierto arraigado en el tiempo: el gesto sobre el cual basamos la entera imaginaci\u00f3n de los juegos de los gladiadores...","inLanguage":"es-AR","potentialAction":[{"@type":"ReadAction","target":["https:\/\/elcanillita.info\/press\/2022\/02\/14\/la-potencia-del-pulgar\/"]}]},{"@type":"ImageObject","inLanguage":"es-AR","@id":"https:\/\/elcanillita.info\/press\/2022\/02\/14\/la-potencia-del-pulgar\/#primaryimage","url":"https:\/\/elcanillita.info\/press\/images\/2022\/02\/WhatsApp-Image-2022-02-14-at-14.30.05.jpeg","contentUrl":"https:\/\/elcanillita.info\/press\/images\/2022\/02\/WhatsApp-Image-2022-02-14-at-14.30.05.jpeg","width":600,"height":400},{"@type":"WebSite","@id":"https:\/\/elcanillita.info\/press\/#website","url":"https:\/\/elcanillita.info\/press\/","name":"ElCanillita.Info","description":"desde los Apeninos a los Andes","publisher":{"@id":"https:\/\/elcanillita.info\/press\/#organization"},"potentialAction":[{"@type":"SearchAction","target":{"@type":"EntryPoint","urlTemplate":"https:\/\/elcanillita.info\/press\/?s={search_term_string}"},"query-input":{"@type":"PropertyValueSpecification","valueRequired":true,"valueName":"search_term_string"}}],"inLanguage":"es-AR"},{"@type":"Organization","@id":"https:\/\/elcanillita.info\/press\/#organization","name":"Guzzo Photos & Graphic Publications","url":"https:\/\/elcanillita.info\/press\/","logo":{"@type":"ImageObject","inLanguage":"es-AR","@id":"https:\/\/elcanillita.info\/press\/#\/schema\/logo\/image\/","url":"https:\/\/elcanillita.info\/press\/images\/2020\/01\/cropped-cropped-cropped-elcanillitainfo.png","contentUrl":"https:\/\/elcanillita.info\/press\/images\/2020\/01\/cropped-cropped-cropped-elcanillitainfo.png","width":460,"height":50,"caption":"Guzzo Photos & Graphic Publications"},"image":{"@id":"https:\/\/elcanillita.info\/press\/#\/schema\/logo\/image\/"},"sameAs":["https:\/\/ar-ar.facebook.com\/ElCanillitainfo-114249515285712\/"]},{"@type":"Person","@id":"https:\/\/elcanillita.info\/press\/#\/schema\/person\/7fcb79f38045700919f7da6d97e71ba0","name":"SalaStampa.eu, world press service","image":{"@type":"ImageObject","inLanguage":"es-AR","@id":"https:\/\/secure.gravatar.com\/avatar\/c2f0e0d515a107624234994507816ca4724c7199cef73fc8bedebf6931d73888?s=96&d=mm&r=g","url":"https:\/\/secure.gravatar.com\/avatar\/c2f0e0d515a107624234994507816ca4724c7199cef73fc8bedebf6931d73888?s=96&d=mm&r=g","contentUrl":"https:\/\/secure.gravatar.com\/avatar\/c2f0e0d515a107624234994507816ca4724c7199cef73fc8bedebf6931d73888?s=96&d=mm&r=g","caption":"SalaStampa.eu, world press service"}}]}},"views":698,"_links":{"self":[{"href":"https:\/\/elcanillita.info\/press\/wp-json\/wp\/v2\/posts\/2226","targetHints":{"allow":["GET"]}}],"collection":[{"href":"https:\/\/elcanillita.info\/press\/wp-json\/wp\/v2\/posts"}],"about":[{"href":"https:\/\/elcanillita.info\/press\/wp-json\/wp\/v2\/types\/post"}],"author":[{"embeddable":true,"href":"https:\/\/elcanillita.info\/press\/wp-json\/wp\/v2\/users\/1"}],"replies":[{"embeddable":true,"href":"https:\/\/elcanillita.info\/press\/wp-json\/wp\/v2\/comments?post=2226"}],"version-history":[{"count":0,"href":"https:\/\/elcanillita.info\/press\/wp-json\/wp\/v2\/posts\/2226\/revisions"}],"wp:featuredmedia":[{"embeddable":true,"href":"https:\/\/elcanillita.info\/press\/wp-json\/wp\/v2\/media\/2229"}],"wp:attachment":[{"href":"https:\/\/elcanillita.info\/press\/wp-json\/wp\/v2\/media?parent=2226"}],"wp:term":[{"taxonomy":"category","embeddable":true,"href":"https:\/\/elcanillita.info\/press\/wp-json\/wp\/v2\/categories?post=2226"},{"taxonomy":"post_tag","embeddable":true,"href":"https:\/\/elcanillita.info\/press\/wp-json\/wp\/v2\/tags?post=2226"}],"curies":[{"name":"wp","href":"https:\/\/api.w.org\/{rel}","templated":true}]}}